{"id":15553,"date":"2017-12-08T01:15:25","date_gmt":"2017-12-08T06:15:25","guid":{"rendered":"http:\/\/www.dev.nitu.mx\/?p=15553"},"modified":"2017-12-08T01:41:45","modified_gmt":"2017-12-08T06:41:45","slug":"con-roberto-cintron-las-cadenas-espanolas-se-sumaran-a-la-ahc","status":"publish","type":"post","link":"https:\/\/nitu.mx\/index.php\/2017\/12\/08\/con-roberto-cintron-las-cadenas-espanolas-se-sumaran-a-la-ahc\/","title":{"rendered":"Con Roberto Cintr\u00f3n las cadenas espa\u00f1olas se sumar\u00e1n a la AHC"},"content":{"rendered":"<p>Uno de los principales objetivos de Roberto Cintr\u00f3n G\u00f3mez, cuando tome el mando el primero de enero de la Asociacion de Hoteles de Canc\u00fan y Puerto Morelos, ser\u00e1 aumentar su representatividad y aseguro que esta ya amarrada la participaci\u00f3n de la cadenas hoteleras espa\u00f1olas como RIU, Iberostar, Meli\u00e1, Palladium y algunos otros a trav\u00e9s de Inverotel que los representa en el Caribe, y que dirige Ram\u00f3n Rosell\u00f3.\u00a0<a title=\"Un reto y orgullo: Roberto Cintr\u00f3n G. al oficializarse como presidente de los hoteleros de Canc\u00fan\" href=\"http:\/\/www.dev.nitu.mx\/index.php\/2017\/11\/30\/reto-orgullo-roberto-cintron-g-al-oficializarse-presidente-los-hoteleros-cancun\/\" rel=\"bookmark\">Un reto y orgullo: Roberto Cintr\u00f3n G. al oficializarse como presidente de los hoteleros de Canc\u00fan<\/a>\u00a0.<\/p>\n<p>Inverotel es una agrupaci\u00f3n de 12 miembros donde 11 son espa\u00f1oles, su creaci\u00f3n fue\u00a0\u00a0en el\u00a02008 con la intenci\u00f3n de hacer frente a la problem\u00e1tica de cada pa\u00eds donde quieren invertir, es decir, que quieren tener un interlocutor \u00fanico para atender las gestiones ante los diferentes gobiernos.<\/p>\n<p>Los 12 miembros son Inverotel Meli\u00e1, Iberostar, Riu \u00a0Palladium, Sirenis, H10, Princess, Majestic, Excellence, Mora Hotels, Bah\u00eda Pr\u00edncipe y el \u00fanico miembro no espa\u00f1ol, AMResorts, que tiene amplia representaci\u00f3n en la Asociaci\u00f3n de Hoteles de Canc\u00fan y Puerto Morelos.<\/p>\n<p>Uno m\u00e1s de los objetivos de Roberto Cintr\u00f3n G\u00f3mez, que relevara a Carlos Gosselin al frente de la organizaci\u00f3n, es buscar el acercamiento con Oasis, que despu\u00e9s de una activa participaci\u00f3n por muchos a\u00f1os, se retiro cuando Gosselin fue nombrado por no estar de acuerdo en los procedimientos.<\/p>\n<p>El relevo tambi\u00e9n deja pendientes importantes al nuevo presidente, con temas del impuesto al hospedaje, transparencia de recursos y contrarrestar todos los elementos externos que podr\u00edan detener el movimiento siempre creciente del destino. Cintr\u00f3n G\u00f3mez, tom\u00f3 el lugar de su padre al frente Flamingo Hotels, cuando falleci\u00f3, hace ya casi 3 a\u00f1os, ahora estar\u00e1 al frente de la AHC, misma que su padre dirigi\u00f3 acertadamente durante dos periodos.<\/p>\n","protected":false},"excerpt":{"rendered":"<p>Uno de los principales objetivos de Roberto Cintr\u00f3n G\u00f3mez, cuando tome el mando el primero de enero de la Asociacion de Hoteles de Canc\u00fan y Puerto Morelos, ser\u00e1 aumentar su representatividad y aseguro que esta ya amarrada la participaci\u00f3n de la cadenas hoteleras espa\u00f1olas como RIU, Iberostar, Meli\u00e1, Palladium y algunos otros a trav\u00e9s de [&hellip;]<\/p>\n","protected":false},"author":2,"featured_media":15568,"comment_status":"open","ping_status":"open","sticky":false,"template":"","format":"standard","meta":{"footnotes":""},"categories":[2],"tags":[36,7024,7025,7026],"yoast_head":"<!-- This site is optimized with the Yoast SEO plugin v22.2 - https:\/\/yoast.com\/wordpress\/plugins\/seo\/ -->\n<title>Con Roberto Cintr\u00f3n las cadenas espa\u00f1olas se sumar\u00e1n a la AHC - Nitu - Noticias de la Industria Turistica<\/title>\n<meta name=\"description\" content=\"Uno de los principales objetivos de Roberto Cintr\u00f3n G\u00f3mez, como l\u00edder hotelero, ser\u00e1 aumentar la representatividad de los hoteles en Canc\u00fan.\" \/>\n<meta name=\"robots\" content=\"index, follow, max-snippet:-1, max-image-preview:large, max-video-preview:-1\" \/>\n<link rel=\"canonical\" href=\"https:\/\/nitu.mx\/index.php\/2017\/12\/08\/con-roberto-cintron-las-cadenas-espanolas-se-sumaran-a-la-ahc\/\" \/>\n<meta name=\"twitter:card\" content=\"summary_large_image\" \/>\n<meta name=\"twitter:title\" content=\"Con Roberto Cintr\u00f3n las cadenas espa\u00f1olas se sumar\u00e1n a la AHC - Nitu - Noticias de la Industria Turistica\" \/>\n<meta name=\"twitter:description\" content=\"Uno de los principales objetivos de Roberto Cintr\u00f3n G\u00f3mez, como l\u00edder hotelero, ser\u00e1 aumentar la representatividad de los hoteles en Canc\u00fan.\" \/>\n<meta name=\"twitter:image\" content=\"https:\/\/nitu.mx\/wp-content\/uploads\/2017\/12\/roberto-cintron.jpg\" \/>\n<meta name=\"twitter:creator\" content=\"@Arturo_Medina_G\" \/>\n<meta name=\"twitter:site\" content=\"@Arturo_Medina_G\" \/>\n<meta name=\"twitter:label1\" content=\"Escrito por\" \/>\n\t<meta name=\"twitter:data1\" content=\"Arturo Medina\" \/>\n\t<meta name=\"twitter:label2\" content=\"Tiempo de lectura\" \/>\n\t<meta name=\"twitter:data2\" content=\"2 minutos\" \/>\n<script type=\"application\/ld+json\" class=\"yoast-schema-graph\">{\"@context\":\"https:\/\/schema.org\",\"@graph\":[{\"@type\":\"Article\",\"@id\":\"https:\/\/nitu.mx\/index.php\/2017\/12\/08\/con-roberto-cintron-las-cadenas-espanolas-se-sumaran-a-la-ahc\/#article\",\"isPartOf\":{\"@id\":\"https:\/\/nitu.mx\/index.php\/2017\/12\/08\/con-roberto-cintron-las-cadenas-espanolas-se-sumaran-a-la-ahc\/\"},\"author\":{\"name\":\"Arturo Medina\",\"@id\":\"https:\/\/nitu.mx\/#\/schema\/person\/ae7a53426417292d3dd07b45a33e01bc\"},\"headline\":\"Con Roberto Cintr\u00f3n las cadenas espa\u00f1olas se sumar\u00e1n a la AHC\",\"datePublished\":\"2017-12-08T06:15:25+00:00\",\"dateModified\":\"2017-12-08T06:41:45+00:00\",\"mainEntityOfPage\":{\"@id\":\"https:\/\/nitu.mx\/index.php\/2017\/12\/08\/con-roberto-cintron-las-cadenas-espanolas-se-sumaran-a-la-ahc\/\"},\"wordCount\":328,\"commentCount\":0,\"publisher\":{\"@id\":\"https:\/\/nitu.mx\/#\/schema\/person\/ae7a53426417292d3dd07b45a33e01bc\"},\"image\":{\"@id\":\"https:\/\/nitu.mx\/index.php\/2017\/12\/08\/con-roberto-cintron-las-cadenas-espanolas-se-sumaran-a-la-ahc\/#primaryimage\"},\"thumbnailUrl\":\"https:\/\/nitu.mx\/wp-content\/uploads\/2017\/12\/roberto-cintron.jpg\",\"keywords\":[\"Asociacion de Hoteles de Canc\u00fan y Puerto Morelos (AHC)\",\"Flamingo Hotels\",\"Inverotel\",\"Ram\u00f3n Rosell\u00f3\"],\"articleSection\":[\"Hoteles\"],\"inLanguage\":\"es-MX\",\"potentialAction\":[{\"@type\":\"CommentAction\",\"name\":\"Comment\",\"target\":[\"https:\/\/nitu.mx\/index.php\/2017\/12\/08\/con-roberto-cintron-las-cadenas-espanolas-se-sumaran-a-la-ahc\/#respond\"]}]},{\"@type\":\"WebPage\",\"@id\":\"https:\/\/nitu.mx\/index.php\/2017\/12\/08\/con-roberto-cintron-las-cadenas-espanolas-se-sumaran-a-la-ahc\/\",\"url\":\"https:\/\/nitu.mx\/index.php\/2017\/12\/08\/con-roberto-cintron-las-cadenas-espanolas-se-sumaran-a-la-ahc\/\",\"name\":\"Con Roberto Cintr\u00f3n las cadenas espa\u00f1olas se sumar\u00e1n a la AHC - Nitu - Noticias de la Industria Turistica\",\"isPartOf\":{\"@id\":\"https:\/\/nitu.mx\/#website\"},\"primaryImageOfPage\":{\"@id\":\"https:\/\/nitu.mx\/index.php\/2017\/12\/08\/con-roberto-cintron-las-cadenas-espanolas-se-sumaran-a-la-ahc\/#primaryimage\"},\"image\":{\"@id\":\"https:\/\/nitu.mx\/index.php\/2017\/12\/08\/con-roberto-cintron-las-cadenas-espanolas-se-sumaran-a-la-ahc\/#primaryimage\"},\"thumbnailUrl\":\"https:\/\/nitu.mx\/wp-content\/uploads\/2017\/12\/roberto-cintron.jpg\",\"datePublished\":\"2017-12-08T06:15:25+00:00\",\"dateModified\":\"2017-12-08T06:41:45+00:00\",\"description\":\"Uno de los principales objetivos de Roberto Cintr\u00f3n G\u00f3mez, como l\u00edder hotelero, ser\u00e1 aumentar la representatividad de los hoteles en Canc\u00fan.\",\"breadcrumb\":{\"@id\":\"https:\/\/nitu.mx\/index.php\/2017\/12\/08\/con-roberto-cintron-las-cadenas-espanolas-se-sumaran-a-la-ahc\/#breadcrumb\"},\"inLanguage\":\"es-MX\",\"potentialAction\":[{\"@type\":\"ReadAction\",\"target\":[\"https:\/\/nitu.mx\/index.php\/2017\/12\/08\/con-roberto-cintron-las-cadenas-espanolas-se-sumaran-a-la-ahc\/\"]}]},{\"@type\":\"ImageObject\",\"inLanguage\":\"es-MX\",\"@id\":\"https:\/\/nitu.mx\/index.php\/2017\/12\/08\/con-roberto-cintron-las-cadenas-espanolas-se-sumaran-a-la-ahc\/#primaryimage\",\"url\":\"https:\/\/nitu.mx\/wp-content\/uploads\/2017\/12\/roberto-cintron.jpg\",\"contentUrl\":\"https:\/\/nitu.mx\/wp-content\/uploads\/2017\/12\/roberto-cintron.jpg\",\"width\":850,\"height\":480,\"caption\":\"roberto cintron\"},{\"@type\":\"BreadcrumbList\",\"@id\":\"https:\/\/nitu.mx\/index.php\/2017\/12\/08\/con-roberto-cintron-las-cadenas-espanolas-se-sumaran-a-la-ahc\/#breadcrumb\",\"itemListElement\":[{\"@type\":\"ListItem\",\"position\":1,\"name\":\"Inicio\",\"item\":\"https:\/\/nitu.mx\/\"},{\"@type\":\"ListItem\",\"position\":2,\"name\":\"Con Roberto Cintr\u00f3n las cadenas espa\u00f1olas se sumar\u00e1n a la AHC\"}]},{\"@type\":\"WebSite\",\"@id\":\"https:\/\/nitu.mx\/#website\",\"url\":\"https:\/\/nitu.mx\/\",\"name\":\"Nitu - Noticias de la Industria Turistica\",\"description\":\"Noticias de la Industria Turistica\",\"publisher\":{\"@id\":\"https:\/\/nitu.mx\/#\/schema\/person\/ae7a53426417292d3dd07b45a33e01bc\"},\"alternateName\":\"Noticias de la Industria Turistica\",\"potentialAction\":[{\"@type\":\"SearchAction\",\"target\":{\"@type\":\"EntryPoint\",\"urlTemplate\":\"https:\/\/nitu.mx\/?s={search_term_string}\"},\"query-input\":\"required name=search_term_string\"}],\"inLanguage\":\"es-MX\"},{\"@type\":[\"Person\",\"Organization\"],\"@id\":\"https:\/\/nitu.mx\/#\/schema\/person\/ae7a53426417292d3dd07b45a33e01bc\",\"name\":\"Arturo Medina\",\"image\":{\"@type\":\"ImageObject\",\"inLanguage\":\"es-MX\",\"@id\":\"https:\/\/nitu.mx\/#\/schema\/person\/image\/\",\"url\":\"https:\/\/nitu.mx\/wp-content\/uploads\/2024\/04\/4A315622-1904-4D5C-B022-878CDC840E04-90x90-1.jpeg\",\"contentUrl\":\"https:\/\/nitu.mx\/wp-content\/uploads\/2024\/04\/4A315622-1904-4D5C-B022-878CDC840E04-90x90-1.jpeg\",\"width\":90,\"height\":90,\"caption\":\"Arturo Medina\"},\"logo\":{\"@id\":\"https:\/\/nitu.mx\/#\/schema\/person\/image\/\"},\"description\":\"Director NITU.mx, Egresado de la Escuela de Periodismo Carlos Septi\u00e9n Garc\u00eda. Periodista y analista especializado en turismo desde hace 35 a\u00f1os, radicado en Canc\u00fan Q.Roo. arturo@nitu.mx\",\"sameAs\":[\"https:\/\/nitu.mx\",\"https:\/\/www.facebook.com\/NITUmx\/\",\"medinacancun\",\"https:\/\/twitter.com\/@Arturo_Medina_G\"],\"url\":\"https:\/\/nitu.mx\/index.php\/author\/arturo-medina\/\"}]}<\/script>\n<!-- \/ Yoast SEO plugin. -->","yoast_head_json":{"title":"Con Roberto Cintr\u00f3n las cadenas espa\u00f1olas se sumar\u00e1n a la AHC - Nitu - Noticias de la Industria Turistica","description":"Uno de los principales objetivos de Roberto Cintr\u00f3n G\u00f3mez, como l\u00edder hotelero, ser\u00e1 aumentar la representatividad de los hoteles en Canc\u00fan.","robots":{"index":"index","follow":"follow","max-snippet":"max-snippet:-1","max-image-preview":"max-image-preview:large","max-video-preview":"max-video-preview:-1"},"canonical":"https:\/\/nitu.mx\/index.php\/2017\/12\/08\/con-roberto-cintron-las-cadenas-espanolas-se-sumaran-a-la-ahc\/","twitter_card":"summary_large_image","twitter_title":"Con Roberto Cintr\u00f3n las cadenas espa\u00f1olas se sumar\u00e1n a la AHC - Nitu - Noticias de la Industria Turistica","twitter_description":"Uno de los principales objetivos de Roberto Cintr\u00f3n G\u00f3mez, como l\u00edder hotelero, ser\u00e1 aumentar la representatividad de los hoteles en Canc\u00fan.","twitter_image":"https:\/\/nitu.mx\/wp-content\/uploads\/2017\/12\/roberto-cintron.jpg","twitter_creator":"@Arturo_Medina_G","twitter_site":"@Arturo_Medina_G","twitter_misc":{"Escrito por":"Arturo Medina","Tiempo de lectura":"2 minutos"},"schema":{"@context":"https:\/\/schema.org","@graph":[{"@type":"Article","@id":"https:\/\/nitu.mx\/index.php\/2017\/12\/08\/con-roberto-cintron-las-cadenas-espanolas-se-sumaran-a-la-ahc\/#article","isPartOf":{"@id":"https:\/\/nitu.mx\/index.php\/2017\/12\/08\/con-roberto-cintron-las-cadenas-espanolas-se-sumaran-a-la-ahc\/"},"author":{"name":"Arturo Medina","@id":"https:\/\/nitu.mx\/#\/schema\/person\/ae7a53426417292d3dd07b45a33e01bc"},"headline":"Con Roberto Cintr\u00f3n las cadenas espa\u00f1olas se sumar\u00e1n a la AHC","datePublished":"2017-12-08T06:15:25+00:00","dateModified":"2017-12-08T06:41:45+00:00","mainEntityOfPage":{"@id":"https:\/\/nitu.mx\/index.php\/2017\/12\/08\/con-roberto-cintron-las-cadenas-espanolas-se-sumaran-a-la-ahc\/"},"wordCount":328,"commentCount":0,"publisher":{"@id":"https:\/\/nitu.mx\/#\/schema\/person\/ae7a53426417292d3dd07b45a33e01bc"},"image":{"@id":"https:\/\/nitu.mx\/index.php\/2017\/12\/08\/con-roberto-cintron-las-cadenas-espanolas-se-sumaran-a-la-ahc\/#primaryimage"},"thumbnailUrl":"https:\/\/nitu.mx\/wp-content\/uploads\/2017\/12\/roberto-cintron.jpg","keywords":["Asociacion de Hoteles de Canc\u00fan y Puerto Morelos (AHC)","Flamingo Hotels","Inverotel","Ram\u00f3n Rosell\u00f3"],"articleSection":["Hoteles"],"inLanguage":"es-MX","potentialAction":[{"@type":"CommentAction","name":"Comment","target":["https:\/\/nitu.mx\/index.php\/2017\/12\/08\/con-roberto-cintron-las-cadenas-espanolas-se-sumaran-a-la-ahc\/#respond"]}]},{"@type":"WebPage","@id":"https:\/\/nitu.mx\/index.php\/2017\/12\/08\/con-roberto-cintron-las-cadenas-espanolas-se-sumaran-a-la-ahc\/","url":"https:\/\/nitu.mx\/index.php\/2017\/12\/08\/con-roberto-cintron-las-cadenas-espanolas-se-sumaran-a-la-ahc\/","name":"Con Roberto Cintr\u00f3n las cadenas espa\u00f1olas se sumar\u00e1n a la AHC - Nitu - Noticias de la Industria Turistica","isPartOf":{"@id":"https:\/\/nitu.mx\/#website"},"primaryImageOfPage":{"@id":"https:\/\/nitu.mx\/index.php\/2017\/12\/08\/con-roberto-cintron-las-cadenas-espanolas-se-sumaran-a-la-ahc\/#primaryimage"},"image":{"@id":"https:\/\/nitu.mx\/index.php\/2017\/12\/08\/con-roberto-cintron-las-cadenas-espanolas-se-sumaran-a-la-ahc\/#primaryimage"},"thumbnailUrl":"https:\/\/nitu.mx\/wp-content\/uploads\/2017\/12\/roberto-cintron.jpg","datePublished":"2017-12-08T06:15:25+00:00","dateModified":"2017-12-08T06:41:45+00:00","description":"Uno de los principales objetivos de Roberto Cintr\u00f3n G\u00f3mez, como l\u00edder hotelero, ser\u00e1 aumentar la representatividad de los hoteles en Canc\u00fan.","breadcrumb":{"@id":"https:\/\/nitu.mx\/index.php\/2017\/12\/08\/con-roberto-cintron-las-cadenas-espanolas-se-sumaran-a-la-ahc\/#breadcrumb"},"inLanguage":"es-MX","potentialAction":[{"@type":"ReadAction","target":["https:\/\/nitu.mx\/index.php\/2017\/12\/08\/con-roberto-cintron-las-cadenas-espanolas-se-sumaran-a-la-ahc\/"]}]},{"@type":"ImageObject","inLanguage":"es-MX","@id":"https:\/\/nitu.mx\/index.php\/2017\/12\/08\/con-roberto-cintron-las-cadenas-espanolas-se-sumaran-a-la-ahc\/#primaryimage","url":"https:\/\/nitu.mx\/wp-content\/uploads\/2017\/12\/roberto-cintron.jpg","contentUrl":"https:\/\/nitu.mx\/wp-content\/uploads\/2017\/12\/roberto-cintron.jpg","width":850,"height":480,"caption":"roberto cintron"},{"@type":"BreadcrumbList","@id":"https:\/\/nitu.mx\/index.php\/2017\/12\/08\/con-roberto-cintron-las-cadenas-espanolas-se-sumaran-a-la-ahc\/#breadcrumb","itemListElement":[{"@type":"ListItem","position":1,"name":"Inicio","item":"https:\/\/nitu.mx\/"},{"@type":"ListItem","position":2,"name":"Con Roberto Cintr\u00f3n las cadenas espa\u00f1olas se sumar\u00e1n a la AHC"}]},{"@type":"WebSite","@id":"https:\/\/nitu.mx\/#website","url":"https:\/\/nitu.mx\/","name":"Nitu - Noticias de la Industria Turistica","description":"Noticias de la Industria Turistica","publisher":{"@id":"https:\/\/nitu.mx\/#\/schema\/person\/ae7a53426417292d3dd07b45a33e01bc"},"alternateName":"Noticias de la Industria Turistica","potentialAction":[{"@type":"SearchAction","target":{"@type":"EntryPoint","urlTemplate":"https:\/\/nitu.mx\/?s={search_term_string}"},"query-input":"required name=search_term_string"}],"inLanguage":"es-MX"},{"@type":["Person","Organization"],"@id":"https:\/\/nitu.mx\/#\/schema\/person\/ae7a53426417292d3dd07b45a33e01bc","name":"Arturo Medina","image":{"@type":"ImageObject","inLanguage":"es-MX","@id":"https:\/\/nitu.mx\/#\/schema\/person\/image\/","url":"https:\/\/nitu.mx\/wp-content\/uploads\/2024\/04\/4A315622-1904-4D5C-B022-878CDC840E04-90x90-1.jpeg","contentUrl":"https:\/\/nitu.mx\/wp-content\/uploads\/2024\/04\/4A315622-1904-4D5C-B022-878CDC840E04-90x90-1.jpeg","width":90,"height":90,"caption":"Arturo Medina"},"logo":{"@id":"https:\/\/nitu.mx\/#\/schema\/person\/image\/"},"description":"Director NITU.mx, Egresado de la Escuela de Periodismo Carlos Septi\u00e9n Garc\u00eda. Periodista y analista especializado en turismo desde hace 35 a\u00f1os, radicado en Canc\u00fan Q.Roo. arturo@nitu.mx","sameAs":["https:\/\/nitu.mx","https:\/\/www.facebook.com\/NITUmx\/","medinacancun","https:\/\/twitter.com\/@Arturo_Medina_G"],"url":"https:\/\/nitu.mx\/index.php\/author\/arturo-medina\/"}]}},"views":293,"_links":{"self":[{"href":"https:\/\/nitu.mx\/index.php\/wp-json\/wp\/v2\/posts\/15553"}],"collection":[{"href":"https:\/\/nitu.mx\/index.php\/wp-json\/wp\/v2\/posts"}],"about":[{"href":"https:\/\/nitu.mx\/index.php\/wp-json\/wp\/v2\/types\/post"}],"author":[{"embeddable":true,"href":"https:\/\/nitu.mx\/index.php\/wp-json\/wp\/v2\/users\/2"}],"replies":[{"embeddable":true,"href":"https:\/\/nitu.mx\/index.php\/wp-json\/wp\/v2\/comments?post=15553"}],"version-history":[{"count":4,"href":"https:\/\/nitu.mx\/index.php\/wp-json\/wp\/v2\/posts\/15553\/revisions"}],"predecessor-version":[{"id":15576,"href":"https:\/\/nitu.mx\/index.php\/wp-json\/wp\/v2\/posts\/15553\/revisions\/15576"}],"wp:featuredmedia":[{"embeddable":true,"href":"https:\/\/nitu.mx\/index.php\/wp-json\/wp\/v2\/media\/15568"}],"wp:attachment":[{"href":"https:\/\/nitu.mx\/index.php\/wp-json\/wp\/v2\/media?parent=15553"}],"wp:term":[{"taxonomy":"category","embeddable":true,"href":"https:\/\/nitu.mx\/index.php\/wp-json\/wp\/v2\/categories?post=15553"},{"taxonomy":"post_tag","embeddable":true,"href":"https:\/\/nitu.mx\/index.php\/wp-json\/wp\/v2\/tags?post=15553"}],"curies":[{"name":"wp","href":"https:\/\/api.w.org\/{rel}","templated":true}]}}