{"id":15504,"date":"2017-12-07T00:44:18","date_gmt":"2017-12-07T05:44:18","guid":{"rendered":"http:\/\/www.dev.nitu.mx\/?p=15504"},"modified":"2017-12-07T02:23:50","modified_gmt":"2017-12-07T07:23:50","slug":"amav-cdmx-premia-a-lo-mas-destacado-de-la-industria-del-turismo","status":"publish","type":"post","link":"https:\/\/nitu.mx\/index.php\/2017\/12\/07\/amav-cdmx-premia-a-lo-mas-destacado-de-la-industria-del-turismo\/","title":{"rendered":"ADO Turibus destaca en los Premios de la AMAV CDMX"},"content":{"rendered":"<p>En la pasada entrega de los Premios \u00c1ngel del Turismo, evento organizado por la Asociaci\u00f3n Mexicana de Agencias de Viajes de la Ciudad de M\u00e9xico (AMAV CDMX), destac\u00f3 la doble nominaci\u00f3n de V\u00edctor Cort\u00e9s, gerente general de ADO Turibus, en las categor\u00edas Emprendedor del A\u00f1o y Trayectoria Empresarial, consiguiendo \u00e9ste \u00faltimo galard\u00f3n.<\/p>\n<p>Los Premios \u00c1ngel del Turismo, de la AMAV CDMX, donde reconocen a lo m\u00e1s destacado de la industria tur\u00edstica, en seis distintas categor\u00edas. De acuerdo con Fidel Ovando, presidente del organismo, la relevancia de este galard\u00f3n radica en que es la misma industria quien realiza las nominaciones y lleva a cabo las votaciones para seleccionar a los ganadores.<\/p>\n<p>Las ternas de nominados y los ganadores de dicha presea, que se llev\u00f3 a cabo en una ceremonia de gala en la capital mexicana fueron, en la categor\u00eda Emprendedor del A\u00f1o, Juan Manuel Espinosa de Tr\u00f6sten Transport; V\u00edctor Cort\u00e9s de ADO Turib\u00fas, y Guadalupe G\u00f3mez de M\u00e9xico en el Coraz\u00f3n, quien result\u00f3 la ganadora.<\/p>\n<p>La categor\u00eda de Segmento MICE fue disputada por Roberto Ibarra, T&amp;C Events; Edward Kelly, World Trade Center CDMX, y Alfredo Guti\u00e9rrez, Anfitriones Nacionales; siendo \u00e9ste \u00faltimo quien se llev\u00f3 el premio. En Trayectoria Empresarial figuraron Antonio Manzo, Turismo DEMA; Jes\u00fas Mart\u00ednez, Aviamex; y aqu\u00ed repiti\u00f3 V\u00edctor Cort\u00e9s de ADO Turib\u00fas, pero esta vez como ganador del reconocimiento.<\/p>\n<p>AMAV CDMX tambi\u00e9n reconoci\u00f3 en una categor\u00eda a Medios de Comunicaci\u00f3n, en donde la Revista Turismo de Antonio Ortiz, result\u00f3 electa. Ah\u00ed compitieron Luz Arredondo de la Revista Traves\u00edas y M\u00e9xico Desconocido. En cuanto a Promoci\u00f3n en el Exterior, Juli\u00e1n Arroyo de Omextur fue el premiado, en una terna con Arnaldo Pinazzi de Grupo MECA y Octavio Luna de Quality.<\/p>\n<p>Finalmente, en Gesti\u00f3n P\u00fablica los nominados fueron los secretarios de Turismo federal, Enrique de la Madrid; de Guanajuato, Fernando Olivera Rocha; y de Puebla, Roberto Trauwitz quien se llev\u00f3 el premio.<\/p>\n","protected":false},"excerpt":{"rendered":"<p>En la pasada entrega de los Premios \u00c1ngel del Turismo, evento organizado por la Asociaci\u00f3n Mexicana de Agencias de Viajes de la Ciudad de M\u00e9xico (AMAV CDMX), destac\u00f3 la doble nominaci\u00f3n de V\u00edctor Cort\u00e9s, gerente general de ADO Turibus, en las categor\u00edas Emprendedor del A\u00f1o y Trayectoria Empresarial, consiguiendo \u00e9ste \u00faltimo galard\u00f3n. Los Premios \u00c1ngel [&hellip;]<\/p>\n","protected":false},"author":5,"featured_media":15511,"comment_status":"open","ping_status":"open","sticky":false,"template":"","format":"standard","meta":{"footnotes":""},"categories":[3],"tags":[6995,3242,3107,3243,6996],"yoast_head":"<!-- This site is optimized with the Yoast SEO plugin v22.2 - https:\/\/yoast.com\/wordpress\/plugins\/seo\/ -->\n<title>ADO Turibus destaca en los Premios de la AMAV CDMX - Nitu - Noticias de la Industria Turistica<\/title>\n<meta name=\"description\" content=\"En la entrega de los Premios \u00c1ngel del Turismo, de la AMAV CDMX, destac\u00f3 la doble nominaci\u00f3n de V\u00edctor Cort\u00e9s, gerente general de ADO Turibus\" \/>\n<meta name=\"robots\" content=\"index, follow, max-snippet:-1, max-image-preview:large, max-video-preview:-1\" \/>\n<link rel=\"canonical\" href=\"https:\/\/nitu.mx\/index.php\/2017\/12\/07\/amav-cdmx-premia-a-lo-mas-destacado-de-la-industria-del-turismo\/\" \/>\n<meta name=\"twitter:card\" content=\"summary_large_image\" \/>\n<meta name=\"twitter:title\" content=\"ADO Turibus destaca en los Premios de la AMAV CDMX - Nitu - Noticias de la Industria Turistica\" \/>\n<meta name=\"twitter:description\" content=\"En la entrega de los Premios \u00c1ngel del Turismo, de la AMAV CDMX, destac\u00f3 la doble nominaci\u00f3n de V\u00edctor Cort\u00e9s, gerente general de ADO Turibus\" \/>\n<meta name=\"twitter:image\" content=\"https:\/\/nitu.mx\/wp-content\/uploads\/2017\/12\/AMAV-CDMX-\u00c1ngel-del-Turismo.jpg\" \/>\n<meta name=\"twitter:creator\" content=\"@NITUmx\" \/>\n<meta name=\"twitter:site\" content=\"@Arturo_Medina_G\" \/>\n<meta name=\"twitter:label1\" content=\"Escrito por\" \/>\n\t<meta name=\"twitter:data1\" content=\"Mari Soto\" \/>\n\t<meta name=\"twitter:label2\" content=\"Tiempo de lectura\" \/>\n\t<meta name=\"twitter:data2\" content=\"2 minutos\" \/>\n<script type=\"application\/ld+json\" class=\"yoast-schema-graph\">{\"@context\":\"https:\/\/schema.org\",\"@graph\":[{\"@type\":\"Article\",\"@id\":\"https:\/\/nitu.mx\/index.php\/2017\/12\/07\/amav-cdmx-premia-a-lo-mas-destacado-de-la-industria-del-turismo\/#article\",\"isPartOf\":{\"@id\":\"https:\/\/nitu.mx\/index.php\/2017\/12\/07\/amav-cdmx-premia-a-lo-mas-destacado-de-la-industria-del-turismo\/\"},\"author\":{\"name\":\"Mari Soto\",\"@id\":\"https:\/\/nitu.mx\/#\/schema\/person\/afc52e313e27e660739556d421d3d6b4\"},\"headline\":\"ADO Turibus destaca en los Premios de la AMAV CDMX\",\"datePublished\":\"2017-12-07T05:44:18+00:00\",\"dateModified\":\"2017-12-07T07:23:50+00:00\",\"mainEntityOfPage\":{\"@id\":\"https:\/\/nitu.mx\/index.php\/2017\/12\/07\/amav-cdmx-premia-a-lo-mas-destacado-de-la-industria-del-turismo\/\"},\"wordCount\":361,\"commentCount\":0,\"publisher\":{\"@id\":\"https:\/\/nitu.mx\/#\/schema\/person\/ae7a53426417292d3dd07b45a33e01bc\"},\"image\":{\"@id\":\"https:\/\/nitu.mx\/index.php\/2017\/12\/07\/amav-cdmx-premia-a-lo-mas-destacado-de-la-industria-del-turismo\/#primaryimage\"},\"thumbnailUrl\":\"https:\/\/nitu.mx\/wp-content\/uploads\/2017\/12\/AMAV-CDMX-\u00c1ngel-del-Turismo.jpg\",\"keywords\":[\"ADO Turibus\",\"AMAV CDMX\",\"armando L\u00f3pez Cardenas\",\"Fidel Ovando\",\"V\u00edctor Cort\u00e9s\"],\"articleSection\":[\"Agencias de Viajes\"],\"inLanguage\":\"es-MX\",\"potentialAction\":[{\"@type\":\"CommentAction\",\"name\":\"Comment\",\"target\":[\"https:\/\/nitu.mx\/index.php\/2017\/12\/07\/amav-cdmx-premia-a-lo-mas-destacado-de-la-industria-del-turismo\/#respond\"]}]},{\"@type\":\"WebPage\",\"@id\":\"https:\/\/nitu.mx\/index.php\/2017\/12\/07\/amav-cdmx-premia-a-lo-mas-destacado-de-la-industria-del-turismo\/\",\"url\":\"https:\/\/nitu.mx\/index.php\/2017\/12\/07\/amav-cdmx-premia-a-lo-mas-destacado-de-la-industria-del-turismo\/\",\"name\":\"ADO Turibus destaca en los Premios de la AMAV CDMX - Nitu - Noticias de la Industria Turistica\",\"isPartOf\":{\"@id\":\"https:\/\/nitu.mx\/#website\"},\"primaryImageOfPage\":{\"@id\":\"https:\/\/nitu.mx\/index.php\/2017\/12\/07\/amav-cdmx-premia-a-lo-mas-destacado-de-la-industria-del-turismo\/#primaryimage\"},\"image\":{\"@id\":\"https:\/\/nitu.mx\/index.php\/2017\/12\/07\/amav-cdmx-premia-a-lo-mas-destacado-de-la-industria-del-turismo\/#primaryimage\"},\"thumbnailUrl\":\"https:\/\/nitu.mx\/wp-content\/uploads\/2017\/12\/AMAV-CDMX-\u00c1ngel-del-Turismo.jpg\",\"datePublished\":\"2017-12-07T05:44:18+00:00\",\"dateModified\":\"2017-12-07T07:23:50+00:00\",\"description\":\"En la entrega de los Premios \u00c1ngel del Turismo, de la AMAV CDMX, destac\u00f3 la doble nominaci\u00f3n de V\u00edctor Cort\u00e9s, gerente general de ADO Turibus\",\"breadcrumb\":{\"@id\":\"https:\/\/nitu.mx\/index.php\/2017\/12\/07\/amav-cdmx-premia-a-lo-mas-destacado-de-la-industria-del-turismo\/#breadcrumb\"},\"inLanguage\":\"es-MX\",\"potentialAction\":[{\"@type\":\"ReadAction\",\"target\":[\"https:\/\/nitu.mx\/index.php\/2017\/12\/07\/amav-cdmx-premia-a-lo-mas-destacado-de-la-industria-del-turismo\/\"]}]},{\"@type\":\"ImageObject\",\"inLanguage\":\"es-MX\",\"@id\":\"https:\/\/nitu.mx\/index.php\/2017\/12\/07\/amav-cdmx-premia-a-lo-mas-destacado-de-la-industria-del-turismo\/#primaryimage\",\"url\":\"https:\/\/nitu.mx\/wp-content\/uploads\/2017\/12\/AMAV-CDMX-\u00c1ngel-del-Turismo.jpg\",\"contentUrl\":\"https:\/\/nitu.mx\/wp-content\/uploads\/2017\/12\/AMAV-CDMX-\u00c1ngel-del-Turismo.jpg\",\"width\":850,\"height\":480,\"caption\":\"AMAV CDMX\"},{\"@type\":\"BreadcrumbList\",\"@id\":\"https:\/\/nitu.mx\/index.php\/2017\/12\/07\/amav-cdmx-premia-a-lo-mas-destacado-de-la-industria-del-turismo\/#breadcrumb\",\"itemListElement\":[{\"@type\":\"ListItem\",\"position\":1,\"name\":\"Inicio\",\"item\":\"https:\/\/nitu.mx\/\"},{\"@type\":\"ListItem\",\"position\":2,\"name\":\"ADO Turibus destaca en los Premios de la AMAV CDMX\"}]},{\"@type\":\"WebSite\",\"@id\":\"https:\/\/nitu.mx\/#website\",\"url\":\"https:\/\/nitu.mx\/\",\"name\":\"Nitu - Noticias de la Industria Turistica\",\"description\":\"Noticias de la Industria Turistica\",\"publisher\":{\"@id\":\"https:\/\/nitu.mx\/#\/schema\/person\/ae7a53426417292d3dd07b45a33e01bc\"},\"alternateName\":\"Noticias de la Industria Turistica\",\"potentialAction\":[{\"@type\":\"SearchAction\",\"target\":{\"@type\":\"EntryPoint\",\"urlTemplate\":\"https:\/\/nitu.mx\/?s={search_term_string}\"},\"query-input\":\"required name=search_term_string\"}],\"inLanguage\":\"es-MX\"},{\"@type\":[\"Person\",\"Organization\"],\"@id\":\"https:\/\/nitu.mx\/#\/schema\/person\/ae7a53426417292d3dd07b45a33e01bc\",\"name\":\"Arturo Medina\",\"image\":{\"@type\":\"ImageObject\",\"inLanguage\":\"es-MX\",\"@id\":\"https:\/\/nitu.mx\/#\/schema\/person\/image\/\",\"url\":\"https:\/\/nitu.mx\/wp-content\/uploads\/2024\/04\/4A315622-1904-4D5C-B022-878CDC840E04-90x90-1.jpeg\",\"contentUrl\":\"https:\/\/nitu.mx\/wp-content\/uploads\/2024\/04\/4A315622-1904-4D5C-B022-878CDC840E04-90x90-1.jpeg\",\"width\":90,\"height\":90,\"caption\":\"Arturo Medina\"},\"logo\":{\"@id\":\"https:\/\/nitu.mx\/#\/schema\/person\/image\/\"},\"description\":\"Director NITU.mx, Egresado de la Escuela de Periodismo Carlos Septi\u00e9n Garc\u00eda. Periodista y analista especializado en turismo desde hace 35 a\u00f1os, radicado en Canc\u00fan Q.Roo. arturo@nitu.mx\",\"sameAs\":[\"https:\/\/nitu.mx\",\"https:\/\/www.facebook.com\/NITUmx\/\",\"medinacancun\",\"https:\/\/twitter.com\/@Arturo_Medina_G\"]},{\"@type\":\"Person\",\"@id\":\"https:\/\/nitu.mx\/#\/schema\/person\/afc52e313e27e660739556d421d3d6b4\",\"name\":\"Mari Soto\",\"image\":{\"@type\":\"ImageObject\",\"inLanguage\":\"es-MX\",\"@id\":\"https:\/\/nitu.mx\/#\/schema\/person\/image\/\",\"url\":\"https:\/\/secure.gravatar.com\/avatar\/2619c282a180a20d89fcaea82a6736e2?s=96&d=mm&r=g\",\"contentUrl\":\"https:\/\/secure.gravatar.com\/avatar\/2619c282a180a20d89fcaea82a6736e2?s=96&d=mm&r=g\",\"caption\":\"Mari Soto\"},\"sameAs\":[\"https:\/\/nitu.mx\"],\"url\":\"https:\/\/nitu.mx\/index.php\/author\/guadalupe\/\"}]}<\/script>\n<!-- \/ Yoast SEO plugin. -->","yoast_head_json":{"title":"ADO Turibus destaca en los Premios de la AMAV CDMX - Nitu - Noticias de la Industria Turistica","description":"En la entrega de los Premios \u00c1ngel del Turismo, de la AMAV CDMX, destac\u00f3 la doble nominaci\u00f3n de V\u00edctor Cort\u00e9s, gerente general de ADO Turibus","robots":{"index":"index","follow":"follow","max-snippet":"max-snippet:-1","max-image-preview":"max-image-preview:large","max-video-preview":"max-video-preview:-1"},"canonical":"https:\/\/nitu.mx\/index.php\/2017\/12\/07\/amav-cdmx-premia-a-lo-mas-destacado-de-la-industria-del-turismo\/","twitter_card":"summary_large_image","twitter_title":"ADO Turibus destaca en los Premios de la AMAV CDMX - Nitu - Noticias de la Industria Turistica","twitter_description":"En la entrega de los Premios \u00c1ngel del Turismo, de la AMAV CDMX, destac\u00f3 la doble nominaci\u00f3n de V\u00edctor Cort\u00e9s, gerente general de ADO Turibus","twitter_image":"https:\/\/nitu.mx\/wp-content\/uploads\/2017\/12\/AMAV-CDMX-\u00c1ngel-del-Turismo.jpg","twitter_creator":"@NITUmx","twitter_site":"@Arturo_Medina_G","twitter_misc":{"Escrito por":"Mari Soto","Tiempo de lectura":"2 minutos"},"schema":{"@context":"https:\/\/schema.org","@graph":[{"@type":"Article","@id":"https:\/\/nitu.mx\/index.php\/2017\/12\/07\/amav-cdmx-premia-a-lo-mas-destacado-de-la-industria-del-turismo\/#article","isPartOf":{"@id":"https:\/\/nitu.mx\/index.php\/2017\/12\/07\/amav-cdmx-premia-a-lo-mas-destacado-de-la-industria-del-turismo\/"},"author":{"name":"Mari Soto","@id":"https:\/\/nitu.mx\/#\/schema\/person\/afc52e313e27e660739556d421d3d6b4"},"headline":"ADO Turibus destaca en los Premios de la AMAV CDMX","datePublished":"2017-12-07T05:44:18+00:00","dateModified":"2017-12-07T07:23:50+00:00","mainEntityOfPage":{"@id":"https:\/\/nitu.mx\/index.php\/2017\/12\/07\/amav-cdmx-premia-a-lo-mas-destacado-de-la-industria-del-turismo\/"},"wordCount":361,"commentCount":0,"publisher":{"@id":"https:\/\/nitu.mx\/#\/schema\/person\/ae7a53426417292d3dd07b45a33e01bc"},"image":{"@id":"https:\/\/nitu.mx\/index.php\/2017\/12\/07\/amav-cdmx-premia-a-lo-mas-destacado-de-la-industria-del-turismo\/#primaryimage"},"thumbnailUrl":"https:\/\/nitu.mx\/wp-content\/uploads\/2017\/12\/AMAV-CDMX-\u00c1ngel-del-Turismo.jpg","keywords":["ADO Turibus","AMAV CDMX","armando L\u00f3pez Cardenas","Fidel Ovando","V\u00edctor Cort\u00e9s"],"articleSection":["Agencias de Viajes"],"inLanguage":"es-MX","potentialAction":[{"@type":"CommentAction","name":"Comment","target":["https:\/\/nitu.mx\/index.php\/2017\/12\/07\/amav-cdmx-premia-a-lo-mas-destacado-de-la-industria-del-turismo\/#respond"]}]},{"@type":"WebPage","@id":"https:\/\/nitu.mx\/index.php\/2017\/12\/07\/amav-cdmx-premia-a-lo-mas-destacado-de-la-industria-del-turismo\/","url":"https:\/\/nitu.mx\/index.php\/2017\/12\/07\/amav-cdmx-premia-a-lo-mas-destacado-de-la-industria-del-turismo\/","name":"ADO Turibus destaca en los Premios de la AMAV CDMX - Nitu - Noticias de la Industria Turistica","isPartOf":{"@id":"https:\/\/nitu.mx\/#website"},"primaryImageOfPage":{"@id":"https:\/\/nitu.mx\/index.php\/2017\/12\/07\/amav-cdmx-premia-a-lo-mas-destacado-de-la-industria-del-turismo\/#primaryimage"},"image":{"@id":"https:\/\/nitu.mx\/index.php\/2017\/12\/07\/amav-cdmx-premia-a-lo-mas-destacado-de-la-industria-del-turismo\/#primaryimage"},"thumbnailUrl":"https:\/\/nitu.mx\/wp-content\/uploads\/2017\/12\/AMAV-CDMX-\u00c1ngel-del-Turismo.jpg","datePublished":"2017-12-07T05:44:18+00:00","dateModified":"2017-12-07T07:23:50+00:00","description":"En la entrega de los Premios \u00c1ngel del Turismo, de la AMAV CDMX, destac\u00f3 la doble nominaci\u00f3n de V\u00edctor Cort\u00e9s, gerente general de ADO Turibus","breadcrumb":{"@id":"https:\/\/nitu.mx\/index.php\/2017\/12\/07\/amav-cdmx-premia-a-lo-mas-destacado-de-la-industria-del-turismo\/#breadcrumb"},"inLanguage":"es-MX","potentialAction":[{"@type":"ReadAction","target":["https:\/\/nitu.mx\/index.php\/2017\/12\/07\/amav-cdmx-premia-a-lo-mas-destacado-de-la-industria-del-turismo\/"]}]},{"@type":"ImageObject","inLanguage":"es-MX","@id":"https:\/\/nitu.mx\/index.php\/2017\/12\/07\/amav-cdmx-premia-a-lo-mas-destacado-de-la-industria-del-turismo\/#primaryimage","url":"https:\/\/nitu.mx\/wp-content\/uploads\/2017\/12\/AMAV-CDMX-\u00c1ngel-del-Turismo.jpg","contentUrl":"https:\/\/nitu.mx\/wp-content\/uploads\/2017\/12\/AMAV-CDMX-\u00c1ngel-del-Turismo.jpg","width":850,"height":480,"caption":"AMAV CDMX"},{"@type":"BreadcrumbList","@id":"https:\/\/nitu.mx\/index.php\/2017\/12\/07\/amav-cdmx-premia-a-lo-mas-destacado-de-la-industria-del-turismo\/#breadcrumb","itemListElement":[{"@type":"ListItem","position":1,"name":"Inicio","item":"https:\/\/nitu.mx\/"},{"@type":"ListItem","position":2,"name":"ADO Turibus destaca en los Premios de la AMAV CDMX"}]},{"@type":"WebSite","@id":"https:\/\/nitu.mx\/#website","url":"https:\/\/nitu.mx\/","name":"Nitu - Noticias de la Industria Turistica","description":"Noticias de la Industria Turistica","publisher":{"@id":"https:\/\/nitu.mx\/#\/schema\/person\/ae7a53426417292d3dd07b45a33e01bc"},"alternateName":"Noticias de la Industria Turistica","potentialAction":[{"@type":"SearchAction","target":{"@type":"EntryPoint","urlTemplate":"https:\/\/nitu.mx\/?s={search_term_string}"},"query-input":"required name=search_term_string"}],"inLanguage":"es-MX"},{"@type":["Person","Organization"],"@id":"https:\/\/nitu.mx\/#\/schema\/person\/ae7a53426417292d3dd07b45a33e01bc","name":"Arturo Medina","image":{"@type":"ImageObject","inLanguage":"es-MX","@id":"https:\/\/nitu.mx\/#\/schema\/person\/image\/","url":"https:\/\/nitu.mx\/wp-content\/uploads\/2024\/04\/4A315622-1904-4D5C-B022-878CDC840E04-90x90-1.jpeg","contentUrl":"https:\/\/nitu.mx\/wp-content\/uploads\/2024\/04\/4A315622-1904-4D5C-B022-878CDC840E04-90x90-1.jpeg","width":90,"height":90,"caption":"Arturo Medina"},"logo":{"@id":"https:\/\/nitu.mx\/#\/schema\/person\/image\/"},"description":"Director NITU.mx, Egresado de la Escuela de Periodismo Carlos Septi\u00e9n Garc\u00eda. Periodista y analista especializado en turismo desde hace 35 a\u00f1os, radicado en Canc\u00fan Q.Roo. arturo@nitu.mx","sameAs":["https:\/\/nitu.mx","https:\/\/www.facebook.com\/NITUmx\/","medinacancun","https:\/\/twitter.com\/@Arturo_Medina_G"]},{"@type":"Person","@id":"https:\/\/nitu.mx\/#\/schema\/person\/afc52e313e27e660739556d421d3d6b4","name":"Mari Soto","image":{"@type":"ImageObject","inLanguage":"es-MX","@id":"https:\/\/nitu.mx\/#\/schema\/person\/image\/","url":"https:\/\/secure.gravatar.com\/avatar\/2619c282a180a20d89fcaea82a6736e2?s=96&d=mm&r=g","contentUrl":"https:\/\/secure.gravatar.com\/avatar\/2619c282a180a20d89fcaea82a6736e2?s=96&d=mm&r=g","caption":"Mari Soto"},"sameAs":["https:\/\/nitu.mx"],"url":"https:\/\/nitu.mx\/index.php\/author\/guadalupe\/"}]}},"views":313,"_links":{"self":[{"href":"https:\/\/nitu.mx\/index.php\/wp-json\/wp\/v2\/posts\/15504"}],"collection":[{"href":"https:\/\/nitu.mx\/index.php\/wp-json\/wp\/v2\/posts"}],"about":[{"href":"https:\/\/nitu.mx\/index.php\/wp-json\/wp\/v2\/types\/post"}],"author":[{"embeddable":true,"href":"https:\/\/nitu.mx\/index.php\/wp-json\/wp\/v2\/users\/5"}],"replies":[{"embeddable":true,"href":"https:\/\/nitu.mx\/index.php\/wp-json\/wp\/v2\/comments?post=15504"}],"version-history":[{"count":2,"href":"https:\/\/nitu.mx\/index.php\/wp-json\/wp\/v2\/posts\/15504\/revisions"}],"predecessor-version":[{"id":15512,"href":"https:\/\/nitu.mx\/index.php\/wp-json\/wp\/v2\/posts\/15504\/revisions\/15512"}],"wp:featuredmedia":[{"embeddable":true,"href":"https:\/\/nitu.mx\/index.php\/wp-json\/wp\/v2\/media\/15511"}],"wp:attachment":[{"href":"https:\/\/nitu.mx\/index.php\/wp-json\/wp\/v2\/media?parent=15504"}],"wp:term":[{"taxonomy":"category","embeddable":true,"href":"https:\/\/nitu.mx\/index.php\/wp-json\/wp\/v2\/categories?post=15504"},{"taxonomy":"post_tag","embeddable":true,"href":"https:\/\/nitu.mx\/index.php\/wp-json\/wp\/v2\/tags?post=15504"}],"curies":[{"name":"wp","href":"https:\/\/api.w.org\/{rel}","templated":true}]}}