{"id":15434,"date":"2017-12-06T00:57:44","date_gmt":"2017-12-06T05:57:44","guid":{"rendered":"http:\/\/www.dev.nitu.mx\/?p=15434"},"modified":"2017-12-06T01:31:36","modified_gmt":"2017-12-06T06:31:36","slug":"interjet-inicia-vuelos-slp-monterrey-15-diciembre","status":"publish","type":"post","link":"https:\/\/nitu.mx\/index.php\/2017\/12\/06\/interjet-inicia-vuelos-slp-monterrey-15-diciembre\/","title":{"rendered":"Interjet inicia vuelos SLP-Monterrey el 15 de diciembre"},"content":{"rendered":"<p>A partir del pr\u00f3ximo 15 de diciembre se pondr\u00e1 en servicio la frecuencia diaria del vuelo de San Luis Potos\u00ed- Monterrey a trav\u00e9s de Interjet, confirm\u00f3 el titular de la Secretar\u00eda de Turismo del estado Arturo Esper Sulaim\u00e1n.<\/p>\n<p>El vuelo se comercializar\u00e1 en la p\u00e1gina de la aerol\u00ednea y cubre una de las demandas del sector turismo, que ahora tendr\u00e1 dos opciones, toda vez que Interjet se suma a Aerom\u00e9xico, quien tambi\u00e9n tiene un vuelo que cubre la misma ruta.<\/p>\n<p>\u201cA partir del 15 de diciembre Interjet abre la ruta San Luis Potos\u00ed &#8211; Monterrey, el vuelo que a partir de esta fecha ya se comercializa en la p\u00e1gina de la aerol\u00ednea, cubre una de las demandas del sector turismo al tener ahora las dos opciones\u201d indic\u00f3 el funcionario estatal. (<a title=\"Ante saturaci\u00f3n del AICM, Interjet valora despegar de aeropuertos metropolitanos\" href=\"http:\/\/www.dev.nitu.mx\/index.php\/2017\/11\/30\/ante-saturacion-del-aicm-interjet-valora-despegar-de-aeropuertos-metropolitanos\/\" rel=\"bookmark\">Ante saturaci\u00f3n del AICM, Interjet valora despegar de aeropuertos metropolitanos<\/a>).<\/p>\n<p>El vuelo se concret\u00f3 luego de las gestiones de la propia Secretar\u00eda de Turismo, previo estudios de mercado de Intejet con el cual se comprob\u00f3 la viabilidad del vuelo. Con informaci\u00f3n de El Financiero.<\/p>\n","protected":false},"excerpt":{"rendered":"<p>A partir del pr\u00f3ximo 15 de diciembre se pondr\u00e1 en servicio la frecuencia diaria del vuelo de San Luis Potos\u00ed- Monterrey a trav\u00e9s de Interjet, confirm\u00f3 el titular de la Secretar\u00eda de Turismo del estado Arturo Esper Sulaim\u00e1n. El vuelo se comercializar\u00e1 en la p\u00e1gina de la aerol\u00ednea y cubre una de las demandas del [&hellip;]<\/p>\n","protected":false},"author":17,"featured_media":6305,"comment_status":"open","ping_status":"open","sticky":false,"template":"","format":"standard","meta":{"footnotes":""},"categories":[29,5],"tags":[30,4888,172,491,602,254],"yoast_head":"<!-- This site is optimized with the Yoast SEO plugin v22.2 - https:\/\/yoast.com\/wordpress\/plugins\/seo\/ -->\n<title>Interjet inicia vuelos SLP-Monterrey el 15 de diciembre - Nitu - Noticias de la Industria Turistica<\/title>\n<meta name=\"robots\" content=\"index, follow, max-snippet:-1, max-image-preview:large, max-video-preview:-1\" \/>\n<link rel=\"canonical\" href=\"https:\/\/nitu.mx\/index.php\/2017\/12\/06\/interjet-inicia-vuelos-slp-monterrey-15-diciembre\/\" \/>\n<meta name=\"twitter:card\" content=\"summary_large_image\" \/>\n<meta name=\"twitter:title\" content=\"Interjet inicia vuelos SLP-Monterrey el 15 de diciembre - Nitu - Noticias de la Industria Turistica\" \/>\n<meta name=\"twitter:description\" content=\"A partir del pr\u00f3ximo 15 de diciembre se pondr\u00e1 en servicio la frecuencia diaria del vuelo de San Luis Potos\u00ed- Monterrey a trav\u00e9s de Interjet, confirm\u00f3 el titular de la Secretar\u00eda de Turismo del estado Arturo Esper Sulaim\u00e1n. El vuelo se comercializar\u00e1 en la p\u00e1gina de la aerol\u00ednea y cubre una de las demandas del [&hellip;]\" \/>\n<meta name=\"twitter:image\" content=\"https:\/\/nitu.mx\/wp-content\/uploads\/2017\/01\/Interjet-vuela.jpg\" \/>\n<meta name=\"twitter:creator\" content=\"@NITUmx\" \/>\n<meta name=\"twitter:site\" content=\"@Arturo_Medina_G\" \/>\n<meta name=\"twitter:label1\" content=\"Escrito por\" \/>\n\t<meta name=\"twitter:data1\" content=\"Redacci\u00f3n\" \/>\n\t<meta name=\"twitter:label2\" content=\"Tiempo de lectura\" \/>\n\t<meta name=\"twitter:data2\" content=\"1 minuto\" \/>\n<script type=\"application\/ld+json\" class=\"yoast-schema-graph\">{\"@context\":\"https:\/\/schema.org\",\"@graph\":[{\"@type\":\"Article\",\"@id\":\"https:\/\/nitu.mx\/index.php\/2017\/12\/06\/interjet-inicia-vuelos-slp-monterrey-15-diciembre\/#article\",\"isPartOf\":{\"@id\":\"https:\/\/nitu.mx\/index.php\/2017\/12\/06\/interjet-inicia-vuelos-slp-monterrey-15-diciembre\/\"},\"author\":{\"name\":\"Redacci\u00f3n\",\"@id\":\"https:\/\/nitu.mx\/#\/schema\/person\/4a28fe9bd65924f7c90623773daf1b0b\"},\"headline\":\"Interjet inicia vuelos SLP-Monterrey el 15 de diciembre\",\"datePublished\":\"2017-12-06T05:57:44+00:00\",\"dateModified\":\"2017-12-06T06:31:36+00:00\",\"mainEntityOfPage\":{\"@id\":\"https:\/\/nitu.mx\/index.php\/2017\/12\/06\/interjet-inicia-vuelos-slp-monterrey-15-diciembre\/\"},\"wordCount\":193,\"commentCount\":0,\"publisher\":{\"@id\":\"https:\/\/nitu.mx\/#\/schema\/person\/ae7a53426417292d3dd07b45a33e01bc\"},\"image\":{\"@id\":\"https:\/\/nitu.mx\/index.php\/2017\/12\/06\/interjet-inicia-vuelos-slp-monterrey-15-diciembre\/#primaryimage\"},\"thumbnailUrl\":\"https:\/\/nitu.mx\/wp-content\/uploads\/2017\/01\/Interjet-vuela.jpg\",\"keywords\":[\"Aerom\u00e9xico\",\"Arturo Esper Sulaiman\",\"Interjet\",\"Monterrey\",\"San Luis Potos\u00ed\",\"Secretar\u00eda de Turismo\"],\"articleSection\":[\"Aerol\u00edneas\",\"Destinos\"],\"inLanguage\":\"es-MX\",\"potentialAction\":[{\"@type\":\"CommentAction\",\"name\":\"Comment\",\"target\":[\"https:\/\/nitu.mx\/index.php\/2017\/12\/06\/interjet-inicia-vuelos-slp-monterrey-15-diciembre\/#respond\"]}]},{\"@type\":\"WebPage\",\"@id\":\"https:\/\/nitu.mx\/index.php\/2017\/12\/06\/interjet-inicia-vuelos-slp-monterrey-15-diciembre\/\",\"url\":\"https:\/\/nitu.mx\/index.php\/2017\/12\/06\/interjet-inicia-vuelos-slp-monterrey-15-diciembre\/\",\"name\":\"Interjet inicia vuelos SLP-Monterrey el 15 de diciembre - Nitu - Noticias de la Industria Turistica\",\"isPartOf\":{\"@id\":\"https:\/\/nitu.mx\/#website\"},\"primaryImageOfPage\":{\"@id\":\"https:\/\/nitu.mx\/index.php\/2017\/12\/06\/interjet-inicia-vuelos-slp-monterrey-15-diciembre\/#primaryimage\"},\"image\":{\"@id\":\"https:\/\/nitu.mx\/index.php\/2017\/12\/06\/interjet-inicia-vuelos-slp-monterrey-15-diciembre\/#primaryimage\"},\"thumbnailUrl\":\"https:\/\/nitu.mx\/wp-content\/uploads\/2017\/01\/Interjet-vuela.jpg\",\"datePublished\":\"2017-12-06T05:57:44+00:00\",\"dateModified\":\"2017-12-06T06:31:36+00:00\",\"breadcrumb\":{\"@id\":\"https:\/\/nitu.mx\/index.php\/2017\/12\/06\/interjet-inicia-vuelos-slp-monterrey-15-diciembre\/#breadcrumb\"},\"inLanguage\":\"es-MX\",\"potentialAction\":[{\"@type\":\"ReadAction\",\"target\":[\"https:\/\/nitu.mx\/index.php\/2017\/12\/06\/interjet-inicia-vuelos-slp-monterrey-15-diciembre\/\"]}]},{\"@type\":\"ImageObject\",\"inLanguage\":\"es-MX\",\"@id\":\"https:\/\/nitu.mx\/index.php\/2017\/12\/06\/interjet-inicia-vuelos-slp-monterrey-15-diciembre\/#primaryimage\",\"url\":\"https:\/\/nitu.mx\/wp-content\/uploads\/2017\/01\/Interjet-vuela.jpg\",\"contentUrl\":\"https:\/\/nitu.mx\/wp-content\/uploads\/2017\/01\/Interjet-vuela.jpg\",\"width\":850,\"height\":480,\"caption\":\"Interjet\"},{\"@type\":\"BreadcrumbList\",\"@id\":\"https:\/\/nitu.mx\/index.php\/2017\/12\/06\/interjet-inicia-vuelos-slp-monterrey-15-diciembre\/#breadcrumb\",\"itemListElement\":[{\"@type\":\"ListItem\",\"position\":1,\"name\":\"Inicio\",\"item\":\"https:\/\/nitu.mx\/\"},{\"@type\":\"ListItem\",\"position\":2,\"name\":\"Interjet inicia vuelos SLP-Monterrey el 15 de diciembre\"}]},{\"@type\":\"WebSite\",\"@id\":\"https:\/\/nitu.mx\/#website\",\"url\":\"https:\/\/nitu.mx\/\",\"name\":\"Nitu - Noticias de la Industria Turistica\",\"description\":\"Noticias de la Industria Turistica\",\"publisher\":{\"@id\":\"https:\/\/nitu.mx\/#\/schema\/person\/ae7a53426417292d3dd07b45a33e01bc\"},\"alternateName\":\"Noticias de la Industria Turistica\",\"potentialAction\":[{\"@type\":\"SearchAction\",\"target\":{\"@type\":\"EntryPoint\",\"urlTemplate\":\"https:\/\/nitu.mx\/?s={search_term_string}\"},\"query-input\":\"required name=search_term_string\"}],\"inLanguage\":\"es-MX\"},{\"@type\":[\"Person\",\"Organization\"],\"@id\":\"https:\/\/nitu.mx\/#\/schema\/person\/ae7a53426417292d3dd07b45a33e01bc\",\"name\":\"Arturo Medina\",\"image\":{\"@type\":\"ImageObject\",\"inLanguage\":\"es-MX\",\"@id\":\"https:\/\/nitu.mx\/#\/schema\/person\/image\/\",\"url\":\"https:\/\/nitu.mx\/wp-content\/uploads\/2024\/04\/4A315622-1904-4D5C-B022-878CDC840E04-90x90-1.jpeg\",\"contentUrl\":\"https:\/\/nitu.mx\/wp-content\/uploads\/2024\/04\/4A315622-1904-4D5C-B022-878CDC840E04-90x90-1.jpeg\",\"width\":90,\"height\":90,\"caption\":\"Arturo Medina\"},\"logo\":{\"@id\":\"https:\/\/nitu.mx\/#\/schema\/person\/image\/\"},\"description\":\"Director NITU.mx, Egresado de la Escuela de Periodismo Carlos Septi\u00e9n Garc\u00eda. Periodista y analista especializado en turismo desde hace 35 a\u00f1os, radicado en Canc\u00fan Q.Roo. arturo@nitu.mx\",\"sameAs\":[\"https:\/\/nitu.mx\",\"https:\/\/www.facebook.com\/NITUmx\/\",\"medinacancun\",\"https:\/\/twitter.com\/@Arturo_Medina_G\"]},{\"@type\":\"Person\",\"@id\":\"https:\/\/nitu.mx\/#\/schema\/person\/4a28fe9bd65924f7c90623773daf1b0b\",\"name\":\"Redacci\u00f3n\",\"image\":{\"@type\":\"ImageObject\",\"inLanguage\":\"es-MX\",\"@id\":\"https:\/\/nitu.mx\/#\/schema\/person\/image\/\",\"url\":\"https:\/\/secure.gravatar.com\/avatar\/5dd011c8ccfc5cd7e4c81e42252aab38?s=96&d=mm&r=g\",\"contentUrl\":\"https:\/\/secure.gravatar.com\/avatar\/5dd011c8ccfc5cd7e4c81e42252aab38?s=96&d=mm&r=g\",\"caption\":\"Redacci\u00f3n\"},\"url\":\"https:\/\/nitu.mx\/index.php\/author\/redaccion\/\"}]}<\/script>\n<!-- \/ Yoast SEO plugin. -->","yoast_head_json":{"title":"Interjet inicia vuelos SLP-Monterrey el 15 de diciembre - Nitu - Noticias de la Industria Turistica","robots":{"index":"index","follow":"follow","max-snippet":"max-snippet:-1","max-image-preview":"max-image-preview:large","max-video-preview":"max-video-preview:-1"},"canonical":"https:\/\/nitu.mx\/index.php\/2017\/12\/06\/interjet-inicia-vuelos-slp-monterrey-15-diciembre\/","twitter_card":"summary_large_image","twitter_title":"Interjet inicia vuelos SLP-Monterrey el 15 de diciembre - Nitu - Noticias de la Industria Turistica","twitter_description":"A partir del pr\u00f3ximo 15 de diciembre se pondr\u00e1 en servicio la frecuencia diaria del vuelo de San Luis Potos\u00ed- Monterrey a trav\u00e9s de Interjet, confirm\u00f3 el titular de la Secretar\u00eda de Turismo del estado Arturo Esper Sulaim\u00e1n. El vuelo se comercializar\u00e1 en la p\u00e1gina de la aerol\u00ednea y cubre una de las demandas del [&hellip;]","twitter_image":"https:\/\/nitu.mx\/wp-content\/uploads\/2017\/01\/Interjet-vuela.jpg","twitter_creator":"@NITUmx","twitter_site":"@Arturo_Medina_G","twitter_misc":{"Escrito por":"Redacci\u00f3n","Tiempo de lectura":"1 minuto"},"schema":{"@context":"https:\/\/schema.org","@graph":[{"@type":"Article","@id":"https:\/\/nitu.mx\/index.php\/2017\/12\/06\/interjet-inicia-vuelos-slp-monterrey-15-diciembre\/#article","isPartOf":{"@id":"https:\/\/nitu.mx\/index.php\/2017\/12\/06\/interjet-inicia-vuelos-slp-monterrey-15-diciembre\/"},"author":{"name":"Redacci\u00f3n","@id":"https:\/\/nitu.mx\/#\/schema\/person\/4a28fe9bd65924f7c90623773daf1b0b"},"headline":"Interjet inicia vuelos SLP-Monterrey el 15 de diciembre","datePublished":"2017-12-06T05:57:44+00:00","dateModified":"2017-12-06T06:31:36+00:00","mainEntityOfPage":{"@id":"https:\/\/nitu.mx\/index.php\/2017\/12\/06\/interjet-inicia-vuelos-slp-monterrey-15-diciembre\/"},"wordCount":193,"commentCount":0,"publisher":{"@id":"https:\/\/nitu.mx\/#\/schema\/person\/ae7a53426417292d3dd07b45a33e01bc"},"image":{"@id":"https:\/\/nitu.mx\/index.php\/2017\/12\/06\/interjet-inicia-vuelos-slp-monterrey-15-diciembre\/#primaryimage"},"thumbnailUrl":"https:\/\/nitu.mx\/wp-content\/uploads\/2017\/01\/Interjet-vuela.jpg","keywords":["Aerom\u00e9xico","Arturo Esper Sulaiman","Interjet","Monterrey","San Luis Potos\u00ed","Secretar\u00eda de Turismo"],"articleSection":["Aerol\u00edneas","Destinos"],"inLanguage":"es-MX","potentialAction":[{"@type":"CommentAction","name":"Comment","target":["https:\/\/nitu.mx\/index.php\/2017\/12\/06\/interjet-inicia-vuelos-slp-monterrey-15-diciembre\/#respond"]}]},{"@type":"WebPage","@id":"https:\/\/nitu.mx\/index.php\/2017\/12\/06\/interjet-inicia-vuelos-slp-monterrey-15-diciembre\/","url":"https:\/\/nitu.mx\/index.php\/2017\/12\/06\/interjet-inicia-vuelos-slp-monterrey-15-diciembre\/","name":"Interjet inicia vuelos SLP-Monterrey el 15 de diciembre - Nitu - Noticias de la Industria Turistica","isPartOf":{"@id":"https:\/\/nitu.mx\/#website"},"primaryImageOfPage":{"@id":"https:\/\/nitu.mx\/index.php\/2017\/12\/06\/interjet-inicia-vuelos-slp-monterrey-15-diciembre\/#primaryimage"},"image":{"@id":"https:\/\/nitu.mx\/index.php\/2017\/12\/06\/interjet-inicia-vuelos-slp-monterrey-15-diciembre\/#primaryimage"},"thumbnailUrl":"https:\/\/nitu.mx\/wp-content\/uploads\/2017\/01\/Interjet-vuela.jpg","datePublished":"2017-12-06T05:57:44+00:00","dateModified":"2017-12-06T06:31:36+00:00","breadcrumb":{"@id":"https:\/\/nitu.mx\/index.php\/2017\/12\/06\/interjet-inicia-vuelos-slp-monterrey-15-diciembre\/#breadcrumb"},"inLanguage":"es-MX","potentialAction":[{"@type":"ReadAction","target":["https:\/\/nitu.mx\/index.php\/2017\/12\/06\/interjet-inicia-vuelos-slp-monterrey-15-diciembre\/"]}]},{"@type":"ImageObject","inLanguage":"es-MX","@id":"https:\/\/nitu.mx\/index.php\/2017\/12\/06\/interjet-inicia-vuelos-slp-monterrey-15-diciembre\/#primaryimage","url":"https:\/\/nitu.mx\/wp-content\/uploads\/2017\/01\/Interjet-vuela.jpg","contentUrl":"https:\/\/nitu.mx\/wp-content\/uploads\/2017\/01\/Interjet-vuela.jpg","width":850,"height":480,"caption":"Interjet"},{"@type":"BreadcrumbList","@id":"https:\/\/nitu.mx\/index.php\/2017\/12\/06\/interjet-inicia-vuelos-slp-monterrey-15-diciembre\/#breadcrumb","itemListElement":[{"@type":"ListItem","position":1,"name":"Inicio","item":"https:\/\/nitu.mx\/"},{"@type":"ListItem","position":2,"name":"Interjet inicia vuelos SLP-Monterrey el 15 de diciembre"}]},{"@type":"WebSite","@id":"https:\/\/nitu.mx\/#website","url":"https:\/\/nitu.mx\/","name":"Nitu - Noticias de la Industria Turistica","description":"Noticias de la Industria Turistica","publisher":{"@id":"https:\/\/nitu.mx\/#\/schema\/person\/ae7a53426417292d3dd07b45a33e01bc"},"alternateName":"Noticias de la Industria Turistica","potentialAction":[{"@type":"SearchAction","target":{"@type":"EntryPoint","urlTemplate":"https:\/\/nitu.mx\/?s={search_term_string}"},"query-input":"required name=search_term_string"}],"inLanguage":"es-MX"},{"@type":["Person","Organization"],"@id":"https:\/\/nitu.mx\/#\/schema\/person\/ae7a53426417292d3dd07b45a33e01bc","name":"Arturo Medina","image":{"@type":"ImageObject","inLanguage":"es-MX","@id":"https:\/\/nitu.mx\/#\/schema\/person\/image\/","url":"https:\/\/nitu.mx\/wp-content\/uploads\/2024\/04\/4A315622-1904-4D5C-B022-878CDC840E04-90x90-1.jpeg","contentUrl":"https:\/\/nitu.mx\/wp-content\/uploads\/2024\/04\/4A315622-1904-4D5C-B022-878CDC840E04-90x90-1.jpeg","width":90,"height":90,"caption":"Arturo Medina"},"logo":{"@id":"https:\/\/nitu.mx\/#\/schema\/person\/image\/"},"description":"Director NITU.mx, Egresado de la Escuela de Periodismo Carlos Septi\u00e9n Garc\u00eda. Periodista y analista especializado en turismo desde hace 35 a\u00f1os, radicado en Canc\u00fan Q.Roo. arturo@nitu.mx","sameAs":["https:\/\/nitu.mx","https:\/\/www.facebook.com\/NITUmx\/","medinacancun","https:\/\/twitter.com\/@Arturo_Medina_G"]},{"@type":"Person","@id":"https:\/\/nitu.mx\/#\/schema\/person\/4a28fe9bd65924f7c90623773daf1b0b","name":"Redacci\u00f3n","image":{"@type":"ImageObject","inLanguage":"es-MX","@id":"https:\/\/nitu.mx\/#\/schema\/person\/image\/","url":"https:\/\/secure.gravatar.com\/avatar\/5dd011c8ccfc5cd7e4c81e42252aab38?s=96&d=mm&r=g","contentUrl":"https:\/\/secure.gravatar.com\/avatar\/5dd011c8ccfc5cd7e4c81e42252aab38?s=96&d=mm&r=g","caption":"Redacci\u00f3n"},"url":"https:\/\/nitu.mx\/index.php\/author\/redaccion\/"}]}},"views":264,"_links":{"self":[{"href":"https:\/\/nitu.mx\/index.php\/wp-json\/wp\/v2\/posts\/15434"}],"collection":[{"href":"https:\/\/nitu.mx\/index.php\/wp-json\/wp\/v2\/posts"}],"about":[{"href":"https:\/\/nitu.mx\/index.php\/wp-json\/wp\/v2\/types\/post"}],"author":[{"embeddable":true,"href":"https:\/\/nitu.mx\/index.php\/wp-json\/wp\/v2\/users\/17"}],"replies":[{"embeddable":true,"href":"https:\/\/nitu.mx\/index.php\/wp-json\/wp\/v2\/comments?post=15434"}],"version-history":[{"count":4,"href":"https:\/\/nitu.mx\/index.php\/wp-json\/wp\/v2\/posts\/15434\/revisions"}],"predecessor-version":[{"id":15467,"href":"https:\/\/nitu.mx\/index.php\/wp-json\/wp\/v2\/posts\/15434\/revisions\/15467"}],"wp:featuredmedia":[{"embeddable":true,"href":"https:\/\/nitu.mx\/index.php\/wp-json\/wp\/v2\/media\/6305"}],"wp:attachment":[{"href":"https:\/\/nitu.mx\/index.php\/wp-json\/wp\/v2\/media?parent=15434"}],"wp:term":[{"taxonomy":"category","embeddable":true,"href":"https:\/\/nitu.mx\/index.php\/wp-json\/wp\/v2\/categories?post=15434"},{"taxonomy":"post_tag","embeddable":true,"href":"https:\/\/nitu.mx\/index.php\/wp-json\/wp\/v2\/tags?post=15434"}],"curies":[{"name":"wp","href":"https:\/\/api.w.org\/{rel}","templated":true}]}}