{"id":1537,"date":"2016-09-06T07:24:35","date_gmt":"2016-09-06T12:24:35","guid":{"rendered":"http:\/\/www.dev.nitu.mx\/?p=1537"},"modified":"2016-09-18T23:33:30","modified_gmt":"2016-09-19T04:33:30","slug":"volaris-cancela-vuelos-por-newton","status":"publish","type":"post","link":"https:\/\/nitu.mx\/index.php\/2016\/09\/06\/volaris-cancela-vuelos-por-newton\/","title":{"rendered":"Volaris cancela vuelos por Newton"},"content":{"rendered":"<p>Newton se convirti\u00f3 en hurac\u00e1n en su ruta al sur de la pen\u00ednsula de Baja California muy cerca de la exclusiva zona tur\u00edstica conocida como Los Cabos, ante esta situaci\u00f3n la aerol\u00ednea Volaris informa sobre la cancelaci\u00f3n de vuelos desde y hacia La Paz, BCS, y apoyo a Clientes por el hurac\u00e1n.<\/p>\n<p>As\u00ed la aerol\u00ednea inform\u00f3 de la cancelaci\u00f3n de los siguientes vuelos desde y hacia La Paz, BCS, el d\u00eda de ma\u00f1ana (6 de septiembre):<\/p>\n<p>Sus Clientes pueden realizar cambios sin cargo para los pr\u00f3ximos 90 d\u00edas en estas rutas (con excepci\u00f3n del 14 al 19 de septiembre y sujeto a disponibilidad). Les pedimos comunicarse al Call Center en M\u00e9xico al 01-800-272-0248 y Call Center en Estados Unidos al 1-888-515-2153.<\/p>\n<p><strong>\u00a0<\/strong><\/p>\n<table>\n<tbody>\n<tr>\n<td width=\"304\"><strong>Ruta<\/strong><\/td>\n<td width=\"123\"><strong>Vuelo<\/strong><\/td>\n<\/tr>\n<tr>\n<td width=\"304\">Guadalajara \u2013 La Paz<\/td>\n<td width=\"123\">681<\/td>\n<\/tr>\n<tr>\n<td width=\"304\">La Paz &#8211; Guadalajara<\/td>\n<td width=\"123\">680<\/td>\n<\/tr>\n<tr>\n<td width=\"304\">Ciudad de M\u00e9xico \u2013 La Paz<\/td>\n<td width=\"123\">770<\/td>\n<\/tr>\n<tr>\n<td width=\"304\">La Paz &#8211; Ciudad de M\u00e9xico<\/td>\n<td width=\"123\">771<\/td>\n<\/tr>\n<tr>\n<td width=\"304\">Tijuana \u2013 La Paz<\/td>\n<td width=\"123\">580<\/td>\n<\/tr>\n<tr>\n<td width=\"304\">La Paz &#8211; Tijuana<\/td>\n<td width=\"123\">581<\/td>\n<\/tr>\n<\/tbody>\n<\/table>\n<p>&nbsp;<\/p>\n<p>&nbsp;<\/p>\n<p>El Centro Nacional de Huracanes (CNH) de Estados Unidos dijo que Newton se ubicaba a las 1500 GMT a 520 kil\u00f3metros al sureste de Cabo San Lucas, en el municipio de Los Cabos.<\/p>\n<p>&#8220;Newton estar\u00e1 cerca o sobre la punta sur de la Pen\u00ednsula de Baja California el martes por la ma\u00f1ana y se mover\u00e1 sobre porciones de la pen\u00ednsula tarde el martes y mi\u00e9rcoles&#8221;, dijo en un reporte.<\/p>\n<p>El centro dijo que el Gobierno de M\u00e9xico hab\u00eda emitido una alerta de hurac\u00e1n desde Puerto Cort\u00e9s al norte de Santa Fe en la costa oeste de Baja California Sur y desde el norte de La Paz a San Evaristo en la costa este.<\/p>\n<p>En septiembre del 2014, el hurac\u00e1n Odile dej\u00f3 m\u00e1s de una docena de muertos y da\u00f1os millonarios en Los Cabos.<\/p>\n<p>&nbsp;<\/p>\n","protected":false},"excerpt":{"rendered":"<p>Newton se convirti\u00f3 en hurac\u00e1n en su ruta al sur de la pen\u00ednsula de Baja California muy cerca de la exclusiva zona tur\u00edstica conocida como Los Cabos, ante esta situaci\u00f3n la aerol\u00ednea Volaris informa sobre la cancelaci\u00f3n de vuelos desde y hacia La Paz, BCS, y apoyo a Clientes por el hurac\u00e1n. As\u00ed la aerol\u00ednea [&hellip;]<\/p>\n","protected":false},"author":3,"featured_media":1540,"comment_status":"open","ping_status":"open","sticky":false,"template":"","format":"standard","meta":{"footnotes":""},"categories":[29],"tags":[129,133,136,134,135,100,128,132,130,68,127,131],"yoast_head":"<!-- This site is optimized with the Yoast SEO plugin v22.2 - https:\/\/yoast.com\/wordpress\/plugins\/seo\/ -->\n<title>Volaris cancela vuelos por Newton - Nitu - Noticias de la Industria Turistica<\/title>\n<meta name=\"description\" content=\"La aerol\u00ednea Volaris informa sobre la cancelaci\u00f3n de vuelos desde y hacia La Paz, BCS, y apoyo a Clientes por el hurac\u00e1n Newton.\" \/>\n<meta name=\"robots\" content=\"index, follow, max-snippet:-1, max-image-preview:large, max-video-preview:-1\" \/>\n<link rel=\"canonical\" href=\"https:\/\/nitu.mx\/index.php\/2016\/09\/06\/volaris-cancela-vuelos-por-newton\/\" \/>\n<meta name=\"twitter:card\" content=\"summary_large_image\" \/>\n<meta name=\"twitter:title\" content=\"Volaris cancela vuelos por Newton - Nitu - Noticias de la Industria Turistica\" \/>\n<meta name=\"twitter:description\" content=\"La aerol\u00ednea Volaris informa sobre la cancelaci\u00f3n de vuelos desde y hacia La Paz, BCS, y apoyo a Clientes por el hurac\u00e1n Newton.\" \/>\n<meta name=\"twitter:image\" content=\"https:\/\/nitu.mx\/wp-content\/uploads\/2016\/09\/huracan-newton1-300x205.jpg\" \/>\n<meta name=\"twitter:creator\" content=\"@NITUmx\" \/>\n<meta name=\"twitter:site\" content=\"@Arturo_Medina_G\" \/>\n<meta name=\"twitter:label1\" content=\"Escrito por\" \/>\n\t<meta name=\"twitter:data1\" content=\"Alejandra Moncisbays\" \/>\n\t<meta name=\"twitter:label2\" content=\"Tiempo de lectura\" \/>\n\t<meta name=\"twitter:data2\" content=\"2 minutos\" \/>\n<script type=\"application\/ld+json\" class=\"yoast-schema-graph\">{\"@context\":\"https:\/\/schema.org\",\"@graph\":[{\"@type\":\"Article\",\"@id\":\"https:\/\/nitu.mx\/index.php\/2016\/09\/06\/volaris-cancela-vuelos-por-newton\/#article\",\"isPartOf\":{\"@id\":\"https:\/\/nitu.mx\/index.php\/2016\/09\/06\/volaris-cancela-vuelos-por-newton\/\"},\"author\":{\"name\":\"Alejandra Moncisbays\",\"@id\":\"https:\/\/nitu.mx\/#\/schema\/person\/2ecd887b19dfd3382d1f14fc5acf24a8\"},\"headline\":\"Volaris cancela vuelos por Newton\",\"datePublished\":\"2016-09-06T12:24:35+00:00\",\"dateModified\":\"2016-09-19T04:33:30+00:00\",\"mainEntityOfPage\":{\"@id\":\"https:\/\/nitu.mx\/index.php\/2016\/09\/06\/volaris-cancela-vuelos-por-newton\/\"},\"wordCount\":315,\"commentCount\":0,\"publisher\":{\"@id\":\"https:\/\/nitu.mx\/#\/schema\/person\/ae7a53426417292d3dd07b45a33e01bc\"},\"image\":{\"@id\":\"https:\/\/nitu.mx\/index.php\/2016\/09\/06\/volaris-cancela-vuelos-por-newton\/#primaryimage\"},\"thumbnailUrl\":\"https:\/\/nitu.mx\/wp-content\/uploads\/2016\/09\/huracan-newton1-300x205.jpg\",\"keywords\":[\"Baja California\",\"BCS\",\"Cabo San Lucas\",\"Call Center\",\"El Centro Nacional de Huracanes (CNH)\",\"Estados Unidos\",\"hurac\u00e1n\",\"La Paz\",\"Los Cabos\",\"M\u00e9xico\",\"Newton\",\"Volaris\"],\"articleSection\":[\"Aerol\u00edneas\"],\"inLanguage\":\"es-MX\",\"potentialAction\":[{\"@type\":\"CommentAction\",\"name\":\"Comment\",\"target\":[\"https:\/\/nitu.mx\/index.php\/2016\/09\/06\/volaris-cancela-vuelos-por-newton\/#respond\"]}]},{\"@type\":\"WebPage\",\"@id\":\"https:\/\/nitu.mx\/index.php\/2016\/09\/06\/volaris-cancela-vuelos-por-newton\/\",\"url\":\"https:\/\/nitu.mx\/index.php\/2016\/09\/06\/volaris-cancela-vuelos-por-newton\/\",\"name\":\"Volaris cancela vuelos por Newton - Nitu - Noticias de la Industria Turistica\",\"isPartOf\":{\"@id\":\"https:\/\/nitu.mx\/#website\"},\"primaryImageOfPage\":{\"@id\":\"https:\/\/nitu.mx\/index.php\/2016\/09\/06\/volaris-cancela-vuelos-por-newton\/#primaryimage\"},\"image\":{\"@id\":\"https:\/\/nitu.mx\/index.php\/2016\/09\/06\/volaris-cancela-vuelos-por-newton\/#primaryimage\"},\"thumbnailUrl\":\"https:\/\/nitu.mx\/wp-content\/uploads\/2016\/09\/huracan-newton1-300x205.jpg\",\"datePublished\":\"2016-09-06T12:24:35+00:00\",\"dateModified\":\"2016-09-19T04:33:30+00:00\",\"description\":\"La aerol\u00ednea Volaris informa sobre la cancelaci\u00f3n de vuelos desde y hacia La Paz, BCS, y apoyo a Clientes por el hurac\u00e1n Newton.\",\"breadcrumb\":{\"@id\":\"https:\/\/nitu.mx\/index.php\/2016\/09\/06\/volaris-cancela-vuelos-por-newton\/#breadcrumb\"},\"inLanguage\":\"es-MX\",\"potentialAction\":[{\"@type\":\"ReadAction\",\"target\":[\"https:\/\/nitu.mx\/index.php\/2016\/09\/06\/volaris-cancela-vuelos-por-newton\/\"]}]},{\"@type\":\"ImageObject\",\"inLanguage\":\"es-MX\",\"@id\":\"https:\/\/nitu.mx\/index.php\/2016\/09\/06\/volaris-cancela-vuelos-por-newton\/#primaryimage\",\"url\":\"https:\/\/nitu.mx\/wp-content\/uploads\/2016\/09\/huracan-newton1-300x205.jpg\",\"contentUrl\":\"https:\/\/nitu.mx\/wp-content\/uploads\/2016\/09\/huracan-newton1-300x205.jpg\",\"width\":300,\"height\":205},{\"@type\":\"BreadcrumbList\",\"@id\":\"https:\/\/nitu.mx\/index.php\/2016\/09\/06\/volaris-cancela-vuelos-por-newton\/#breadcrumb\",\"itemListElement\":[{\"@type\":\"ListItem\",\"position\":1,\"name\":\"Inicio\",\"item\":\"https:\/\/nitu.mx\/\"},{\"@type\":\"ListItem\",\"position\":2,\"name\":\"Volaris cancela vuelos por Newton\"}]},{\"@type\":\"WebSite\",\"@id\":\"https:\/\/nitu.mx\/#website\",\"url\":\"https:\/\/nitu.mx\/\",\"name\":\"Nitu - Noticias de la Industria Turistica\",\"description\":\"Noticias de la Industria Turistica\",\"publisher\":{\"@id\":\"https:\/\/nitu.mx\/#\/schema\/person\/ae7a53426417292d3dd07b45a33e01bc\"},\"alternateName\":\"Noticias de la Industria Turistica\",\"potentialAction\":[{\"@type\":\"SearchAction\",\"target\":{\"@type\":\"EntryPoint\",\"urlTemplate\":\"https:\/\/nitu.mx\/?s={search_term_string}\"},\"query-input\":\"required name=search_term_string\"}],\"inLanguage\":\"es-MX\"},{\"@type\":[\"Person\",\"Organization\"],\"@id\":\"https:\/\/nitu.mx\/#\/schema\/person\/ae7a53426417292d3dd07b45a33e01bc\",\"name\":\"Arturo Medina\",\"image\":{\"@type\":\"ImageObject\",\"inLanguage\":\"es-MX\",\"@id\":\"https:\/\/nitu.mx\/#\/schema\/person\/image\/\",\"url\":\"https:\/\/nitu.mx\/wp-content\/uploads\/2024\/04\/4A315622-1904-4D5C-B022-878CDC840E04-90x90-1.jpeg\",\"contentUrl\":\"https:\/\/nitu.mx\/wp-content\/uploads\/2024\/04\/4A315622-1904-4D5C-B022-878CDC840E04-90x90-1.jpeg\",\"width\":90,\"height\":90,\"caption\":\"Arturo Medina\"},\"logo\":{\"@id\":\"https:\/\/nitu.mx\/#\/schema\/person\/image\/\"},\"description\":\"Director NITU.mx, Egresado de la Escuela de Periodismo Carlos Septi\u00e9n Garc\u00eda. Periodista y analista especializado en turismo desde hace 35 a\u00f1os, radicado en Canc\u00fan Q.Roo. arturo@nitu.mx\",\"sameAs\":[\"https:\/\/nitu.mx\",\"https:\/\/www.facebook.com\/NITUmx\/\",\"medinacancun\",\"https:\/\/twitter.com\/@Arturo_Medina_G\"]},{\"@type\":\"Person\",\"@id\":\"https:\/\/nitu.mx\/#\/schema\/person\/2ecd887b19dfd3382d1f14fc5acf24a8\",\"name\":\"Alejandra Moncisbays\",\"image\":{\"@type\":\"ImageObject\",\"inLanguage\":\"es-MX\",\"@id\":\"https:\/\/nitu.mx\/#\/schema\/person\/image\/\",\"url\":\"https:\/\/secure.gravatar.com\/avatar\/e74f7af0be172b7804dacfd0bfbef787?s=96&d=mm&r=g\",\"contentUrl\":\"https:\/\/secure.gravatar.com\/avatar\/e74f7af0be172b7804dacfd0bfbef787?s=96&d=mm&r=g\",\"caption\":\"Alejandra Moncisbays\"},\"description\":\"Curs\u00e9 la carrera de Periodismo y Comunicaci\u00f3n en la Facultad de Estudios Profesionales Acatl\u00e1n. Vivo en Canc\u00fan desde hace 24 a\u00f1os. Fui reportera de La Tarde de Canc\u00fan, y Novedades de Quintana Roo, colabor\u00e9 en TVCUN, edit\u00e9 Cancun\u00edssimo y colabor\u00e9 en las revistas Latitud21, entre otras, con principal enfoque en los sectores empresarial y tur\u00edstico. Desde hace varios a\u00f1os soy Agente de Seguros con c\u00e9dula de la Comisi\u00f3n Nacional de Seguros y Fianzas. Actualmente, me desarrollo en los \u00e1mbitos del periodismo y el sector asegurador.\",\"sameAs\":[\"https:\/\/nitu.mx\"],\"url\":\"https:\/\/nitu.mx\/index.php\/author\/alejandra\/\"}]}<\/script>\n<!-- \/ Yoast SEO plugin. -->","yoast_head_json":{"title":"Volaris cancela vuelos por Newton - Nitu - Noticias de la Industria Turistica","description":"La aerol\u00ednea Volaris informa sobre la cancelaci\u00f3n de vuelos desde y hacia La Paz, BCS, y apoyo a Clientes por el hurac\u00e1n Newton.","robots":{"index":"index","follow":"follow","max-snippet":"max-snippet:-1","max-image-preview":"max-image-preview:large","max-video-preview":"max-video-preview:-1"},"canonical":"https:\/\/nitu.mx\/index.php\/2016\/09\/06\/volaris-cancela-vuelos-por-newton\/","twitter_card":"summary_large_image","twitter_title":"Volaris cancela vuelos por Newton - Nitu - Noticias de la Industria Turistica","twitter_description":"La aerol\u00ednea Volaris informa sobre la cancelaci\u00f3n de vuelos desde y hacia La Paz, BCS, y apoyo a Clientes por el hurac\u00e1n Newton.","twitter_image":"https:\/\/nitu.mx\/wp-content\/uploads\/2016\/09\/huracan-newton1-300x205.jpg","twitter_creator":"@NITUmx","twitter_site":"@Arturo_Medina_G","twitter_misc":{"Escrito por":"Alejandra Moncisbays","Tiempo de lectura":"2 minutos"},"schema":{"@context":"https:\/\/schema.org","@graph":[{"@type":"Article","@id":"https:\/\/nitu.mx\/index.php\/2016\/09\/06\/volaris-cancela-vuelos-por-newton\/#article","isPartOf":{"@id":"https:\/\/nitu.mx\/index.php\/2016\/09\/06\/volaris-cancela-vuelos-por-newton\/"},"author":{"name":"Alejandra Moncisbays","@id":"https:\/\/nitu.mx\/#\/schema\/person\/2ecd887b19dfd3382d1f14fc5acf24a8"},"headline":"Volaris cancela vuelos por Newton","datePublished":"2016-09-06T12:24:35+00:00","dateModified":"2016-09-19T04:33:30+00:00","mainEntityOfPage":{"@id":"https:\/\/nitu.mx\/index.php\/2016\/09\/06\/volaris-cancela-vuelos-por-newton\/"},"wordCount":315,"commentCount":0,"publisher":{"@id":"https:\/\/nitu.mx\/#\/schema\/person\/ae7a53426417292d3dd07b45a33e01bc"},"image":{"@id":"https:\/\/nitu.mx\/index.php\/2016\/09\/06\/volaris-cancela-vuelos-por-newton\/#primaryimage"},"thumbnailUrl":"https:\/\/nitu.mx\/wp-content\/uploads\/2016\/09\/huracan-newton1-300x205.jpg","keywords":["Baja California","BCS","Cabo San Lucas","Call Center","El Centro Nacional de Huracanes (CNH)","Estados Unidos","hurac\u00e1n","La Paz","Los Cabos","M\u00e9xico","Newton","Volaris"],"articleSection":["Aerol\u00edneas"],"inLanguage":"es-MX","potentialAction":[{"@type":"CommentAction","name":"Comment","target":["https:\/\/nitu.mx\/index.php\/2016\/09\/06\/volaris-cancela-vuelos-por-newton\/#respond"]}]},{"@type":"WebPage","@id":"https:\/\/nitu.mx\/index.php\/2016\/09\/06\/volaris-cancela-vuelos-por-newton\/","url":"https:\/\/nitu.mx\/index.php\/2016\/09\/06\/volaris-cancela-vuelos-por-newton\/","name":"Volaris cancela vuelos por Newton - Nitu - Noticias de la Industria Turistica","isPartOf":{"@id":"https:\/\/nitu.mx\/#website"},"primaryImageOfPage":{"@id":"https:\/\/nitu.mx\/index.php\/2016\/09\/06\/volaris-cancela-vuelos-por-newton\/#primaryimage"},"image":{"@id":"https:\/\/nitu.mx\/index.php\/2016\/09\/06\/volaris-cancela-vuelos-por-newton\/#primaryimage"},"thumbnailUrl":"https:\/\/nitu.mx\/wp-content\/uploads\/2016\/09\/huracan-newton1-300x205.jpg","datePublished":"2016-09-06T12:24:35+00:00","dateModified":"2016-09-19T04:33:30+00:00","description":"La aerol\u00ednea Volaris informa sobre la cancelaci\u00f3n de vuelos desde y hacia La Paz, BCS, y apoyo a Clientes por el hurac\u00e1n Newton.","breadcrumb":{"@id":"https:\/\/nitu.mx\/index.php\/2016\/09\/06\/volaris-cancela-vuelos-por-newton\/#breadcrumb"},"inLanguage":"es-MX","potentialAction":[{"@type":"ReadAction","target":["https:\/\/nitu.mx\/index.php\/2016\/09\/06\/volaris-cancela-vuelos-por-newton\/"]}]},{"@type":"ImageObject","inLanguage":"es-MX","@id":"https:\/\/nitu.mx\/index.php\/2016\/09\/06\/volaris-cancela-vuelos-por-newton\/#primaryimage","url":"https:\/\/nitu.mx\/wp-content\/uploads\/2016\/09\/huracan-newton1-300x205.jpg","contentUrl":"https:\/\/nitu.mx\/wp-content\/uploads\/2016\/09\/huracan-newton1-300x205.jpg","width":300,"height":205},{"@type":"BreadcrumbList","@id":"https:\/\/nitu.mx\/index.php\/2016\/09\/06\/volaris-cancela-vuelos-por-newton\/#breadcrumb","itemListElement":[{"@type":"ListItem","position":1,"name":"Inicio","item":"https:\/\/nitu.mx\/"},{"@type":"ListItem","position":2,"name":"Volaris cancela vuelos por Newton"}]},{"@type":"WebSite","@id":"https:\/\/nitu.mx\/#website","url":"https:\/\/nitu.mx\/","name":"Nitu - Noticias de la Industria Turistica","description":"Noticias de la Industria Turistica","publisher":{"@id":"https:\/\/nitu.mx\/#\/schema\/person\/ae7a53426417292d3dd07b45a33e01bc"},"alternateName":"Noticias de la Industria Turistica","potentialAction":[{"@type":"SearchAction","target":{"@type":"EntryPoint","urlTemplate":"https:\/\/nitu.mx\/?s={search_term_string}"},"query-input":"required name=search_term_string"}],"inLanguage":"es-MX"},{"@type":["Person","Organization"],"@id":"https:\/\/nitu.mx\/#\/schema\/person\/ae7a53426417292d3dd07b45a33e01bc","name":"Arturo Medina","image":{"@type":"ImageObject","inLanguage":"es-MX","@id":"https:\/\/nitu.mx\/#\/schema\/person\/image\/","url":"https:\/\/nitu.mx\/wp-content\/uploads\/2024\/04\/4A315622-1904-4D5C-B022-878CDC840E04-90x90-1.jpeg","contentUrl":"https:\/\/nitu.mx\/wp-content\/uploads\/2024\/04\/4A315622-1904-4D5C-B022-878CDC840E04-90x90-1.jpeg","width":90,"height":90,"caption":"Arturo Medina"},"logo":{"@id":"https:\/\/nitu.mx\/#\/schema\/person\/image\/"},"description":"Director NITU.mx, Egresado de la Escuela de Periodismo Carlos Septi\u00e9n Garc\u00eda. Periodista y analista especializado en turismo desde hace 35 a\u00f1os, radicado en Canc\u00fan Q.Roo. arturo@nitu.mx","sameAs":["https:\/\/nitu.mx","https:\/\/www.facebook.com\/NITUmx\/","medinacancun","https:\/\/twitter.com\/@Arturo_Medina_G"]},{"@type":"Person","@id":"https:\/\/nitu.mx\/#\/schema\/person\/2ecd887b19dfd3382d1f14fc5acf24a8","name":"Alejandra Moncisbays","image":{"@type":"ImageObject","inLanguage":"es-MX","@id":"https:\/\/nitu.mx\/#\/schema\/person\/image\/","url":"https:\/\/secure.gravatar.com\/avatar\/e74f7af0be172b7804dacfd0bfbef787?s=96&d=mm&r=g","contentUrl":"https:\/\/secure.gravatar.com\/avatar\/e74f7af0be172b7804dacfd0bfbef787?s=96&d=mm&r=g","caption":"Alejandra Moncisbays"},"description":"Curs\u00e9 la carrera de Periodismo y Comunicaci\u00f3n en la Facultad de Estudios Profesionales Acatl\u00e1n. Vivo en Canc\u00fan desde hace 24 a\u00f1os. Fui reportera de La Tarde de Canc\u00fan, y Novedades de Quintana Roo, colabor\u00e9 en TVCUN, edit\u00e9 Cancun\u00edssimo y colabor\u00e9 en las revistas Latitud21, entre otras, con principal enfoque en los sectores empresarial y tur\u00edstico. Desde hace varios a\u00f1os soy Agente de Seguros con c\u00e9dula de la Comisi\u00f3n Nacional de Seguros y Fianzas. Actualmente, me desarrollo en los \u00e1mbitos del periodismo y el sector asegurador.","sameAs":["https:\/\/nitu.mx"],"url":"https:\/\/nitu.mx\/index.php\/author\/alejandra\/"}]}},"views":1383,"_links":{"self":[{"href":"https:\/\/nitu.mx\/index.php\/wp-json\/wp\/v2\/posts\/1537"}],"collection":[{"href":"https:\/\/nitu.mx\/index.php\/wp-json\/wp\/v2\/posts"}],"about":[{"href":"https:\/\/nitu.mx\/index.php\/wp-json\/wp\/v2\/types\/post"}],"author":[{"embeddable":true,"href":"https:\/\/nitu.mx\/index.php\/wp-json\/wp\/v2\/users\/3"}],"replies":[{"embeddable":true,"href":"https:\/\/nitu.mx\/index.php\/wp-json\/wp\/v2\/comments?post=1537"}],"version-history":[{"count":2,"href":"https:\/\/nitu.mx\/index.php\/wp-json\/wp\/v2\/posts\/1537\/revisions"}],"predecessor-version":[{"id":1544,"href":"https:\/\/nitu.mx\/index.php\/wp-json\/wp\/v2\/posts\/1537\/revisions\/1544"}],"wp:featuredmedia":[{"embeddable":true,"href":"https:\/\/nitu.mx\/index.php\/wp-json\/wp\/v2\/media\/1540"}],"wp:attachment":[{"href":"https:\/\/nitu.mx\/index.php\/wp-json\/wp\/v2\/media?parent=1537"}],"wp:term":[{"taxonomy":"category","embeddable":true,"href":"https:\/\/nitu.mx\/index.php\/wp-json\/wp\/v2\/categories?post=1537"},{"taxonomy":"post_tag","embeddable":true,"href":"https:\/\/nitu.mx\/index.php\/wp-json\/wp\/v2\/tags?post=1537"}],"curies":[{"name":"wp","href":"https:\/\/api.w.org\/{rel}","templated":true}]}}