{"id":15335,"date":"2017-12-03T23:12:35","date_gmt":"2017-12-04T04:12:35","guid":{"rendered":"http:\/\/www.dev.nitu.mx\/?p=15335"},"modified":"2017-12-04T01:07:12","modified_gmt":"2017-12-04T06:07:12","slug":"pierde-aeromexico-mas-de-100-mdp-por-paro-de-pilotos","status":"publish","type":"post","link":"https:\/\/nitu.mx\/index.php\/2017\/12\/03\/pierde-aeromexico-mas-de-100-mdp-por-paro-de-pilotos\/","title":{"rendered":"Pierde Aerom\u00e9xico m\u00e1s de 100 mdp por paro de pilotos"},"content":{"rendered":"<p>El paro\u00a0parcial de m\u00e1s de medio centenar de pilotos de la subsidiaria Connect de Aerom\u00e9xico\u00a0 del pasado martes, provoc\u00f3 la cancelaci\u00f3n de 59 vuelos, decenas de demoras en el Aeropuerto Internacional de la Ciudad de M\u00e9xico (AICM) y p\u00e9rdidas a la firma de m\u00e1s 100 millones de pesos, seg\u00fan un alto directivo de la empresa.<\/p>\n<p>La informaci\u00f3n la dio a conocer el directivo esta tarde en una asamblea del Consejo Nacional Empresarial Tur\u00edstico (CNET), donde Aerom\u00e9xico es miembro.<\/p>\n<p>Este jueves,\u00a0<em><strong>NITU.mx<\/strong><\/em> inform\u00f3 que\u00a0\u00a0la Procuradur\u00eda Federal del Consumidor (Profeco), inform\u00f3 que podr\u00eda imponerle a Aerom\u00e9xico una multa de hasta 781 mil 978 pesos por cada pasajero afectado con el paro parcial realizado por pilotos de la aerol\u00ednea el pasado martes 28 de noviembre.\u00a0(<a title=\"Profeco multar\u00eda a Aerom\u00e9xico hasta por 781 mil pesos, si incumple compensaciones a pasajeros\" href=\"http:\/\/www.dev.nitu.mx\/index.php\/2017\/11\/30\/profeco-multaria-aeromexico-781-mil-pesos-incumple-compensaciones-pasajeros\/\" rel=\"bookmark\">Profeco multar\u00eda a Aerom\u00e9xico hasta por 781 mil pesos, si incumple compensaciones a pasajeros<\/a>).<\/p>\n<p>Profeco reiter\u00f3 que en el\u00a0AICM logr\u00f3 79 conciliaciones entre Aerom\u00e9xico y los pasajeros afectados, con un monto recuperado de 880 mil 390 pesos a favor de los consumidores, mientras que en el resto del pa\u00eds, mil 254 fueron conciliados.<\/p>\n<p>Aerom\u00e9xico indic\u00f3 que se rescindi\u00f3 el contrato del piloto que lider\u00f3 el movimiento y este viernes lo demandar\u00edan penalmente.<\/p>\n<p>Tambi\u00e9n se dio a conocer que a 10 pilotos que participaron en el paro se les suspendieron sus licencias.<\/p>\n<p>El pasado martes, desde las 6:00 a las 13: 00 horas, Aerom\u00e9xico vio paralizado un total de 61 vuelos, los cuales afectaron a m\u00e1s de 10 mil 600 personas.<\/p>\n<p>La protesta de los pilotos se realiz\u00f3 para exigir la reinstalaci\u00f3n del capit\u00e1n Jos\u00e9 Manuel Ordu\u00f1a, y la aerol\u00ednea argument\u00f3 que fue despedido el lunes por &#8220;mala conducta&#8221;. Con informaci\u00f3n de El Financiero.<\/p>\n","protected":false},"excerpt":{"rendered":"<p>El paro\u00a0parcial de m\u00e1s de medio centenar de pilotos de la subsidiaria Connect de Aerom\u00e9xico\u00a0 del pasado martes, provoc\u00f3 la cancelaci\u00f3n de 59 vuelos, decenas de demoras en el Aeropuerto Internacional de la Ciudad de M\u00e9xico (AICM) y p\u00e9rdidas a la firma de m\u00e1s 100 millones de pesos, seg\u00fan un alto directivo de la empresa. [&hellip;]<\/p>\n","protected":false},"author":17,"featured_media":15368,"comment_status":"open","ping_status":"open","sticky":false,"template":"","format":"standard","meta":{"footnotes":""},"categories":[29,6],"tags":[30,536,834,6909,1680,31],"yoast_head":"<!-- This site is optimized with the Yoast SEO plugin v22.2 - https:\/\/yoast.com\/wordpress\/plugins\/seo\/ -->\n<title>Pierde Aerom\u00e9xico m\u00e1s de 100 mdp por paro de pilotos - Nitu - Noticias de la Industria Turistica<\/title>\n<meta name=\"description\" content=\"El paro parcial de m\u00e1s de medio centenar de pilotos de la subsidiaria Connect de Aerom\u00e9xico del pasado martes, provoc\u00f3 la cancelaci\u00f3n de 59 vuelos.\" \/>\n<meta name=\"robots\" content=\"index, follow, max-snippet:-1, max-image-preview:large, max-video-preview:-1\" \/>\n<link rel=\"canonical\" href=\"https:\/\/nitu.mx\/index.php\/2017\/12\/03\/pierde-aeromexico-mas-de-100-mdp-por-paro-de-pilotos\/\" \/>\n<meta name=\"twitter:card\" content=\"summary_large_image\" \/>\n<meta name=\"twitter:title\" content=\"Pierde Aerom\u00e9xico m\u00e1s de 100 mdp por paro de pilotos - Nitu - Noticias de la Industria Turistica\" \/>\n<meta name=\"twitter:description\" content=\"El paro parcial de m\u00e1s de medio centenar de pilotos de la subsidiaria Connect de Aerom\u00e9xico del pasado martes, provoc\u00f3 la cancelaci\u00f3n de 59 vuelos.\" \/>\n<meta name=\"twitter:image\" content=\"https:\/\/nitu.mx\/wp-content\/uploads\/2017\/12\/pilotos-paro-aerom\u00e9x-1.jpg\" \/>\n<meta name=\"twitter:creator\" content=\"@NITUmx\" \/>\n<meta name=\"twitter:site\" content=\"@Arturo_Medina_G\" \/>\n<meta name=\"twitter:label1\" content=\"Escrito por\" \/>\n\t<meta name=\"twitter:data1\" content=\"Redacci\u00f3n\" \/>\n\t<meta name=\"twitter:label2\" content=\"Tiempo de lectura\" \/>\n\t<meta name=\"twitter:data2\" content=\"1 minuto\" \/>\n<script type=\"application\/ld+json\" class=\"yoast-schema-graph\">{\"@context\":\"https:\/\/schema.org\",\"@graph\":[{\"@type\":\"Article\",\"@id\":\"https:\/\/nitu.mx\/index.php\/2017\/12\/03\/pierde-aeromexico-mas-de-100-mdp-por-paro-de-pilotos\/#article\",\"isPartOf\":{\"@id\":\"https:\/\/nitu.mx\/index.php\/2017\/12\/03\/pierde-aeromexico-mas-de-100-mdp-por-paro-de-pilotos\/\"},\"author\":{\"name\":\"Redacci\u00f3n\",\"@id\":\"https:\/\/nitu.mx\/#\/schema\/person\/4a28fe9bd65924f7c90623773daf1b0b\"},\"headline\":\"Pierde Aerom\u00e9xico m\u00e1s de 100 mdp por paro de pilotos\",\"datePublished\":\"2017-12-04T04:12:35+00:00\",\"dateModified\":\"2017-12-04T06:07:12+00:00\",\"mainEntityOfPage\":{\"@id\":\"https:\/\/nitu.mx\/index.php\/2017\/12\/03\/pierde-aeromexico-mas-de-100-mdp-por-paro-de-pilotos\/\"},\"wordCount\":301,\"commentCount\":0,\"publisher\":{\"@id\":\"https:\/\/nitu.mx\/#\/schema\/person\/ae7a53426417292d3dd07b45a33e01bc\"},\"image\":{\"@id\":\"https:\/\/nitu.mx\/index.php\/2017\/12\/03\/pierde-aeromexico-mas-de-100-mdp-por-paro-de-pilotos\/#primaryimage\"},\"thumbnailUrl\":\"https:\/\/nitu.mx\/wp-content\/uploads\/2017\/12\/pilotos-paro-aerom\u00e9x-1.jpg\",\"keywords\":[\"Aerom\u00e9xico\",\"Aeropuerto Internacional de la Ciudad de M\u00e9xico\",\"CNET\",\"Connect\",\"Consejo Nacional Empresarial Tur\u00edstico\",\"Profeco\"],\"articleSection\":[\"Aerol\u00edneas\",\"M\u00e9xico\"],\"inLanguage\":\"es-MX\",\"potentialAction\":[{\"@type\":\"CommentAction\",\"name\":\"Comment\",\"target\":[\"https:\/\/nitu.mx\/index.php\/2017\/12\/03\/pierde-aeromexico-mas-de-100-mdp-por-paro-de-pilotos\/#respond\"]}]},{\"@type\":\"WebPage\",\"@id\":\"https:\/\/nitu.mx\/index.php\/2017\/12\/03\/pierde-aeromexico-mas-de-100-mdp-por-paro-de-pilotos\/\",\"url\":\"https:\/\/nitu.mx\/index.php\/2017\/12\/03\/pierde-aeromexico-mas-de-100-mdp-por-paro-de-pilotos\/\",\"name\":\"Pierde Aerom\u00e9xico m\u00e1s de 100 mdp por paro de pilotos - Nitu - Noticias de la Industria Turistica\",\"isPartOf\":{\"@id\":\"https:\/\/nitu.mx\/#website\"},\"primaryImageOfPage\":{\"@id\":\"https:\/\/nitu.mx\/index.php\/2017\/12\/03\/pierde-aeromexico-mas-de-100-mdp-por-paro-de-pilotos\/#primaryimage\"},\"image\":{\"@id\":\"https:\/\/nitu.mx\/index.php\/2017\/12\/03\/pierde-aeromexico-mas-de-100-mdp-por-paro-de-pilotos\/#primaryimage\"},\"thumbnailUrl\":\"https:\/\/nitu.mx\/wp-content\/uploads\/2017\/12\/pilotos-paro-aerom\u00e9x-1.jpg\",\"datePublished\":\"2017-12-04T04:12:35+00:00\",\"dateModified\":\"2017-12-04T06:07:12+00:00\",\"description\":\"El paro parcial de m\u00e1s de medio centenar de pilotos de la subsidiaria Connect de Aerom\u00e9xico del pasado martes, provoc\u00f3 la cancelaci\u00f3n de 59 vuelos.\",\"breadcrumb\":{\"@id\":\"https:\/\/nitu.mx\/index.php\/2017\/12\/03\/pierde-aeromexico-mas-de-100-mdp-por-paro-de-pilotos\/#breadcrumb\"},\"inLanguage\":\"es-MX\",\"potentialAction\":[{\"@type\":\"ReadAction\",\"target\":[\"https:\/\/nitu.mx\/index.php\/2017\/12\/03\/pierde-aeromexico-mas-de-100-mdp-por-paro-de-pilotos\/\"]}]},{\"@type\":\"ImageObject\",\"inLanguage\":\"es-MX\",\"@id\":\"https:\/\/nitu.mx\/index.php\/2017\/12\/03\/pierde-aeromexico-mas-de-100-mdp-por-paro-de-pilotos\/#primaryimage\",\"url\":\"https:\/\/nitu.mx\/wp-content\/uploads\/2017\/12\/pilotos-paro-aerom\u00e9x-1.jpg\",\"contentUrl\":\"https:\/\/nitu.mx\/wp-content\/uploads\/2017\/12\/pilotos-paro-aerom\u00e9x-1.jpg\",\"width\":850,\"height\":480,\"caption\":\"Aerom\u00e9xico\"},{\"@type\":\"BreadcrumbList\",\"@id\":\"https:\/\/nitu.mx\/index.php\/2017\/12\/03\/pierde-aeromexico-mas-de-100-mdp-por-paro-de-pilotos\/#breadcrumb\",\"itemListElement\":[{\"@type\":\"ListItem\",\"position\":1,\"name\":\"Inicio\",\"item\":\"https:\/\/nitu.mx\/\"},{\"@type\":\"ListItem\",\"position\":2,\"name\":\"Pierde Aerom\u00e9xico m\u00e1s de 100 mdp por paro de pilotos\"}]},{\"@type\":\"WebSite\",\"@id\":\"https:\/\/nitu.mx\/#website\",\"url\":\"https:\/\/nitu.mx\/\",\"name\":\"Nitu - Noticias de la Industria Turistica\",\"description\":\"Noticias de la Industria Turistica\",\"publisher\":{\"@id\":\"https:\/\/nitu.mx\/#\/schema\/person\/ae7a53426417292d3dd07b45a33e01bc\"},\"alternateName\":\"Noticias de la Industria Turistica\",\"potentialAction\":[{\"@type\":\"SearchAction\",\"target\":{\"@type\":\"EntryPoint\",\"urlTemplate\":\"https:\/\/nitu.mx\/?s={search_term_string}\"},\"query-input\":\"required name=search_term_string\"}],\"inLanguage\":\"es-MX\"},{\"@type\":[\"Person\",\"Organization\"],\"@id\":\"https:\/\/nitu.mx\/#\/schema\/person\/ae7a53426417292d3dd07b45a33e01bc\",\"name\":\"Arturo Medina\",\"image\":{\"@type\":\"ImageObject\",\"inLanguage\":\"es-MX\",\"@id\":\"https:\/\/nitu.mx\/#\/schema\/person\/image\/\",\"url\":\"https:\/\/nitu.mx\/wp-content\/uploads\/2024\/04\/4A315622-1904-4D5C-B022-878CDC840E04-90x90-1.jpeg\",\"contentUrl\":\"https:\/\/nitu.mx\/wp-content\/uploads\/2024\/04\/4A315622-1904-4D5C-B022-878CDC840E04-90x90-1.jpeg\",\"width\":90,\"height\":90,\"caption\":\"Arturo Medina\"},\"logo\":{\"@id\":\"https:\/\/nitu.mx\/#\/schema\/person\/image\/\"},\"description\":\"Director NITU.mx, Egresado de la Escuela de Periodismo Carlos Septi\u00e9n Garc\u00eda. Periodista y analista especializado en turismo desde hace 35 a\u00f1os, radicado en Canc\u00fan Q.Roo. arturo@nitu.mx\",\"sameAs\":[\"https:\/\/nitu.mx\",\"https:\/\/www.facebook.com\/NITUmx\/\",\"medinacancun\",\"https:\/\/twitter.com\/@Arturo_Medina_G\"]},{\"@type\":\"Person\",\"@id\":\"https:\/\/nitu.mx\/#\/schema\/person\/4a28fe9bd65924f7c90623773daf1b0b\",\"name\":\"Redacci\u00f3n\",\"image\":{\"@type\":\"ImageObject\",\"inLanguage\":\"es-MX\",\"@id\":\"https:\/\/nitu.mx\/#\/schema\/person\/image\/\",\"url\":\"https:\/\/secure.gravatar.com\/avatar\/5dd011c8ccfc5cd7e4c81e42252aab38?s=96&d=mm&r=g\",\"contentUrl\":\"https:\/\/secure.gravatar.com\/avatar\/5dd011c8ccfc5cd7e4c81e42252aab38?s=96&d=mm&r=g\",\"caption\":\"Redacci\u00f3n\"},\"url\":\"https:\/\/nitu.mx\/index.php\/author\/redaccion\/\"}]}<\/script>\n<!-- \/ Yoast SEO plugin. -->","yoast_head_json":{"title":"Pierde Aerom\u00e9xico m\u00e1s de 100 mdp por paro de pilotos - Nitu - Noticias de la Industria Turistica","description":"El paro parcial de m\u00e1s de medio centenar de pilotos de la subsidiaria Connect de Aerom\u00e9xico del pasado martes, provoc\u00f3 la cancelaci\u00f3n de 59 vuelos.","robots":{"index":"index","follow":"follow","max-snippet":"max-snippet:-1","max-image-preview":"max-image-preview:large","max-video-preview":"max-video-preview:-1"},"canonical":"https:\/\/nitu.mx\/index.php\/2017\/12\/03\/pierde-aeromexico-mas-de-100-mdp-por-paro-de-pilotos\/","twitter_card":"summary_large_image","twitter_title":"Pierde Aerom\u00e9xico m\u00e1s de 100 mdp por paro de pilotos - Nitu - Noticias de la Industria Turistica","twitter_description":"El paro parcial de m\u00e1s de medio centenar de pilotos de la subsidiaria Connect de Aerom\u00e9xico del pasado martes, provoc\u00f3 la cancelaci\u00f3n de 59 vuelos.","twitter_image":"https:\/\/nitu.mx\/wp-content\/uploads\/2017\/12\/pilotos-paro-aerom\u00e9x-1.jpg","twitter_creator":"@NITUmx","twitter_site":"@Arturo_Medina_G","twitter_misc":{"Escrito por":"Redacci\u00f3n","Tiempo de lectura":"1 minuto"},"schema":{"@context":"https:\/\/schema.org","@graph":[{"@type":"Article","@id":"https:\/\/nitu.mx\/index.php\/2017\/12\/03\/pierde-aeromexico-mas-de-100-mdp-por-paro-de-pilotos\/#article","isPartOf":{"@id":"https:\/\/nitu.mx\/index.php\/2017\/12\/03\/pierde-aeromexico-mas-de-100-mdp-por-paro-de-pilotos\/"},"author":{"name":"Redacci\u00f3n","@id":"https:\/\/nitu.mx\/#\/schema\/person\/4a28fe9bd65924f7c90623773daf1b0b"},"headline":"Pierde Aerom\u00e9xico m\u00e1s de 100 mdp por paro de pilotos","datePublished":"2017-12-04T04:12:35+00:00","dateModified":"2017-12-04T06:07:12+00:00","mainEntityOfPage":{"@id":"https:\/\/nitu.mx\/index.php\/2017\/12\/03\/pierde-aeromexico-mas-de-100-mdp-por-paro-de-pilotos\/"},"wordCount":301,"commentCount":0,"publisher":{"@id":"https:\/\/nitu.mx\/#\/schema\/person\/ae7a53426417292d3dd07b45a33e01bc"},"image":{"@id":"https:\/\/nitu.mx\/index.php\/2017\/12\/03\/pierde-aeromexico-mas-de-100-mdp-por-paro-de-pilotos\/#primaryimage"},"thumbnailUrl":"https:\/\/nitu.mx\/wp-content\/uploads\/2017\/12\/pilotos-paro-aerom\u00e9x-1.jpg","keywords":["Aerom\u00e9xico","Aeropuerto Internacional de la Ciudad de M\u00e9xico","CNET","Connect","Consejo Nacional Empresarial Tur\u00edstico","Profeco"],"articleSection":["Aerol\u00edneas","M\u00e9xico"],"inLanguage":"es-MX","potentialAction":[{"@type":"CommentAction","name":"Comment","target":["https:\/\/nitu.mx\/index.php\/2017\/12\/03\/pierde-aeromexico-mas-de-100-mdp-por-paro-de-pilotos\/#respond"]}]},{"@type":"WebPage","@id":"https:\/\/nitu.mx\/index.php\/2017\/12\/03\/pierde-aeromexico-mas-de-100-mdp-por-paro-de-pilotos\/","url":"https:\/\/nitu.mx\/index.php\/2017\/12\/03\/pierde-aeromexico-mas-de-100-mdp-por-paro-de-pilotos\/","name":"Pierde Aerom\u00e9xico m\u00e1s de 100 mdp por paro de pilotos - Nitu - Noticias de la Industria Turistica","isPartOf":{"@id":"https:\/\/nitu.mx\/#website"},"primaryImageOfPage":{"@id":"https:\/\/nitu.mx\/index.php\/2017\/12\/03\/pierde-aeromexico-mas-de-100-mdp-por-paro-de-pilotos\/#primaryimage"},"image":{"@id":"https:\/\/nitu.mx\/index.php\/2017\/12\/03\/pierde-aeromexico-mas-de-100-mdp-por-paro-de-pilotos\/#primaryimage"},"thumbnailUrl":"https:\/\/nitu.mx\/wp-content\/uploads\/2017\/12\/pilotos-paro-aerom\u00e9x-1.jpg","datePublished":"2017-12-04T04:12:35+00:00","dateModified":"2017-12-04T06:07:12+00:00","description":"El paro parcial de m\u00e1s de medio centenar de pilotos de la subsidiaria Connect de Aerom\u00e9xico del pasado martes, provoc\u00f3 la cancelaci\u00f3n de 59 vuelos.","breadcrumb":{"@id":"https:\/\/nitu.mx\/index.php\/2017\/12\/03\/pierde-aeromexico-mas-de-100-mdp-por-paro-de-pilotos\/#breadcrumb"},"inLanguage":"es-MX","potentialAction":[{"@type":"ReadAction","target":["https:\/\/nitu.mx\/index.php\/2017\/12\/03\/pierde-aeromexico-mas-de-100-mdp-por-paro-de-pilotos\/"]}]},{"@type":"ImageObject","inLanguage":"es-MX","@id":"https:\/\/nitu.mx\/index.php\/2017\/12\/03\/pierde-aeromexico-mas-de-100-mdp-por-paro-de-pilotos\/#primaryimage","url":"https:\/\/nitu.mx\/wp-content\/uploads\/2017\/12\/pilotos-paro-aerom\u00e9x-1.jpg","contentUrl":"https:\/\/nitu.mx\/wp-content\/uploads\/2017\/12\/pilotos-paro-aerom\u00e9x-1.jpg","width":850,"height":480,"caption":"Aerom\u00e9xico"},{"@type":"BreadcrumbList","@id":"https:\/\/nitu.mx\/index.php\/2017\/12\/03\/pierde-aeromexico-mas-de-100-mdp-por-paro-de-pilotos\/#breadcrumb","itemListElement":[{"@type":"ListItem","position":1,"name":"Inicio","item":"https:\/\/nitu.mx\/"},{"@type":"ListItem","position":2,"name":"Pierde Aerom\u00e9xico m\u00e1s de 100 mdp por paro de pilotos"}]},{"@type":"WebSite","@id":"https:\/\/nitu.mx\/#website","url":"https:\/\/nitu.mx\/","name":"Nitu - Noticias de la Industria Turistica","description":"Noticias de la Industria Turistica","publisher":{"@id":"https:\/\/nitu.mx\/#\/schema\/person\/ae7a53426417292d3dd07b45a33e01bc"},"alternateName":"Noticias de la Industria Turistica","potentialAction":[{"@type":"SearchAction","target":{"@type":"EntryPoint","urlTemplate":"https:\/\/nitu.mx\/?s={search_term_string}"},"query-input":"required name=search_term_string"}],"inLanguage":"es-MX"},{"@type":["Person","Organization"],"@id":"https:\/\/nitu.mx\/#\/schema\/person\/ae7a53426417292d3dd07b45a33e01bc","name":"Arturo Medina","image":{"@type":"ImageObject","inLanguage":"es-MX","@id":"https:\/\/nitu.mx\/#\/schema\/person\/image\/","url":"https:\/\/nitu.mx\/wp-content\/uploads\/2024\/04\/4A315622-1904-4D5C-B022-878CDC840E04-90x90-1.jpeg","contentUrl":"https:\/\/nitu.mx\/wp-content\/uploads\/2024\/04\/4A315622-1904-4D5C-B022-878CDC840E04-90x90-1.jpeg","width":90,"height":90,"caption":"Arturo Medina"},"logo":{"@id":"https:\/\/nitu.mx\/#\/schema\/person\/image\/"},"description":"Director NITU.mx, Egresado de la Escuela de Periodismo Carlos Septi\u00e9n Garc\u00eda. Periodista y analista especializado en turismo desde hace 35 a\u00f1os, radicado en Canc\u00fan Q.Roo. arturo@nitu.mx","sameAs":["https:\/\/nitu.mx","https:\/\/www.facebook.com\/NITUmx\/","medinacancun","https:\/\/twitter.com\/@Arturo_Medina_G"]},{"@type":"Person","@id":"https:\/\/nitu.mx\/#\/schema\/person\/4a28fe9bd65924f7c90623773daf1b0b","name":"Redacci\u00f3n","image":{"@type":"ImageObject","inLanguage":"es-MX","@id":"https:\/\/nitu.mx\/#\/schema\/person\/image\/","url":"https:\/\/secure.gravatar.com\/avatar\/5dd011c8ccfc5cd7e4c81e42252aab38?s=96&d=mm&r=g","contentUrl":"https:\/\/secure.gravatar.com\/avatar\/5dd011c8ccfc5cd7e4c81e42252aab38?s=96&d=mm&r=g","caption":"Redacci\u00f3n"},"url":"https:\/\/nitu.mx\/index.php\/author\/redaccion\/"}]}},"views":273,"_links":{"self":[{"href":"https:\/\/nitu.mx\/index.php\/wp-json\/wp\/v2\/posts\/15335"}],"collection":[{"href":"https:\/\/nitu.mx\/index.php\/wp-json\/wp\/v2\/posts"}],"about":[{"href":"https:\/\/nitu.mx\/index.php\/wp-json\/wp\/v2\/types\/post"}],"author":[{"embeddable":true,"href":"https:\/\/nitu.mx\/index.php\/wp-json\/wp\/v2\/users\/17"}],"replies":[{"embeddable":true,"href":"https:\/\/nitu.mx\/index.php\/wp-json\/wp\/v2\/comments?post=15335"}],"version-history":[{"count":3,"href":"https:\/\/nitu.mx\/index.php\/wp-json\/wp\/v2\/posts\/15335\/revisions"}],"predecessor-version":[{"id":15369,"href":"https:\/\/nitu.mx\/index.php\/wp-json\/wp\/v2\/posts\/15335\/revisions\/15369"}],"wp:featuredmedia":[{"embeddable":true,"href":"https:\/\/nitu.mx\/index.php\/wp-json\/wp\/v2\/media\/15368"}],"wp:attachment":[{"href":"https:\/\/nitu.mx\/index.php\/wp-json\/wp\/v2\/media?parent=15335"}],"wp:term":[{"taxonomy":"category","embeddable":true,"href":"https:\/\/nitu.mx\/index.php\/wp-json\/wp\/v2\/categories?post=15335"},{"taxonomy":"post_tag","embeddable":true,"href":"https:\/\/nitu.mx\/index.php\/wp-json\/wp\/v2\/tags?post=15335"}],"curies":[{"name":"wp","href":"https:\/\/api.w.org\/{rel}","templated":true}]}}