{"id":1499,"date":"2016-09-04T23:39:26","date_gmt":"2016-09-05T04:39:26","guid":{"rendered":"http:\/\/www.dev.nitu.mx\/nitu\/?p=1499"},"modified":"2016-09-18T23:42:37","modified_gmt":"2016-09-19T04:42:37","slug":"jetblue-llega-cuba-despues-50-anos","status":"publish","type":"post","link":"https:\/\/nitu.mx\/index.php\/2016\/09\/04\/jetblue-llega-cuba-despues-50-anos\/","title":{"rendered":"JetBlue llega a Cuba despu\u00e9s de 50 a\u00f1os"},"content":{"rendered":"<p>Gracias a la reanudaci\u00f3n de las relaciones diplom\u00e1ticas entre Estados Unidos y la Isla, por primera vez despu\u00e9s de 50 a\u00f1os la aerol\u00ednea americana JetBlue llega a Cuba.<\/p>\n<p>Partiendo desde Fort Lauderdale en la Florida, JetBlue volar\u00e1\u00a0a Cuba en aviones Airbus A320 para 150 pasajeros. La compa\u00f1\u00eda comandada por Robin Hayes anunci\u00f3 que por introducci\u00f3n la aerol\u00ednea esta ofreciendo tarifas de hasta 99 d\u00f3lares por trayecto, que incluyen el seguro m\u00e9dico que exige el Gobierno cubano. \u201cEl vuelo 387 inicia una nueva era de viajes entre los dos pa\u00edses, con unos 300 vuelos semanales\u201d, destac\u00f3 Hayes.<\/p>\n<p>Durante el vuelo inaugural estuvo presentes adem\u00e1s del presidente ejecutivo el secretario de Transporte de Estados Unidos, Anthony Foxx.<\/p>\n<p>Con la aprobaci\u00f3n de estas rutas, el Gobierno de Estados Unidos inform\u00f3 que pretende &#8220;reunir a las familias cubano-estadounidenses y fomentar la educaci\u00f3n y las oportunidades para las empresas estadounidenses de todos los tama\u00f1os&#8221;.<\/p>\n<p>&nbsp;<\/p>\n","protected":false},"excerpt":{"rendered":"<p>Gracias a la reanudaci\u00f3n de las relaciones diplom\u00e1ticas entre Estados Unidos y la Isla, por primera vez despu\u00e9s de 50 a\u00f1os la aerol\u00ednea americana JetBlue llega a Cuba. Partiendo desde Fort Lauderdale en la Florida, JetBlue volar\u00e1\u00a0a Cuba en aviones Airbus A320 para 150 pasajeros. La compa\u00f1\u00eda comandada por Robin Hayes anunci\u00f3 que por introducci\u00f3n [&hellip;]<\/p>\n","protected":false},"author":17,"featured_media":1510,"comment_status":"open","ping_status":"open","sticky":false,"template":"","format":"standard","meta":{"footnotes":""},"categories":[29,6],"tags":[102,104,99,100,101,98,103],"yoast_head":"<!-- This site is optimized with the Yoast SEO plugin v22.2 - https:\/\/yoast.com\/wordpress\/plugins\/seo\/ -->\n<title>JetBlue llega a Cuba despu\u00e9s de 50 a\u00f1os - Noticias de la Industria<\/title>\n<meta name=\"description\" content=\"JetBlue es la primera aerol\u00ednea estadounidense que retoma vuelos comerciales a Cuba gracias a la reanudaci\u00f3n de las relaciones entre ambos pa\u00edses.\" \/>\n<meta name=\"robots\" content=\"index, follow, max-snippet:-1, max-image-preview:large, max-video-preview:-1\" \/>\n<link rel=\"canonical\" href=\"https:\/\/nitu.mx\/index.php\/2016\/09\/04\/jetblue-llega-cuba-despues-50-anos\/\" \/>\n<meta name=\"twitter:card\" content=\"summary_large_image\" \/>\n<meta name=\"twitter:title\" content=\"JetBlue llega a Cuba despu\u00e9s de 50 a\u00f1os - Noticias de la Industria\" \/>\n<meta name=\"twitter:description\" content=\"JetBlue es la primera aerol\u00ednea estadounidense que retoma vuelos comerciales a Cuba gracias a la reanudaci\u00f3n de las relaciones entre ambos pa\u00edses.\" \/>\n<meta name=\"twitter:image\" content=\"https:\/\/nitu.mx\/wp-content\/uploads\/2016\/09\/Jet-Blue.jpg\" \/>\n<meta name=\"twitter:creator\" content=\"@NITUmx\" \/>\n<meta name=\"twitter:site\" content=\"@Arturo_Medina_G\" \/>\n<meta name=\"twitter:label1\" content=\"Escrito por\" \/>\n\t<meta name=\"twitter:data1\" content=\"Redacci\u00f3n\" \/>\n\t<meta name=\"twitter:label2\" content=\"Tiempo de lectura\" \/>\n\t<meta name=\"twitter:data2\" content=\"1 minuto\" \/>\n<script type=\"application\/ld+json\" class=\"yoast-schema-graph\">{\"@context\":\"https:\/\/schema.org\",\"@graph\":[{\"@type\":\"Article\",\"@id\":\"https:\/\/nitu.mx\/index.php\/2016\/09\/04\/jetblue-llega-cuba-despues-50-anos\/#article\",\"isPartOf\":{\"@id\":\"https:\/\/nitu.mx\/index.php\/2016\/09\/04\/jetblue-llega-cuba-despues-50-anos\/\"},\"author\":{\"name\":\"Redacci\u00f3n\",\"@id\":\"https:\/\/nitu.mx\/#\/schema\/person\/4a28fe9bd65924f7c90623773daf1b0b\"},\"headline\":\"JetBlue llega a Cuba despu\u00e9s de 50 a\u00f1os\",\"datePublished\":\"2016-09-05T04:39:26+00:00\",\"dateModified\":\"2016-09-19T04:42:37+00:00\",\"mainEntityOfPage\":{\"@id\":\"https:\/\/nitu.mx\/index.php\/2016\/09\/04\/jetblue-llega-cuba-despues-50-anos\/\"},\"wordCount\":170,\"commentCount\":0,\"publisher\":{\"@id\":\"https:\/\/nitu.mx\/#\/schema\/person\/ae7a53426417292d3dd07b45a33e01bc\"},\"image\":{\"@id\":\"https:\/\/nitu.mx\/index.php\/2016\/09\/04\/jetblue-llega-cuba-despues-50-anos\/#primaryimage\"},\"thumbnailUrl\":\"https:\/\/nitu.mx\/wp-content\/uploads\/2016\/09\/Jet-Blue.jpg\",\"keywords\":[\"Airbus A320\",\"Anthony Foxx\",\"Cuba\",\"Estados Unidos\",\"Fort Lauderdale\",\"Jet Blue\",\"Robin Hayes\"],\"articleSection\":[\"Aerol\u00edneas\",\"M\u00e9xico\"],\"inLanguage\":\"es-MX\",\"potentialAction\":[{\"@type\":\"CommentAction\",\"name\":\"Comment\",\"target\":[\"https:\/\/nitu.mx\/index.php\/2016\/09\/04\/jetblue-llega-cuba-despues-50-anos\/#respond\"]}]},{\"@type\":\"WebPage\",\"@id\":\"https:\/\/nitu.mx\/index.php\/2016\/09\/04\/jetblue-llega-cuba-despues-50-anos\/\",\"url\":\"https:\/\/nitu.mx\/index.php\/2016\/09\/04\/jetblue-llega-cuba-despues-50-anos\/\",\"name\":\"JetBlue llega a Cuba despu\u00e9s de 50 a\u00f1os - Noticias de la Industria\",\"isPartOf\":{\"@id\":\"https:\/\/nitu.mx\/#website\"},\"primaryImageOfPage\":{\"@id\":\"https:\/\/nitu.mx\/index.php\/2016\/09\/04\/jetblue-llega-cuba-despues-50-anos\/#primaryimage\"},\"image\":{\"@id\":\"https:\/\/nitu.mx\/index.php\/2016\/09\/04\/jetblue-llega-cuba-despues-50-anos\/#primaryimage\"},\"thumbnailUrl\":\"https:\/\/nitu.mx\/wp-content\/uploads\/2016\/09\/Jet-Blue.jpg\",\"datePublished\":\"2016-09-05T04:39:26+00:00\",\"dateModified\":\"2016-09-19T04:42:37+00:00\",\"description\":\"JetBlue es la primera aerol\u00ednea estadounidense que retoma vuelos comerciales a Cuba gracias a la reanudaci\u00f3n de las relaciones entre ambos pa\u00edses.\",\"breadcrumb\":{\"@id\":\"https:\/\/nitu.mx\/index.php\/2016\/09\/04\/jetblue-llega-cuba-despues-50-anos\/#breadcrumb\"},\"inLanguage\":\"es-MX\",\"potentialAction\":[{\"@type\":\"ReadAction\",\"target\":[\"https:\/\/nitu.mx\/index.php\/2016\/09\/04\/jetblue-llega-cuba-despues-50-anos\/\"]}]},{\"@type\":\"ImageObject\",\"inLanguage\":\"es-MX\",\"@id\":\"https:\/\/nitu.mx\/index.php\/2016\/09\/04\/jetblue-llega-cuba-despues-50-anos\/#primaryimage\",\"url\":\"https:\/\/nitu.mx\/wp-content\/uploads\/2016\/09\/Jet-Blue.jpg\",\"contentUrl\":\"https:\/\/nitu.mx\/wp-content\/uploads\/2016\/09\/Jet-Blue.jpg\",\"width\":2000,\"height\":1333,\"caption\":\"jetblue vuela a cuba\"},{\"@type\":\"BreadcrumbList\",\"@id\":\"https:\/\/nitu.mx\/index.php\/2016\/09\/04\/jetblue-llega-cuba-despues-50-anos\/#breadcrumb\",\"itemListElement\":[{\"@type\":\"ListItem\",\"position\":1,\"name\":\"Inicio\",\"item\":\"https:\/\/nitu.mx\/\"},{\"@type\":\"ListItem\",\"position\":2,\"name\":\"JetBlue llega a Cuba despu\u00e9s de 50 a\u00f1os\"}]},{\"@type\":\"WebSite\",\"@id\":\"https:\/\/nitu.mx\/#website\",\"url\":\"https:\/\/nitu.mx\/\",\"name\":\"Nitu - Noticias de la Industria Turistica\",\"description\":\"Noticias de la Industria Turistica\",\"publisher\":{\"@id\":\"https:\/\/nitu.mx\/#\/schema\/person\/ae7a53426417292d3dd07b45a33e01bc\"},\"alternateName\":\"Noticias de la Industria Turistica\",\"potentialAction\":[{\"@type\":\"SearchAction\",\"target\":{\"@type\":\"EntryPoint\",\"urlTemplate\":\"https:\/\/nitu.mx\/?s={search_term_string}\"},\"query-input\":\"required name=search_term_string\"}],\"inLanguage\":\"es-MX\"},{\"@type\":[\"Person\",\"Organization\"],\"@id\":\"https:\/\/nitu.mx\/#\/schema\/person\/ae7a53426417292d3dd07b45a33e01bc\",\"name\":\"Arturo Medina\",\"image\":{\"@type\":\"ImageObject\",\"inLanguage\":\"es-MX\",\"@id\":\"https:\/\/nitu.mx\/#\/schema\/person\/image\/\",\"url\":\"https:\/\/nitu.mx\/wp-content\/uploads\/2024\/04\/4A315622-1904-4D5C-B022-878CDC840E04-90x90-1.jpeg\",\"contentUrl\":\"https:\/\/nitu.mx\/wp-content\/uploads\/2024\/04\/4A315622-1904-4D5C-B022-878CDC840E04-90x90-1.jpeg\",\"width\":90,\"height\":90,\"caption\":\"Arturo Medina\"},\"logo\":{\"@id\":\"https:\/\/nitu.mx\/#\/schema\/person\/image\/\"},\"description\":\"Director NITU.mx, Egresado de la Escuela de Periodismo Carlos Septi\u00e9n Garc\u00eda. Periodista y analista especializado en turismo desde hace 35 a\u00f1os, radicado en Canc\u00fan Q.Roo. arturo@nitu.mx\",\"sameAs\":[\"https:\/\/nitu.mx\",\"https:\/\/www.facebook.com\/NITUmx\/\",\"medinacancun\",\"https:\/\/twitter.com\/@Arturo_Medina_G\"]},{\"@type\":\"Person\",\"@id\":\"https:\/\/nitu.mx\/#\/schema\/person\/4a28fe9bd65924f7c90623773daf1b0b\",\"name\":\"Redacci\u00f3n\",\"image\":{\"@type\":\"ImageObject\",\"inLanguage\":\"es-MX\",\"@id\":\"https:\/\/nitu.mx\/#\/schema\/person\/image\/\",\"url\":\"https:\/\/secure.gravatar.com\/avatar\/5dd011c8ccfc5cd7e4c81e42252aab38?s=96&d=mm&r=g\",\"contentUrl\":\"https:\/\/secure.gravatar.com\/avatar\/5dd011c8ccfc5cd7e4c81e42252aab38?s=96&d=mm&r=g\",\"caption\":\"Redacci\u00f3n\"},\"url\":\"https:\/\/nitu.mx\/index.php\/author\/redaccion\/\"}]}<\/script>\n<!-- \/ Yoast SEO plugin. -->","yoast_head_json":{"title":"JetBlue llega a Cuba despu\u00e9s de 50 a\u00f1os - Noticias de la Industria","description":"JetBlue es la primera aerol\u00ednea estadounidense que retoma vuelos comerciales a Cuba gracias a la reanudaci\u00f3n de las relaciones entre ambos pa\u00edses.","robots":{"index":"index","follow":"follow","max-snippet":"max-snippet:-1","max-image-preview":"max-image-preview:large","max-video-preview":"max-video-preview:-1"},"canonical":"https:\/\/nitu.mx\/index.php\/2016\/09\/04\/jetblue-llega-cuba-despues-50-anos\/","twitter_card":"summary_large_image","twitter_title":"JetBlue llega a Cuba despu\u00e9s de 50 a\u00f1os - Noticias de la Industria","twitter_description":"JetBlue es la primera aerol\u00ednea estadounidense que retoma vuelos comerciales a Cuba gracias a la reanudaci\u00f3n de las relaciones entre ambos pa\u00edses.","twitter_image":"https:\/\/nitu.mx\/wp-content\/uploads\/2016\/09\/Jet-Blue.jpg","twitter_creator":"@NITUmx","twitter_site":"@Arturo_Medina_G","twitter_misc":{"Escrito por":"Redacci\u00f3n","Tiempo de lectura":"1 minuto"},"schema":{"@context":"https:\/\/schema.org","@graph":[{"@type":"Article","@id":"https:\/\/nitu.mx\/index.php\/2016\/09\/04\/jetblue-llega-cuba-despues-50-anos\/#article","isPartOf":{"@id":"https:\/\/nitu.mx\/index.php\/2016\/09\/04\/jetblue-llega-cuba-despues-50-anos\/"},"author":{"name":"Redacci\u00f3n","@id":"https:\/\/nitu.mx\/#\/schema\/person\/4a28fe9bd65924f7c90623773daf1b0b"},"headline":"JetBlue llega a Cuba despu\u00e9s de 50 a\u00f1os","datePublished":"2016-09-05T04:39:26+00:00","dateModified":"2016-09-19T04:42:37+00:00","mainEntityOfPage":{"@id":"https:\/\/nitu.mx\/index.php\/2016\/09\/04\/jetblue-llega-cuba-despues-50-anos\/"},"wordCount":170,"commentCount":0,"publisher":{"@id":"https:\/\/nitu.mx\/#\/schema\/person\/ae7a53426417292d3dd07b45a33e01bc"},"image":{"@id":"https:\/\/nitu.mx\/index.php\/2016\/09\/04\/jetblue-llega-cuba-despues-50-anos\/#primaryimage"},"thumbnailUrl":"https:\/\/nitu.mx\/wp-content\/uploads\/2016\/09\/Jet-Blue.jpg","keywords":["Airbus A320","Anthony Foxx","Cuba","Estados Unidos","Fort Lauderdale","Jet Blue","Robin Hayes"],"articleSection":["Aerol\u00edneas","M\u00e9xico"],"inLanguage":"es-MX","potentialAction":[{"@type":"CommentAction","name":"Comment","target":["https:\/\/nitu.mx\/index.php\/2016\/09\/04\/jetblue-llega-cuba-despues-50-anos\/#respond"]}]},{"@type":"WebPage","@id":"https:\/\/nitu.mx\/index.php\/2016\/09\/04\/jetblue-llega-cuba-despues-50-anos\/","url":"https:\/\/nitu.mx\/index.php\/2016\/09\/04\/jetblue-llega-cuba-despues-50-anos\/","name":"JetBlue llega a Cuba despu\u00e9s de 50 a\u00f1os - Noticias de la Industria","isPartOf":{"@id":"https:\/\/nitu.mx\/#website"},"primaryImageOfPage":{"@id":"https:\/\/nitu.mx\/index.php\/2016\/09\/04\/jetblue-llega-cuba-despues-50-anos\/#primaryimage"},"image":{"@id":"https:\/\/nitu.mx\/index.php\/2016\/09\/04\/jetblue-llega-cuba-despues-50-anos\/#primaryimage"},"thumbnailUrl":"https:\/\/nitu.mx\/wp-content\/uploads\/2016\/09\/Jet-Blue.jpg","datePublished":"2016-09-05T04:39:26+00:00","dateModified":"2016-09-19T04:42:37+00:00","description":"JetBlue es la primera aerol\u00ednea estadounidense que retoma vuelos comerciales a Cuba gracias a la reanudaci\u00f3n de las relaciones entre ambos pa\u00edses.","breadcrumb":{"@id":"https:\/\/nitu.mx\/index.php\/2016\/09\/04\/jetblue-llega-cuba-despues-50-anos\/#breadcrumb"},"inLanguage":"es-MX","potentialAction":[{"@type":"ReadAction","target":["https:\/\/nitu.mx\/index.php\/2016\/09\/04\/jetblue-llega-cuba-despues-50-anos\/"]}]},{"@type":"ImageObject","inLanguage":"es-MX","@id":"https:\/\/nitu.mx\/index.php\/2016\/09\/04\/jetblue-llega-cuba-despues-50-anos\/#primaryimage","url":"https:\/\/nitu.mx\/wp-content\/uploads\/2016\/09\/Jet-Blue.jpg","contentUrl":"https:\/\/nitu.mx\/wp-content\/uploads\/2016\/09\/Jet-Blue.jpg","width":2000,"height":1333,"caption":"jetblue vuela a cuba"},{"@type":"BreadcrumbList","@id":"https:\/\/nitu.mx\/index.php\/2016\/09\/04\/jetblue-llega-cuba-despues-50-anos\/#breadcrumb","itemListElement":[{"@type":"ListItem","position":1,"name":"Inicio","item":"https:\/\/nitu.mx\/"},{"@type":"ListItem","position":2,"name":"JetBlue llega a Cuba despu\u00e9s de 50 a\u00f1os"}]},{"@type":"WebSite","@id":"https:\/\/nitu.mx\/#website","url":"https:\/\/nitu.mx\/","name":"Nitu - Noticias de la Industria Turistica","description":"Noticias de la Industria Turistica","publisher":{"@id":"https:\/\/nitu.mx\/#\/schema\/person\/ae7a53426417292d3dd07b45a33e01bc"},"alternateName":"Noticias de la Industria Turistica","potentialAction":[{"@type":"SearchAction","target":{"@type":"EntryPoint","urlTemplate":"https:\/\/nitu.mx\/?s={search_term_string}"},"query-input":"required name=search_term_string"}],"inLanguage":"es-MX"},{"@type":["Person","Organization"],"@id":"https:\/\/nitu.mx\/#\/schema\/person\/ae7a53426417292d3dd07b45a33e01bc","name":"Arturo Medina","image":{"@type":"ImageObject","inLanguage":"es-MX","@id":"https:\/\/nitu.mx\/#\/schema\/person\/image\/","url":"https:\/\/nitu.mx\/wp-content\/uploads\/2024\/04\/4A315622-1904-4D5C-B022-878CDC840E04-90x90-1.jpeg","contentUrl":"https:\/\/nitu.mx\/wp-content\/uploads\/2024\/04\/4A315622-1904-4D5C-B022-878CDC840E04-90x90-1.jpeg","width":90,"height":90,"caption":"Arturo Medina"},"logo":{"@id":"https:\/\/nitu.mx\/#\/schema\/person\/image\/"},"description":"Director NITU.mx, Egresado de la Escuela de Periodismo Carlos Septi\u00e9n Garc\u00eda. Periodista y analista especializado en turismo desde hace 35 a\u00f1os, radicado en Canc\u00fan Q.Roo. arturo@nitu.mx","sameAs":["https:\/\/nitu.mx","https:\/\/www.facebook.com\/NITUmx\/","medinacancun","https:\/\/twitter.com\/@Arturo_Medina_G"]},{"@type":"Person","@id":"https:\/\/nitu.mx\/#\/schema\/person\/4a28fe9bd65924f7c90623773daf1b0b","name":"Redacci\u00f3n","image":{"@type":"ImageObject","inLanguage":"es-MX","@id":"https:\/\/nitu.mx\/#\/schema\/person\/image\/","url":"https:\/\/secure.gravatar.com\/avatar\/5dd011c8ccfc5cd7e4c81e42252aab38?s=96&d=mm&r=g","contentUrl":"https:\/\/secure.gravatar.com\/avatar\/5dd011c8ccfc5cd7e4c81e42252aab38?s=96&d=mm&r=g","caption":"Redacci\u00f3n"},"url":"https:\/\/nitu.mx\/index.php\/author\/redaccion\/"}]}},"views":401,"_links":{"self":[{"href":"https:\/\/nitu.mx\/index.php\/wp-json\/wp\/v2\/posts\/1499"}],"collection":[{"href":"https:\/\/nitu.mx\/index.php\/wp-json\/wp\/v2\/posts"}],"about":[{"href":"https:\/\/nitu.mx\/index.php\/wp-json\/wp\/v2\/types\/post"}],"author":[{"embeddable":true,"href":"https:\/\/nitu.mx\/index.php\/wp-json\/wp\/v2\/users\/17"}],"replies":[{"embeddable":true,"href":"https:\/\/nitu.mx\/index.php\/wp-json\/wp\/v2\/comments?post=1499"}],"version-history":[{"count":4,"href":"https:\/\/nitu.mx\/index.php\/wp-json\/wp\/v2\/posts\/1499\/revisions"}],"predecessor-version":[{"id":2001,"href":"https:\/\/nitu.mx\/index.php\/wp-json\/wp\/v2\/posts\/1499\/revisions\/2001"}],"wp:featuredmedia":[{"embeddable":true,"href":"https:\/\/nitu.mx\/index.php\/wp-json\/wp\/v2\/media\/1510"}],"wp:attachment":[{"href":"https:\/\/nitu.mx\/index.php\/wp-json\/wp\/v2\/media?parent=1499"}],"wp:term":[{"taxonomy":"category","embeddable":true,"href":"https:\/\/nitu.mx\/index.php\/wp-json\/wp\/v2\/categories?post=1499"},{"taxonomy":"post_tag","embeddable":true,"href":"https:\/\/nitu.mx\/index.php\/wp-json\/wp\/v2\/tags?post=1499"}],"curies":[{"name":"wp","href":"https:\/\/api.w.org\/{rel}","templated":true}]}}