{"id":14836,"date":"2017-11-16T23:47:44","date_gmt":"2017-11-17T04:47:44","guid":{"rendered":"http:\/\/www.dev.nitu.mx\/?p=14836"},"modified":"2017-11-17T01:19:27","modified_gmt":"2017-11-17T06:19:27","slug":"bajo-el-concepto-vacaciones-de-verdad-uruguay-invita-a-los-mexicanos-a-explorar-su-verano","status":"publish","type":"post","link":"https:\/\/nitu.mx\/index.php\/2017\/11\/16\/bajo-el-concepto-vacaciones-de-verdad-uruguay-invita-a-los-mexicanos-a-explorar-su-verano\/","title":{"rendered":"Bajo el concepto Vacaciones de Verdad, Uruguay invita a los mexicanos a explorar su verano"},"content":{"rendered":"<p>El Ministerio de Turismo del Uruguay lanz\u00f3 en M\u00e9xico su campa\u00f1a Vacaciones de Verdad, con la cual invita a los turistas mexicanos a conocer sus atractivos tur\u00edsticos en esta temporada.<\/p>\n<p>La campa\u00f1a fue \u00edntegramente realizada con im\u00e1genes reales, hechas por verdaderos turistas durante sus visitas al pa\u00eds. Todos los paisajes y experiencias que se muestran surgen de las redes sociales de personas que disfrutaron sus vacaciones en el pa\u00eds.<\/p>\n<p>El Ministerio tambi\u00e9n mantiene en M\u00e9xico una campa\u00f1a para incentivar el turismo interno durante la \u00e9poca estival, este a\u00f1o la particularidad es que sus protagonistas son extranjeros, nacidos en Uruguay, \u201cmade in Uruguay\u201d.<\/p>\n<p>Los protagonistas son una mexicana, un paraguayo y un boliviano nacidos en Uruguay pero criados en Oaxaca, Asunci\u00f3n y La Paz.<\/p>\n<p>Como turistas se dieron a la tarea de visitar \u201csu pa\u00eds\u201d, para descubrir sus paisajes, su gente, su cultura y su gastronom\u00eda. Recorrieron los mismos lugares que conocieron sus padres y se enamoraron como ellos de Uruguay.<\/p>\n<p>La campa\u00f1a invita a los uruguayos a tambi\u00e9n redescubrir los diferentes destinos que tiene para ofrecerles en estas vacaciones, desde los ojos de personas que lo visitan por primera vez.<\/p>\n<p>Uruguay es un destino de gran belleza salpicado de m\u00e1gicos rincones en los que se pueden vivir experiencias diefrentes. Con regiones de belleza incalculable como las famosas playas de Punta del Este, las aguas termales de Salto, Paysand\u00fa y Rivera, el balneario de aguas cristalinas de Piri\u00e1polis y el virgen balneario Cabo Polonio y la Atl\u00e1ntida, que se ubica a tan s\u00f3lo 45 kil\u00f3metros de su cosmopolita capital: Montevideo. Uruguay, un pa\u00eds de contrastes, de gentes, de tradiciones y folklore, donde la cultura, la arquitectura y la historia conviven con el Golf, el Turismo Rural, la N\u00e1utica, el Deporte, los Cruceros y la Gastronom\u00eda. (<a title=\"Sabre inaugura en Uruguay centro de operaciones para Am\u00e9rica Latina y el Caribe\" href=\"http:\/\/www.dev.nitu.mx\/index.php\/2017\/05\/11\/sabre-inaugura-en-uruguay-centro-de-operaciones-para-america-latina-y-el-caribe\/\" rel=\"bookmark\">Sabre inaugura en Uruguay centro de operaciones para Am\u00e9rica Latina y el Caribe<\/a>).<\/p>\n","protected":false},"excerpt":{"rendered":"<p>El Ministerio de Turismo del Uruguay lanz\u00f3 en M\u00e9xico su campa\u00f1a Vacaciones de Verdad, con la cual invita a los turistas mexicanos a conocer sus atractivos tur\u00edsticos en esta temporada. La campa\u00f1a fue \u00edntegramente realizada con im\u00e1genes reales, hechas por verdaderos turistas durante sus visitas al pa\u00eds. Todos los paisajes y experiencias que se muestran [&hellip;]<\/p>\n","protected":false},"author":17,"featured_media":14853,"comment_status":"open","ping_status":"open","sticky":false,"template":"","format":"standard","meta":{"footnotes":""},"categories":[5],"tags":[6678,6680,132,6681,906,6679,226],"yoast_head":"<!-- This site is optimized with the Yoast SEO plugin v22.2 - https:\/\/yoast.com\/wordpress\/plugins\/seo\/ -->\n<title>Bajo el concepto Vacaciones de Verdad, Uruguay invita a los mexicanos a explorar su verano - Nitu - Noticias de la Industria Turistica<\/title>\n<meta name=\"description\" content=\"El Ministerio de Turismo del Uruguay lanz\u00f3 en M\u00e9xico su campa\u00f1a Vacaciones de Verdad, con la cual invita a los turistas mexicanos a conocer sus atractivos.\" \/>\n<meta name=\"robots\" content=\"index, follow, max-snippet:-1, max-image-preview:large, max-video-preview:-1\" \/>\n<link rel=\"canonical\" href=\"https:\/\/nitu.mx\/index.php\/2017\/11\/16\/bajo-el-concepto-vacaciones-de-verdad-uruguay-invita-a-los-mexicanos-a-explorar-su-verano\/\" \/>\n<meta name=\"twitter:card\" content=\"summary_large_image\" \/>\n<meta name=\"twitter:title\" content=\"Bajo el concepto Vacaciones de Verdad, Uruguay invita a los mexicanos a explorar su verano - Nitu - Noticias de la Industria Turistica\" \/>\n<meta name=\"twitter:description\" content=\"El Ministerio de Turismo del Uruguay lanz\u00f3 en M\u00e9xico su campa\u00f1a Vacaciones de Verdad, con la cual invita a los turistas mexicanos a conocer sus atractivos.\" \/>\n<meta name=\"twitter:image\" content=\"https:\/\/nitu.mx\/wp-content\/uploads\/2017\/11\/Uruguay-Montevideo.jpg\" \/>\n<meta name=\"twitter:creator\" content=\"@NITUmx\" \/>\n<meta name=\"twitter:site\" content=\"@Arturo_Medina_G\" \/>\n<meta name=\"twitter:label1\" content=\"Escrito por\" \/>\n\t<meta name=\"twitter:data1\" content=\"Redacci\u00f3n\" \/>\n\t<meta name=\"twitter:label2\" content=\"Tiempo de lectura\" \/>\n\t<meta name=\"twitter:data2\" content=\"2 minutos\" \/>\n<script type=\"application\/ld+json\" class=\"yoast-schema-graph\">{\"@context\":\"https:\/\/schema.org\",\"@graph\":[{\"@type\":\"Article\",\"@id\":\"https:\/\/nitu.mx\/index.php\/2017\/11\/16\/bajo-el-concepto-vacaciones-de-verdad-uruguay-invita-a-los-mexicanos-a-explorar-su-verano\/#article\",\"isPartOf\":{\"@id\":\"https:\/\/nitu.mx\/index.php\/2017\/11\/16\/bajo-el-concepto-vacaciones-de-verdad-uruguay-invita-a-los-mexicanos-a-explorar-su-verano\/\"},\"author\":{\"name\":\"Redacci\u00f3n\",\"@id\":\"https:\/\/nitu.mx\/#\/schema\/person\/4a28fe9bd65924f7c90623773daf1b0b\"},\"headline\":\"Bajo el concepto Vacaciones de Verdad, Uruguay invita a los mexicanos a explorar su verano\",\"datePublished\":\"2017-11-17T04:47:44+00:00\",\"dateModified\":\"2017-11-17T06:19:27+00:00\",\"mainEntityOfPage\":{\"@id\":\"https:\/\/nitu.mx\/index.php\/2017\/11\/16\/bajo-el-concepto-vacaciones-de-verdad-uruguay-invita-a-los-mexicanos-a-explorar-su-verano\/\"},\"wordCount\":346,\"commentCount\":0,\"publisher\":{\"@id\":\"https:\/\/nitu.mx\/#\/schema\/person\/ae7a53426417292d3dd07b45a33e01bc\"},\"image\":{\"@id\":\"https:\/\/nitu.mx\/index.php\/2017\/11\/16\/bajo-el-concepto-vacaciones-de-verdad-uruguay-invita-a-los-mexicanos-a-explorar-su-verano\/#primaryimage\"},\"thumbnailUrl\":\"https:\/\/nitu.mx\/wp-content\/uploads\/2017\/11\/Uruguay-Montevideo.jpg\",\"keywords\":[\"Asunci\u00f3n\",\"Cabo Polonio\",\"La Paz\",\"Ministerio de Turismo del Uruguay\",\"Oaxaca\",\"Paysand\u00fa\",\"Uruguay\"],\"articleSection\":[\"Destinos\"],\"inLanguage\":\"es-MX\",\"potentialAction\":[{\"@type\":\"CommentAction\",\"name\":\"Comment\",\"target\":[\"https:\/\/nitu.mx\/index.php\/2017\/11\/16\/bajo-el-concepto-vacaciones-de-verdad-uruguay-invita-a-los-mexicanos-a-explorar-su-verano\/#respond\"]}]},{\"@type\":\"WebPage\",\"@id\":\"https:\/\/nitu.mx\/index.php\/2017\/11\/16\/bajo-el-concepto-vacaciones-de-verdad-uruguay-invita-a-los-mexicanos-a-explorar-su-verano\/\",\"url\":\"https:\/\/nitu.mx\/index.php\/2017\/11\/16\/bajo-el-concepto-vacaciones-de-verdad-uruguay-invita-a-los-mexicanos-a-explorar-su-verano\/\",\"name\":\"Bajo el concepto Vacaciones de Verdad, Uruguay invita a los mexicanos a explorar su verano - Nitu - Noticias de la Industria Turistica\",\"isPartOf\":{\"@id\":\"https:\/\/nitu.mx\/#website\"},\"primaryImageOfPage\":{\"@id\":\"https:\/\/nitu.mx\/index.php\/2017\/11\/16\/bajo-el-concepto-vacaciones-de-verdad-uruguay-invita-a-los-mexicanos-a-explorar-su-verano\/#primaryimage\"},\"image\":{\"@id\":\"https:\/\/nitu.mx\/index.php\/2017\/11\/16\/bajo-el-concepto-vacaciones-de-verdad-uruguay-invita-a-los-mexicanos-a-explorar-su-verano\/#primaryimage\"},\"thumbnailUrl\":\"https:\/\/nitu.mx\/wp-content\/uploads\/2017\/11\/Uruguay-Montevideo.jpg\",\"datePublished\":\"2017-11-17T04:47:44+00:00\",\"dateModified\":\"2017-11-17T06:19:27+00:00\",\"description\":\"El Ministerio de Turismo del Uruguay lanz\u00f3 en M\u00e9xico su campa\u00f1a Vacaciones de Verdad, con la cual invita a los turistas mexicanos a conocer sus atractivos.\",\"breadcrumb\":{\"@id\":\"https:\/\/nitu.mx\/index.php\/2017\/11\/16\/bajo-el-concepto-vacaciones-de-verdad-uruguay-invita-a-los-mexicanos-a-explorar-su-verano\/#breadcrumb\"},\"inLanguage\":\"es-MX\",\"potentialAction\":[{\"@type\":\"ReadAction\",\"target\":[\"https:\/\/nitu.mx\/index.php\/2017\/11\/16\/bajo-el-concepto-vacaciones-de-verdad-uruguay-invita-a-los-mexicanos-a-explorar-su-verano\/\"]}]},{\"@type\":\"ImageObject\",\"inLanguage\":\"es-MX\",\"@id\":\"https:\/\/nitu.mx\/index.php\/2017\/11\/16\/bajo-el-concepto-vacaciones-de-verdad-uruguay-invita-a-los-mexicanos-a-explorar-su-verano\/#primaryimage\",\"url\":\"https:\/\/nitu.mx\/wp-content\/uploads\/2017\/11\/Uruguay-Montevideo.jpg\",\"contentUrl\":\"https:\/\/nitu.mx\/wp-content\/uploads\/2017\/11\/Uruguay-Montevideo.jpg\",\"width\":850,\"height\":480,\"caption\":\"Uruguay\"},{\"@type\":\"BreadcrumbList\",\"@id\":\"https:\/\/nitu.mx\/index.php\/2017\/11\/16\/bajo-el-concepto-vacaciones-de-verdad-uruguay-invita-a-los-mexicanos-a-explorar-su-verano\/#breadcrumb\",\"itemListElement\":[{\"@type\":\"ListItem\",\"position\":1,\"name\":\"Inicio\",\"item\":\"https:\/\/nitu.mx\/\"},{\"@type\":\"ListItem\",\"position\":2,\"name\":\"Bajo el concepto Vacaciones de Verdad, Uruguay invita a los mexicanos a explorar su verano\"}]},{\"@type\":\"WebSite\",\"@id\":\"https:\/\/nitu.mx\/#website\",\"url\":\"https:\/\/nitu.mx\/\",\"name\":\"Nitu - Noticias de la Industria Turistica\",\"description\":\"Noticias de la Industria Turistica\",\"publisher\":{\"@id\":\"https:\/\/nitu.mx\/#\/schema\/person\/ae7a53426417292d3dd07b45a33e01bc\"},\"alternateName\":\"Noticias de la Industria Turistica\",\"potentialAction\":[{\"@type\":\"SearchAction\",\"target\":{\"@type\":\"EntryPoint\",\"urlTemplate\":\"https:\/\/nitu.mx\/?s={search_term_string}\"},\"query-input\":\"required name=search_term_string\"}],\"inLanguage\":\"es-MX\"},{\"@type\":[\"Person\",\"Organization\"],\"@id\":\"https:\/\/nitu.mx\/#\/schema\/person\/ae7a53426417292d3dd07b45a33e01bc\",\"name\":\"Arturo Medina\",\"image\":{\"@type\":\"ImageObject\",\"inLanguage\":\"es-MX\",\"@id\":\"https:\/\/nitu.mx\/#\/schema\/person\/image\/\",\"url\":\"https:\/\/nitu.mx\/wp-content\/uploads\/2024\/04\/4A315622-1904-4D5C-B022-878CDC840E04-90x90-1.jpeg\",\"contentUrl\":\"https:\/\/nitu.mx\/wp-content\/uploads\/2024\/04\/4A315622-1904-4D5C-B022-878CDC840E04-90x90-1.jpeg\",\"width\":90,\"height\":90,\"caption\":\"Arturo Medina\"},\"logo\":{\"@id\":\"https:\/\/nitu.mx\/#\/schema\/person\/image\/\"},\"description\":\"Director NITU.mx, Egresado de la Escuela de Periodismo Carlos Septi\u00e9n Garc\u00eda. Periodista y analista especializado en turismo desde hace 35 a\u00f1os, radicado en Canc\u00fan Q.Roo. arturo@nitu.mx\",\"sameAs\":[\"https:\/\/nitu.mx\",\"https:\/\/www.facebook.com\/NITUmx\/\",\"medinacancun\",\"https:\/\/twitter.com\/@Arturo_Medina_G\"]},{\"@type\":\"Person\",\"@id\":\"https:\/\/nitu.mx\/#\/schema\/person\/4a28fe9bd65924f7c90623773daf1b0b\",\"name\":\"Redacci\u00f3n\",\"image\":{\"@type\":\"ImageObject\",\"inLanguage\":\"es-MX\",\"@id\":\"https:\/\/nitu.mx\/#\/schema\/person\/image\/\",\"url\":\"https:\/\/secure.gravatar.com\/avatar\/5dd011c8ccfc5cd7e4c81e42252aab38?s=96&d=mm&r=g\",\"contentUrl\":\"https:\/\/secure.gravatar.com\/avatar\/5dd011c8ccfc5cd7e4c81e42252aab38?s=96&d=mm&r=g\",\"caption\":\"Redacci\u00f3n\"},\"url\":\"https:\/\/nitu.mx\/index.php\/author\/redaccion\/\"}]}<\/script>\n<!-- \/ Yoast SEO plugin. -->","yoast_head_json":{"title":"Bajo el concepto Vacaciones de Verdad, Uruguay invita a los mexicanos a explorar su verano - Nitu - Noticias de la Industria Turistica","description":"El Ministerio de Turismo del Uruguay lanz\u00f3 en M\u00e9xico su campa\u00f1a Vacaciones de Verdad, con la cual invita a los turistas mexicanos a conocer sus atractivos.","robots":{"index":"index","follow":"follow","max-snippet":"max-snippet:-1","max-image-preview":"max-image-preview:large","max-video-preview":"max-video-preview:-1"},"canonical":"https:\/\/nitu.mx\/index.php\/2017\/11\/16\/bajo-el-concepto-vacaciones-de-verdad-uruguay-invita-a-los-mexicanos-a-explorar-su-verano\/","twitter_card":"summary_large_image","twitter_title":"Bajo el concepto Vacaciones de Verdad, Uruguay invita a los mexicanos a explorar su verano - Nitu - Noticias de la Industria Turistica","twitter_description":"El Ministerio de Turismo del Uruguay lanz\u00f3 en M\u00e9xico su campa\u00f1a Vacaciones de Verdad, con la cual invita a los turistas mexicanos a conocer sus atractivos.","twitter_image":"https:\/\/nitu.mx\/wp-content\/uploads\/2017\/11\/Uruguay-Montevideo.jpg","twitter_creator":"@NITUmx","twitter_site":"@Arturo_Medina_G","twitter_misc":{"Escrito por":"Redacci\u00f3n","Tiempo de lectura":"2 minutos"},"schema":{"@context":"https:\/\/schema.org","@graph":[{"@type":"Article","@id":"https:\/\/nitu.mx\/index.php\/2017\/11\/16\/bajo-el-concepto-vacaciones-de-verdad-uruguay-invita-a-los-mexicanos-a-explorar-su-verano\/#article","isPartOf":{"@id":"https:\/\/nitu.mx\/index.php\/2017\/11\/16\/bajo-el-concepto-vacaciones-de-verdad-uruguay-invita-a-los-mexicanos-a-explorar-su-verano\/"},"author":{"name":"Redacci\u00f3n","@id":"https:\/\/nitu.mx\/#\/schema\/person\/4a28fe9bd65924f7c90623773daf1b0b"},"headline":"Bajo el concepto Vacaciones de Verdad, Uruguay invita a los mexicanos a explorar su verano","datePublished":"2017-11-17T04:47:44+00:00","dateModified":"2017-11-17T06:19:27+00:00","mainEntityOfPage":{"@id":"https:\/\/nitu.mx\/index.php\/2017\/11\/16\/bajo-el-concepto-vacaciones-de-verdad-uruguay-invita-a-los-mexicanos-a-explorar-su-verano\/"},"wordCount":346,"commentCount":0,"publisher":{"@id":"https:\/\/nitu.mx\/#\/schema\/person\/ae7a53426417292d3dd07b45a33e01bc"},"image":{"@id":"https:\/\/nitu.mx\/index.php\/2017\/11\/16\/bajo-el-concepto-vacaciones-de-verdad-uruguay-invita-a-los-mexicanos-a-explorar-su-verano\/#primaryimage"},"thumbnailUrl":"https:\/\/nitu.mx\/wp-content\/uploads\/2017\/11\/Uruguay-Montevideo.jpg","keywords":["Asunci\u00f3n","Cabo Polonio","La Paz","Ministerio de Turismo del Uruguay","Oaxaca","Paysand\u00fa","Uruguay"],"articleSection":["Destinos"],"inLanguage":"es-MX","potentialAction":[{"@type":"CommentAction","name":"Comment","target":["https:\/\/nitu.mx\/index.php\/2017\/11\/16\/bajo-el-concepto-vacaciones-de-verdad-uruguay-invita-a-los-mexicanos-a-explorar-su-verano\/#respond"]}]},{"@type":"WebPage","@id":"https:\/\/nitu.mx\/index.php\/2017\/11\/16\/bajo-el-concepto-vacaciones-de-verdad-uruguay-invita-a-los-mexicanos-a-explorar-su-verano\/","url":"https:\/\/nitu.mx\/index.php\/2017\/11\/16\/bajo-el-concepto-vacaciones-de-verdad-uruguay-invita-a-los-mexicanos-a-explorar-su-verano\/","name":"Bajo el concepto Vacaciones de Verdad, Uruguay invita a los mexicanos a explorar su verano - Nitu - Noticias de la Industria Turistica","isPartOf":{"@id":"https:\/\/nitu.mx\/#website"},"primaryImageOfPage":{"@id":"https:\/\/nitu.mx\/index.php\/2017\/11\/16\/bajo-el-concepto-vacaciones-de-verdad-uruguay-invita-a-los-mexicanos-a-explorar-su-verano\/#primaryimage"},"image":{"@id":"https:\/\/nitu.mx\/index.php\/2017\/11\/16\/bajo-el-concepto-vacaciones-de-verdad-uruguay-invita-a-los-mexicanos-a-explorar-su-verano\/#primaryimage"},"thumbnailUrl":"https:\/\/nitu.mx\/wp-content\/uploads\/2017\/11\/Uruguay-Montevideo.jpg","datePublished":"2017-11-17T04:47:44+00:00","dateModified":"2017-11-17T06:19:27+00:00","description":"El Ministerio de Turismo del Uruguay lanz\u00f3 en M\u00e9xico su campa\u00f1a Vacaciones de Verdad, con la cual invita a los turistas mexicanos a conocer sus atractivos.","breadcrumb":{"@id":"https:\/\/nitu.mx\/index.php\/2017\/11\/16\/bajo-el-concepto-vacaciones-de-verdad-uruguay-invita-a-los-mexicanos-a-explorar-su-verano\/#breadcrumb"},"inLanguage":"es-MX","potentialAction":[{"@type":"ReadAction","target":["https:\/\/nitu.mx\/index.php\/2017\/11\/16\/bajo-el-concepto-vacaciones-de-verdad-uruguay-invita-a-los-mexicanos-a-explorar-su-verano\/"]}]},{"@type":"ImageObject","inLanguage":"es-MX","@id":"https:\/\/nitu.mx\/index.php\/2017\/11\/16\/bajo-el-concepto-vacaciones-de-verdad-uruguay-invita-a-los-mexicanos-a-explorar-su-verano\/#primaryimage","url":"https:\/\/nitu.mx\/wp-content\/uploads\/2017\/11\/Uruguay-Montevideo.jpg","contentUrl":"https:\/\/nitu.mx\/wp-content\/uploads\/2017\/11\/Uruguay-Montevideo.jpg","width":850,"height":480,"caption":"Uruguay"},{"@type":"BreadcrumbList","@id":"https:\/\/nitu.mx\/index.php\/2017\/11\/16\/bajo-el-concepto-vacaciones-de-verdad-uruguay-invita-a-los-mexicanos-a-explorar-su-verano\/#breadcrumb","itemListElement":[{"@type":"ListItem","position":1,"name":"Inicio","item":"https:\/\/nitu.mx\/"},{"@type":"ListItem","position":2,"name":"Bajo el concepto Vacaciones de Verdad, Uruguay invita a los mexicanos a explorar su verano"}]},{"@type":"WebSite","@id":"https:\/\/nitu.mx\/#website","url":"https:\/\/nitu.mx\/","name":"Nitu - Noticias de la Industria Turistica","description":"Noticias de la Industria Turistica","publisher":{"@id":"https:\/\/nitu.mx\/#\/schema\/person\/ae7a53426417292d3dd07b45a33e01bc"},"alternateName":"Noticias de la Industria Turistica","potentialAction":[{"@type":"SearchAction","target":{"@type":"EntryPoint","urlTemplate":"https:\/\/nitu.mx\/?s={search_term_string}"},"query-input":"required name=search_term_string"}],"inLanguage":"es-MX"},{"@type":["Person","Organization"],"@id":"https:\/\/nitu.mx\/#\/schema\/person\/ae7a53426417292d3dd07b45a33e01bc","name":"Arturo Medina","image":{"@type":"ImageObject","inLanguage":"es-MX","@id":"https:\/\/nitu.mx\/#\/schema\/person\/image\/","url":"https:\/\/nitu.mx\/wp-content\/uploads\/2024\/04\/4A315622-1904-4D5C-B022-878CDC840E04-90x90-1.jpeg","contentUrl":"https:\/\/nitu.mx\/wp-content\/uploads\/2024\/04\/4A315622-1904-4D5C-B022-878CDC840E04-90x90-1.jpeg","width":90,"height":90,"caption":"Arturo Medina"},"logo":{"@id":"https:\/\/nitu.mx\/#\/schema\/person\/image\/"},"description":"Director NITU.mx, Egresado de la Escuela de Periodismo Carlos Septi\u00e9n Garc\u00eda. Periodista y analista especializado en turismo desde hace 35 a\u00f1os, radicado en Canc\u00fan Q.Roo. arturo@nitu.mx","sameAs":["https:\/\/nitu.mx","https:\/\/www.facebook.com\/NITUmx\/","medinacancun","https:\/\/twitter.com\/@Arturo_Medina_G"]},{"@type":"Person","@id":"https:\/\/nitu.mx\/#\/schema\/person\/4a28fe9bd65924f7c90623773daf1b0b","name":"Redacci\u00f3n","image":{"@type":"ImageObject","inLanguage":"es-MX","@id":"https:\/\/nitu.mx\/#\/schema\/person\/image\/","url":"https:\/\/secure.gravatar.com\/avatar\/5dd011c8ccfc5cd7e4c81e42252aab38?s=96&d=mm&r=g","contentUrl":"https:\/\/secure.gravatar.com\/avatar\/5dd011c8ccfc5cd7e4c81e42252aab38?s=96&d=mm&r=g","caption":"Redacci\u00f3n"},"url":"https:\/\/nitu.mx\/index.php\/author\/redaccion\/"}]}},"views":273,"_links":{"self":[{"href":"https:\/\/nitu.mx\/index.php\/wp-json\/wp\/v2\/posts\/14836"}],"collection":[{"href":"https:\/\/nitu.mx\/index.php\/wp-json\/wp\/v2\/posts"}],"about":[{"href":"https:\/\/nitu.mx\/index.php\/wp-json\/wp\/v2\/types\/post"}],"author":[{"embeddable":true,"href":"https:\/\/nitu.mx\/index.php\/wp-json\/wp\/v2\/users\/17"}],"replies":[{"embeddable":true,"href":"https:\/\/nitu.mx\/index.php\/wp-json\/wp\/v2\/comments?post=14836"}],"version-history":[{"count":4,"href":"https:\/\/nitu.mx\/index.php\/wp-json\/wp\/v2\/posts\/14836\/revisions"}],"predecessor-version":[{"id":14855,"href":"https:\/\/nitu.mx\/index.php\/wp-json\/wp\/v2\/posts\/14836\/revisions\/14855"}],"wp:featuredmedia":[{"embeddable":true,"href":"https:\/\/nitu.mx\/index.php\/wp-json\/wp\/v2\/media\/14853"}],"wp:attachment":[{"href":"https:\/\/nitu.mx\/index.php\/wp-json\/wp\/v2\/media?parent=14836"}],"wp:term":[{"taxonomy":"category","embeddable":true,"href":"https:\/\/nitu.mx\/index.php\/wp-json\/wp\/v2\/categories?post=14836"},{"taxonomy":"post_tag","embeddable":true,"href":"https:\/\/nitu.mx\/index.php\/wp-json\/wp\/v2\/tags?post=14836"}],"curies":[{"name":"wp","href":"https:\/\/api.w.org\/{rel}","templated":true}]}}