{"id":14832,"date":"2017-11-16T23:40:46","date_gmt":"2017-11-17T04:40:46","guid":{"rendered":"http:\/\/www.dev.nitu.mx\/?p=14832"},"modified":"2017-11-17T01:19:19","modified_gmt":"2017-11-17T06:19:19","slug":"iniciativa-de-ley-de-transporte-beneficiara-al-turismo-pero-es-perfectible-sector-turistico","status":"publish","type":"post","link":"https:\/\/nitu.mx\/index.php\/2017\/11\/16\/iniciativa-de-ley-de-transporte-beneficiara-al-turismo-pero-es-perfectible-sector-turistico\/","title":{"rendered":"Iniciativa de Ley de Transporte beneficiar\u00e1 al turismo, pero es perfectible: Sector tur\u00edstico"},"content":{"rendered":"<p>El sector tur\u00edstico ve como un avance, la presentaci\u00f3n por parte de algunos diputados de la iniciativa de Ley de Transporte, para legalizar el uso de plataformas digitales como Uber. Sin embargo, ya se cre\u00f3 un Comit\u00e9 Empresarial para hacer recomendaciones y cambios al mencionado documento.<\/p>\n<p>Sergio Gonz\u00e1lez Rubiera, presidente de la Asociaci\u00f3n Mexicana de Agencia de Viajes (AMAV) de Quintana Roo, y uno de los m\u00e1s importantes impulsores de la modernizaci\u00f3n de la Ley de Transporte en Quintana Roo, se\u00f1al\u00f3 que la Iniciativa de Ley es un avance ante un problema grave, como lo es en general la movilidad tanto en Canc\u00fan como en el estado.\u00a0(<a title=\"Hoteleros de Canc\u00fan apoyan la entrada de las nuevas tecnolog\u00edas como Uber y Airbnb\" href=\"http:\/\/www.dev.nitu.mx\/index.php\/2017\/09\/04\/hoteleros-de-cancun-apoyan-la-entrada-de-las-nuevas-tecnologias-como-uber-y-airbnb\/\" rel=\"bookmark\">Hoteleros de Canc\u00fan apoyan la entrada de las nuevas tecnolog\u00edas como Uber y Airbnb<\/a>).<\/p>\n<p>Detall\u00f3 que es un gran paso que ya se est\u00e9 discutiendo despu\u00e9s de un a\u00f1o de la nueva administraci\u00f3n estatal y el Congreso, una ley de Movilidad, pues la actual, tiene 27 a\u00f1os, \u201cya es obsoleta\u201d, espet\u00f3.<\/p>\n<p>Sin embargo, dijo \u201cno hay leyes perfectas, al parecer hay cierto descontento por la forma en que est\u00e1 redactada. No lo discuto, pero por el momento si se aprueba y con la aprobaci\u00f3n, se le da la entrada a plataformas como Uber, es un gran paso\u201d.<\/p>\n<p>El tambi\u00e9n vicepresidente de la AMAV nacional y especializado en el tema del transporte, apunt\u00f3 que \u201cposteriormente se pueden hacer los cambios necesarios para mejorar la Iniciativa, aunque tiene aspectos positivos como la creaci\u00f3n del instituto de Movilidad independiente de Sintra, el quitarle al gobernador la facultad de repartir concesiones, lo veo con buenos ojos y felicito al Congreso y al gobernador\u201d.<\/p>\n<p>\u201cAdem\u00e1s, darle la entrada a Uber es algo que es obligado en Quintana Roo y en Canc\u00fan por su vocaci\u00f3n tur\u00edstica\u201d, apunt\u00f3.<\/p>\n<p>Roberto Cintr\u00f3n G\u00f3mez, pr\u00f3ximo presidente de la Asociaci\u00f3n de Hoteles de Canc\u00fan y Puerto Morelos (AHC&amp;PM), declar\u00f3 a <em><strong>NITU.mx<\/strong><\/em>, que ya se conform\u00f3 un comit\u00e9 que ha estado dando revisi\u00f3n a la Iniciativa de Ley, en la que participan: el CCE, la Acluvaq y la AHC&amp;PM.<\/p>\n<p>\u201cEn la revisi\u00f3n lo que se buscar\u00e1 m\u00e1s adelante, es un acercamiento con comisiones que ver\u00e1 si se hacen revisiones y modificaciones, en espera de que se acepten algunas de las sugerencias\u201d, detall\u00f3.<\/p>\n<p>Dijo que como la ley est\u00e1 basada, y de entrada habla sobre el derecho humano de la movilidad y el libre albedr\u00edo, para que cada quien elija c\u00f3mo movilizarse, ese es un aspecto m\u00e1s que positivo tanto para el turismo como para la comunidad.<\/p>\n<p>De acuerdo con estad\u00edsticas que dio a conocer recientemente Uber, m\u00e1s de 79 mil usuarios extranjeros y 132\u00a0mil usuarios nacionales han abierto la aplicaci\u00f3n al llegar a Canc\u00fan.\u00a0(<a title=\"Uber no se intimida por concesionarios y anuncia inversi\u00f3n superior a 6 mil mdp\" href=\"http:\/\/www.dev.nitu.mx\/index.php\/2017\/07\/25\/uber-no-se-intimida-concesionarios-anuncia-inversion-superior-6-mil-mdp\/\" rel=\"bookmark\">Uber no se intimida por concesionarios y anuncia inversi\u00f3n superior a 6 mil mdp<\/a>).<\/p>\n<p>El documento tambi\u00e9n refiere que operan con una tarifa m\u00ednima de 35 pesos, un precio base de seis pesos, as\u00ed como un costo de dos pesos por minuto y cuatro pesos por kil\u00f3metro, as\u00ed como una cuota de solicitud de dos pesos.<\/p>\n<p>De acuerdo con Uber, un viaje del aeropuerto de Canc\u00fan al centro de la ciudad tiene un costo promedio de 137 pesos. Los operadores de taxi en la terminal a\u00e9rea cobran 35 d\u00f3lares por el recorrido de poco m\u00e1s de 15 kil\u00f3metros al hotel One Cancun Centro, ubicado a tres kil\u00f3metros aproximadamente del centro.<\/p>\n<p>Al mediod\u00eda, el servicio de Uber ya opera con una tarifa din\u00e1mica de 1.7x, con lo que el costo de dicho viaje se incrementa a un rango entre 202 y 266 pesos.<\/p>\n<p>Cabe recordar que la empresa se enfrenta a la regulaci\u00f3n estatal que entr\u00f3 en vigor en 2015 \u2013que regula el uso de nuevas tecnolog\u00edas para brindar el servicio p\u00fablico de autotransporte\u2013 y prev\u00e9, la obligar\u00eda a tener que tramitar t\u00edtulos de concesi\u00f3n para poder dar transportaci\u00f3n en la ciudad.<\/p>\n<p>Ante la llegada de Uber, la Secretar\u00eda de Infraestructura y Transporte (Sintra) realiza a diario operativos, en donde cualquier veh\u00edculo con placas particulares que sea detectado prestando el servicio de pasajeros es detenido y llevado al corral\u00f3n.<\/p>\n<p>Hasta fines de agosto pasado, por concepto de multas, el gobierno del estado a trav\u00e9s de Sintra, ha captado m\u00e1s de 122 millones de pesos a mil 103 unidades de Uber en Canc\u00fan.<\/p>\n<p>INICIATIVA<br \/>\nA excepci\u00f3n de diputados del Partido Verde, los coordinadores de las fracciones parlamentarias del PAN, PRD, PRI, los diputados del Panal, Morena y los dos sin partido, presentaron la propuesta para el nuevo marco regulatorio en materia de transporte, que reconoce el servicio contratado a trav\u00e9s de plataformas digitales, como Uber.<\/p>\n<p>El presidente de la Comisi\u00f3n de Transporte y Vialidad de la XV Legislatura, Fernando Zelaya, explic\u00f3 que con esta ley, los diputados, aseguran la integraci\u00f3n a la lista de nueve entidades federativas, con una normatividad que abraza el concepto de movilidad; pues \u201caborda su complejidad y toma en cuenta todas sus aristas, para encontrar soluci\u00f3n a retos actuales y prevenir conflictos futuros\u201d, se\u00f1al\u00f3.<\/p>\n<p>Desde septiembre del a\u00f1o pasado, empezaron a dar servicio en Canc\u00fan veh\u00edculos de Uber, quienes recibieron el rechazo de los sindicatos de taxistas, pues desde hace m\u00e1s de 40 a\u00f1os operan bajo concesiones otorgadas por el gobierno del estado.<\/p>\n<p>Con el nuevo marco legal, todos los autom\u00f3viles que circulen en el estado deber\u00e1n contar con seguro de da\u00f1os a terceros. La ley de movilidad reconoce los servicios de transporte privados, p\u00fablicos y los contratados a trav\u00e9s de plataformas digitales. Estos \u00faltimos requerir\u00e1n de un permiso expedido por la autoridad competente.<\/p>\n<p>El gobernador tendr\u00e1 la facultad de otorgar las autorizaciones a las personas morales que cumplan con los requisitos, cuya vigencia ser\u00e1 de diez a\u00f1os, con un refrendo anual ante un instituto de movilidad.<\/p>\n<p>En entrevista, el diputado Fernando Zelaya Espinoza explic\u00f3 que con la nueva ley se permitir\u00e1 la operaci\u00f3n de plataformas digitales como Uber, a condici\u00f3n de que \u00e9stas se registren en el estado, adem\u00e1s de que sus operadores cuenten con una licencia espec\u00edfica para esta modalidad de transporte, usen unidades de m\u00e1s de tres mil UMAs (225 mil pesos), y cuenten con seguro.<\/p>\n<p>Una de las condiciones que m\u00e1s llama la atenci\u00f3n en la iniciativa de Ley, es que s\u00f3lo los due\u00f1os de los veh\u00edculos ser\u00e1n los autorizados para operar las unidades de servicio de plataforma digital de transporte.<\/p>\n<p>Adem\u00e1s, las unidades de Uber tendr\u00e1n prohibido cobrar en efectivo, con lo que el diputado panista afirm\u00f3 que se garantiza que su servicio es distinto del de los taxistas, brindando alternativas para la ciudadan\u00eda.<\/p>\n<p>Tambi\u00e9n como parte de la ley, se contempla la creaci\u00f3n de un comit\u00e9 especial para la entrega de concesiones; un padr\u00f3n estatal de todas \u00e9stas, con la posibilidad de revocarlas si lo amerita; un nuevo Instituto Estatal de Movilidad, que instrumentar\u00e1 planes estrat\u00e9gicos para reducir tiempos de traslado, entre otros temas.<\/p>\n","protected":false},"excerpt":{"rendered":"<p>El sector tur\u00edstico ve como un avance, la presentaci\u00f3n por parte de algunos diputados de la iniciativa de Ley de Transporte, para legalizar el uso de plataformas digitales como Uber. Sin embargo, ya se cre\u00f3 un Comit\u00e9 Empresarial para hacer recomendaciones y cambios al mencionado documento. Sergio Gonz\u00e1lez Rubiera, presidente de la Asociaci\u00f3n Mexicana de [&hellip;]<\/p>\n","protected":false},"author":3,"featured_media":13059,"comment_status":"open","ping_status":"open","sticky":false,"template":"","format":"standard","meta":{"footnotes":""},"categories":[5,6],"tags":[6682,6676,3943,4545,6459,1132,5499,338,288],"yoast_head":"<!-- This site is optimized with the Yoast SEO plugin v22.2 - https:\/\/yoast.com\/wordpress\/plugins\/seo\/ -->\n<title>Iniciativa de Ley de Transporte beneficiar\u00e1 al turismo, pero es perfectible: Sector tur\u00edstico - Nitu - Noticias de la Industria Turistica<\/title>\n<meta name=\"description\" content=\"El sector tur\u00edstico ve como un avance, la presentaci\u00f3n de la iniciativa de Ley de Transporte, para legalizar el uso de plataformas digitales como Uber.\" \/>\n<meta name=\"robots\" content=\"index, follow, max-snippet:-1, max-image-preview:large, max-video-preview:-1\" \/>\n<link rel=\"canonical\" href=\"https:\/\/nitu.mx\/index.php\/2017\/11\/16\/iniciativa-de-ley-de-transporte-beneficiara-al-turismo-pero-es-perfectible-sector-turistico\/\" \/>\n<meta name=\"twitter:card\" content=\"summary_large_image\" \/>\n<meta name=\"twitter:title\" content=\"Iniciativa de Ley de Transporte beneficiar\u00e1 al turismo, pero es perfectible: Sector tur\u00edstico - Nitu - Noticias de la Industria Turistica\" \/>\n<meta name=\"twitter:description\" content=\"El sector tur\u00edstico ve como un avance, la presentaci\u00f3n de la iniciativa de Ley de Transporte, para legalizar el uso de plataformas digitales como Uber.\" \/>\n<meta name=\"twitter:image\" content=\"https:\/\/nitu.mx\/wp-content\/uploads\/2017\/09\/uber.jpg\" \/>\n<meta name=\"twitter:creator\" content=\"@NITUmx\" \/>\n<meta name=\"twitter:site\" content=\"@Arturo_Medina_G\" \/>\n<meta name=\"twitter:label1\" content=\"Escrito por\" \/>\n\t<meta name=\"twitter:data1\" content=\"Alejandra Moncisbays\" \/>\n\t<meta name=\"twitter:label2\" content=\"Tiempo de lectura\" \/>\n\t<meta name=\"twitter:data2\" content=\"6 minutos\" \/>\n<script type=\"application\/ld+json\" class=\"yoast-schema-graph\">{\"@context\":\"https:\/\/schema.org\",\"@graph\":[{\"@type\":\"Article\",\"@id\":\"https:\/\/nitu.mx\/index.php\/2017\/11\/16\/iniciativa-de-ley-de-transporte-beneficiara-al-turismo-pero-es-perfectible-sector-turistico\/#article\",\"isPartOf\":{\"@id\":\"https:\/\/nitu.mx\/index.php\/2017\/11\/16\/iniciativa-de-ley-de-transporte-beneficiara-al-turismo-pero-es-perfectible-sector-turistico\/\"},\"author\":{\"name\":\"Alejandra Moncisbays\",\"@id\":\"https:\/\/nitu.mx\/#\/schema\/person\/2ecd887b19dfd3382d1f14fc5acf24a8\"},\"headline\":\"Iniciativa de Ley de Transporte beneficiar\u00e1 al turismo, pero es perfectible: Sector tur\u00edstico\",\"datePublished\":\"2017-11-17T04:40:46+00:00\",\"dateModified\":\"2017-11-17T06:19:19+00:00\",\"mainEntityOfPage\":{\"@id\":\"https:\/\/nitu.mx\/index.php\/2017\/11\/16\/iniciativa-de-ley-de-transporte-beneficiara-al-turismo-pero-es-perfectible-sector-turistico\/\"},\"wordCount\":1223,\"commentCount\":0,\"publisher\":{\"@id\":\"https:\/\/nitu.mx\/#\/schema\/person\/ae7a53426417292d3dd07b45a33e01bc\"},\"image\":{\"@id\":\"https:\/\/nitu.mx\/index.php\/2017\/11\/16\/iniciativa-de-ley-de-transporte-beneficiara-al-turismo-pero-es-perfectible-sector-turistico\/#primaryimage\"},\"thumbnailUrl\":\"https:\/\/nitu.mx\/wp-content\/uploads\/2017\/09\/uber.jpg\",\"keywords\":[\"Asociaci\u00f3n Mexicana de Agencia de Viajes (AMAV) de Quintana Roo\",\"Comit\u00e9 Empresarial\",\"diputados\",\"ley de movilidad\",\"plataformas digitales\",\"Roberto Cintr\u00f3n G\u00f3mez\",\"sector tur\u00edstico\",\"Sergio Gonz\u00e1lez Rubiera\",\"Uber\"],\"articleSection\":[\"Destinos\",\"M\u00e9xico\"],\"inLanguage\":\"es-MX\",\"potentialAction\":[{\"@type\":\"CommentAction\",\"name\":\"Comment\",\"target\":[\"https:\/\/nitu.mx\/index.php\/2017\/11\/16\/iniciativa-de-ley-de-transporte-beneficiara-al-turismo-pero-es-perfectible-sector-turistico\/#respond\"]}]},{\"@type\":\"WebPage\",\"@id\":\"https:\/\/nitu.mx\/index.php\/2017\/11\/16\/iniciativa-de-ley-de-transporte-beneficiara-al-turismo-pero-es-perfectible-sector-turistico\/\",\"url\":\"https:\/\/nitu.mx\/index.php\/2017\/11\/16\/iniciativa-de-ley-de-transporte-beneficiara-al-turismo-pero-es-perfectible-sector-turistico\/\",\"name\":\"Iniciativa de Ley de Transporte beneficiar\u00e1 al turismo, pero es perfectible: Sector tur\u00edstico - Nitu - Noticias de la Industria Turistica\",\"isPartOf\":{\"@id\":\"https:\/\/nitu.mx\/#website\"},\"primaryImageOfPage\":{\"@id\":\"https:\/\/nitu.mx\/index.php\/2017\/11\/16\/iniciativa-de-ley-de-transporte-beneficiara-al-turismo-pero-es-perfectible-sector-turistico\/#primaryimage\"},\"image\":{\"@id\":\"https:\/\/nitu.mx\/index.php\/2017\/11\/16\/iniciativa-de-ley-de-transporte-beneficiara-al-turismo-pero-es-perfectible-sector-turistico\/#primaryimage\"},\"thumbnailUrl\":\"https:\/\/nitu.mx\/wp-content\/uploads\/2017\/09\/uber.jpg\",\"datePublished\":\"2017-11-17T04:40:46+00:00\",\"dateModified\":\"2017-11-17T06:19:19+00:00\",\"description\":\"El sector tur\u00edstico ve como un avance, la presentaci\u00f3n de la iniciativa de Ley de Transporte, para legalizar el uso de plataformas digitales como Uber.\",\"breadcrumb\":{\"@id\":\"https:\/\/nitu.mx\/index.php\/2017\/11\/16\/iniciativa-de-ley-de-transporte-beneficiara-al-turismo-pero-es-perfectible-sector-turistico\/#breadcrumb\"},\"inLanguage\":\"es-MX\",\"potentialAction\":[{\"@type\":\"ReadAction\",\"target\":[\"https:\/\/nitu.mx\/index.php\/2017\/11\/16\/iniciativa-de-ley-de-transporte-beneficiara-al-turismo-pero-es-perfectible-sector-turistico\/\"]}]},{\"@type\":\"ImageObject\",\"inLanguage\":\"es-MX\",\"@id\":\"https:\/\/nitu.mx\/index.php\/2017\/11\/16\/iniciativa-de-ley-de-transporte-beneficiara-al-turismo-pero-es-perfectible-sector-turistico\/#primaryimage\",\"url\":\"https:\/\/nitu.mx\/wp-content\/uploads\/2017\/09\/uber.jpg\",\"contentUrl\":\"https:\/\/nitu.mx\/wp-content\/uploads\/2017\/09\/uber.jpg\",\"width\":850,\"height\":480,\"caption\":\"uber cancun ley de transporte\"},{\"@type\":\"BreadcrumbList\",\"@id\":\"https:\/\/nitu.mx\/index.php\/2017\/11\/16\/iniciativa-de-ley-de-transporte-beneficiara-al-turismo-pero-es-perfectible-sector-turistico\/#breadcrumb\",\"itemListElement\":[{\"@type\":\"ListItem\",\"position\":1,\"name\":\"Inicio\",\"item\":\"https:\/\/nitu.mx\/\"},{\"@type\":\"ListItem\",\"position\":2,\"name\":\"Iniciativa de Ley de Transporte beneficiar\u00e1 al turismo, pero es perfectible: Sector tur\u00edstico\"}]},{\"@type\":\"WebSite\",\"@id\":\"https:\/\/nitu.mx\/#website\",\"url\":\"https:\/\/nitu.mx\/\",\"name\":\"Nitu - Noticias de la Industria Turistica\",\"description\":\"Noticias de la Industria Turistica\",\"publisher\":{\"@id\":\"https:\/\/nitu.mx\/#\/schema\/person\/ae7a53426417292d3dd07b45a33e01bc\"},\"alternateName\":\"Noticias de la Industria Turistica\",\"potentialAction\":[{\"@type\":\"SearchAction\",\"target\":{\"@type\":\"EntryPoint\",\"urlTemplate\":\"https:\/\/nitu.mx\/?s={search_term_string}\"},\"query-input\":\"required name=search_term_string\"}],\"inLanguage\":\"es-MX\"},{\"@type\":[\"Person\",\"Organization\"],\"@id\":\"https:\/\/nitu.mx\/#\/schema\/person\/ae7a53426417292d3dd07b45a33e01bc\",\"name\":\"Arturo Medina\",\"image\":{\"@type\":\"ImageObject\",\"inLanguage\":\"es-MX\",\"@id\":\"https:\/\/nitu.mx\/#\/schema\/person\/image\/\",\"url\":\"https:\/\/nitu.mx\/wp-content\/uploads\/2024\/04\/4A315622-1904-4D5C-B022-878CDC840E04-90x90-1.jpeg\",\"contentUrl\":\"https:\/\/nitu.mx\/wp-content\/uploads\/2024\/04\/4A315622-1904-4D5C-B022-878CDC840E04-90x90-1.jpeg\",\"width\":90,\"height\":90,\"caption\":\"Arturo Medina\"},\"logo\":{\"@id\":\"https:\/\/nitu.mx\/#\/schema\/person\/image\/\"},\"description\":\"Director NITU.mx, Egresado de la Escuela de Periodismo Carlos Septi\u00e9n Garc\u00eda. Periodista y analista especializado en turismo desde hace 35 a\u00f1os, radicado en Canc\u00fan Q.Roo. arturo@nitu.mx\",\"sameAs\":[\"https:\/\/nitu.mx\",\"https:\/\/www.facebook.com\/NITUmx\/\",\"medinacancun\",\"https:\/\/twitter.com\/@Arturo_Medina_G\"]},{\"@type\":\"Person\",\"@id\":\"https:\/\/nitu.mx\/#\/schema\/person\/2ecd887b19dfd3382d1f14fc5acf24a8\",\"name\":\"Alejandra Moncisbays\",\"image\":{\"@type\":\"ImageObject\",\"inLanguage\":\"es-MX\",\"@id\":\"https:\/\/nitu.mx\/#\/schema\/person\/image\/\",\"url\":\"https:\/\/secure.gravatar.com\/avatar\/e74f7af0be172b7804dacfd0bfbef787?s=96&d=mm&r=g\",\"contentUrl\":\"https:\/\/secure.gravatar.com\/avatar\/e74f7af0be172b7804dacfd0bfbef787?s=96&d=mm&r=g\",\"caption\":\"Alejandra Moncisbays\"},\"description\":\"Curs\u00e9 la carrera de Periodismo y Comunicaci\u00f3n en la Facultad de Estudios Profesionales Acatl\u00e1n. Vivo en Canc\u00fan desde hace 24 a\u00f1os. Fui reportera de La Tarde de Canc\u00fan, y Novedades de Quintana Roo, colabor\u00e9 en TVCUN, edit\u00e9 Cancun\u00edssimo y colabor\u00e9 en las revistas Latitud21, entre otras, con principal enfoque en los sectores empresarial y tur\u00edstico. Desde hace varios a\u00f1os soy Agente de Seguros con c\u00e9dula de la Comisi\u00f3n Nacional de Seguros y Fianzas. Actualmente, me desarrollo en los \u00e1mbitos del periodismo y el sector asegurador.\",\"sameAs\":[\"https:\/\/nitu.mx\"],\"url\":\"https:\/\/nitu.mx\/index.php\/author\/alejandra\/\"}]}<\/script>\n<!-- \/ Yoast SEO plugin. -->","yoast_head_json":{"title":"Iniciativa de Ley de Transporte beneficiar\u00e1 al turismo, pero es perfectible: Sector tur\u00edstico - Nitu - Noticias de la Industria Turistica","description":"El sector tur\u00edstico ve como un avance, la presentaci\u00f3n de la iniciativa de Ley de Transporte, para legalizar el uso de plataformas digitales como Uber.","robots":{"index":"index","follow":"follow","max-snippet":"max-snippet:-1","max-image-preview":"max-image-preview:large","max-video-preview":"max-video-preview:-1"},"canonical":"https:\/\/nitu.mx\/index.php\/2017\/11\/16\/iniciativa-de-ley-de-transporte-beneficiara-al-turismo-pero-es-perfectible-sector-turistico\/","twitter_card":"summary_large_image","twitter_title":"Iniciativa de Ley de Transporte beneficiar\u00e1 al turismo, pero es perfectible: Sector tur\u00edstico - Nitu - Noticias de la Industria Turistica","twitter_description":"El sector tur\u00edstico ve como un avance, la presentaci\u00f3n de la iniciativa de Ley de Transporte, para legalizar el uso de plataformas digitales como Uber.","twitter_image":"https:\/\/nitu.mx\/wp-content\/uploads\/2017\/09\/uber.jpg","twitter_creator":"@NITUmx","twitter_site":"@Arturo_Medina_G","twitter_misc":{"Escrito por":"Alejandra Moncisbays","Tiempo de lectura":"6 minutos"},"schema":{"@context":"https:\/\/schema.org","@graph":[{"@type":"Article","@id":"https:\/\/nitu.mx\/index.php\/2017\/11\/16\/iniciativa-de-ley-de-transporte-beneficiara-al-turismo-pero-es-perfectible-sector-turistico\/#article","isPartOf":{"@id":"https:\/\/nitu.mx\/index.php\/2017\/11\/16\/iniciativa-de-ley-de-transporte-beneficiara-al-turismo-pero-es-perfectible-sector-turistico\/"},"author":{"name":"Alejandra Moncisbays","@id":"https:\/\/nitu.mx\/#\/schema\/person\/2ecd887b19dfd3382d1f14fc5acf24a8"},"headline":"Iniciativa de Ley de Transporte beneficiar\u00e1 al turismo, pero es perfectible: Sector tur\u00edstico","datePublished":"2017-11-17T04:40:46+00:00","dateModified":"2017-11-17T06:19:19+00:00","mainEntityOfPage":{"@id":"https:\/\/nitu.mx\/index.php\/2017\/11\/16\/iniciativa-de-ley-de-transporte-beneficiara-al-turismo-pero-es-perfectible-sector-turistico\/"},"wordCount":1223,"commentCount":0,"publisher":{"@id":"https:\/\/nitu.mx\/#\/schema\/person\/ae7a53426417292d3dd07b45a33e01bc"},"image":{"@id":"https:\/\/nitu.mx\/index.php\/2017\/11\/16\/iniciativa-de-ley-de-transporte-beneficiara-al-turismo-pero-es-perfectible-sector-turistico\/#primaryimage"},"thumbnailUrl":"https:\/\/nitu.mx\/wp-content\/uploads\/2017\/09\/uber.jpg","keywords":["Asociaci\u00f3n Mexicana de Agencia de Viajes (AMAV) de Quintana Roo","Comit\u00e9 Empresarial","diputados","ley de movilidad","plataformas digitales","Roberto Cintr\u00f3n G\u00f3mez","sector tur\u00edstico","Sergio Gonz\u00e1lez Rubiera","Uber"],"articleSection":["Destinos","M\u00e9xico"],"inLanguage":"es-MX","potentialAction":[{"@type":"CommentAction","name":"Comment","target":["https:\/\/nitu.mx\/index.php\/2017\/11\/16\/iniciativa-de-ley-de-transporte-beneficiara-al-turismo-pero-es-perfectible-sector-turistico\/#respond"]}]},{"@type":"WebPage","@id":"https:\/\/nitu.mx\/index.php\/2017\/11\/16\/iniciativa-de-ley-de-transporte-beneficiara-al-turismo-pero-es-perfectible-sector-turistico\/","url":"https:\/\/nitu.mx\/index.php\/2017\/11\/16\/iniciativa-de-ley-de-transporte-beneficiara-al-turismo-pero-es-perfectible-sector-turistico\/","name":"Iniciativa de Ley de Transporte beneficiar\u00e1 al turismo, pero es perfectible: Sector tur\u00edstico - Nitu - Noticias de la Industria Turistica","isPartOf":{"@id":"https:\/\/nitu.mx\/#website"},"primaryImageOfPage":{"@id":"https:\/\/nitu.mx\/index.php\/2017\/11\/16\/iniciativa-de-ley-de-transporte-beneficiara-al-turismo-pero-es-perfectible-sector-turistico\/#primaryimage"},"image":{"@id":"https:\/\/nitu.mx\/index.php\/2017\/11\/16\/iniciativa-de-ley-de-transporte-beneficiara-al-turismo-pero-es-perfectible-sector-turistico\/#primaryimage"},"thumbnailUrl":"https:\/\/nitu.mx\/wp-content\/uploads\/2017\/09\/uber.jpg","datePublished":"2017-11-17T04:40:46+00:00","dateModified":"2017-11-17T06:19:19+00:00","description":"El sector tur\u00edstico ve como un avance, la presentaci\u00f3n de la iniciativa de Ley de Transporte, para legalizar el uso de plataformas digitales como Uber.","breadcrumb":{"@id":"https:\/\/nitu.mx\/index.php\/2017\/11\/16\/iniciativa-de-ley-de-transporte-beneficiara-al-turismo-pero-es-perfectible-sector-turistico\/#breadcrumb"},"inLanguage":"es-MX","potentialAction":[{"@type":"ReadAction","target":["https:\/\/nitu.mx\/index.php\/2017\/11\/16\/iniciativa-de-ley-de-transporte-beneficiara-al-turismo-pero-es-perfectible-sector-turistico\/"]}]},{"@type":"ImageObject","inLanguage":"es-MX","@id":"https:\/\/nitu.mx\/index.php\/2017\/11\/16\/iniciativa-de-ley-de-transporte-beneficiara-al-turismo-pero-es-perfectible-sector-turistico\/#primaryimage","url":"https:\/\/nitu.mx\/wp-content\/uploads\/2017\/09\/uber.jpg","contentUrl":"https:\/\/nitu.mx\/wp-content\/uploads\/2017\/09\/uber.jpg","width":850,"height":480,"caption":"uber cancun ley de transporte"},{"@type":"BreadcrumbList","@id":"https:\/\/nitu.mx\/index.php\/2017\/11\/16\/iniciativa-de-ley-de-transporte-beneficiara-al-turismo-pero-es-perfectible-sector-turistico\/#breadcrumb","itemListElement":[{"@type":"ListItem","position":1,"name":"Inicio","item":"https:\/\/nitu.mx\/"},{"@type":"ListItem","position":2,"name":"Iniciativa de Ley de Transporte beneficiar\u00e1 al turismo, pero es perfectible: Sector tur\u00edstico"}]},{"@type":"WebSite","@id":"https:\/\/nitu.mx\/#website","url":"https:\/\/nitu.mx\/","name":"Nitu - Noticias de la Industria Turistica","description":"Noticias de la Industria Turistica","publisher":{"@id":"https:\/\/nitu.mx\/#\/schema\/person\/ae7a53426417292d3dd07b45a33e01bc"},"alternateName":"Noticias de la Industria Turistica","potentialAction":[{"@type":"SearchAction","target":{"@type":"EntryPoint","urlTemplate":"https:\/\/nitu.mx\/?s={search_term_string}"},"query-input":"required name=search_term_string"}],"inLanguage":"es-MX"},{"@type":["Person","Organization"],"@id":"https:\/\/nitu.mx\/#\/schema\/person\/ae7a53426417292d3dd07b45a33e01bc","name":"Arturo Medina","image":{"@type":"ImageObject","inLanguage":"es-MX","@id":"https:\/\/nitu.mx\/#\/schema\/person\/image\/","url":"https:\/\/nitu.mx\/wp-content\/uploads\/2024\/04\/4A315622-1904-4D5C-B022-878CDC840E04-90x90-1.jpeg","contentUrl":"https:\/\/nitu.mx\/wp-content\/uploads\/2024\/04\/4A315622-1904-4D5C-B022-878CDC840E04-90x90-1.jpeg","width":90,"height":90,"caption":"Arturo Medina"},"logo":{"@id":"https:\/\/nitu.mx\/#\/schema\/person\/image\/"},"description":"Director NITU.mx, Egresado de la Escuela de Periodismo Carlos Septi\u00e9n Garc\u00eda. Periodista y analista especializado en turismo desde hace 35 a\u00f1os, radicado en Canc\u00fan Q.Roo. arturo@nitu.mx","sameAs":["https:\/\/nitu.mx","https:\/\/www.facebook.com\/NITUmx\/","medinacancun","https:\/\/twitter.com\/@Arturo_Medina_G"]},{"@type":"Person","@id":"https:\/\/nitu.mx\/#\/schema\/person\/2ecd887b19dfd3382d1f14fc5acf24a8","name":"Alejandra Moncisbays","image":{"@type":"ImageObject","inLanguage":"es-MX","@id":"https:\/\/nitu.mx\/#\/schema\/person\/image\/","url":"https:\/\/secure.gravatar.com\/avatar\/e74f7af0be172b7804dacfd0bfbef787?s=96&d=mm&r=g","contentUrl":"https:\/\/secure.gravatar.com\/avatar\/e74f7af0be172b7804dacfd0bfbef787?s=96&d=mm&r=g","caption":"Alejandra Moncisbays"},"description":"Curs\u00e9 la carrera de Periodismo y Comunicaci\u00f3n en la Facultad de Estudios Profesionales Acatl\u00e1n. Vivo en Canc\u00fan desde hace 24 a\u00f1os. Fui reportera de La Tarde de Canc\u00fan, y Novedades de Quintana Roo, colabor\u00e9 en TVCUN, edit\u00e9 Cancun\u00edssimo y colabor\u00e9 en las revistas Latitud21, entre otras, con principal enfoque en los sectores empresarial y tur\u00edstico. Desde hace varios a\u00f1os soy Agente de Seguros con c\u00e9dula de la Comisi\u00f3n Nacional de Seguros y Fianzas. Actualmente, me desarrollo en los \u00e1mbitos del periodismo y el sector asegurador.","sameAs":["https:\/\/nitu.mx"],"url":"https:\/\/nitu.mx\/index.php\/author\/alejandra\/"}]}},"views":329,"_links":{"self":[{"href":"https:\/\/nitu.mx\/index.php\/wp-json\/wp\/v2\/posts\/14832"}],"collection":[{"href":"https:\/\/nitu.mx\/index.php\/wp-json\/wp\/v2\/posts"}],"about":[{"href":"https:\/\/nitu.mx\/index.php\/wp-json\/wp\/v2\/types\/post"}],"author":[{"embeddable":true,"href":"https:\/\/nitu.mx\/index.php\/wp-json\/wp\/v2\/users\/3"}],"replies":[{"embeddable":true,"href":"https:\/\/nitu.mx\/index.php\/wp-json\/wp\/v2\/comments?post=14832"}],"version-history":[{"count":5,"href":"https:\/\/nitu.mx\/index.php\/wp-json\/wp\/v2\/posts\/14832\/revisions"}],"predecessor-version":[{"id":14852,"href":"https:\/\/nitu.mx\/index.php\/wp-json\/wp\/v2\/posts\/14832\/revisions\/14852"}],"wp:featuredmedia":[{"embeddable":true,"href":"https:\/\/nitu.mx\/index.php\/wp-json\/wp\/v2\/media\/13059"}],"wp:attachment":[{"href":"https:\/\/nitu.mx\/index.php\/wp-json\/wp\/v2\/media?parent=14832"}],"wp:term":[{"taxonomy":"category","embeddable":true,"href":"https:\/\/nitu.mx\/index.php\/wp-json\/wp\/v2\/categories?post=14832"},{"taxonomy":"post_tag","embeddable":true,"href":"https:\/\/nitu.mx\/index.php\/wp-json\/wp\/v2\/tags?post=14832"}],"curies":[{"name":"wp","href":"https:\/\/api.w.org\/{rel}","templated":true}]}}