{"id":14821,"date":"2017-11-16T11:04:43","date_gmt":"2017-11-16T16:04:43","guid":{"rendered":"http:\/\/www.dev.nitu.mx\/?p=14821"},"modified":"2017-11-17T01:37:57","modified_gmt":"2017-11-17T06:37:57","slug":"best-day-travel-group-nombra-enrique-salas-executive-vice-president","status":"publish","type":"post","link":"https:\/\/nitu.mx\/index.php\/2017\/11\/16\/best-day-travel-group-nombra-enrique-salas-executive-vice-president\/","title":{"rendered":"Best Day Travel Group nombra a Enrique Salas como Executive Vice President"},"content":{"rendered":"<p>Para fortalecer sus planes de crecimiento constante, Best Day Travel Group anunci\u00f3 el nombramiento de Enrique Salas, quien desde el 1\u00b0 de noviembre pasado funge como vicepresidente Ejecutivo (EVP, por sus siglas en ingl\u00e9s) de su corporativo.<\/p>\n<p>Salas posee una Licenciatura en Ciencias Econ\u00f3micas y Empresariales, adem\u00e1s de maestr\u00edas otorgadas por Stevens Institute of Technologies y George Washington University, dos prestigiosas instituciones de negocios de renombre mundial.<\/p>\n<p>Ha ocupado puestos como alto ejecutivo en diferentes empresas multinacionales de la talla de AT&amp;T y Lucent Technologies, entre otras. As\u00ed mismo, ha sido profesor en \u00e1reas de gesti\u00f3n de personas en escuelas de negocios y universidades de renombre internacional.<\/p>\n<p>Su vasta experiencia en \u00e1reas tales como control de gesti\u00f3n o implementaci\u00f3n de modelos ABC\/ ABM ser\u00e1n parte del valor agregado que aportar\u00e1 a Best Day Travel Group para lograr nuestra visi\u00f3n: &#8220;Ser la empresa de turismo verticalmente integrada n\u00famero 1 de Latinoam\u00e9rica totalmente enfocada en los clientes.\u201d<\/p>\n<p>Al respecto, Christian Kremers, CEO de Best Day Travel Group, expres\u00f3: \u201cEs un placer para m\u00ed dar la bienvenida a Enrique, cuyo trabajo, estoy convencido, tendr\u00e1 un gran impacto en el exitoso equipo que conformamos, gracias, no s\u00f3lo su admirable carrera laboral y acad\u00e9mica, sino tambi\u00e9n a su enorme calidad humana e inteligencia emocional&#8221;.\u00a0(<a title=\"Best Day se adelanta y crea un Pre Buen Fin\" href=\"http:\/\/www.dev.nitu.mx\/index.php\/2017\/11\/16\/best-day-se-adelanta-y-crea-un-pre-buen-fin\/\" rel=\"bookmark\">Best Day se adelanta y crea un Pre Buen Fin<\/a>).<\/p>\n","protected":false},"excerpt":{"rendered":"<p>Para fortalecer sus planes de crecimiento constante, Best Day Travel Group anunci\u00f3 el nombramiento de Enrique Salas, quien desde el 1\u00b0 de noviembre pasado funge como vicepresidente Ejecutivo (EVP, por sus siglas en ingl\u00e9s) de su corporativo. Salas posee una Licenciatura en Ciencias Econ\u00f3micas y Empresariales, adem\u00e1s de maestr\u00edas otorgadas por Stevens Institute of Technologies [&hellip;]<\/p>\n","protected":false},"author":17,"featured_media":14865,"comment_status":"open","ping_status":"open","sticky":false,"template":"","format":"standard","meta":{"footnotes":""},"categories":[3,6],"tags":[66,74,6664,6668,6666,6667],"yoast_head":"<!-- This site is optimized with the Yoast SEO plugin v22.2 - https:\/\/yoast.com\/wordpress\/plugins\/seo\/ -->\n<title>Best Day Travel Group nombra a Enrique Salas como Executive Vice President - Nitu - Noticias de la Industria Turistica<\/title>\n<meta name=\"description\" content=\"Best Day Travel Group anunci\u00f3 el nombramiento de Enrique Salas, como vicepresidente Ejecutivo (EVP, por sus siglas en ingl\u00e9s) de su corporativo.\" \/>\n<meta name=\"robots\" content=\"index, follow, max-snippet:-1, max-image-preview:large, max-video-preview:-1\" \/>\n<link rel=\"canonical\" href=\"https:\/\/nitu.mx\/index.php\/2017\/11\/16\/best-day-travel-group-nombra-enrique-salas-executive-vice-president\/\" \/>\n<meta name=\"twitter:card\" content=\"summary_large_image\" \/>\n<meta name=\"twitter:title\" content=\"Best Day Travel Group nombra a Enrique Salas como Executive Vice President - Nitu - Noticias de la Industria Turistica\" \/>\n<meta name=\"twitter:description\" content=\"Best Day Travel Group anunci\u00f3 el nombramiento de Enrique Salas, como vicepresidente Ejecutivo (EVP, por sus siglas en ingl\u00e9s) de su corporativo.\" \/>\n<meta name=\"twitter:image\" content=\"https:\/\/nitu.mx\/wp-content\/uploads\/2017\/11\/enrique-salas-best-day.jpg\" \/>\n<meta name=\"twitter:creator\" content=\"@NITUmx\" \/>\n<meta name=\"twitter:site\" content=\"@Arturo_Medina_G\" \/>\n<meta name=\"twitter:label1\" content=\"Escrito por\" \/>\n\t<meta name=\"twitter:data1\" content=\"Redacci\u00f3n\" \/>\n\t<meta name=\"twitter:label2\" content=\"Tiempo de lectura\" \/>\n\t<meta name=\"twitter:data2\" content=\"1 minuto\" \/>\n<script type=\"application\/ld+json\" class=\"yoast-schema-graph\">{\"@context\":\"https:\/\/schema.org\",\"@graph\":[{\"@type\":\"Article\",\"@id\":\"https:\/\/nitu.mx\/index.php\/2017\/11\/16\/best-day-travel-group-nombra-enrique-salas-executive-vice-president\/#article\",\"isPartOf\":{\"@id\":\"https:\/\/nitu.mx\/index.php\/2017\/11\/16\/best-day-travel-group-nombra-enrique-salas-executive-vice-president\/\"},\"author\":{\"name\":\"Redacci\u00f3n\",\"@id\":\"https:\/\/nitu.mx\/#\/schema\/person\/4a28fe9bd65924f7c90623773daf1b0b\"},\"headline\":\"Best Day Travel Group nombra a Enrique Salas como Executive Vice President\",\"datePublished\":\"2017-11-16T16:04:43+00:00\",\"dateModified\":\"2017-11-17T06:37:57+00:00\",\"mainEntityOfPage\":{\"@id\":\"https:\/\/nitu.mx\/index.php\/2017\/11\/16\/best-day-travel-group-nombra-enrique-salas-executive-vice-president\/\"},\"wordCount\":245,\"commentCount\":0,\"publisher\":{\"@id\":\"https:\/\/nitu.mx\/#\/schema\/person\/ae7a53426417292d3dd07b45a33e01bc\"},\"image\":{\"@id\":\"https:\/\/nitu.mx\/index.php\/2017\/11\/16\/best-day-travel-group-nombra-enrique-salas-executive-vice-president\/#primaryimage\"},\"thumbnailUrl\":\"https:\/\/nitu.mx\/wp-content\/uploads\/2017\/11\/enrique-salas-best-day.jpg\",\"keywords\":[\"Best Day Travel Group\",\"Christian Kremers\",\"Enrique Salas\",\"George Washington University\",\"Licenciatura en Ciencias Econ\u00f3micas y Empresariales\",\"Stevens Institute of Technologies\"],\"articleSection\":[\"Agencias de Viajes\",\"M\u00e9xico\"],\"inLanguage\":\"es-MX\",\"potentialAction\":[{\"@type\":\"CommentAction\",\"name\":\"Comment\",\"target\":[\"https:\/\/nitu.mx\/index.php\/2017\/11\/16\/best-day-travel-group-nombra-enrique-salas-executive-vice-president\/#respond\"]}]},{\"@type\":\"WebPage\",\"@id\":\"https:\/\/nitu.mx\/index.php\/2017\/11\/16\/best-day-travel-group-nombra-enrique-salas-executive-vice-president\/\",\"url\":\"https:\/\/nitu.mx\/index.php\/2017\/11\/16\/best-day-travel-group-nombra-enrique-salas-executive-vice-president\/\",\"name\":\"Best Day Travel Group nombra a Enrique Salas como Executive Vice President - Nitu - Noticias de la Industria Turistica\",\"isPartOf\":{\"@id\":\"https:\/\/nitu.mx\/#website\"},\"primaryImageOfPage\":{\"@id\":\"https:\/\/nitu.mx\/index.php\/2017\/11\/16\/best-day-travel-group-nombra-enrique-salas-executive-vice-president\/#primaryimage\"},\"image\":{\"@id\":\"https:\/\/nitu.mx\/index.php\/2017\/11\/16\/best-day-travel-group-nombra-enrique-salas-executive-vice-president\/#primaryimage\"},\"thumbnailUrl\":\"https:\/\/nitu.mx\/wp-content\/uploads\/2017\/11\/enrique-salas-best-day.jpg\",\"datePublished\":\"2017-11-16T16:04:43+00:00\",\"dateModified\":\"2017-11-17T06:37:57+00:00\",\"description\":\"Best Day Travel Group anunci\u00f3 el nombramiento de Enrique Salas, como vicepresidente Ejecutivo (EVP, por sus siglas en ingl\u00e9s) de su corporativo.\",\"breadcrumb\":{\"@id\":\"https:\/\/nitu.mx\/index.php\/2017\/11\/16\/best-day-travel-group-nombra-enrique-salas-executive-vice-president\/#breadcrumb\"},\"inLanguage\":\"es-MX\",\"potentialAction\":[{\"@type\":\"ReadAction\",\"target\":[\"https:\/\/nitu.mx\/index.php\/2017\/11\/16\/best-day-travel-group-nombra-enrique-salas-executive-vice-president\/\"]}]},{\"@type\":\"ImageObject\",\"inLanguage\":\"es-MX\",\"@id\":\"https:\/\/nitu.mx\/index.php\/2017\/11\/16\/best-day-travel-group-nombra-enrique-salas-executive-vice-president\/#primaryimage\",\"url\":\"https:\/\/nitu.mx\/wp-content\/uploads\/2017\/11\/enrique-salas-best-day.jpg\",\"contentUrl\":\"https:\/\/nitu.mx\/wp-content\/uploads\/2017\/11\/enrique-salas-best-day.jpg\",\"width\":850,\"height\":480,\"caption\":\"enrique salas best day\"},{\"@type\":\"BreadcrumbList\",\"@id\":\"https:\/\/nitu.mx\/index.php\/2017\/11\/16\/best-day-travel-group-nombra-enrique-salas-executive-vice-president\/#breadcrumb\",\"itemListElement\":[{\"@type\":\"ListItem\",\"position\":1,\"name\":\"Inicio\",\"item\":\"https:\/\/nitu.mx\/\"},{\"@type\":\"ListItem\",\"position\":2,\"name\":\"Best Day Travel Group nombra a Enrique Salas como Executive Vice President\"}]},{\"@type\":\"WebSite\",\"@id\":\"https:\/\/nitu.mx\/#website\",\"url\":\"https:\/\/nitu.mx\/\",\"name\":\"Nitu - Noticias de la Industria Turistica\",\"description\":\"Noticias de la Industria Turistica\",\"publisher\":{\"@id\":\"https:\/\/nitu.mx\/#\/schema\/person\/ae7a53426417292d3dd07b45a33e01bc\"},\"alternateName\":\"Noticias de la Industria Turistica\",\"potentialAction\":[{\"@type\":\"SearchAction\",\"target\":{\"@type\":\"EntryPoint\",\"urlTemplate\":\"https:\/\/nitu.mx\/?s={search_term_string}\"},\"query-input\":\"required name=search_term_string\"}],\"inLanguage\":\"es-MX\"},{\"@type\":[\"Person\",\"Organization\"],\"@id\":\"https:\/\/nitu.mx\/#\/schema\/person\/ae7a53426417292d3dd07b45a33e01bc\",\"name\":\"Arturo Medina\",\"image\":{\"@type\":\"ImageObject\",\"inLanguage\":\"es-MX\",\"@id\":\"https:\/\/nitu.mx\/#\/schema\/person\/image\/\",\"url\":\"https:\/\/nitu.mx\/wp-content\/uploads\/2024\/04\/4A315622-1904-4D5C-B022-878CDC840E04-90x90-1.jpeg\",\"contentUrl\":\"https:\/\/nitu.mx\/wp-content\/uploads\/2024\/04\/4A315622-1904-4D5C-B022-878CDC840E04-90x90-1.jpeg\",\"width\":90,\"height\":90,\"caption\":\"Arturo Medina\"},\"logo\":{\"@id\":\"https:\/\/nitu.mx\/#\/schema\/person\/image\/\"},\"description\":\"Director NITU.mx, Egresado de la Escuela de Periodismo Carlos Septi\u00e9n Garc\u00eda. Periodista y analista especializado en turismo desde hace 35 a\u00f1os, radicado en Canc\u00fan Q.Roo. arturo@nitu.mx\",\"sameAs\":[\"https:\/\/nitu.mx\",\"https:\/\/www.facebook.com\/NITUmx\/\",\"medinacancun\",\"https:\/\/twitter.com\/@Arturo_Medina_G\"]},{\"@type\":\"Person\",\"@id\":\"https:\/\/nitu.mx\/#\/schema\/person\/4a28fe9bd65924f7c90623773daf1b0b\",\"name\":\"Redacci\u00f3n\",\"image\":{\"@type\":\"ImageObject\",\"inLanguage\":\"es-MX\",\"@id\":\"https:\/\/nitu.mx\/#\/schema\/person\/image\/\",\"url\":\"https:\/\/secure.gravatar.com\/avatar\/5dd011c8ccfc5cd7e4c81e42252aab38?s=96&d=mm&r=g\",\"contentUrl\":\"https:\/\/secure.gravatar.com\/avatar\/5dd011c8ccfc5cd7e4c81e42252aab38?s=96&d=mm&r=g\",\"caption\":\"Redacci\u00f3n\"},\"url\":\"https:\/\/nitu.mx\/index.php\/author\/redaccion\/\"}]}<\/script>\n<!-- \/ Yoast SEO plugin. -->","yoast_head_json":{"title":"Best Day Travel Group nombra a Enrique Salas como Executive Vice President - Nitu - Noticias de la Industria Turistica","description":"Best Day Travel Group anunci\u00f3 el nombramiento de Enrique Salas, como vicepresidente Ejecutivo (EVP, por sus siglas en ingl\u00e9s) de su corporativo.","robots":{"index":"index","follow":"follow","max-snippet":"max-snippet:-1","max-image-preview":"max-image-preview:large","max-video-preview":"max-video-preview:-1"},"canonical":"https:\/\/nitu.mx\/index.php\/2017\/11\/16\/best-day-travel-group-nombra-enrique-salas-executive-vice-president\/","twitter_card":"summary_large_image","twitter_title":"Best Day Travel Group nombra a Enrique Salas como Executive Vice President - Nitu - Noticias de la Industria Turistica","twitter_description":"Best Day Travel Group anunci\u00f3 el nombramiento de Enrique Salas, como vicepresidente Ejecutivo (EVP, por sus siglas en ingl\u00e9s) de su corporativo.","twitter_image":"https:\/\/nitu.mx\/wp-content\/uploads\/2017\/11\/enrique-salas-best-day.jpg","twitter_creator":"@NITUmx","twitter_site":"@Arturo_Medina_G","twitter_misc":{"Escrito por":"Redacci\u00f3n","Tiempo de lectura":"1 minuto"},"schema":{"@context":"https:\/\/schema.org","@graph":[{"@type":"Article","@id":"https:\/\/nitu.mx\/index.php\/2017\/11\/16\/best-day-travel-group-nombra-enrique-salas-executive-vice-president\/#article","isPartOf":{"@id":"https:\/\/nitu.mx\/index.php\/2017\/11\/16\/best-day-travel-group-nombra-enrique-salas-executive-vice-president\/"},"author":{"name":"Redacci\u00f3n","@id":"https:\/\/nitu.mx\/#\/schema\/person\/4a28fe9bd65924f7c90623773daf1b0b"},"headline":"Best Day Travel Group nombra a Enrique Salas como Executive Vice President","datePublished":"2017-11-16T16:04:43+00:00","dateModified":"2017-11-17T06:37:57+00:00","mainEntityOfPage":{"@id":"https:\/\/nitu.mx\/index.php\/2017\/11\/16\/best-day-travel-group-nombra-enrique-salas-executive-vice-president\/"},"wordCount":245,"commentCount":0,"publisher":{"@id":"https:\/\/nitu.mx\/#\/schema\/person\/ae7a53426417292d3dd07b45a33e01bc"},"image":{"@id":"https:\/\/nitu.mx\/index.php\/2017\/11\/16\/best-day-travel-group-nombra-enrique-salas-executive-vice-president\/#primaryimage"},"thumbnailUrl":"https:\/\/nitu.mx\/wp-content\/uploads\/2017\/11\/enrique-salas-best-day.jpg","keywords":["Best Day Travel Group","Christian Kremers","Enrique Salas","George Washington University","Licenciatura en Ciencias Econ\u00f3micas y Empresariales","Stevens Institute of Technologies"],"articleSection":["Agencias de Viajes","M\u00e9xico"],"inLanguage":"es-MX","potentialAction":[{"@type":"CommentAction","name":"Comment","target":["https:\/\/nitu.mx\/index.php\/2017\/11\/16\/best-day-travel-group-nombra-enrique-salas-executive-vice-president\/#respond"]}]},{"@type":"WebPage","@id":"https:\/\/nitu.mx\/index.php\/2017\/11\/16\/best-day-travel-group-nombra-enrique-salas-executive-vice-president\/","url":"https:\/\/nitu.mx\/index.php\/2017\/11\/16\/best-day-travel-group-nombra-enrique-salas-executive-vice-president\/","name":"Best Day Travel Group nombra a Enrique Salas como Executive Vice President - Nitu - Noticias de la Industria Turistica","isPartOf":{"@id":"https:\/\/nitu.mx\/#website"},"primaryImageOfPage":{"@id":"https:\/\/nitu.mx\/index.php\/2017\/11\/16\/best-day-travel-group-nombra-enrique-salas-executive-vice-president\/#primaryimage"},"image":{"@id":"https:\/\/nitu.mx\/index.php\/2017\/11\/16\/best-day-travel-group-nombra-enrique-salas-executive-vice-president\/#primaryimage"},"thumbnailUrl":"https:\/\/nitu.mx\/wp-content\/uploads\/2017\/11\/enrique-salas-best-day.jpg","datePublished":"2017-11-16T16:04:43+00:00","dateModified":"2017-11-17T06:37:57+00:00","description":"Best Day Travel Group anunci\u00f3 el nombramiento de Enrique Salas, como vicepresidente Ejecutivo (EVP, por sus siglas en ingl\u00e9s) de su corporativo.","breadcrumb":{"@id":"https:\/\/nitu.mx\/index.php\/2017\/11\/16\/best-day-travel-group-nombra-enrique-salas-executive-vice-president\/#breadcrumb"},"inLanguage":"es-MX","potentialAction":[{"@type":"ReadAction","target":["https:\/\/nitu.mx\/index.php\/2017\/11\/16\/best-day-travel-group-nombra-enrique-salas-executive-vice-president\/"]}]},{"@type":"ImageObject","inLanguage":"es-MX","@id":"https:\/\/nitu.mx\/index.php\/2017\/11\/16\/best-day-travel-group-nombra-enrique-salas-executive-vice-president\/#primaryimage","url":"https:\/\/nitu.mx\/wp-content\/uploads\/2017\/11\/enrique-salas-best-day.jpg","contentUrl":"https:\/\/nitu.mx\/wp-content\/uploads\/2017\/11\/enrique-salas-best-day.jpg","width":850,"height":480,"caption":"enrique salas best day"},{"@type":"BreadcrumbList","@id":"https:\/\/nitu.mx\/index.php\/2017\/11\/16\/best-day-travel-group-nombra-enrique-salas-executive-vice-president\/#breadcrumb","itemListElement":[{"@type":"ListItem","position":1,"name":"Inicio","item":"https:\/\/nitu.mx\/"},{"@type":"ListItem","position":2,"name":"Best Day Travel Group nombra a Enrique Salas como Executive Vice President"}]},{"@type":"WebSite","@id":"https:\/\/nitu.mx\/#website","url":"https:\/\/nitu.mx\/","name":"Nitu - Noticias de la Industria Turistica","description":"Noticias de la Industria Turistica","publisher":{"@id":"https:\/\/nitu.mx\/#\/schema\/person\/ae7a53426417292d3dd07b45a33e01bc"},"alternateName":"Noticias de la Industria Turistica","potentialAction":[{"@type":"SearchAction","target":{"@type":"EntryPoint","urlTemplate":"https:\/\/nitu.mx\/?s={search_term_string}"},"query-input":"required name=search_term_string"}],"inLanguage":"es-MX"},{"@type":["Person","Organization"],"@id":"https:\/\/nitu.mx\/#\/schema\/person\/ae7a53426417292d3dd07b45a33e01bc","name":"Arturo Medina","image":{"@type":"ImageObject","inLanguage":"es-MX","@id":"https:\/\/nitu.mx\/#\/schema\/person\/image\/","url":"https:\/\/nitu.mx\/wp-content\/uploads\/2024\/04\/4A315622-1904-4D5C-B022-878CDC840E04-90x90-1.jpeg","contentUrl":"https:\/\/nitu.mx\/wp-content\/uploads\/2024\/04\/4A315622-1904-4D5C-B022-878CDC840E04-90x90-1.jpeg","width":90,"height":90,"caption":"Arturo Medina"},"logo":{"@id":"https:\/\/nitu.mx\/#\/schema\/person\/image\/"},"description":"Director NITU.mx, Egresado de la Escuela de Periodismo Carlos Septi\u00e9n Garc\u00eda. Periodista y analista especializado en turismo desde hace 35 a\u00f1os, radicado en Canc\u00fan Q.Roo. arturo@nitu.mx","sameAs":["https:\/\/nitu.mx","https:\/\/www.facebook.com\/NITUmx\/","medinacancun","https:\/\/twitter.com\/@Arturo_Medina_G"]},{"@type":"Person","@id":"https:\/\/nitu.mx\/#\/schema\/person\/4a28fe9bd65924f7c90623773daf1b0b","name":"Redacci\u00f3n","image":{"@type":"ImageObject","inLanguage":"es-MX","@id":"https:\/\/nitu.mx\/#\/schema\/person\/image\/","url":"https:\/\/secure.gravatar.com\/avatar\/5dd011c8ccfc5cd7e4c81e42252aab38?s=96&d=mm&r=g","contentUrl":"https:\/\/secure.gravatar.com\/avatar\/5dd011c8ccfc5cd7e4c81e42252aab38?s=96&d=mm&r=g","caption":"Redacci\u00f3n"},"url":"https:\/\/nitu.mx\/index.php\/author\/redaccion\/"}]}},"views":257,"_links":{"self":[{"href":"https:\/\/nitu.mx\/index.php\/wp-json\/wp\/v2\/posts\/14821"}],"collection":[{"href":"https:\/\/nitu.mx\/index.php\/wp-json\/wp\/v2\/posts"}],"about":[{"href":"https:\/\/nitu.mx\/index.php\/wp-json\/wp\/v2\/types\/post"}],"author":[{"embeddable":true,"href":"https:\/\/nitu.mx\/index.php\/wp-json\/wp\/v2\/users\/17"}],"replies":[{"embeddable":true,"href":"https:\/\/nitu.mx\/index.php\/wp-json\/wp\/v2\/comments?post=14821"}],"version-history":[{"count":3,"href":"https:\/\/nitu.mx\/index.php\/wp-json\/wp\/v2\/posts\/14821\/revisions"}],"predecessor-version":[{"id":14841,"href":"https:\/\/nitu.mx\/index.php\/wp-json\/wp\/v2\/posts\/14821\/revisions\/14841"}],"wp:featuredmedia":[{"embeddable":true,"href":"https:\/\/nitu.mx\/index.php\/wp-json\/wp\/v2\/media\/14865"}],"wp:attachment":[{"href":"https:\/\/nitu.mx\/index.php\/wp-json\/wp\/v2\/media?parent=14821"}],"wp:term":[{"taxonomy":"category","embeddable":true,"href":"https:\/\/nitu.mx\/index.php\/wp-json\/wp\/v2\/categories?post=14821"},{"taxonomy":"post_tag","embeddable":true,"href":"https:\/\/nitu.mx\/index.php\/wp-json\/wp\/v2\/tags?post=14821"}],"curies":[{"name":"wp","href":"https:\/\/api.w.org\/{rel}","templated":true}]}}