{"id":14817,"date":"2017-11-16T22:51:34","date_gmt":"2017-11-17T03:51:34","guid":{"rendered":"http:\/\/www.dev.nitu.mx\/?p=14817"},"modified":"2017-11-17T01:19:44","modified_gmt":"2017-11-17T06:19:44","slug":"aerolineas-responsables-de-mas-de-4-mil-800-cancelaciones-de-vuelos-entre-enero-y-marzo","status":"publish","type":"post","link":"https:\/\/nitu.mx\/index.php\/2017\/11\/16\/aerolineas-responsables-de-mas-de-4-mil-800-cancelaciones-de-vuelos-entre-enero-y-marzo\/","title":{"rendered":"Aerol\u00edneas responsables de m\u00e1s de 4 mil 800 cancelaciones de vuelos entre enero y marzo"},"content":{"rendered":"<p>La Secretar\u00eda de Comunicaciones y Transportes (SCT) report\u00f3 que durante el primer trimestre del a\u00f1o, 76.2 por ciento de las cancelaciones de las operaciones en el Aeropuerto Internacional de la Ciudad de M\u00e9xico (AICM) fueron responsabilidad de las propias aerol\u00edneas.<\/p>\n<p>En respuesta a una solicitud de informaci\u00f3n elaborada por la C\u00e1mara Alta, la dependencia federal report\u00f3 que de enero a marzo de 2017 hubieron 81 mil 978 operaciones, de la cuales fueron canceladas 6 mil 388. El n\u00famero total de operaci\u00f3n con cancelaci\u00f3n imputable a la aerol\u00ednea es de 4\u00a0mil 871, precisa.<\/p>\n<p>Volaris es una de las firmas con mayor n\u00famero de operaciones y cancelaciones. En enero registr\u00f3 858 cancelaciones,\u00a0 de las cuales 724 se le pueden imputar. En febrero el n\u00famero de cancelaciones fue de 723, de las que 644 le son atribuibles. Para marzo la proporci\u00f3n fue de 537 cancelaciones y se le endosan 410.\u00a0(<a title=\"Viva Aerobus y Magnicharters las aerol\u00edneas m\u00e1s impuntuales en M\u00e9xico\" href=\"http:\/\/www.dev.nitu.mx\/index.php\/2017\/11\/12\/viva-aerobus-y-magnicharters-las-aerolineas-mas-impuntuales-en-mexico\/\" rel=\"bookmark\">Viva Aerobus y Magnicharters las aerol\u00edneas m\u00e1s impuntuales en M\u00e9xico<\/a>).<\/p>\n<p>Durante el primer trimestre, Aerolitoral suspendi\u00f3 1 mil 157 vuelos, de los cuales, 637 le son atribuibles. Aeromar, por su parte, pospuso 974 vuelos durante enero, febrero y marzo; de los cuales 935 le son imputables.<\/p>\n<p>Otra de las aerol\u00edneas medidas fue Aerom\u00e9xico, la cual durante ese periodo cancel\u00f3 684 operaciones y son responsables de 431 de ellas. Interjet en tanto, anul\u00f3 en esos tres meses 672 y se le imputan 525.<\/p>\n<p>De acuerdo con la informaci\u00f3n de la SCT, los motivos de las suspensiones se debe a factores como operaciones de la aerol\u00ednea, mantenimiento de aeronaves, problemas de tripulaci\u00f3n, baja demanda, cesiones a la Comisi\u00f3n Federal de Competencia Econ\u00f3mica (Cofece), eventos meteorol\u00f3gicos, entre otros. Con informaci\u00f3n: El Economista.\u00a0(<a title=\"DGAC publica reglas del juego en retrasos de vuelos\" href=\"http:\/\/www.dev.nitu.mx\/index.php\/2017\/10\/26\/dgac-publica-reglas-del-juego-en-retrasos-de-vuelos\/\" rel=\"bookmark\">DGAC publica reglas del juego en retrasos de vuelos<\/a>).<\/p>\n","protected":false},"excerpt":{"rendered":"<p>La Secretar\u00eda de Comunicaciones y Transportes (SCT) report\u00f3 que durante el primer trimestre del a\u00f1o, 76.2 por ciento de las cancelaciones de las operaciones en el Aeropuerto Internacional de la Ciudad de M\u00e9xico (AICM) fueron responsabilidad de las propias aerol\u00edneas. En respuesta a una solicitud de informaci\u00f3n elaborada por la C\u00e1mara Alta, la dependencia federal [&hellip;]<\/p>\n","protected":false},"author":17,"featured_media":7574,"comment_status":"open","ping_status":"open","sticky":false,"template":"","format":"standard","meta":{"footnotes":""},"categories":[29,6],"tags":[6662,473,30,536,294,6663,172,253,131],"yoast_head":"<!-- This site is optimized with the Yoast SEO plugin v22.2 - https:\/\/yoast.com\/wordpress\/plugins\/seo\/ -->\n<title>Aerol\u00edneas responsables de m\u00e1s de 4 mil 800 cancelaciones de vuelos entre enero y marzo - Nitu - Noticias de la Industria Turistica<\/title>\n<meta name=\"description\" content=\"La SCT report\u00f3 que durante el primer trimestre del a\u00f1o, 76.2% de las cancelaciones de vuelos en el AICM fueron responsabilidad de las propias aerol\u00edneas.\" \/>\n<meta name=\"robots\" content=\"index, follow, max-snippet:-1, max-image-preview:large, max-video-preview:-1\" \/>\n<link rel=\"canonical\" href=\"https:\/\/nitu.mx\/index.php\/2017\/11\/16\/aerolineas-responsables-de-mas-de-4-mil-800-cancelaciones-de-vuelos-entre-enero-y-marzo\/\" \/>\n<meta name=\"twitter:card\" content=\"summary_large_image\" \/>\n<meta name=\"twitter:title\" content=\"Aerol\u00edneas responsables de m\u00e1s de 4 mil 800 cancelaciones de vuelos entre enero y marzo - Nitu - Noticias de la Industria Turistica\" \/>\n<meta name=\"twitter:description\" content=\"La SCT report\u00f3 que durante el primer trimestre del a\u00f1o, 76.2% de las cancelaciones de vuelos en el AICM fueron responsabilidad de las propias aerol\u00edneas.\" \/>\n<meta name=\"twitter:image\" content=\"https:\/\/nitu.mx\/wp-content\/uploads\/2017\/03\/aicm-slots.jpg\" \/>\n<meta name=\"twitter:creator\" content=\"@NITUmx\" \/>\n<meta name=\"twitter:site\" content=\"@Arturo_Medina_G\" \/>\n<meta name=\"twitter:label1\" content=\"Escrito por\" \/>\n\t<meta name=\"twitter:data1\" content=\"Redacci\u00f3n\" \/>\n\t<meta name=\"twitter:label2\" content=\"Tiempo de lectura\" \/>\n\t<meta name=\"twitter:data2\" content=\"1 minuto\" \/>\n<script type=\"application\/ld+json\" class=\"yoast-schema-graph\">{\"@context\":\"https:\/\/schema.org\",\"@graph\":[{\"@type\":\"Article\",\"@id\":\"https:\/\/nitu.mx\/index.php\/2017\/11\/16\/aerolineas-responsables-de-mas-de-4-mil-800-cancelaciones-de-vuelos-entre-enero-y-marzo\/#article\",\"isPartOf\":{\"@id\":\"https:\/\/nitu.mx\/index.php\/2017\/11\/16\/aerolineas-responsables-de-mas-de-4-mil-800-cancelaciones-de-vuelos-entre-enero-y-marzo\/\"},\"author\":{\"name\":\"Redacci\u00f3n\",\"@id\":\"https:\/\/nitu.mx\/#\/schema\/person\/4a28fe9bd65924f7c90623773daf1b0b\"},\"headline\":\"Aerol\u00edneas responsables de m\u00e1s de 4 mil 800 cancelaciones de vuelos entre enero y marzo\",\"datePublished\":\"2017-11-17T03:51:34+00:00\",\"dateModified\":\"2017-11-17T06:19:44+00:00\",\"mainEntityOfPage\":{\"@id\":\"https:\/\/nitu.mx\/index.php\/2017\/11\/16\/aerolineas-responsables-de-mas-de-4-mil-800-cancelaciones-de-vuelos-entre-enero-y-marzo\/\"},\"wordCount\":303,\"commentCount\":0,\"publisher\":{\"@id\":\"https:\/\/nitu.mx\/#\/schema\/person\/ae7a53426417292d3dd07b45a33e01bc\"},\"image\":{\"@id\":\"https:\/\/nitu.mx\/index.php\/2017\/11\/16\/aerolineas-responsables-de-mas-de-4-mil-800-cancelaciones-de-vuelos-entre-enero-y-marzo\/#primaryimage\"},\"thumbnailUrl\":\"https:\/\/nitu.mx\/wp-content\/uploads\/2017\/03\/aicm-slots.jpg\",\"keywords\":[\"Aerolitoral\",\"Aeromar\",\"Aerom\u00e9xico\",\"Aeropuerto Internacional de la Ciudad de M\u00e9xico\",\"AICM\",\"cancelaciones\",\"Interjet\",\"Secretar\u00eda de Comunicaciones y Transportes\",\"Volaris\"],\"articleSection\":[\"Aerol\u00edneas\",\"M\u00e9xico\"],\"inLanguage\":\"es-MX\",\"potentialAction\":[{\"@type\":\"CommentAction\",\"name\":\"Comment\",\"target\":[\"https:\/\/nitu.mx\/index.php\/2017\/11\/16\/aerolineas-responsables-de-mas-de-4-mil-800-cancelaciones-de-vuelos-entre-enero-y-marzo\/#respond\"]}]},{\"@type\":\"WebPage\",\"@id\":\"https:\/\/nitu.mx\/index.php\/2017\/11\/16\/aerolineas-responsables-de-mas-de-4-mil-800-cancelaciones-de-vuelos-entre-enero-y-marzo\/\",\"url\":\"https:\/\/nitu.mx\/index.php\/2017\/11\/16\/aerolineas-responsables-de-mas-de-4-mil-800-cancelaciones-de-vuelos-entre-enero-y-marzo\/\",\"name\":\"Aerol\u00edneas responsables de m\u00e1s de 4 mil 800 cancelaciones de vuelos entre enero y marzo - Nitu - Noticias de la Industria Turistica\",\"isPartOf\":{\"@id\":\"https:\/\/nitu.mx\/#website\"},\"primaryImageOfPage\":{\"@id\":\"https:\/\/nitu.mx\/index.php\/2017\/11\/16\/aerolineas-responsables-de-mas-de-4-mil-800-cancelaciones-de-vuelos-entre-enero-y-marzo\/#primaryimage\"},\"image\":{\"@id\":\"https:\/\/nitu.mx\/index.php\/2017\/11\/16\/aerolineas-responsables-de-mas-de-4-mil-800-cancelaciones-de-vuelos-entre-enero-y-marzo\/#primaryimage\"},\"thumbnailUrl\":\"https:\/\/nitu.mx\/wp-content\/uploads\/2017\/03\/aicm-slots.jpg\",\"datePublished\":\"2017-11-17T03:51:34+00:00\",\"dateModified\":\"2017-11-17T06:19:44+00:00\",\"description\":\"La SCT report\u00f3 que durante el primer trimestre del a\u00f1o, 76.2% de las cancelaciones de vuelos en el AICM fueron responsabilidad de las propias aerol\u00edneas.\",\"breadcrumb\":{\"@id\":\"https:\/\/nitu.mx\/index.php\/2017\/11\/16\/aerolineas-responsables-de-mas-de-4-mil-800-cancelaciones-de-vuelos-entre-enero-y-marzo\/#breadcrumb\"},\"inLanguage\":\"es-MX\",\"potentialAction\":[{\"@type\":\"ReadAction\",\"target\":[\"https:\/\/nitu.mx\/index.php\/2017\/11\/16\/aerolineas-responsables-de-mas-de-4-mil-800-cancelaciones-de-vuelos-entre-enero-y-marzo\/\"]}]},{\"@type\":\"ImageObject\",\"inLanguage\":\"es-MX\",\"@id\":\"https:\/\/nitu.mx\/index.php\/2017\/11\/16\/aerolineas-responsables-de-mas-de-4-mil-800-cancelaciones-de-vuelos-entre-enero-y-marzo\/#primaryimage\",\"url\":\"https:\/\/nitu.mx\/wp-content\/uploads\/2017\/03\/aicm-slots.jpg\",\"contentUrl\":\"https:\/\/nitu.mx\/wp-content\/uploads\/2017\/03\/aicm-slots.jpg\",\"width\":850,\"height\":480,\"caption\":\"AICM SCT IATA DGAC cofece, convenio bilateral cancelaciones Canaero\"},{\"@type\":\"BreadcrumbList\",\"@id\":\"https:\/\/nitu.mx\/index.php\/2017\/11\/16\/aerolineas-responsables-de-mas-de-4-mil-800-cancelaciones-de-vuelos-entre-enero-y-marzo\/#breadcrumb\",\"itemListElement\":[{\"@type\":\"ListItem\",\"position\":1,\"name\":\"Inicio\",\"item\":\"https:\/\/nitu.mx\/\"},{\"@type\":\"ListItem\",\"position\":2,\"name\":\"Aerol\u00edneas responsables de m\u00e1s de 4 mil 800 cancelaciones de vuelos entre enero y marzo\"}]},{\"@type\":\"WebSite\",\"@id\":\"https:\/\/nitu.mx\/#website\",\"url\":\"https:\/\/nitu.mx\/\",\"name\":\"Nitu - Noticias de la Industria Turistica\",\"description\":\"Noticias de la Industria Turistica\",\"publisher\":{\"@id\":\"https:\/\/nitu.mx\/#\/schema\/person\/ae7a53426417292d3dd07b45a33e01bc\"},\"alternateName\":\"Noticias de la Industria Turistica\",\"potentialAction\":[{\"@type\":\"SearchAction\",\"target\":{\"@type\":\"EntryPoint\",\"urlTemplate\":\"https:\/\/nitu.mx\/?s={search_term_string}\"},\"query-input\":\"required name=search_term_string\"}],\"inLanguage\":\"es-MX\"},{\"@type\":[\"Person\",\"Organization\"],\"@id\":\"https:\/\/nitu.mx\/#\/schema\/person\/ae7a53426417292d3dd07b45a33e01bc\",\"name\":\"Arturo Medina\",\"image\":{\"@type\":\"ImageObject\",\"inLanguage\":\"es-MX\",\"@id\":\"https:\/\/nitu.mx\/#\/schema\/person\/image\/\",\"url\":\"https:\/\/nitu.mx\/wp-content\/uploads\/2024\/04\/4A315622-1904-4D5C-B022-878CDC840E04-90x90-1.jpeg\",\"contentUrl\":\"https:\/\/nitu.mx\/wp-content\/uploads\/2024\/04\/4A315622-1904-4D5C-B022-878CDC840E04-90x90-1.jpeg\",\"width\":90,\"height\":90,\"caption\":\"Arturo Medina\"},\"logo\":{\"@id\":\"https:\/\/nitu.mx\/#\/schema\/person\/image\/\"},\"description\":\"Director NITU.mx, Egresado de la Escuela de Periodismo Carlos Septi\u00e9n Garc\u00eda. Periodista y analista especializado en turismo desde hace 35 a\u00f1os, radicado en Canc\u00fan Q.Roo. arturo@nitu.mx\",\"sameAs\":[\"https:\/\/nitu.mx\",\"https:\/\/www.facebook.com\/NITUmx\/\",\"medinacancun\",\"https:\/\/twitter.com\/@Arturo_Medina_G\"]},{\"@type\":\"Person\",\"@id\":\"https:\/\/nitu.mx\/#\/schema\/person\/4a28fe9bd65924f7c90623773daf1b0b\",\"name\":\"Redacci\u00f3n\",\"image\":{\"@type\":\"ImageObject\",\"inLanguage\":\"es-MX\",\"@id\":\"https:\/\/nitu.mx\/#\/schema\/person\/image\/\",\"url\":\"https:\/\/secure.gravatar.com\/avatar\/5dd011c8ccfc5cd7e4c81e42252aab38?s=96&d=mm&r=g\",\"contentUrl\":\"https:\/\/secure.gravatar.com\/avatar\/5dd011c8ccfc5cd7e4c81e42252aab38?s=96&d=mm&r=g\",\"caption\":\"Redacci\u00f3n\"},\"url\":\"https:\/\/nitu.mx\/index.php\/author\/redaccion\/\"}]}<\/script>\n<!-- \/ Yoast SEO plugin. -->","yoast_head_json":{"title":"Aerol\u00edneas responsables de m\u00e1s de 4 mil 800 cancelaciones de vuelos entre enero y marzo - Nitu - Noticias de la Industria Turistica","description":"La SCT report\u00f3 que durante el primer trimestre del a\u00f1o, 76.2% de las cancelaciones de vuelos en el AICM fueron responsabilidad de las propias aerol\u00edneas.","robots":{"index":"index","follow":"follow","max-snippet":"max-snippet:-1","max-image-preview":"max-image-preview:large","max-video-preview":"max-video-preview:-1"},"canonical":"https:\/\/nitu.mx\/index.php\/2017\/11\/16\/aerolineas-responsables-de-mas-de-4-mil-800-cancelaciones-de-vuelos-entre-enero-y-marzo\/","twitter_card":"summary_large_image","twitter_title":"Aerol\u00edneas responsables de m\u00e1s de 4 mil 800 cancelaciones de vuelos entre enero y marzo - Nitu - Noticias de la Industria Turistica","twitter_description":"La SCT report\u00f3 que durante el primer trimestre del a\u00f1o, 76.2% de las cancelaciones de vuelos en el AICM fueron responsabilidad de las propias aerol\u00edneas.","twitter_image":"https:\/\/nitu.mx\/wp-content\/uploads\/2017\/03\/aicm-slots.jpg","twitter_creator":"@NITUmx","twitter_site":"@Arturo_Medina_G","twitter_misc":{"Escrito por":"Redacci\u00f3n","Tiempo de lectura":"1 minuto"},"schema":{"@context":"https:\/\/schema.org","@graph":[{"@type":"Article","@id":"https:\/\/nitu.mx\/index.php\/2017\/11\/16\/aerolineas-responsables-de-mas-de-4-mil-800-cancelaciones-de-vuelos-entre-enero-y-marzo\/#article","isPartOf":{"@id":"https:\/\/nitu.mx\/index.php\/2017\/11\/16\/aerolineas-responsables-de-mas-de-4-mil-800-cancelaciones-de-vuelos-entre-enero-y-marzo\/"},"author":{"name":"Redacci\u00f3n","@id":"https:\/\/nitu.mx\/#\/schema\/person\/4a28fe9bd65924f7c90623773daf1b0b"},"headline":"Aerol\u00edneas responsables de m\u00e1s de 4 mil 800 cancelaciones de vuelos entre enero y marzo","datePublished":"2017-11-17T03:51:34+00:00","dateModified":"2017-11-17T06:19:44+00:00","mainEntityOfPage":{"@id":"https:\/\/nitu.mx\/index.php\/2017\/11\/16\/aerolineas-responsables-de-mas-de-4-mil-800-cancelaciones-de-vuelos-entre-enero-y-marzo\/"},"wordCount":303,"commentCount":0,"publisher":{"@id":"https:\/\/nitu.mx\/#\/schema\/person\/ae7a53426417292d3dd07b45a33e01bc"},"image":{"@id":"https:\/\/nitu.mx\/index.php\/2017\/11\/16\/aerolineas-responsables-de-mas-de-4-mil-800-cancelaciones-de-vuelos-entre-enero-y-marzo\/#primaryimage"},"thumbnailUrl":"https:\/\/nitu.mx\/wp-content\/uploads\/2017\/03\/aicm-slots.jpg","keywords":["Aerolitoral","Aeromar","Aerom\u00e9xico","Aeropuerto Internacional de la Ciudad de M\u00e9xico","AICM","cancelaciones","Interjet","Secretar\u00eda de Comunicaciones y Transportes","Volaris"],"articleSection":["Aerol\u00edneas","M\u00e9xico"],"inLanguage":"es-MX","potentialAction":[{"@type":"CommentAction","name":"Comment","target":["https:\/\/nitu.mx\/index.php\/2017\/11\/16\/aerolineas-responsables-de-mas-de-4-mil-800-cancelaciones-de-vuelos-entre-enero-y-marzo\/#respond"]}]},{"@type":"WebPage","@id":"https:\/\/nitu.mx\/index.php\/2017\/11\/16\/aerolineas-responsables-de-mas-de-4-mil-800-cancelaciones-de-vuelos-entre-enero-y-marzo\/","url":"https:\/\/nitu.mx\/index.php\/2017\/11\/16\/aerolineas-responsables-de-mas-de-4-mil-800-cancelaciones-de-vuelos-entre-enero-y-marzo\/","name":"Aerol\u00edneas responsables de m\u00e1s de 4 mil 800 cancelaciones de vuelos entre enero y marzo - Nitu - Noticias de la Industria Turistica","isPartOf":{"@id":"https:\/\/nitu.mx\/#website"},"primaryImageOfPage":{"@id":"https:\/\/nitu.mx\/index.php\/2017\/11\/16\/aerolineas-responsables-de-mas-de-4-mil-800-cancelaciones-de-vuelos-entre-enero-y-marzo\/#primaryimage"},"image":{"@id":"https:\/\/nitu.mx\/index.php\/2017\/11\/16\/aerolineas-responsables-de-mas-de-4-mil-800-cancelaciones-de-vuelos-entre-enero-y-marzo\/#primaryimage"},"thumbnailUrl":"https:\/\/nitu.mx\/wp-content\/uploads\/2017\/03\/aicm-slots.jpg","datePublished":"2017-11-17T03:51:34+00:00","dateModified":"2017-11-17T06:19:44+00:00","description":"La SCT report\u00f3 que durante el primer trimestre del a\u00f1o, 76.2% de las cancelaciones de vuelos en el AICM fueron responsabilidad de las propias aerol\u00edneas.","breadcrumb":{"@id":"https:\/\/nitu.mx\/index.php\/2017\/11\/16\/aerolineas-responsables-de-mas-de-4-mil-800-cancelaciones-de-vuelos-entre-enero-y-marzo\/#breadcrumb"},"inLanguage":"es-MX","potentialAction":[{"@type":"ReadAction","target":["https:\/\/nitu.mx\/index.php\/2017\/11\/16\/aerolineas-responsables-de-mas-de-4-mil-800-cancelaciones-de-vuelos-entre-enero-y-marzo\/"]}]},{"@type":"ImageObject","inLanguage":"es-MX","@id":"https:\/\/nitu.mx\/index.php\/2017\/11\/16\/aerolineas-responsables-de-mas-de-4-mil-800-cancelaciones-de-vuelos-entre-enero-y-marzo\/#primaryimage","url":"https:\/\/nitu.mx\/wp-content\/uploads\/2017\/03\/aicm-slots.jpg","contentUrl":"https:\/\/nitu.mx\/wp-content\/uploads\/2017\/03\/aicm-slots.jpg","width":850,"height":480,"caption":"AICM SCT IATA DGAC cofece, convenio bilateral cancelaciones Canaero"},{"@type":"BreadcrumbList","@id":"https:\/\/nitu.mx\/index.php\/2017\/11\/16\/aerolineas-responsables-de-mas-de-4-mil-800-cancelaciones-de-vuelos-entre-enero-y-marzo\/#breadcrumb","itemListElement":[{"@type":"ListItem","position":1,"name":"Inicio","item":"https:\/\/nitu.mx\/"},{"@type":"ListItem","position":2,"name":"Aerol\u00edneas responsables de m\u00e1s de 4 mil 800 cancelaciones de vuelos entre enero y marzo"}]},{"@type":"WebSite","@id":"https:\/\/nitu.mx\/#website","url":"https:\/\/nitu.mx\/","name":"Nitu - Noticias de la Industria Turistica","description":"Noticias de la Industria Turistica","publisher":{"@id":"https:\/\/nitu.mx\/#\/schema\/person\/ae7a53426417292d3dd07b45a33e01bc"},"alternateName":"Noticias de la Industria Turistica","potentialAction":[{"@type":"SearchAction","target":{"@type":"EntryPoint","urlTemplate":"https:\/\/nitu.mx\/?s={search_term_string}"},"query-input":"required name=search_term_string"}],"inLanguage":"es-MX"},{"@type":["Person","Organization"],"@id":"https:\/\/nitu.mx\/#\/schema\/person\/ae7a53426417292d3dd07b45a33e01bc","name":"Arturo Medina","image":{"@type":"ImageObject","inLanguage":"es-MX","@id":"https:\/\/nitu.mx\/#\/schema\/person\/image\/","url":"https:\/\/nitu.mx\/wp-content\/uploads\/2024\/04\/4A315622-1904-4D5C-B022-878CDC840E04-90x90-1.jpeg","contentUrl":"https:\/\/nitu.mx\/wp-content\/uploads\/2024\/04\/4A315622-1904-4D5C-B022-878CDC840E04-90x90-1.jpeg","width":90,"height":90,"caption":"Arturo Medina"},"logo":{"@id":"https:\/\/nitu.mx\/#\/schema\/person\/image\/"},"description":"Director NITU.mx, Egresado de la Escuela de Periodismo Carlos Septi\u00e9n Garc\u00eda. Periodista y analista especializado en turismo desde hace 35 a\u00f1os, radicado en Canc\u00fan Q.Roo. arturo@nitu.mx","sameAs":["https:\/\/nitu.mx","https:\/\/www.facebook.com\/NITUmx\/","medinacancun","https:\/\/twitter.com\/@Arturo_Medina_G"]},{"@type":"Person","@id":"https:\/\/nitu.mx\/#\/schema\/person\/4a28fe9bd65924f7c90623773daf1b0b","name":"Redacci\u00f3n","image":{"@type":"ImageObject","inLanguage":"es-MX","@id":"https:\/\/nitu.mx\/#\/schema\/person\/image\/","url":"https:\/\/secure.gravatar.com\/avatar\/5dd011c8ccfc5cd7e4c81e42252aab38?s=96&d=mm&r=g","contentUrl":"https:\/\/secure.gravatar.com\/avatar\/5dd011c8ccfc5cd7e4c81e42252aab38?s=96&d=mm&r=g","caption":"Redacci\u00f3n"},"url":"https:\/\/nitu.mx\/index.php\/author\/redaccion\/"}]}},"views":242,"_links":{"self":[{"href":"https:\/\/nitu.mx\/index.php\/wp-json\/wp\/v2\/posts\/14817"}],"collection":[{"href":"https:\/\/nitu.mx\/index.php\/wp-json\/wp\/v2\/posts"}],"about":[{"href":"https:\/\/nitu.mx\/index.php\/wp-json\/wp\/v2\/types\/post"}],"author":[{"embeddable":true,"href":"https:\/\/nitu.mx\/index.php\/wp-json\/wp\/v2\/users\/17"}],"replies":[{"embeddable":true,"href":"https:\/\/nitu.mx\/index.php\/wp-json\/wp\/v2\/comments?post=14817"}],"version-history":[{"count":5,"href":"https:\/\/nitu.mx\/index.php\/wp-json\/wp\/v2\/posts\/14817\/revisions"}],"predecessor-version":[{"id":14840,"href":"https:\/\/nitu.mx\/index.php\/wp-json\/wp\/v2\/posts\/14817\/revisions\/14840"}],"wp:featuredmedia":[{"embeddable":true,"href":"https:\/\/nitu.mx\/index.php\/wp-json\/wp\/v2\/media\/7574"}],"wp:attachment":[{"href":"https:\/\/nitu.mx\/index.php\/wp-json\/wp\/v2\/media?parent=14817"}],"wp:term":[{"taxonomy":"category","embeddable":true,"href":"https:\/\/nitu.mx\/index.php\/wp-json\/wp\/v2\/categories?post=14817"},{"taxonomy":"post_tag","embeddable":true,"href":"https:\/\/nitu.mx\/index.php\/wp-json\/wp\/v2\/tags?post=14817"}],"curies":[{"name":"wp","href":"https:\/\/api.w.org\/{rel}","templated":true}]}}