{"id":14784,"date":"2017-11-16T00:56:04","date_gmt":"2017-11-16T05:56:04","guid":{"rendered":"http:\/\/www.dev.nitu.mx\/?p=14784"},"modified":"2017-11-16T01:22:01","modified_gmt":"2017-11-16T06:22:01","slug":"paradisus-playa-del-carmen-nombra-jindrich-stipek-director-ab","status":"publish","type":"post","link":"https:\/\/nitu.mx\/index.php\/2017\/11\/16\/paradisus-playa-del-carmen-nombra-jindrich-stipek-director-ab\/","title":{"rendered":"Paradisus Playa del Carmen nombra a Jindrich Stipek como Director de A&#038;B"},"content":{"rendered":"<p>Paradisus Playa del Carmen La Perla &amp; La Esmeralda anunci\u00f3 la incorporaci\u00f3n de Jindrich Stipek a su gran equipo de colaboradores como su nuevo Director de Alimentos y Bebidas.<\/p>\n<p>Jindrich Stipek cuenta con una din\u00e1mica y mete\u00f3rica trayectoria de 17 a\u00f1os en la industria tur\u00edstica en donde ha cimentado una exitosa carrera profesional en prestigiados hoteles y restaurantes de la Rep\u00fablica Checa, Costa Rica, Panam\u00e1, Rep\u00fablica Dominicana y ahora M\u00e9xico.<\/p>\n<p>Recientemente ocup\u00f3 el puesto de Director de Alimentos y Bebidas del hotel Paradisus Palma Real by Meli\u00e1 en B\u00e1varo, Punta Cana, Rep\u00fablica Dominicana en la que tuvo a su cargo la operaci\u00f3n de 13 restaurantes y 16 bares del resort vacacional con est\u00e1ndares de calidad de Cuatro Diamantes de la AAA.<\/p>\n<p>De nacionalidad checa\/costarricense, Jindrich Stipek es egresado de la Escuela de Hoteler\u00eda e Instituto Superior de Hoteler\u00eda y Turismo de la Rep\u00fablica Checa, con especializaci\u00f3n en Administraci\u00f3n de Alimentos y Bebidas de la Universidad Latina \u2013 American Hotel &amp; Lodging Educational Institute.<\/p>\n<p>En el 2000 inici\u00f3 en Praga su experiencia laboral en el \u00e1rea de alimentos y bebidas y de servicio al cliente en feudos gastron\u00f3micos como Mlynec 2000 Gourmet, CervenaTabulka, Belle Epoque, U Schnellu y el hotel Hilton. En Costa Rica continu\u00f3 refinando su desempe\u00f1o operativo y administrativo en establecimientos como el Restaurante 1910, los hoteles Villa Playa Samara, Tryp Corobici, Meli\u00e1 Cariari, Crowne Plaza Corobici, Villa Ambiente, Thunderbirdresorts Fiesta Casinos y Hotel Alta. En Panam\u00e1 ocup\u00f3 el puesto de Gerente de Operaciones del Hotel Coral Lodge.<\/p>\n<p>Ha participado en una gran cantidad de cursos acad\u00e9micos, pr\u00e1cticas especializadas en diversos hoteles de renombre internacional y domina cuatro idiomas como el checo, ingl\u00e9s, alem\u00e1n y espa\u00f1ol. (<a title=\"Paradisus Playa del Carmen recauda 100 mil pesos para fundaci\u00f3n\" href=\"http:\/\/www.dev.nitu.mx\/index.php\/2017\/10\/01\/paradisus-playa-del-carmen-recauda-100-mil-pesos-para-fundacion\/\" rel=\"bookmark\">Paradisus Playa del Carmen recauda 100 mil pesos para fundaci\u00f3n<\/a>).<\/p>\n<p>Con su caudal de conocimiento, habilidades y experiencia en el campo profesional, Paradisus Playa del Carmen La Perla &amp; La Esmeralda garantiza con la incorporaci\u00f3n de Jindrich Stipek su compromiso por seguir ofreciendo a sus hu\u00e9spedes y visitantes experiencias gastron\u00f3micas excepcionales en sus 14 restaurantes de cocina internacional, incluyendo el multipremiado Restaurante Passion by Mart\u00edn Berasategui.<\/p>\n","protected":false},"excerpt":{"rendered":"<p>Paradisus Playa del Carmen La Perla &amp; La Esmeralda anunci\u00f3 la incorporaci\u00f3n de Jindrich Stipek a su gran equipo de colaboradores como su nuevo Director de Alimentos y Bebidas. Jindrich Stipek cuenta con una din\u00e1mica y mete\u00f3rica trayectoria de 17 a\u00f1os en la industria tur\u00edstica en donde ha cimentado una exitosa carrera profesional en prestigiados [&hellip;]<\/p>\n","protected":false},"author":17,"featured_media":13535,"comment_status":"open","ping_status":"open","sticky":false,"template":"","format":"standard","meta":{"footnotes":""},"categories":[5,2],"tags":[1421,6650,68,1260,1274,1382,80],"yoast_head":"<!-- This site is optimized with the Yoast SEO plugin v22.2 - https:\/\/yoast.com\/wordpress\/plugins\/seo\/ -->\n<title>Paradisus Playa del Carmen nombra a Jindrich Stipek como Director de A&amp;B - Nitu - Noticias de la Industria Turistica<\/title>\n<meta name=\"description\" content=\"Paradisus Playa del Carmen La Perla &amp; La Esmeralda anunci\u00f3 la incorporaci\u00f3n de Jindrich Stipek como su nuevo Director de Alimentos y Bebidas.\" \/>\n<meta name=\"robots\" content=\"index, follow, max-snippet:-1, max-image-preview:large, max-video-preview:-1\" \/>\n<link rel=\"canonical\" href=\"https:\/\/nitu.mx\/index.php\/2017\/11\/16\/paradisus-playa-del-carmen-nombra-jindrich-stipek-director-ab\/\" \/>\n<meta name=\"twitter:card\" content=\"summary_large_image\" \/>\n<meta name=\"twitter:title\" content=\"Paradisus Playa del Carmen nombra a Jindrich Stipek como Director de A&amp;B - Nitu - Noticias de la Industria Turistica\" \/>\n<meta name=\"twitter:description\" content=\"Paradisus Playa del Carmen La Perla &amp; La Esmeralda anunci\u00f3 la incorporaci\u00f3n de Jindrich Stipek como su nuevo Director de Alimentos y Bebidas.\" \/>\n<meta name=\"twitter:image\" content=\"https:\/\/nitu.mx\/wp-content\/uploads\/2017\/10\/Paradisus-Playa-del-Carmen.jpg\" \/>\n<meta name=\"twitter:creator\" content=\"@NITUmx\" \/>\n<meta name=\"twitter:site\" content=\"@Arturo_Medina_G\" \/>\n<meta name=\"twitter:label1\" content=\"Escrito por\" \/>\n\t<meta name=\"twitter:data1\" content=\"Redacci\u00f3n\" \/>\n\t<meta name=\"twitter:label2\" content=\"Tiempo de lectura\" \/>\n\t<meta name=\"twitter:data2\" content=\"2 minutos\" \/>\n<script type=\"application\/ld+json\" class=\"yoast-schema-graph\">{\"@context\":\"https:\/\/schema.org\",\"@graph\":[{\"@type\":\"Article\",\"@id\":\"https:\/\/nitu.mx\/index.php\/2017\/11\/16\/paradisus-playa-del-carmen-nombra-jindrich-stipek-director-ab\/#article\",\"isPartOf\":{\"@id\":\"https:\/\/nitu.mx\/index.php\/2017\/11\/16\/paradisus-playa-del-carmen-nombra-jindrich-stipek-director-ab\/\"},\"author\":{\"name\":\"Redacci\u00f3n\",\"@id\":\"https:\/\/nitu.mx\/#\/schema\/person\/4a28fe9bd65924f7c90623773daf1b0b\"},\"headline\":\"Paradisus Playa del Carmen nombra a Jindrich Stipek como Director de A&#038;B\",\"datePublished\":\"2017-11-16T05:56:04+00:00\",\"dateModified\":\"2017-11-16T06:22:01+00:00\",\"mainEntityOfPage\":{\"@id\":\"https:\/\/nitu.mx\/index.php\/2017\/11\/16\/paradisus-playa-del-carmen-nombra-jindrich-stipek-director-ab\/\"},\"wordCount\":377,\"commentCount\":0,\"publisher\":{\"@id\":\"https:\/\/nitu.mx\/#\/schema\/person\/ae7a53426417292d3dd07b45a33e01bc\"},\"image\":{\"@id\":\"https:\/\/nitu.mx\/index.php\/2017\/11\/16\/paradisus-playa-del-carmen-nombra-jindrich-stipek-director-ab\/#primaryimage\"},\"thumbnailUrl\":\"https:\/\/nitu.mx\/wp-content\/uploads\/2017\/10\/Paradisus-Playa-del-Carmen.jpg\",\"keywords\":[\"Costa Rica\",\"Jindrich Stipek\",\"M\u00e9xico\",\"Panam\u00e1\",\"rep\u00fablica Checa\",\"Rep\u00fablica Dominicana\",\"Riviera Maya\"],\"articleSection\":[\"Destinos\",\"Hoteles\"],\"inLanguage\":\"es-MX\",\"potentialAction\":[{\"@type\":\"CommentAction\",\"name\":\"Comment\",\"target\":[\"https:\/\/nitu.mx\/index.php\/2017\/11\/16\/paradisus-playa-del-carmen-nombra-jindrich-stipek-director-ab\/#respond\"]}]},{\"@type\":\"WebPage\",\"@id\":\"https:\/\/nitu.mx\/index.php\/2017\/11\/16\/paradisus-playa-del-carmen-nombra-jindrich-stipek-director-ab\/\",\"url\":\"https:\/\/nitu.mx\/index.php\/2017\/11\/16\/paradisus-playa-del-carmen-nombra-jindrich-stipek-director-ab\/\",\"name\":\"Paradisus Playa del Carmen nombra a Jindrich Stipek como Director de A&B - Nitu - Noticias de la Industria Turistica\",\"isPartOf\":{\"@id\":\"https:\/\/nitu.mx\/#website\"},\"primaryImageOfPage\":{\"@id\":\"https:\/\/nitu.mx\/index.php\/2017\/11\/16\/paradisus-playa-del-carmen-nombra-jindrich-stipek-director-ab\/#primaryimage\"},\"image\":{\"@id\":\"https:\/\/nitu.mx\/index.php\/2017\/11\/16\/paradisus-playa-del-carmen-nombra-jindrich-stipek-director-ab\/#primaryimage\"},\"thumbnailUrl\":\"https:\/\/nitu.mx\/wp-content\/uploads\/2017\/10\/Paradisus-Playa-del-Carmen.jpg\",\"datePublished\":\"2017-11-16T05:56:04+00:00\",\"dateModified\":\"2017-11-16T06:22:01+00:00\",\"description\":\"Paradisus Playa del Carmen La Perla & La Esmeralda anunci\u00f3 la incorporaci\u00f3n de Jindrich Stipek como su nuevo Director de Alimentos y Bebidas.\",\"breadcrumb\":{\"@id\":\"https:\/\/nitu.mx\/index.php\/2017\/11\/16\/paradisus-playa-del-carmen-nombra-jindrich-stipek-director-ab\/#breadcrumb\"},\"inLanguage\":\"es-MX\",\"potentialAction\":[{\"@type\":\"ReadAction\",\"target\":[\"https:\/\/nitu.mx\/index.php\/2017\/11\/16\/paradisus-playa-del-carmen-nombra-jindrich-stipek-director-ab\/\"]}]},{\"@type\":\"ImageObject\",\"inLanguage\":\"es-MX\",\"@id\":\"https:\/\/nitu.mx\/index.php\/2017\/11\/16\/paradisus-playa-del-carmen-nombra-jindrich-stipek-director-ab\/#primaryimage\",\"url\":\"https:\/\/nitu.mx\/wp-content\/uploads\/2017\/10\/Paradisus-Playa-del-Carmen.jpg\",\"contentUrl\":\"https:\/\/nitu.mx\/wp-content\/uploads\/2017\/10\/Paradisus-Playa-del-Carmen.jpg\",\"width\":850,\"height\":480,\"caption\":\"Paradisus Playa del Carmen barcelo\"},{\"@type\":\"BreadcrumbList\",\"@id\":\"https:\/\/nitu.mx\/index.php\/2017\/11\/16\/paradisus-playa-del-carmen-nombra-jindrich-stipek-director-ab\/#breadcrumb\",\"itemListElement\":[{\"@type\":\"ListItem\",\"position\":1,\"name\":\"Inicio\",\"item\":\"https:\/\/nitu.mx\/\"},{\"@type\":\"ListItem\",\"position\":2,\"name\":\"Paradisus Playa del Carmen nombra a Jindrich Stipek como Director de A&#038;B\"}]},{\"@type\":\"WebSite\",\"@id\":\"https:\/\/nitu.mx\/#website\",\"url\":\"https:\/\/nitu.mx\/\",\"name\":\"Nitu - Noticias de la Industria Turistica\",\"description\":\"Noticias de la Industria Turistica\",\"publisher\":{\"@id\":\"https:\/\/nitu.mx\/#\/schema\/person\/ae7a53426417292d3dd07b45a33e01bc\"},\"alternateName\":\"Noticias de la Industria Turistica\",\"potentialAction\":[{\"@type\":\"SearchAction\",\"target\":{\"@type\":\"EntryPoint\",\"urlTemplate\":\"https:\/\/nitu.mx\/?s={search_term_string}\"},\"query-input\":\"required name=search_term_string\"}],\"inLanguage\":\"es-MX\"},{\"@type\":[\"Person\",\"Organization\"],\"@id\":\"https:\/\/nitu.mx\/#\/schema\/person\/ae7a53426417292d3dd07b45a33e01bc\",\"name\":\"Arturo Medina\",\"image\":{\"@type\":\"ImageObject\",\"inLanguage\":\"es-MX\",\"@id\":\"https:\/\/nitu.mx\/#\/schema\/person\/image\/\",\"url\":\"https:\/\/nitu.mx\/wp-content\/uploads\/2024\/04\/4A315622-1904-4D5C-B022-878CDC840E04-90x90-1.jpeg\",\"contentUrl\":\"https:\/\/nitu.mx\/wp-content\/uploads\/2024\/04\/4A315622-1904-4D5C-B022-878CDC840E04-90x90-1.jpeg\",\"width\":90,\"height\":90,\"caption\":\"Arturo Medina\"},\"logo\":{\"@id\":\"https:\/\/nitu.mx\/#\/schema\/person\/image\/\"},\"description\":\"Director NITU.mx, Egresado de la Escuela de Periodismo Carlos Septi\u00e9n Garc\u00eda. Periodista y analista especializado en turismo desde hace 35 a\u00f1os, radicado en Canc\u00fan Q.Roo. arturo@nitu.mx\",\"sameAs\":[\"https:\/\/nitu.mx\",\"https:\/\/www.facebook.com\/NITUmx\/\",\"medinacancun\",\"https:\/\/twitter.com\/@Arturo_Medina_G\"]},{\"@type\":\"Person\",\"@id\":\"https:\/\/nitu.mx\/#\/schema\/person\/4a28fe9bd65924f7c90623773daf1b0b\",\"name\":\"Redacci\u00f3n\",\"image\":{\"@type\":\"ImageObject\",\"inLanguage\":\"es-MX\",\"@id\":\"https:\/\/nitu.mx\/#\/schema\/person\/image\/\",\"url\":\"https:\/\/secure.gravatar.com\/avatar\/5dd011c8ccfc5cd7e4c81e42252aab38?s=96&d=mm&r=g\",\"contentUrl\":\"https:\/\/secure.gravatar.com\/avatar\/5dd011c8ccfc5cd7e4c81e42252aab38?s=96&d=mm&r=g\",\"caption\":\"Redacci\u00f3n\"},\"url\":\"https:\/\/nitu.mx\/index.php\/author\/redaccion\/\"}]}<\/script>\n<!-- \/ Yoast SEO plugin. -->","yoast_head_json":{"title":"Paradisus Playa del Carmen nombra a Jindrich Stipek como Director de A&B - Nitu - Noticias de la Industria Turistica","description":"Paradisus Playa del Carmen La Perla & La Esmeralda anunci\u00f3 la incorporaci\u00f3n de Jindrich Stipek como su nuevo Director de Alimentos y Bebidas.","robots":{"index":"index","follow":"follow","max-snippet":"max-snippet:-1","max-image-preview":"max-image-preview:large","max-video-preview":"max-video-preview:-1"},"canonical":"https:\/\/nitu.mx\/index.php\/2017\/11\/16\/paradisus-playa-del-carmen-nombra-jindrich-stipek-director-ab\/","twitter_card":"summary_large_image","twitter_title":"Paradisus Playa del Carmen nombra a Jindrich Stipek como Director de A&B - Nitu - Noticias de la Industria Turistica","twitter_description":"Paradisus Playa del Carmen La Perla & La Esmeralda anunci\u00f3 la incorporaci\u00f3n de Jindrich Stipek como su nuevo Director de Alimentos y Bebidas.","twitter_image":"https:\/\/nitu.mx\/wp-content\/uploads\/2017\/10\/Paradisus-Playa-del-Carmen.jpg","twitter_creator":"@NITUmx","twitter_site":"@Arturo_Medina_G","twitter_misc":{"Escrito por":"Redacci\u00f3n","Tiempo de lectura":"2 minutos"},"schema":{"@context":"https:\/\/schema.org","@graph":[{"@type":"Article","@id":"https:\/\/nitu.mx\/index.php\/2017\/11\/16\/paradisus-playa-del-carmen-nombra-jindrich-stipek-director-ab\/#article","isPartOf":{"@id":"https:\/\/nitu.mx\/index.php\/2017\/11\/16\/paradisus-playa-del-carmen-nombra-jindrich-stipek-director-ab\/"},"author":{"name":"Redacci\u00f3n","@id":"https:\/\/nitu.mx\/#\/schema\/person\/4a28fe9bd65924f7c90623773daf1b0b"},"headline":"Paradisus Playa del Carmen nombra a Jindrich Stipek como Director de A&#038;B","datePublished":"2017-11-16T05:56:04+00:00","dateModified":"2017-11-16T06:22:01+00:00","mainEntityOfPage":{"@id":"https:\/\/nitu.mx\/index.php\/2017\/11\/16\/paradisus-playa-del-carmen-nombra-jindrich-stipek-director-ab\/"},"wordCount":377,"commentCount":0,"publisher":{"@id":"https:\/\/nitu.mx\/#\/schema\/person\/ae7a53426417292d3dd07b45a33e01bc"},"image":{"@id":"https:\/\/nitu.mx\/index.php\/2017\/11\/16\/paradisus-playa-del-carmen-nombra-jindrich-stipek-director-ab\/#primaryimage"},"thumbnailUrl":"https:\/\/nitu.mx\/wp-content\/uploads\/2017\/10\/Paradisus-Playa-del-Carmen.jpg","keywords":["Costa Rica","Jindrich Stipek","M\u00e9xico","Panam\u00e1","rep\u00fablica Checa","Rep\u00fablica Dominicana","Riviera Maya"],"articleSection":["Destinos","Hoteles"],"inLanguage":"es-MX","potentialAction":[{"@type":"CommentAction","name":"Comment","target":["https:\/\/nitu.mx\/index.php\/2017\/11\/16\/paradisus-playa-del-carmen-nombra-jindrich-stipek-director-ab\/#respond"]}]},{"@type":"WebPage","@id":"https:\/\/nitu.mx\/index.php\/2017\/11\/16\/paradisus-playa-del-carmen-nombra-jindrich-stipek-director-ab\/","url":"https:\/\/nitu.mx\/index.php\/2017\/11\/16\/paradisus-playa-del-carmen-nombra-jindrich-stipek-director-ab\/","name":"Paradisus Playa del Carmen nombra a Jindrich Stipek como Director de A&B - Nitu - Noticias de la Industria Turistica","isPartOf":{"@id":"https:\/\/nitu.mx\/#website"},"primaryImageOfPage":{"@id":"https:\/\/nitu.mx\/index.php\/2017\/11\/16\/paradisus-playa-del-carmen-nombra-jindrich-stipek-director-ab\/#primaryimage"},"image":{"@id":"https:\/\/nitu.mx\/index.php\/2017\/11\/16\/paradisus-playa-del-carmen-nombra-jindrich-stipek-director-ab\/#primaryimage"},"thumbnailUrl":"https:\/\/nitu.mx\/wp-content\/uploads\/2017\/10\/Paradisus-Playa-del-Carmen.jpg","datePublished":"2017-11-16T05:56:04+00:00","dateModified":"2017-11-16T06:22:01+00:00","description":"Paradisus Playa del Carmen La Perla & La Esmeralda anunci\u00f3 la incorporaci\u00f3n de Jindrich Stipek como su nuevo Director de Alimentos y Bebidas.","breadcrumb":{"@id":"https:\/\/nitu.mx\/index.php\/2017\/11\/16\/paradisus-playa-del-carmen-nombra-jindrich-stipek-director-ab\/#breadcrumb"},"inLanguage":"es-MX","potentialAction":[{"@type":"ReadAction","target":["https:\/\/nitu.mx\/index.php\/2017\/11\/16\/paradisus-playa-del-carmen-nombra-jindrich-stipek-director-ab\/"]}]},{"@type":"ImageObject","inLanguage":"es-MX","@id":"https:\/\/nitu.mx\/index.php\/2017\/11\/16\/paradisus-playa-del-carmen-nombra-jindrich-stipek-director-ab\/#primaryimage","url":"https:\/\/nitu.mx\/wp-content\/uploads\/2017\/10\/Paradisus-Playa-del-Carmen.jpg","contentUrl":"https:\/\/nitu.mx\/wp-content\/uploads\/2017\/10\/Paradisus-Playa-del-Carmen.jpg","width":850,"height":480,"caption":"Paradisus Playa del Carmen barcelo"},{"@type":"BreadcrumbList","@id":"https:\/\/nitu.mx\/index.php\/2017\/11\/16\/paradisus-playa-del-carmen-nombra-jindrich-stipek-director-ab\/#breadcrumb","itemListElement":[{"@type":"ListItem","position":1,"name":"Inicio","item":"https:\/\/nitu.mx\/"},{"@type":"ListItem","position":2,"name":"Paradisus Playa del Carmen nombra a Jindrich Stipek como Director de A&#038;B"}]},{"@type":"WebSite","@id":"https:\/\/nitu.mx\/#website","url":"https:\/\/nitu.mx\/","name":"Nitu - Noticias de la Industria Turistica","description":"Noticias de la Industria Turistica","publisher":{"@id":"https:\/\/nitu.mx\/#\/schema\/person\/ae7a53426417292d3dd07b45a33e01bc"},"alternateName":"Noticias de la Industria Turistica","potentialAction":[{"@type":"SearchAction","target":{"@type":"EntryPoint","urlTemplate":"https:\/\/nitu.mx\/?s={search_term_string}"},"query-input":"required name=search_term_string"}],"inLanguage":"es-MX"},{"@type":["Person","Organization"],"@id":"https:\/\/nitu.mx\/#\/schema\/person\/ae7a53426417292d3dd07b45a33e01bc","name":"Arturo Medina","image":{"@type":"ImageObject","inLanguage":"es-MX","@id":"https:\/\/nitu.mx\/#\/schema\/person\/image\/","url":"https:\/\/nitu.mx\/wp-content\/uploads\/2024\/04\/4A315622-1904-4D5C-B022-878CDC840E04-90x90-1.jpeg","contentUrl":"https:\/\/nitu.mx\/wp-content\/uploads\/2024\/04\/4A315622-1904-4D5C-B022-878CDC840E04-90x90-1.jpeg","width":90,"height":90,"caption":"Arturo Medina"},"logo":{"@id":"https:\/\/nitu.mx\/#\/schema\/person\/image\/"},"description":"Director NITU.mx, Egresado de la Escuela de Periodismo Carlos Septi\u00e9n Garc\u00eda. Periodista y analista especializado en turismo desde hace 35 a\u00f1os, radicado en Canc\u00fan Q.Roo. arturo@nitu.mx","sameAs":["https:\/\/nitu.mx","https:\/\/www.facebook.com\/NITUmx\/","medinacancun","https:\/\/twitter.com\/@Arturo_Medina_G"]},{"@type":"Person","@id":"https:\/\/nitu.mx\/#\/schema\/person\/4a28fe9bd65924f7c90623773daf1b0b","name":"Redacci\u00f3n","image":{"@type":"ImageObject","inLanguage":"es-MX","@id":"https:\/\/nitu.mx\/#\/schema\/person\/image\/","url":"https:\/\/secure.gravatar.com\/avatar\/5dd011c8ccfc5cd7e4c81e42252aab38?s=96&d=mm&r=g","contentUrl":"https:\/\/secure.gravatar.com\/avatar\/5dd011c8ccfc5cd7e4c81e42252aab38?s=96&d=mm&r=g","caption":"Redacci\u00f3n"},"url":"https:\/\/nitu.mx\/index.php\/author\/redaccion\/"}]}},"views":307,"_links":{"self":[{"href":"https:\/\/nitu.mx\/index.php\/wp-json\/wp\/v2\/posts\/14784"}],"collection":[{"href":"https:\/\/nitu.mx\/index.php\/wp-json\/wp\/v2\/posts"}],"about":[{"href":"https:\/\/nitu.mx\/index.php\/wp-json\/wp\/v2\/types\/post"}],"author":[{"embeddable":true,"href":"https:\/\/nitu.mx\/index.php\/wp-json\/wp\/v2\/users\/17"}],"replies":[{"embeddable":true,"href":"https:\/\/nitu.mx\/index.php\/wp-json\/wp\/v2\/comments?post=14784"}],"version-history":[{"count":3,"href":"https:\/\/nitu.mx\/index.php\/wp-json\/wp\/v2\/posts\/14784\/revisions"}],"predecessor-version":[{"id":14808,"href":"https:\/\/nitu.mx\/index.php\/wp-json\/wp\/v2\/posts\/14784\/revisions\/14808"}],"wp:featuredmedia":[{"embeddable":true,"href":"https:\/\/nitu.mx\/index.php\/wp-json\/wp\/v2\/media\/13535"}],"wp:attachment":[{"href":"https:\/\/nitu.mx\/index.php\/wp-json\/wp\/v2\/media?parent=14784"}],"wp:term":[{"taxonomy":"category","embeddable":true,"href":"https:\/\/nitu.mx\/index.php\/wp-json\/wp\/v2\/categories?post=14784"},{"taxonomy":"post_tag","embeddable":true,"href":"https:\/\/nitu.mx\/index.php\/wp-json\/wp\/v2\/tags?post=14784"}],"curies":[{"name":"wp","href":"https:\/\/api.w.org\/{rel}","templated":true}]}}