{"id":14778,"date":"2017-11-16T00:44:31","date_gmt":"2017-11-16T05:44:31","guid":{"rendered":"http:\/\/www.dev.nitu.mx\/?p=14778"},"modified":"2017-11-16T01:13:47","modified_gmt":"2017-11-16T06:13:47","slug":"naufragio-de-catamaran-en-cozumel-con-95-turistas-alemanes-a-bordo-todos-sanos-y-salvos","status":"publish","type":"post","link":"https:\/\/nitu.mx\/index.php\/2017\/11\/16\/naufragio-de-catamaran-en-cozumel-con-95-turistas-alemanes-a-bordo-todos-sanos-y-salvos\/","title":{"rendered":"Naufraga catamar\u00e1n en Cozumel con turistas alemanes, todos sanos y salvos"},"content":{"rendered":"<p>Embarcaci\u00f3n con 96 pasajeros alemanes y un beb\u00e9, as\u00ed como unos 10 tripulantes que se dirig\u00eda hacia la Isla de la Pasi\u00f3n, al norte de Cozumel, naufrag\u00f3 la ma\u00f1ana de este mi\u00e9rcoles por la zona hotelera norte, por lo que tuvo que ser auxiliada por personal de varios hoteles y otras embarcaciones.<\/p>\n<p>Los hechos ocurrieron aproximadamente a las 9:30 de la ma\u00f1ana, y lancheros de embarcaciones particulares, trabajadores de hoteles y otros establecimientos acudieron al lugar y rescataron sanos y salvos, uno a uno a los 97 pasajeros alemanes que rentaron los servicios del catamar\u00e1n con destino a la Isla de la Pasi\u00f3n.<\/p>\n<p>Los alemanes llegaron a Cozumel a bordo del crucero &#8220;Main Schiff 6&#8221;,\u00a0 el cual atrac\u00f3 en el muelle de Punta Langosta.<\/p>\n<p>Los motores del catamar\u00e1n \u201cMazu\u201d, con matr\u00edcula 23041629343, fallaron a mitad de camino rumbo a Isla de la Pasi\u00f3n hacia donde llevaban a turistas provenientes de un crucero.\u00a0(<a title=\"Se consolida Cozumel en 2017 como el puerto tur\u00edstico n\u00famero uno del mundo\" href=\"http:\/\/www.dev.nitu.mx\/index.php\/2017\/10\/22\/se-consolida-cozumel-en-2017-como-el-puerto-turistico-numero-uno-del-mundo\/\" rel=\"bookmark\">Se consolida Cozumel en 2017 como el puerto tur\u00edstico n\u00famero uno del mundo<\/a>).<\/p>\n<p>Algunos de los pasajeros se\u00f1alaron que de repente, la embarcaci\u00f3n empez\u00f3 a tener problemas y uno de los tripulantes les dijo que estaba fallando la bomba de achique del motor, hasta que se apag\u00f3<\/p>\n<p>Dijeron desconocer por qu\u00e9 empez\u00f3 a entrar agua, y r\u00e1pidamente fueron arrastrados hacia altamar y el oleaje hizo que comenzara a zozobrar. Lancheros particulares, de servicios tur\u00edsticos de buceo, hoteles, deportes extremo y de pesca, acudieron al lugar y, despu\u00e9s de 20 minutos de maniobras, evacuaron a todos, tanto tripulantes como pasajeros. En tanto, el catamar\u00e1n parcialmente sumergido fue remolcado por otra embarcaci\u00f3n de la empresa Aquaworld a una marina seca.<\/p>\n<p>Los visitantes proven\u00edan del barco \u201cMain Schiff 6\u201d que atrac\u00f3 esta ma\u00f1ana en Punta Langosta, y hab\u00edan contratado un tour con la empresa \u201cIsla de la Pasi\u00f3n\u201d para ser llevados al lugar del mismo nombre, abordando para ello esta embarcaci\u00f3n, desde el muelle Aldora.<\/p>\n<p>Fue hacia este lugar donde fueron llevados los alemanes por las distintas embarcaciones despu\u00e9s de su rescate. Aunque hab\u00eda una ambulancia en el lugar, nadie requiri\u00f3 atenci\u00f3n m\u00e9dica, pero dijeron que sufrieron momentos de p\u00e1nico.<\/p>\n<p>Un acorazado de la Marina de M\u00e9xico acudi\u00f3 al lugar del incidente pero no intervino, pues ya se hab\u00eda realizado el rescate. Inspectores de Capitan\u00eda de Puerto no acudieron al muelle a verificar el estado de los pasajeros o investigar lo ocurrido. Un ciudadano atestigu\u00f3 los hechos y lo transmiti\u00f3 a trav\u00e9s de un v\u00eddeo en redes sociales. (Con informaci\u00f3n de Noticaribe).<\/p>\n","protected":false},"excerpt":{"rendered":"<p>Embarcaci\u00f3n con 96 pasajeros alemanes y un beb\u00e9, as\u00ed como unos 10 tripulantes que se dirig\u00eda hacia la Isla de la Pasi\u00f3n, al norte de Cozumel, naufrag\u00f3 la ma\u00f1ana de este mi\u00e9rcoles por la zona hotelera norte, por lo que tuvo que ser auxiliada por personal de varios hoteles y otras embarcaciones. Los hechos ocurrieron [&hellip;]<\/p>\n","protected":false},"author":17,"featured_media":14806,"comment_status":"open","ping_status":"open","sticky":false,"template":"","format":"standard","meta":{"footnotes":""},"categories":[5,6],"tags":[6646,6641,110,6642,6643,6644,6640,6645],"yoast_head":"<!-- This site is optimized with the Yoast SEO plugin v22.2 - https:\/\/yoast.com\/wordpress\/plugins\/seo\/ -->\n<title>Naufraga catamar\u00e1n en Cozumel con turistas alemanes, todos sanos y salvos - Nitu - Noticias de la Industria Turistica<\/title>\n<meta name=\"description\" content=\"Embarcaci\u00f3n con 96 pasajeros alemanes y un beb\u00e9, que se dirig\u00eda hacia la Isla de la Pasi\u00f3n, al norte de Cozumel, naufrag\u00f3 la ma\u00f1ana de este mi\u00e9rcoles.\" \/>\n<meta name=\"robots\" content=\"index, follow, max-snippet:-1, max-image-preview:large, max-video-preview:-1\" \/>\n<link rel=\"canonical\" href=\"https:\/\/nitu.mx\/index.php\/2017\/11\/16\/naufragio-de-catamaran-en-cozumel-con-95-turistas-alemanes-a-bordo-todos-sanos-y-salvos\/\" \/>\n<meta name=\"twitter:card\" content=\"summary_large_image\" \/>\n<meta name=\"twitter:title\" content=\"Naufraga catamar\u00e1n en Cozumel con turistas alemanes, todos sanos y salvos - Nitu - Noticias de la Industria Turistica\" \/>\n<meta name=\"twitter:description\" content=\"Embarcaci\u00f3n con 96 pasajeros alemanes y un beb\u00e9, que se dirig\u00eda hacia la Isla de la Pasi\u00f3n, al norte de Cozumel, naufrag\u00f3 la ma\u00f1ana de este mi\u00e9rcoles.\" \/>\n<meta name=\"twitter:image\" content=\"https:\/\/nitu.mx\/wp-content\/uploads\/2017\/11\/NAUFRAGIO-EN-COZUMEL.jpg\" \/>\n<meta name=\"twitter:creator\" content=\"@NITUmx\" \/>\n<meta name=\"twitter:site\" content=\"@Arturo_Medina_G\" \/>\n<meta name=\"twitter:label1\" content=\"Escrito por\" \/>\n\t<meta name=\"twitter:data1\" content=\"Redacci\u00f3n\" \/>\n\t<meta name=\"twitter:label2\" content=\"Tiempo de lectura\" \/>\n\t<meta name=\"twitter:data2\" content=\"2 minutos\" \/>\n<script type=\"application\/ld+json\" class=\"yoast-schema-graph\">{\"@context\":\"https:\/\/schema.org\",\"@graph\":[{\"@type\":\"Article\",\"@id\":\"https:\/\/nitu.mx\/index.php\/2017\/11\/16\/naufragio-de-catamaran-en-cozumel-con-95-turistas-alemanes-a-bordo-todos-sanos-y-salvos\/#article\",\"isPartOf\":{\"@id\":\"https:\/\/nitu.mx\/index.php\/2017\/11\/16\/naufragio-de-catamaran-en-cozumel-con-95-turistas-alemanes-a-bordo-todos-sanos-y-salvos\/\"},\"author\":{\"name\":\"Redacci\u00f3n\",\"@id\":\"https:\/\/nitu.mx\/#\/schema\/person\/4a28fe9bd65924f7c90623773daf1b0b\"},\"headline\":\"Naufraga catamar\u00e1n en Cozumel con turistas alemanes, todos sanos y salvos\",\"datePublished\":\"2017-11-16T05:44:31+00:00\",\"dateModified\":\"2017-11-16T06:13:47+00:00\",\"mainEntityOfPage\":{\"@id\":\"https:\/\/nitu.mx\/index.php\/2017\/11\/16\/naufragio-de-catamaran-en-cozumel-con-95-turistas-alemanes-a-bordo-todos-sanos-y-salvos\/\"},\"wordCount\":450,\"commentCount\":0,\"publisher\":{\"@id\":\"https:\/\/nitu.mx\/#\/schema\/person\/ae7a53426417292d3dd07b45a33e01bc\"},\"image\":{\"@id\":\"https:\/\/nitu.mx\/index.php\/2017\/11\/16\/naufragio-de-catamaran-en-cozumel-con-95-turistas-alemanes-a-bordo-todos-sanos-y-salvos\/#primaryimage\"},\"thumbnailUrl\":\"https:\/\/nitu.mx\/wp-content\/uploads\/2017\/11\/NAUFRAGIO-EN-COZUMEL.jpg\",\"keywords\":[\"Aquaworld\",\"catamar\u00e1n \u201cMazu\u201d\",\"Cozumel\",\"crucero \u201cMain Schiff 6\u201d\",\"Isla de la Pasi\u00f3n\",\"muelle de Punta Langosta\",\"Naufragio\",\"turistas alemanes\"],\"articleSection\":[\"Destinos\",\"M\u00e9xico\"],\"inLanguage\":\"es-MX\",\"potentialAction\":[{\"@type\":\"CommentAction\",\"name\":\"Comment\",\"target\":[\"https:\/\/nitu.mx\/index.php\/2017\/11\/16\/naufragio-de-catamaran-en-cozumel-con-95-turistas-alemanes-a-bordo-todos-sanos-y-salvos\/#respond\"]}]},{\"@type\":\"WebPage\",\"@id\":\"https:\/\/nitu.mx\/index.php\/2017\/11\/16\/naufragio-de-catamaran-en-cozumel-con-95-turistas-alemanes-a-bordo-todos-sanos-y-salvos\/\",\"url\":\"https:\/\/nitu.mx\/index.php\/2017\/11\/16\/naufragio-de-catamaran-en-cozumel-con-95-turistas-alemanes-a-bordo-todos-sanos-y-salvos\/\",\"name\":\"Naufraga catamar\u00e1n en Cozumel con turistas alemanes, todos sanos y salvos - Nitu - Noticias de la Industria Turistica\",\"isPartOf\":{\"@id\":\"https:\/\/nitu.mx\/#website\"},\"primaryImageOfPage\":{\"@id\":\"https:\/\/nitu.mx\/index.php\/2017\/11\/16\/naufragio-de-catamaran-en-cozumel-con-95-turistas-alemanes-a-bordo-todos-sanos-y-salvos\/#primaryimage\"},\"image\":{\"@id\":\"https:\/\/nitu.mx\/index.php\/2017\/11\/16\/naufragio-de-catamaran-en-cozumel-con-95-turistas-alemanes-a-bordo-todos-sanos-y-salvos\/#primaryimage\"},\"thumbnailUrl\":\"https:\/\/nitu.mx\/wp-content\/uploads\/2017\/11\/NAUFRAGIO-EN-COZUMEL.jpg\",\"datePublished\":\"2017-11-16T05:44:31+00:00\",\"dateModified\":\"2017-11-16T06:13:47+00:00\",\"description\":\"Embarcaci\u00f3n con 96 pasajeros alemanes y un beb\u00e9, que se dirig\u00eda hacia la Isla de la Pasi\u00f3n, al norte de Cozumel, naufrag\u00f3 la ma\u00f1ana de este mi\u00e9rcoles.\",\"breadcrumb\":{\"@id\":\"https:\/\/nitu.mx\/index.php\/2017\/11\/16\/naufragio-de-catamaran-en-cozumel-con-95-turistas-alemanes-a-bordo-todos-sanos-y-salvos\/#breadcrumb\"},\"inLanguage\":\"es-MX\",\"potentialAction\":[{\"@type\":\"ReadAction\",\"target\":[\"https:\/\/nitu.mx\/index.php\/2017\/11\/16\/naufragio-de-catamaran-en-cozumel-con-95-turistas-alemanes-a-bordo-todos-sanos-y-salvos\/\"]}]},{\"@type\":\"ImageObject\",\"inLanguage\":\"es-MX\",\"@id\":\"https:\/\/nitu.mx\/index.php\/2017\/11\/16\/naufragio-de-catamaran-en-cozumel-con-95-turistas-alemanes-a-bordo-todos-sanos-y-salvos\/#primaryimage\",\"url\":\"https:\/\/nitu.mx\/wp-content\/uploads\/2017\/11\/NAUFRAGIO-EN-COZUMEL.jpg\",\"contentUrl\":\"https:\/\/nitu.mx\/wp-content\/uploads\/2017\/11\/NAUFRAGIO-EN-COZUMEL.jpg\",\"width\":850,\"height\":480,\"caption\":\"Cozumel\"},{\"@type\":\"BreadcrumbList\",\"@id\":\"https:\/\/nitu.mx\/index.php\/2017\/11\/16\/naufragio-de-catamaran-en-cozumel-con-95-turistas-alemanes-a-bordo-todos-sanos-y-salvos\/#breadcrumb\",\"itemListElement\":[{\"@type\":\"ListItem\",\"position\":1,\"name\":\"Inicio\",\"item\":\"https:\/\/nitu.mx\/\"},{\"@type\":\"ListItem\",\"position\":2,\"name\":\"Naufraga catamar\u00e1n en Cozumel con turistas alemanes, todos sanos y salvos\"}]},{\"@type\":\"WebSite\",\"@id\":\"https:\/\/nitu.mx\/#website\",\"url\":\"https:\/\/nitu.mx\/\",\"name\":\"Nitu - Noticias de la Industria Turistica\",\"description\":\"Noticias de la Industria Turistica\",\"publisher\":{\"@id\":\"https:\/\/nitu.mx\/#\/schema\/person\/ae7a53426417292d3dd07b45a33e01bc\"},\"alternateName\":\"Noticias de la Industria Turistica\",\"potentialAction\":[{\"@type\":\"SearchAction\",\"target\":{\"@type\":\"EntryPoint\",\"urlTemplate\":\"https:\/\/nitu.mx\/?s={search_term_string}\"},\"query-input\":\"required name=search_term_string\"}],\"inLanguage\":\"es-MX\"},{\"@type\":[\"Person\",\"Organization\"],\"@id\":\"https:\/\/nitu.mx\/#\/schema\/person\/ae7a53426417292d3dd07b45a33e01bc\",\"name\":\"Arturo Medina\",\"image\":{\"@type\":\"ImageObject\",\"inLanguage\":\"es-MX\",\"@id\":\"https:\/\/nitu.mx\/#\/schema\/person\/image\/\",\"url\":\"https:\/\/nitu.mx\/wp-content\/uploads\/2024\/04\/4A315622-1904-4D5C-B022-878CDC840E04-90x90-1.jpeg\",\"contentUrl\":\"https:\/\/nitu.mx\/wp-content\/uploads\/2024\/04\/4A315622-1904-4D5C-B022-878CDC840E04-90x90-1.jpeg\",\"width\":90,\"height\":90,\"caption\":\"Arturo Medina\"},\"logo\":{\"@id\":\"https:\/\/nitu.mx\/#\/schema\/person\/image\/\"},\"description\":\"Director NITU.mx, Egresado de la Escuela de Periodismo Carlos Septi\u00e9n Garc\u00eda. Periodista y analista especializado en turismo desde hace 35 a\u00f1os, radicado en Canc\u00fan Q.Roo. arturo@nitu.mx\",\"sameAs\":[\"https:\/\/nitu.mx\",\"https:\/\/www.facebook.com\/NITUmx\/\",\"medinacancun\",\"https:\/\/twitter.com\/@Arturo_Medina_G\"]},{\"@type\":\"Person\",\"@id\":\"https:\/\/nitu.mx\/#\/schema\/person\/4a28fe9bd65924f7c90623773daf1b0b\",\"name\":\"Redacci\u00f3n\",\"image\":{\"@type\":\"ImageObject\",\"inLanguage\":\"es-MX\",\"@id\":\"https:\/\/nitu.mx\/#\/schema\/person\/image\/\",\"url\":\"https:\/\/secure.gravatar.com\/avatar\/5dd011c8ccfc5cd7e4c81e42252aab38?s=96&d=mm&r=g\",\"contentUrl\":\"https:\/\/secure.gravatar.com\/avatar\/5dd011c8ccfc5cd7e4c81e42252aab38?s=96&d=mm&r=g\",\"caption\":\"Redacci\u00f3n\"},\"url\":\"https:\/\/nitu.mx\/index.php\/author\/redaccion\/\"}]}<\/script>\n<!-- \/ Yoast SEO plugin. -->","yoast_head_json":{"title":"Naufraga catamar\u00e1n en Cozumel con turistas alemanes, todos sanos y salvos - Nitu - Noticias de la Industria Turistica","description":"Embarcaci\u00f3n con 96 pasajeros alemanes y un beb\u00e9, que se dirig\u00eda hacia la Isla de la Pasi\u00f3n, al norte de Cozumel, naufrag\u00f3 la ma\u00f1ana de este mi\u00e9rcoles.","robots":{"index":"index","follow":"follow","max-snippet":"max-snippet:-1","max-image-preview":"max-image-preview:large","max-video-preview":"max-video-preview:-1"},"canonical":"https:\/\/nitu.mx\/index.php\/2017\/11\/16\/naufragio-de-catamaran-en-cozumel-con-95-turistas-alemanes-a-bordo-todos-sanos-y-salvos\/","twitter_card":"summary_large_image","twitter_title":"Naufraga catamar\u00e1n en Cozumel con turistas alemanes, todos sanos y salvos - Nitu - Noticias de la Industria Turistica","twitter_description":"Embarcaci\u00f3n con 96 pasajeros alemanes y un beb\u00e9, que se dirig\u00eda hacia la Isla de la Pasi\u00f3n, al norte de Cozumel, naufrag\u00f3 la ma\u00f1ana de este mi\u00e9rcoles.","twitter_image":"https:\/\/nitu.mx\/wp-content\/uploads\/2017\/11\/NAUFRAGIO-EN-COZUMEL.jpg","twitter_creator":"@NITUmx","twitter_site":"@Arturo_Medina_G","twitter_misc":{"Escrito por":"Redacci\u00f3n","Tiempo de lectura":"2 minutos"},"schema":{"@context":"https:\/\/schema.org","@graph":[{"@type":"Article","@id":"https:\/\/nitu.mx\/index.php\/2017\/11\/16\/naufragio-de-catamaran-en-cozumel-con-95-turistas-alemanes-a-bordo-todos-sanos-y-salvos\/#article","isPartOf":{"@id":"https:\/\/nitu.mx\/index.php\/2017\/11\/16\/naufragio-de-catamaran-en-cozumel-con-95-turistas-alemanes-a-bordo-todos-sanos-y-salvos\/"},"author":{"name":"Redacci\u00f3n","@id":"https:\/\/nitu.mx\/#\/schema\/person\/4a28fe9bd65924f7c90623773daf1b0b"},"headline":"Naufraga catamar\u00e1n en Cozumel con turistas alemanes, todos sanos y salvos","datePublished":"2017-11-16T05:44:31+00:00","dateModified":"2017-11-16T06:13:47+00:00","mainEntityOfPage":{"@id":"https:\/\/nitu.mx\/index.php\/2017\/11\/16\/naufragio-de-catamaran-en-cozumel-con-95-turistas-alemanes-a-bordo-todos-sanos-y-salvos\/"},"wordCount":450,"commentCount":0,"publisher":{"@id":"https:\/\/nitu.mx\/#\/schema\/person\/ae7a53426417292d3dd07b45a33e01bc"},"image":{"@id":"https:\/\/nitu.mx\/index.php\/2017\/11\/16\/naufragio-de-catamaran-en-cozumel-con-95-turistas-alemanes-a-bordo-todos-sanos-y-salvos\/#primaryimage"},"thumbnailUrl":"https:\/\/nitu.mx\/wp-content\/uploads\/2017\/11\/NAUFRAGIO-EN-COZUMEL.jpg","keywords":["Aquaworld","catamar\u00e1n \u201cMazu\u201d","Cozumel","crucero \u201cMain Schiff 6\u201d","Isla de la Pasi\u00f3n","muelle de Punta Langosta","Naufragio","turistas alemanes"],"articleSection":["Destinos","M\u00e9xico"],"inLanguage":"es-MX","potentialAction":[{"@type":"CommentAction","name":"Comment","target":["https:\/\/nitu.mx\/index.php\/2017\/11\/16\/naufragio-de-catamaran-en-cozumel-con-95-turistas-alemanes-a-bordo-todos-sanos-y-salvos\/#respond"]}]},{"@type":"WebPage","@id":"https:\/\/nitu.mx\/index.php\/2017\/11\/16\/naufragio-de-catamaran-en-cozumel-con-95-turistas-alemanes-a-bordo-todos-sanos-y-salvos\/","url":"https:\/\/nitu.mx\/index.php\/2017\/11\/16\/naufragio-de-catamaran-en-cozumel-con-95-turistas-alemanes-a-bordo-todos-sanos-y-salvos\/","name":"Naufraga catamar\u00e1n en Cozumel con turistas alemanes, todos sanos y salvos - Nitu - Noticias de la Industria Turistica","isPartOf":{"@id":"https:\/\/nitu.mx\/#website"},"primaryImageOfPage":{"@id":"https:\/\/nitu.mx\/index.php\/2017\/11\/16\/naufragio-de-catamaran-en-cozumel-con-95-turistas-alemanes-a-bordo-todos-sanos-y-salvos\/#primaryimage"},"image":{"@id":"https:\/\/nitu.mx\/index.php\/2017\/11\/16\/naufragio-de-catamaran-en-cozumel-con-95-turistas-alemanes-a-bordo-todos-sanos-y-salvos\/#primaryimage"},"thumbnailUrl":"https:\/\/nitu.mx\/wp-content\/uploads\/2017\/11\/NAUFRAGIO-EN-COZUMEL.jpg","datePublished":"2017-11-16T05:44:31+00:00","dateModified":"2017-11-16T06:13:47+00:00","description":"Embarcaci\u00f3n con 96 pasajeros alemanes y un beb\u00e9, que se dirig\u00eda hacia la Isla de la Pasi\u00f3n, al norte de Cozumel, naufrag\u00f3 la ma\u00f1ana de este mi\u00e9rcoles.","breadcrumb":{"@id":"https:\/\/nitu.mx\/index.php\/2017\/11\/16\/naufragio-de-catamaran-en-cozumel-con-95-turistas-alemanes-a-bordo-todos-sanos-y-salvos\/#breadcrumb"},"inLanguage":"es-MX","potentialAction":[{"@type":"ReadAction","target":["https:\/\/nitu.mx\/index.php\/2017\/11\/16\/naufragio-de-catamaran-en-cozumel-con-95-turistas-alemanes-a-bordo-todos-sanos-y-salvos\/"]}]},{"@type":"ImageObject","inLanguage":"es-MX","@id":"https:\/\/nitu.mx\/index.php\/2017\/11\/16\/naufragio-de-catamaran-en-cozumel-con-95-turistas-alemanes-a-bordo-todos-sanos-y-salvos\/#primaryimage","url":"https:\/\/nitu.mx\/wp-content\/uploads\/2017\/11\/NAUFRAGIO-EN-COZUMEL.jpg","contentUrl":"https:\/\/nitu.mx\/wp-content\/uploads\/2017\/11\/NAUFRAGIO-EN-COZUMEL.jpg","width":850,"height":480,"caption":"Cozumel"},{"@type":"BreadcrumbList","@id":"https:\/\/nitu.mx\/index.php\/2017\/11\/16\/naufragio-de-catamaran-en-cozumel-con-95-turistas-alemanes-a-bordo-todos-sanos-y-salvos\/#breadcrumb","itemListElement":[{"@type":"ListItem","position":1,"name":"Inicio","item":"https:\/\/nitu.mx\/"},{"@type":"ListItem","position":2,"name":"Naufraga catamar\u00e1n en Cozumel con turistas alemanes, todos sanos y salvos"}]},{"@type":"WebSite","@id":"https:\/\/nitu.mx\/#website","url":"https:\/\/nitu.mx\/","name":"Nitu - Noticias de la Industria Turistica","description":"Noticias de la Industria Turistica","publisher":{"@id":"https:\/\/nitu.mx\/#\/schema\/person\/ae7a53426417292d3dd07b45a33e01bc"},"alternateName":"Noticias de la Industria Turistica","potentialAction":[{"@type":"SearchAction","target":{"@type":"EntryPoint","urlTemplate":"https:\/\/nitu.mx\/?s={search_term_string}"},"query-input":"required name=search_term_string"}],"inLanguage":"es-MX"},{"@type":["Person","Organization"],"@id":"https:\/\/nitu.mx\/#\/schema\/person\/ae7a53426417292d3dd07b45a33e01bc","name":"Arturo Medina","image":{"@type":"ImageObject","inLanguage":"es-MX","@id":"https:\/\/nitu.mx\/#\/schema\/person\/image\/","url":"https:\/\/nitu.mx\/wp-content\/uploads\/2024\/04\/4A315622-1904-4D5C-B022-878CDC840E04-90x90-1.jpeg","contentUrl":"https:\/\/nitu.mx\/wp-content\/uploads\/2024\/04\/4A315622-1904-4D5C-B022-878CDC840E04-90x90-1.jpeg","width":90,"height":90,"caption":"Arturo Medina"},"logo":{"@id":"https:\/\/nitu.mx\/#\/schema\/person\/image\/"},"description":"Director NITU.mx, Egresado de la Escuela de Periodismo Carlos Septi\u00e9n Garc\u00eda. Periodista y analista especializado en turismo desde hace 35 a\u00f1os, radicado en Canc\u00fan Q.Roo. arturo@nitu.mx","sameAs":["https:\/\/nitu.mx","https:\/\/www.facebook.com\/NITUmx\/","medinacancun","https:\/\/twitter.com\/@Arturo_Medina_G"]},{"@type":"Person","@id":"https:\/\/nitu.mx\/#\/schema\/person\/4a28fe9bd65924f7c90623773daf1b0b","name":"Redacci\u00f3n","image":{"@type":"ImageObject","inLanguage":"es-MX","@id":"https:\/\/nitu.mx\/#\/schema\/person\/image\/","url":"https:\/\/secure.gravatar.com\/avatar\/5dd011c8ccfc5cd7e4c81e42252aab38?s=96&d=mm&r=g","contentUrl":"https:\/\/secure.gravatar.com\/avatar\/5dd011c8ccfc5cd7e4c81e42252aab38?s=96&d=mm&r=g","caption":"Redacci\u00f3n"},"url":"https:\/\/nitu.mx\/index.php\/author\/redaccion\/"}]}},"views":279,"_links":{"self":[{"href":"https:\/\/nitu.mx\/index.php\/wp-json\/wp\/v2\/posts\/14778"}],"collection":[{"href":"https:\/\/nitu.mx\/index.php\/wp-json\/wp\/v2\/posts"}],"about":[{"href":"https:\/\/nitu.mx\/index.php\/wp-json\/wp\/v2\/types\/post"}],"author":[{"embeddable":true,"href":"https:\/\/nitu.mx\/index.php\/wp-json\/wp\/v2\/users\/17"}],"replies":[{"embeddable":true,"href":"https:\/\/nitu.mx\/index.php\/wp-json\/wp\/v2\/comments?post=14778"}],"version-history":[{"count":3,"href":"https:\/\/nitu.mx\/index.php\/wp-json\/wp\/v2\/posts\/14778\/revisions"}],"predecessor-version":[{"id":14807,"href":"https:\/\/nitu.mx\/index.php\/wp-json\/wp\/v2\/posts\/14778\/revisions\/14807"}],"wp:featuredmedia":[{"embeddable":true,"href":"https:\/\/nitu.mx\/index.php\/wp-json\/wp\/v2\/media\/14806"}],"wp:attachment":[{"href":"https:\/\/nitu.mx\/index.php\/wp-json\/wp\/v2\/media?parent=14778"}],"wp:term":[{"taxonomy":"category","embeddable":true,"href":"https:\/\/nitu.mx\/index.php\/wp-json\/wp\/v2\/categories?post=14778"},{"taxonomy":"post_tag","embeddable":true,"href":"https:\/\/nitu.mx\/index.php\/wp-json\/wp\/v2\/tags?post=14778"}],"curies":[{"name":"wp","href":"https:\/\/api.w.org\/{rel}","templated":true}]}}