{"id":14586,"date":"2017-11-09T00:49:04","date_gmt":"2017-11-09T05:49:04","guid":{"rendered":"http:\/\/www.dev.nitu.mx\/?p=14586"},"modified":"2017-11-09T01:58:49","modified_gmt":"2017-11-09T06:58:49","slug":"air-france-klm-cerrara-2017-con-95-de-ocupacion-promedio-de-ruta-cancun-paris","status":"publish","type":"post","link":"https:\/\/nitu.mx\/index.php\/2017\/11\/09\/air-france-klm-cerrara-2017-con-95-de-ocupacion-promedio-de-ruta-cancun-paris\/","title":{"rendered":"Air France KLM cerrar\u00e1 2017 con 95% de ocupaci\u00f3n promedio de ruta Canc\u00fan-Par\u00eds"},"content":{"rendered":"<p>Air France\/KLM trabaja para seguir creciendo la presencia del grupo en el Caribe Mexicano debido a la gran importancia que tiene este destino, que cerrar\u00e1 2017 con un 95 por ciento de ocupaci\u00f3n promedio, ya que Canc\u00fan \u201ces un destino s\u00faper atractivo para los franceses, eso se refleja en que, el principal n\u00famero de pasajeros que vuelan hacia este destino son franceses\u201d, declar\u00f3 Vicente Etchebehere, director general de Air France\/KLM en M\u00e9xico.<\/p>\n<p>Desde que iniciaron las operaciones en el destino en 2011, fue un \u00e9xito, ya que a decir del directivo los franceses tienen un cari\u00f1o especial por M\u00e9xico, \u201cpero para toda la Riviera Maya en general hay una atracci\u00f3n muy, muy fuerte como ahora que la ocupaci\u00f3n promedio est\u00e1 arriba del 95 por ciento vamos a cerrar el a\u00f1o en Par\u00eds con un flujo din\u00e1mico de ambos lados\u201d, resalt\u00f3.<\/p>\n<p>Destac\u00f3 que los n\u00fameros de pasajeros mexicanos que viven en Quintana Roo y toman el vuelo Canc\u00fan-Par\u00eds creci\u00f3 much\u00edsimo este a\u00f1o.Tanto que los n\u00fameros se duplicaron entre 2016 a 2017, \u201csiempre es sano una muestra de nacionalidad de los dos destinos, pues este vuelo lo consideran la entrada a Par\u00eds a Francia y Europa\u201d, explic\u00f3.<\/p>\n<p>En 2016 la aerol\u00ednea ten\u00eda 4 frecuencias por semana Par\u00eds-Canc\u00fan-Par\u00eds, s\u00f3lo con operaci\u00f3n entre octubre y abril. Ahora en 2017 tienen operaci\u00f3n todo el a\u00f1o y empezar\u00e1n con tres frecuencias entre abril y octubre. Y a partir de este 8 de diciembre en el invierno, van a crecer hasta 5 frecuencias por semana. (<a title=\"Air France dejar\u00e1 permanente vuelo Canc\u00fan \u2013 Par\u00eds\" href=\"http:\/\/www.dev.nitu.mx\/index.php\/2017\/08\/06\/air-france-dejara-permanente-vuelo-cancun-paris\/\" rel=\"bookmark\">Air France dejar\u00e1 permanente vuelo Canc\u00fan \u2013 Par\u00eds<\/a>).<\/p>\n<p>Refiri\u00f3 que el tema de la inseguridad en Canc\u00fan, no ha afectado sus operaciones, ya que de hecho en general, no es un tema del que hablen los medios en Europa, por lo que no hay un impacto en el n\u00famero de pasajeros.<br \/>\n\u201cEn los n\u00fameros de tr\u00e1fico nos vemos una afectaci\u00f3n al turismo, ninguna bajada al contrario, nuestros vuelos nunca fueron tan llenos\u201d, acentu\u00f3.<\/p>\n","protected":false},"excerpt":{"rendered":"<p>Air France\/KLM trabaja para seguir creciendo la presencia del grupo en el Caribe Mexicano debido a la gran importancia que tiene este destino, que cerrar\u00e1 2017 con un 95 por ciento de ocupaci\u00f3n promedio, ya que Canc\u00fan \u201ces un destino s\u00faper atractivo para los franceses, eso se refleja en que, el principal n\u00famero de pasajeros [&hellip;]<\/p>\n","protected":false},"author":3,"featured_media":12010,"comment_status":"open","ping_status":"open","sticky":false,"template":"","format":"standard","meta":{"footnotes":""},"categories":[29,374],"tags":[6571,43,83,6572,68,3771,80,6573],"yoast_head":"<!-- This site is optimized with the Yoast SEO plugin v22.2 - https:\/\/yoast.com\/wordpress\/plugins\/seo\/ -->\n<title>Air France KLM cerrar\u00e1 2017 con 95% de ocupaci\u00f3n promedio de ruta Canc\u00fan-Par\u00eds - Nitu - Noticias de la Industria Turistica<\/title>\n<meta name=\"description\" content=\"Air France\/KLM ha tenido \u00e9xito con la ruta que vuela Canc\u00fan-Par\u00eds ya que cerrar\u00e1 2017 con un 95 por ciento de ocupaci\u00f3n promedio.\" \/>\n<meta name=\"robots\" content=\"index, follow, max-snippet:-1, max-image-preview:large, max-video-preview:-1\" \/>\n<link rel=\"canonical\" href=\"https:\/\/nitu.mx\/index.php\/2017\/11\/09\/air-france-klm-cerrara-2017-con-95-de-ocupacion-promedio-de-ruta-cancun-paris\/\" \/>\n<meta name=\"twitter:card\" content=\"summary_large_image\" \/>\n<meta name=\"twitter:title\" content=\"Air France KLM cerrar\u00e1 2017 con 95% de ocupaci\u00f3n promedio de ruta Canc\u00fan-Par\u00eds - Nitu - Noticias de la Industria Turistica\" \/>\n<meta name=\"twitter:description\" content=\"Air France\/KLM ha tenido \u00e9xito con la ruta que vuela Canc\u00fan-Par\u00eds ya que cerrar\u00e1 2017 con un 95 por ciento de ocupaci\u00f3n promedio.\" \/>\n<meta name=\"twitter:image\" content=\"https:\/\/nitu.mx\/wp-content\/uploads\/2017\/08\/Air-France-cancun.jpg\" \/>\n<meta name=\"twitter:creator\" content=\"@NITUmx\" \/>\n<meta name=\"twitter:site\" content=\"@Arturo_Medina_G\" \/>\n<meta name=\"twitter:label1\" content=\"Escrito por\" \/>\n\t<meta name=\"twitter:data1\" content=\"Alejandra Moncisbays\" \/>\n\t<meta name=\"twitter:label2\" content=\"Tiempo de lectura\" \/>\n\t<meta name=\"twitter:data2\" content=\"2 minutos\" \/>\n<script type=\"application\/ld+json\" class=\"yoast-schema-graph\">{\"@context\":\"https:\/\/schema.org\",\"@graph\":[{\"@type\":\"Article\",\"@id\":\"https:\/\/nitu.mx\/index.php\/2017\/11\/09\/air-france-klm-cerrara-2017-con-95-de-ocupacion-promedio-de-ruta-cancun-paris\/#article\",\"isPartOf\":{\"@id\":\"https:\/\/nitu.mx\/index.php\/2017\/11\/09\/air-france-klm-cerrara-2017-con-95-de-ocupacion-promedio-de-ruta-cancun-paris\/\"},\"author\":{\"name\":\"Alejandra Moncisbays\",\"@id\":\"https:\/\/nitu.mx\/#\/schema\/person\/2ecd887b19dfd3382d1f14fc5acf24a8\"},\"headline\":\"Air France KLM cerrar\u00e1 2017 con 95% de ocupaci\u00f3n promedio de ruta Canc\u00fan-Par\u00eds\",\"datePublished\":\"2017-11-09T05:49:04+00:00\",\"dateModified\":\"2017-11-09T06:58:49+00:00\",\"mainEntityOfPage\":{\"@id\":\"https:\/\/nitu.mx\/index.php\/2017\/11\/09\/air-france-klm-cerrara-2017-con-95-de-ocupacion-promedio-de-ruta-cancun-paris\/\"},\"wordCount\":362,\"commentCount\":0,\"publisher\":{\"@id\":\"https:\/\/nitu.mx\/#\/schema\/person\/ae7a53426417292d3dd07b45a33e01bc\"},\"image\":{\"@id\":\"https:\/\/nitu.mx\/index.php\/2017\/11\/09\/air-france-klm-cerrara-2017-con-95-de-ocupacion-promedio-de-ruta-cancun-paris\/#primaryimage\"},\"thumbnailUrl\":\"https:\/\/nitu.mx\/wp-content\/uploads\/2017\/08\/Air-France-cancun.jpg\",\"keywords\":[\"AirFrance KLM\",\"Canc\u00fan\",\"Caribe mexicano\",\"franceses\",\"M\u00e9xico\",\"pasajeros\",\"Riviera Maya\",\"Vicente Etchebehere\"],\"articleSection\":[\"Aerol\u00edneas\",\"Internacional\"],\"inLanguage\":\"es-MX\",\"potentialAction\":[{\"@type\":\"CommentAction\",\"name\":\"Comment\",\"target\":[\"https:\/\/nitu.mx\/index.php\/2017\/11\/09\/air-france-klm-cerrara-2017-con-95-de-ocupacion-promedio-de-ruta-cancun-paris\/#respond\"]}]},{\"@type\":\"WebPage\",\"@id\":\"https:\/\/nitu.mx\/index.php\/2017\/11\/09\/air-france-klm-cerrara-2017-con-95-de-ocupacion-promedio-de-ruta-cancun-paris\/\",\"url\":\"https:\/\/nitu.mx\/index.php\/2017\/11\/09\/air-france-klm-cerrara-2017-con-95-de-ocupacion-promedio-de-ruta-cancun-paris\/\",\"name\":\"Air France KLM cerrar\u00e1 2017 con 95% de ocupaci\u00f3n promedio de ruta Canc\u00fan-Par\u00eds - Nitu - Noticias de la Industria Turistica\",\"isPartOf\":{\"@id\":\"https:\/\/nitu.mx\/#website\"},\"primaryImageOfPage\":{\"@id\":\"https:\/\/nitu.mx\/index.php\/2017\/11\/09\/air-france-klm-cerrara-2017-con-95-de-ocupacion-promedio-de-ruta-cancun-paris\/#primaryimage\"},\"image\":{\"@id\":\"https:\/\/nitu.mx\/index.php\/2017\/11\/09\/air-france-klm-cerrara-2017-con-95-de-ocupacion-promedio-de-ruta-cancun-paris\/#primaryimage\"},\"thumbnailUrl\":\"https:\/\/nitu.mx\/wp-content\/uploads\/2017\/08\/Air-France-cancun.jpg\",\"datePublished\":\"2017-11-09T05:49:04+00:00\",\"dateModified\":\"2017-11-09T06:58:49+00:00\",\"description\":\"Air France\/KLM ha tenido \u00e9xito con la ruta que vuela Canc\u00fan-Par\u00eds ya que cerrar\u00e1 2017 con un 95 por ciento de ocupaci\u00f3n promedio.\",\"breadcrumb\":{\"@id\":\"https:\/\/nitu.mx\/index.php\/2017\/11\/09\/air-france-klm-cerrara-2017-con-95-de-ocupacion-promedio-de-ruta-cancun-paris\/#breadcrumb\"},\"inLanguage\":\"es-MX\",\"potentialAction\":[{\"@type\":\"ReadAction\",\"target\":[\"https:\/\/nitu.mx\/index.php\/2017\/11\/09\/air-france-klm-cerrara-2017-con-95-de-ocupacion-promedio-de-ruta-cancun-paris\/\"]}]},{\"@type\":\"ImageObject\",\"inLanguage\":\"es-MX\",\"@id\":\"https:\/\/nitu.mx\/index.php\/2017\/11\/09\/air-france-klm-cerrara-2017-con-95-de-ocupacion-promedio-de-ruta-cancun-paris\/#primaryimage\",\"url\":\"https:\/\/nitu.mx\/wp-content\/uploads\/2017\/08\/Air-France-cancun.jpg\",\"contentUrl\":\"https:\/\/nitu.mx\/wp-content\/uploads\/2017\/08\/Air-France-cancun.jpg\",\"width\":850,\"height\":480,\"caption\":\"Air France\"},{\"@type\":\"BreadcrumbList\",\"@id\":\"https:\/\/nitu.mx\/index.php\/2017\/11\/09\/air-france-klm-cerrara-2017-con-95-de-ocupacion-promedio-de-ruta-cancun-paris\/#breadcrumb\",\"itemListElement\":[{\"@type\":\"ListItem\",\"position\":1,\"name\":\"Inicio\",\"item\":\"https:\/\/nitu.mx\/\"},{\"@type\":\"ListItem\",\"position\":2,\"name\":\"Air France KLM cerrar\u00e1 2017 con 95% de ocupaci\u00f3n promedio de ruta Canc\u00fan-Par\u00eds\"}]},{\"@type\":\"WebSite\",\"@id\":\"https:\/\/nitu.mx\/#website\",\"url\":\"https:\/\/nitu.mx\/\",\"name\":\"Nitu - Noticias de la Industria Turistica\",\"description\":\"Noticias de la Industria Turistica\",\"publisher\":{\"@id\":\"https:\/\/nitu.mx\/#\/schema\/person\/ae7a53426417292d3dd07b45a33e01bc\"},\"alternateName\":\"Noticias de la Industria Turistica\",\"potentialAction\":[{\"@type\":\"SearchAction\",\"target\":{\"@type\":\"EntryPoint\",\"urlTemplate\":\"https:\/\/nitu.mx\/?s={search_term_string}\"},\"query-input\":\"required name=search_term_string\"}],\"inLanguage\":\"es-MX\"},{\"@type\":[\"Person\",\"Organization\"],\"@id\":\"https:\/\/nitu.mx\/#\/schema\/person\/ae7a53426417292d3dd07b45a33e01bc\",\"name\":\"Arturo Medina\",\"image\":{\"@type\":\"ImageObject\",\"inLanguage\":\"es-MX\",\"@id\":\"https:\/\/nitu.mx\/#\/schema\/person\/image\/\",\"url\":\"https:\/\/nitu.mx\/wp-content\/uploads\/2024\/04\/4A315622-1904-4D5C-B022-878CDC840E04-90x90-1.jpeg\",\"contentUrl\":\"https:\/\/nitu.mx\/wp-content\/uploads\/2024\/04\/4A315622-1904-4D5C-B022-878CDC840E04-90x90-1.jpeg\",\"width\":90,\"height\":90,\"caption\":\"Arturo Medina\"},\"logo\":{\"@id\":\"https:\/\/nitu.mx\/#\/schema\/person\/image\/\"},\"description\":\"Director NITU.mx, Egresado de la Escuela de Periodismo Carlos Septi\u00e9n Garc\u00eda. Periodista y analista especializado en turismo desde hace 35 a\u00f1os, radicado en Canc\u00fan Q.Roo. arturo@nitu.mx\",\"sameAs\":[\"https:\/\/nitu.mx\",\"https:\/\/www.facebook.com\/NITUmx\/\",\"medinacancun\",\"https:\/\/twitter.com\/@Arturo_Medina_G\"]},{\"@type\":\"Person\",\"@id\":\"https:\/\/nitu.mx\/#\/schema\/person\/2ecd887b19dfd3382d1f14fc5acf24a8\",\"name\":\"Alejandra Moncisbays\",\"image\":{\"@type\":\"ImageObject\",\"inLanguage\":\"es-MX\",\"@id\":\"https:\/\/nitu.mx\/#\/schema\/person\/image\/\",\"url\":\"https:\/\/secure.gravatar.com\/avatar\/e74f7af0be172b7804dacfd0bfbef787?s=96&d=mm&r=g\",\"contentUrl\":\"https:\/\/secure.gravatar.com\/avatar\/e74f7af0be172b7804dacfd0bfbef787?s=96&d=mm&r=g\",\"caption\":\"Alejandra Moncisbays\"},\"description\":\"Curs\u00e9 la carrera de Periodismo y Comunicaci\u00f3n en la Facultad de Estudios Profesionales Acatl\u00e1n. Vivo en Canc\u00fan desde hace 24 a\u00f1os. Fui reportera de La Tarde de Canc\u00fan, y Novedades de Quintana Roo, colabor\u00e9 en TVCUN, edit\u00e9 Cancun\u00edssimo y colabor\u00e9 en las revistas Latitud21, entre otras, con principal enfoque en los sectores empresarial y tur\u00edstico. Desde hace varios a\u00f1os soy Agente de Seguros con c\u00e9dula de la Comisi\u00f3n Nacional de Seguros y Fianzas. Actualmente, me desarrollo en los \u00e1mbitos del periodismo y el sector asegurador.\",\"sameAs\":[\"https:\/\/nitu.mx\"],\"url\":\"https:\/\/nitu.mx\/index.php\/author\/alejandra\/\"}]}<\/script>\n<!-- \/ Yoast SEO plugin. -->","yoast_head_json":{"title":"Air France KLM cerrar\u00e1 2017 con 95% de ocupaci\u00f3n promedio de ruta Canc\u00fan-Par\u00eds - Nitu - Noticias de la Industria Turistica","description":"Air France\/KLM ha tenido \u00e9xito con la ruta que vuela Canc\u00fan-Par\u00eds ya que cerrar\u00e1 2017 con un 95 por ciento de ocupaci\u00f3n promedio.","robots":{"index":"index","follow":"follow","max-snippet":"max-snippet:-1","max-image-preview":"max-image-preview:large","max-video-preview":"max-video-preview:-1"},"canonical":"https:\/\/nitu.mx\/index.php\/2017\/11\/09\/air-france-klm-cerrara-2017-con-95-de-ocupacion-promedio-de-ruta-cancun-paris\/","twitter_card":"summary_large_image","twitter_title":"Air France KLM cerrar\u00e1 2017 con 95% de ocupaci\u00f3n promedio de ruta Canc\u00fan-Par\u00eds - Nitu - Noticias de la Industria Turistica","twitter_description":"Air France\/KLM ha tenido \u00e9xito con la ruta que vuela Canc\u00fan-Par\u00eds ya que cerrar\u00e1 2017 con un 95 por ciento de ocupaci\u00f3n promedio.","twitter_image":"https:\/\/nitu.mx\/wp-content\/uploads\/2017\/08\/Air-France-cancun.jpg","twitter_creator":"@NITUmx","twitter_site":"@Arturo_Medina_G","twitter_misc":{"Escrito por":"Alejandra Moncisbays","Tiempo de lectura":"2 minutos"},"schema":{"@context":"https:\/\/schema.org","@graph":[{"@type":"Article","@id":"https:\/\/nitu.mx\/index.php\/2017\/11\/09\/air-france-klm-cerrara-2017-con-95-de-ocupacion-promedio-de-ruta-cancun-paris\/#article","isPartOf":{"@id":"https:\/\/nitu.mx\/index.php\/2017\/11\/09\/air-france-klm-cerrara-2017-con-95-de-ocupacion-promedio-de-ruta-cancun-paris\/"},"author":{"name":"Alejandra Moncisbays","@id":"https:\/\/nitu.mx\/#\/schema\/person\/2ecd887b19dfd3382d1f14fc5acf24a8"},"headline":"Air France KLM cerrar\u00e1 2017 con 95% de ocupaci\u00f3n promedio de ruta Canc\u00fan-Par\u00eds","datePublished":"2017-11-09T05:49:04+00:00","dateModified":"2017-11-09T06:58:49+00:00","mainEntityOfPage":{"@id":"https:\/\/nitu.mx\/index.php\/2017\/11\/09\/air-france-klm-cerrara-2017-con-95-de-ocupacion-promedio-de-ruta-cancun-paris\/"},"wordCount":362,"commentCount":0,"publisher":{"@id":"https:\/\/nitu.mx\/#\/schema\/person\/ae7a53426417292d3dd07b45a33e01bc"},"image":{"@id":"https:\/\/nitu.mx\/index.php\/2017\/11\/09\/air-france-klm-cerrara-2017-con-95-de-ocupacion-promedio-de-ruta-cancun-paris\/#primaryimage"},"thumbnailUrl":"https:\/\/nitu.mx\/wp-content\/uploads\/2017\/08\/Air-France-cancun.jpg","keywords":["AirFrance KLM","Canc\u00fan","Caribe mexicano","franceses","M\u00e9xico","pasajeros","Riviera Maya","Vicente Etchebehere"],"articleSection":["Aerol\u00edneas","Internacional"],"inLanguage":"es-MX","potentialAction":[{"@type":"CommentAction","name":"Comment","target":["https:\/\/nitu.mx\/index.php\/2017\/11\/09\/air-france-klm-cerrara-2017-con-95-de-ocupacion-promedio-de-ruta-cancun-paris\/#respond"]}]},{"@type":"WebPage","@id":"https:\/\/nitu.mx\/index.php\/2017\/11\/09\/air-france-klm-cerrara-2017-con-95-de-ocupacion-promedio-de-ruta-cancun-paris\/","url":"https:\/\/nitu.mx\/index.php\/2017\/11\/09\/air-france-klm-cerrara-2017-con-95-de-ocupacion-promedio-de-ruta-cancun-paris\/","name":"Air France KLM cerrar\u00e1 2017 con 95% de ocupaci\u00f3n promedio de ruta Canc\u00fan-Par\u00eds - Nitu - Noticias de la Industria Turistica","isPartOf":{"@id":"https:\/\/nitu.mx\/#website"},"primaryImageOfPage":{"@id":"https:\/\/nitu.mx\/index.php\/2017\/11\/09\/air-france-klm-cerrara-2017-con-95-de-ocupacion-promedio-de-ruta-cancun-paris\/#primaryimage"},"image":{"@id":"https:\/\/nitu.mx\/index.php\/2017\/11\/09\/air-france-klm-cerrara-2017-con-95-de-ocupacion-promedio-de-ruta-cancun-paris\/#primaryimage"},"thumbnailUrl":"https:\/\/nitu.mx\/wp-content\/uploads\/2017\/08\/Air-France-cancun.jpg","datePublished":"2017-11-09T05:49:04+00:00","dateModified":"2017-11-09T06:58:49+00:00","description":"Air France\/KLM ha tenido \u00e9xito con la ruta que vuela Canc\u00fan-Par\u00eds ya que cerrar\u00e1 2017 con un 95 por ciento de ocupaci\u00f3n promedio.","breadcrumb":{"@id":"https:\/\/nitu.mx\/index.php\/2017\/11\/09\/air-france-klm-cerrara-2017-con-95-de-ocupacion-promedio-de-ruta-cancun-paris\/#breadcrumb"},"inLanguage":"es-MX","potentialAction":[{"@type":"ReadAction","target":["https:\/\/nitu.mx\/index.php\/2017\/11\/09\/air-france-klm-cerrara-2017-con-95-de-ocupacion-promedio-de-ruta-cancun-paris\/"]}]},{"@type":"ImageObject","inLanguage":"es-MX","@id":"https:\/\/nitu.mx\/index.php\/2017\/11\/09\/air-france-klm-cerrara-2017-con-95-de-ocupacion-promedio-de-ruta-cancun-paris\/#primaryimage","url":"https:\/\/nitu.mx\/wp-content\/uploads\/2017\/08\/Air-France-cancun.jpg","contentUrl":"https:\/\/nitu.mx\/wp-content\/uploads\/2017\/08\/Air-France-cancun.jpg","width":850,"height":480,"caption":"Air France"},{"@type":"BreadcrumbList","@id":"https:\/\/nitu.mx\/index.php\/2017\/11\/09\/air-france-klm-cerrara-2017-con-95-de-ocupacion-promedio-de-ruta-cancun-paris\/#breadcrumb","itemListElement":[{"@type":"ListItem","position":1,"name":"Inicio","item":"https:\/\/nitu.mx\/"},{"@type":"ListItem","position":2,"name":"Air France KLM cerrar\u00e1 2017 con 95% de ocupaci\u00f3n promedio de ruta Canc\u00fan-Par\u00eds"}]},{"@type":"WebSite","@id":"https:\/\/nitu.mx\/#website","url":"https:\/\/nitu.mx\/","name":"Nitu - Noticias de la Industria Turistica","description":"Noticias de la Industria Turistica","publisher":{"@id":"https:\/\/nitu.mx\/#\/schema\/person\/ae7a53426417292d3dd07b45a33e01bc"},"alternateName":"Noticias de la Industria Turistica","potentialAction":[{"@type":"SearchAction","target":{"@type":"EntryPoint","urlTemplate":"https:\/\/nitu.mx\/?s={search_term_string}"},"query-input":"required name=search_term_string"}],"inLanguage":"es-MX"},{"@type":["Person","Organization"],"@id":"https:\/\/nitu.mx\/#\/schema\/person\/ae7a53426417292d3dd07b45a33e01bc","name":"Arturo Medina","image":{"@type":"ImageObject","inLanguage":"es-MX","@id":"https:\/\/nitu.mx\/#\/schema\/person\/image\/","url":"https:\/\/nitu.mx\/wp-content\/uploads\/2024\/04\/4A315622-1904-4D5C-B022-878CDC840E04-90x90-1.jpeg","contentUrl":"https:\/\/nitu.mx\/wp-content\/uploads\/2024\/04\/4A315622-1904-4D5C-B022-878CDC840E04-90x90-1.jpeg","width":90,"height":90,"caption":"Arturo Medina"},"logo":{"@id":"https:\/\/nitu.mx\/#\/schema\/person\/image\/"},"description":"Director NITU.mx, Egresado de la Escuela de Periodismo Carlos Septi\u00e9n Garc\u00eda. Periodista y analista especializado en turismo desde hace 35 a\u00f1os, radicado en Canc\u00fan Q.Roo. arturo@nitu.mx","sameAs":["https:\/\/nitu.mx","https:\/\/www.facebook.com\/NITUmx\/","medinacancun","https:\/\/twitter.com\/@Arturo_Medina_G"]},{"@type":"Person","@id":"https:\/\/nitu.mx\/#\/schema\/person\/2ecd887b19dfd3382d1f14fc5acf24a8","name":"Alejandra Moncisbays","image":{"@type":"ImageObject","inLanguage":"es-MX","@id":"https:\/\/nitu.mx\/#\/schema\/person\/image\/","url":"https:\/\/secure.gravatar.com\/avatar\/e74f7af0be172b7804dacfd0bfbef787?s=96&d=mm&r=g","contentUrl":"https:\/\/secure.gravatar.com\/avatar\/e74f7af0be172b7804dacfd0bfbef787?s=96&d=mm&r=g","caption":"Alejandra Moncisbays"},"description":"Curs\u00e9 la carrera de Periodismo y Comunicaci\u00f3n en la Facultad de Estudios Profesionales Acatl\u00e1n. Vivo en Canc\u00fan desde hace 24 a\u00f1os. Fui reportera de La Tarde de Canc\u00fan, y Novedades de Quintana Roo, colabor\u00e9 en TVCUN, edit\u00e9 Cancun\u00edssimo y colabor\u00e9 en las revistas Latitud21, entre otras, con principal enfoque en los sectores empresarial y tur\u00edstico. Desde hace varios a\u00f1os soy Agente de Seguros con c\u00e9dula de la Comisi\u00f3n Nacional de Seguros y Fianzas. Actualmente, me desarrollo en los \u00e1mbitos del periodismo y el sector asegurador.","sameAs":["https:\/\/nitu.mx"],"url":"https:\/\/nitu.mx\/index.php\/author\/alejandra\/"}]}},"views":241,"_links":{"self":[{"href":"https:\/\/nitu.mx\/index.php\/wp-json\/wp\/v2\/posts\/14586"}],"collection":[{"href":"https:\/\/nitu.mx\/index.php\/wp-json\/wp\/v2\/posts"}],"about":[{"href":"https:\/\/nitu.mx\/index.php\/wp-json\/wp\/v2\/types\/post"}],"author":[{"embeddable":true,"href":"https:\/\/nitu.mx\/index.php\/wp-json\/wp\/v2\/users\/3"}],"replies":[{"embeddable":true,"href":"https:\/\/nitu.mx\/index.php\/wp-json\/wp\/v2\/comments?post=14586"}],"version-history":[{"count":3,"href":"https:\/\/nitu.mx\/index.php\/wp-json\/wp\/v2\/posts\/14586\/revisions"}],"predecessor-version":[{"id":14591,"href":"https:\/\/nitu.mx\/index.php\/wp-json\/wp\/v2\/posts\/14586\/revisions\/14591"}],"wp:featuredmedia":[{"embeddable":true,"href":"https:\/\/nitu.mx\/index.php\/wp-json\/wp\/v2\/media\/12010"}],"wp:attachment":[{"href":"https:\/\/nitu.mx\/index.php\/wp-json\/wp\/v2\/media?parent=14586"}],"wp:term":[{"taxonomy":"category","embeddable":true,"href":"https:\/\/nitu.mx\/index.php\/wp-json\/wp\/v2\/categories?post=14586"},{"taxonomy":"post_tag","embeddable":true,"href":"https:\/\/nitu.mx\/index.php\/wp-json\/wp\/v2\/tags?post=14586"}],"curies":[{"name":"wp","href":"https:\/\/api.w.org\/{rel}","templated":true}]}}