{"id":14576,"date":"2017-11-09T01:35:32","date_gmt":"2017-11-09T06:35:32","guid":{"rendered":"http:\/\/www.dev.nitu.mx\/?p=14576"},"modified":"2017-11-09T01:59:34","modified_gmt":"2017-11-09T06:59:34","slug":"eu-restringe-viajes-y-negocios-con-cuba","status":"publish","type":"post","link":"https:\/\/nitu.mx\/index.php\/2017\/11\/09\/eu-restringe-viajes-y-negocios-con-cuba\/","title":{"rendered":"EU restringe viajes y negocios con Cuba"},"content":{"rendered":"<p>El Gobierno de Estados Unidos anunci\u00f3 nuevas restricciones contra Cuba, al endurecer las sanciones para la isla caribe\u00f1a como parte del compromiso del presidente Donald Trump de frenar el acercamiento emprendido con La Habana por su predecesor, el dem\u00f3crata Barack Obama. (<a title=\"Agentes de viajes de EU preocupados porque Trump obstruya viajes a Cuba\" href=\"http:\/\/www.dev.nitu.mx\/index.php\/2016\/11\/23\/agentes-viajes-eu-preocupados-trump-obstruya-viajes-cuba\/\" rel=\"bookmark\">Agentes de viajes de EU preocupados porque Trump obstruya viajes a Cuba<\/a>).<\/p>\n<p>&#8220;Hemos fortalecido nuestras pol\u00edticas sobre Cuba para canalizar la actividad econ\u00f3mica lejos de los militares cubanos y para alentar al gobierno a avanzar hacia una mayor libertad pol\u00edtica y econ\u00f3mica para el pueblo cubano&#8221;, dijo el secretario del Tesoro Steven Mnuchin en un comunicado.<\/p>\n<p>Los cambios, que entrar\u00e1n en vigencia el jueves, est\u00e1n destinados a impedir que el comercio de Estados Unidos y los turistas beneficien a las fuerzas armadas, el servicio de inteligencia y los funcionarios de seguridad del Gobierno comunista de Cuba, seg\u00fan un comunicado del Departamento del Tesoro.<\/p>\n<p>Las nuevas reglas, anunciadas el mi\u00e9rcoles, requieren que los estadounidenses participen en viajes &#8220;de persona a persona&#8221; o educativos para visitar Cuba como parte de grupos de viaje reunidos por organizaciones autorizadas. Los representantes de las agencias de viaje ahora deben acompa\u00f1ar a los estadounidenses que viajan al pa\u00eds, refiere El Financiero.<\/p>\n<p>Pero el Gobierno de Estados Unidos dijo que seguir\u00e1 permitiendo transacciones comerciales y la mayor parte de los viajes preparados con anterioridad a los cambios anunciados.<\/p>\n","protected":false},"excerpt":{"rendered":"<p>El Gobierno de Estados Unidos anunci\u00f3 nuevas restricciones contra Cuba, al endurecer las sanciones para la isla caribe\u00f1a como parte del compromiso del presidente Donald Trump de frenar el acercamiento emprendido con La Habana por su predecesor, el dem\u00f3crata Barack Obama. (Agentes de viajes de EU preocupados porque Trump obstruya viajes a Cuba). &#8220;Hemos fortalecido [&hellip;]<\/p>\n","protected":false},"author":17,"featured_media":10679,"comment_status":"open","ping_status":"open","sticky":false,"template":"","format":"standard","meta":{"footnotes":""},"categories":[5,374],"tags":[4785,99,6566,957,100,485],"yoast_head":"<!-- This site is optimized with the Yoast SEO plugin v22.2 - https:\/\/yoast.com\/wordpress\/plugins\/seo\/ -->\n<title>EU restringe viajes y negocios con Cuba - Nitu - Noticias de la Industria Turistica<\/title>\n<meta name=\"description\" content=\"El Gobierno de Estados Unidos anunci\u00f3 nuevas restricciones contra Cuba, al endurecer las sanciones para la isla caribe\u00f1a como parte del compromiso del presidente Donald Trump de frenar el acercamiento con la isla\" \/>\n<meta name=\"robots\" content=\"index, follow, max-snippet:-1, max-image-preview:large, max-video-preview:-1\" \/>\n<link rel=\"canonical\" href=\"https:\/\/nitu.mx\/index.php\/2017\/11\/09\/eu-restringe-viajes-y-negocios-con-cuba\/\" \/>\n<meta name=\"twitter:card\" content=\"summary_large_image\" \/>\n<meta name=\"twitter:title\" content=\"EU restringe viajes y negocios con Cuba - Nitu - Noticias de la Industria Turistica\" \/>\n<meta name=\"twitter:description\" content=\"El Gobierno de Estados Unidos anunci\u00f3 nuevas restricciones contra Cuba, al endurecer las sanciones para la isla caribe\u00f1a como parte del compromiso del presidente Donald Trump de frenar el acercamiento con la isla\" \/>\n<meta name=\"twitter:image\" content=\"https:\/\/nitu.mx\/wp-content\/uploads\/2017\/06\/American-Airlines-Cuba.jpg\" \/>\n<meta name=\"twitter:creator\" content=\"@NITUmx\" \/>\n<meta name=\"twitter:site\" content=\"@Arturo_Medina_G\" \/>\n<meta name=\"twitter:label1\" content=\"Escrito por\" \/>\n\t<meta name=\"twitter:data1\" content=\"Redacci\u00f3n\" \/>\n\t<meta name=\"twitter:label2\" content=\"Tiempo de lectura\" \/>\n\t<meta name=\"twitter:data2\" content=\"1 minuto\" \/>\n<script type=\"application\/ld+json\" class=\"yoast-schema-graph\">{\"@context\":\"https:\/\/schema.org\",\"@graph\":[{\"@type\":\"Article\",\"@id\":\"https:\/\/nitu.mx\/index.php\/2017\/11\/09\/eu-restringe-viajes-y-negocios-con-cuba\/#article\",\"isPartOf\":{\"@id\":\"https:\/\/nitu.mx\/index.php\/2017\/11\/09\/eu-restringe-viajes-y-negocios-con-cuba\/\"},\"author\":{\"name\":\"Redacci\u00f3n\",\"@id\":\"https:\/\/nitu.mx\/#\/schema\/person\/4a28fe9bd65924f7c90623773daf1b0b\"},\"headline\":\"EU restringe viajes y negocios con Cuba\",\"datePublished\":\"2017-11-09T06:35:32+00:00\",\"dateModified\":\"2017-11-09T06:59:34+00:00\",\"mainEntityOfPage\":{\"@id\":\"https:\/\/nitu.mx\/index.php\/2017\/11\/09\/eu-restringe-viajes-y-negocios-con-cuba\/\"},\"wordCount\":241,\"commentCount\":0,\"publisher\":{\"@id\":\"https:\/\/nitu.mx\/#\/schema\/person\/ae7a53426417292d3dd07b45a33e01bc\"},\"image\":{\"@id\":\"https:\/\/nitu.mx\/index.php\/2017\/11\/09\/eu-restringe-viajes-y-negocios-con-cuba\/#primaryimage\"},\"thumbnailUrl\":\"https:\/\/nitu.mx\/wp-content\/uploads\/2017\/06\/American-Airlines-Cuba.jpg\",\"keywords\":[\"Barack Obama\",\"Cuba\",\"Departamento del Tesoro\",\"Donald Trump\",\"Estados Unidos\",\"La Habana\"],\"articleSection\":[\"Destinos\",\"Internacional\"],\"inLanguage\":\"es-MX\",\"potentialAction\":[{\"@type\":\"CommentAction\",\"name\":\"Comment\",\"target\":[\"https:\/\/nitu.mx\/index.php\/2017\/11\/09\/eu-restringe-viajes-y-negocios-con-cuba\/#respond\"]}]},{\"@type\":\"WebPage\",\"@id\":\"https:\/\/nitu.mx\/index.php\/2017\/11\/09\/eu-restringe-viajes-y-negocios-con-cuba\/\",\"url\":\"https:\/\/nitu.mx\/index.php\/2017\/11\/09\/eu-restringe-viajes-y-negocios-con-cuba\/\",\"name\":\"EU restringe viajes y negocios con Cuba - Nitu - Noticias de la Industria Turistica\",\"isPartOf\":{\"@id\":\"https:\/\/nitu.mx\/#website\"},\"primaryImageOfPage\":{\"@id\":\"https:\/\/nitu.mx\/index.php\/2017\/11\/09\/eu-restringe-viajes-y-negocios-con-cuba\/#primaryimage\"},\"image\":{\"@id\":\"https:\/\/nitu.mx\/index.php\/2017\/11\/09\/eu-restringe-viajes-y-negocios-con-cuba\/#primaryimage\"},\"thumbnailUrl\":\"https:\/\/nitu.mx\/wp-content\/uploads\/2017\/06\/American-Airlines-Cuba.jpg\",\"datePublished\":\"2017-11-09T06:35:32+00:00\",\"dateModified\":\"2017-11-09T06:59:34+00:00\",\"description\":\"El Gobierno de Estados Unidos anunci\u00f3 nuevas restricciones contra Cuba, al endurecer las sanciones para la isla caribe\u00f1a como parte del compromiso del presidente Donald Trump de frenar el acercamiento con la isla\",\"breadcrumb\":{\"@id\":\"https:\/\/nitu.mx\/index.php\/2017\/11\/09\/eu-restringe-viajes-y-negocios-con-cuba\/#breadcrumb\"},\"inLanguage\":\"es-MX\",\"potentialAction\":[{\"@type\":\"ReadAction\",\"target\":[\"https:\/\/nitu.mx\/index.php\/2017\/11\/09\/eu-restringe-viajes-y-negocios-con-cuba\/\"]}]},{\"@type\":\"ImageObject\",\"inLanguage\":\"es-MX\",\"@id\":\"https:\/\/nitu.mx\/index.php\/2017\/11\/09\/eu-restringe-viajes-y-negocios-con-cuba\/#primaryimage\",\"url\":\"https:\/\/nitu.mx\/wp-content\/uploads\/2017\/06\/American-Airlines-Cuba.jpg\",\"contentUrl\":\"https:\/\/nitu.mx\/wp-content\/uploads\/2017\/06\/American-Airlines-Cuba.jpg\",\"width\":850,\"height\":480,\"caption\":\"Cuba\"},{\"@type\":\"BreadcrumbList\",\"@id\":\"https:\/\/nitu.mx\/index.php\/2017\/11\/09\/eu-restringe-viajes-y-negocios-con-cuba\/#breadcrumb\",\"itemListElement\":[{\"@type\":\"ListItem\",\"position\":1,\"name\":\"Inicio\",\"item\":\"https:\/\/nitu.mx\/\"},{\"@type\":\"ListItem\",\"position\":2,\"name\":\"EU restringe viajes y negocios con Cuba\"}]},{\"@type\":\"WebSite\",\"@id\":\"https:\/\/nitu.mx\/#website\",\"url\":\"https:\/\/nitu.mx\/\",\"name\":\"Nitu - Noticias de la Industria Turistica\",\"description\":\"Noticias de la Industria Turistica\",\"publisher\":{\"@id\":\"https:\/\/nitu.mx\/#\/schema\/person\/ae7a53426417292d3dd07b45a33e01bc\"},\"alternateName\":\"Noticias de la Industria Turistica\",\"potentialAction\":[{\"@type\":\"SearchAction\",\"target\":{\"@type\":\"EntryPoint\",\"urlTemplate\":\"https:\/\/nitu.mx\/?s={search_term_string}\"},\"query-input\":\"required name=search_term_string\"}],\"inLanguage\":\"es-MX\"},{\"@type\":[\"Person\",\"Organization\"],\"@id\":\"https:\/\/nitu.mx\/#\/schema\/person\/ae7a53426417292d3dd07b45a33e01bc\",\"name\":\"Arturo Medina\",\"image\":{\"@type\":\"ImageObject\",\"inLanguage\":\"es-MX\",\"@id\":\"https:\/\/nitu.mx\/#\/schema\/person\/image\/\",\"url\":\"https:\/\/nitu.mx\/wp-content\/uploads\/2024\/04\/4A315622-1904-4D5C-B022-878CDC840E04-90x90-1.jpeg\",\"contentUrl\":\"https:\/\/nitu.mx\/wp-content\/uploads\/2024\/04\/4A315622-1904-4D5C-B022-878CDC840E04-90x90-1.jpeg\",\"width\":90,\"height\":90,\"caption\":\"Arturo Medina\"},\"logo\":{\"@id\":\"https:\/\/nitu.mx\/#\/schema\/person\/image\/\"},\"description\":\"Director NITU.mx, Egresado de la Escuela de Periodismo Carlos Septi\u00e9n Garc\u00eda. Periodista y analista especializado en turismo desde hace 35 a\u00f1os, radicado en Canc\u00fan Q.Roo. arturo@nitu.mx\",\"sameAs\":[\"https:\/\/nitu.mx\",\"https:\/\/www.facebook.com\/NITUmx\/\",\"medinacancun\",\"https:\/\/twitter.com\/@Arturo_Medina_G\"]},{\"@type\":\"Person\",\"@id\":\"https:\/\/nitu.mx\/#\/schema\/person\/4a28fe9bd65924f7c90623773daf1b0b\",\"name\":\"Redacci\u00f3n\",\"image\":{\"@type\":\"ImageObject\",\"inLanguage\":\"es-MX\",\"@id\":\"https:\/\/nitu.mx\/#\/schema\/person\/image\/\",\"url\":\"https:\/\/secure.gravatar.com\/avatar\/5dd011c8ccfc5cd7e4c81e42252aab38?s=96&d=mm&r=g\",\"contentUrl\":\"https:\/\/secure.gravatar.com\/avatar\/5dd011c8ccfc5cd7e4c81e42252aab38?s=96&d=mm&r=g\",\"caption\":\"Redacci\u00f3n\"},\"url\":\"https:\/\/nitu.mx\/index.php\/author\/redaccion\/\"}]}<\/script>\n<!-- \/ Yoast SEO plugin. -->","yoast_head_json":{"title":"EU restringe viajes y negocios con Cuba - Nitu - Noticias de la Industria Turistica","description":"El Gobierno de Estados Unidos anunci\u00f3 nuevas restricciones contra Cuba, al endurecer las sanciones para la isla caribe\u00f1a como parte del compromiso del presidente Donald Trump de frenar el acercamiento con la isla","robots":{"index":"index","follow":"follow","max-snippet":"max-snippet:-1","max-image-preview":"max-image-preview:large","max-video-preview":"max-video-preview:-1"},"canonical":"https:\/\/nitu.mx\/index.php\/2017\/11\/09\/eu-restringe-viajes-y-negocios-con-cuba\/","twitter_card":"summary_large_image","twitter_title":"EU restringe viajes y negocios con Cuba - Nitu - Noticias de la Industria Turistica","twitter_description":"El Gobierno de Estados Unidos anunci\u00f3 nuevas restricciones contra Cuba, al endurecer las sanciones para la isla caribe\u00f1a como parte del compromiso del presidente Donald Trump de frenar el acercamiento con la isla","twitter_image":"https:\/\/nitu.mx\/wp-content\/uploads\/2017\/06\/American-Airlines-Cuba.jpg","twitter_creator":"@NITUmx","twitter_site":"@Arturo_Medina_G","twitter_misc":{"Escrito por":"Redacci\u00f3n","Tiempo de lectura":"1 minuto"},"schema":{"@context":"https:\/\/schema.org","@graph":[{"@type":"Article","@id":"https:\/\/nitu.mx\/index.php\/2017\/11\/09\/eu-restringe-viajes-y-negocios-con-cuba\/#article","isPartOf":{"@id":"https:\/\/nitu.mx\/index.php\/2017\/11\/09\/eu-restringe-viajes-y-negocios-con-cuba\/"},"author":{"name":"Redacci\u00f3n","@id":"https:\/\/nitu.mx\/#\/schema\/person\/4a28fe9bd65924f7c90623773daf1b0b"},"headline":"EU restringe viajes y negocios con Cuba","datePublished":"2017-11-09T06:35:32+00:00","dateModified":"2017-11-09T06:59:34+00:00","mainEntityOfPage":{"@id":"https:\/\/nitu.mx\/index.php\/2017\/11\/09\/eu-restringe-viajes-y-negocios-con-cuba\/"},"wordCount":241,"commentCount":0,"publisher":{"@id":"https:\/\/nitu.mx\/#\/schema\/person\/ae7a53426417292d3dd07b45a33e01bc"},"image":{"@id":"https:\/\/nitu.mx\/index.php\/2017\/11\/09\/eu-restringe-viajes-y-negocios-con-cuba\/#primaryimage"},"thumbnailUrl":"https:\/\/nitu.mx\/wp-content\/uploads\/2017\/06\/American-Airlines-Cuba.jpg","keywords":["Barack Obama","Cuba","Departamento del Tesoro","Donald Trump","Estados Unidos","La Habana"],"articleSection":["Destinos","Internacional"],"inLanguage":"es-MX","potentialAction":[{"@type":"CommentAction","name":"Comment","target":["https:\/\/nitu.mx\/index.php\/2017\/11\/09\/eu-restringe-viajes-y-negocios-con-cuba\/#respond"]}]},{"@type":"WebPage","@id":"https:\/\/nitu.mx\/index.php\/2017\/11\/09\/eu-restringe-viajes-y-negocios-con-cuba\/","url":"https:\/\/nitu.mx\/index.php\/2017\/11\/09\/eu-restringe-viajes-y-negocios-con-cuba\/","name":"EU restringe viajes y negocios con Cuba - Nitu - Noticias de la Industria Turistica","isPartOf":{"@id":"https:\/\/nitu.mx\/#website"},"primaryImageOfPage":{"@id":"https:\/\/nitu.mx\/index.php\/2017\/11\/09\/eu-restringe-viajes-y-negocios-con-cuba\/#primaryimage"},"image":{"@id":"https:\/\/nitu.mx\/index.php\/2017\/11\/09\/eu-restringe-viajes-y-negocios-con-cuba\/#primaryimage"},"thumbnailUrl":"https:\/\/nitu.mx\/wp-content\/uploads\/2017\/06\/American-Airlines-Cuba.jpg","datePublished":"2017-11-09T06:35:32+00:00","dateModified":"2017-11-09T06:59:34+00:00","description":"El Gobierno de Estados Unidos anunci\u00f3 nuevas restricciones contra Cuba, al endurecer las sanciones para la isla caribe\u00f1a como parte del compromiso del presidente Donald Trump de frenar el acercamiento con la isla","breadcrumb":{"@id":"https:\/\/nitu.mx\/index.php\/2017\/11\/09\/eu-restringe-viajes-y-negocios-con-cuba\/#breadcrumb"},"inLanguage":"es-MX","potentialAction":[{"@type":"ReadAction","target":["https:\/\/nitu.mx\/index.php\/2017\/11\/09\/eu-restringe-viajes-y-negocios-con-cuba\/"]}]},{"@type":"ImageObject","inLanguage":"es-MX","@id":"https:\/\/nitu.mx\/index.php\/2017\/11\/09\/eu-restringe-viajes-y-negocios-con-cuba\/#primaryimage","url":"https:\/\/nitu.mx\/wp-content\/uploads\/2017\/06\/American-Airlines-Cuba.jpg","contentUrl":"https:\/\/nitu.mx\/wp-content\/uploads\/2017\/06\/American-Airlines-Cuba.jpg","width":850,"height":480,"caption":"Cuba"},{"@type":"BreadcrumbList","@id":"https:\/\/nitu.mx\/index.php\/2017\/11\/09\/eu-restringe-viajes-y-negocios-con-cuba\/#breadcrumb","itemListElement":[{"@type":"ListItem","position":1,"name":"Inicio","item":"https:\/\/nitu.mx\/"},{"@type":"ListItem","position":2,"name":"EU restringe viajes y negocios con Cuba"}]},{"@type":"WebSite","@id":"https:\/\/nitu.mx\/#website","url":"https:\/\/nitu.mx\/","name":"Nitu - Noticias de la Industria Turistica","description":"Noticias de la Industria Turistica","publisher":{"@id":"https:\/\/nitu.mx\/#\/schema\/person\/ae7a53426417292d3dd07b45a33e01bc"},"alternateName":"Noticias de la Industria Turistica","potentialAction":[{"@type":"SearchAction","target":{"@type":"EntryPoint","urlTemplate":"https:\/\/nitu.mx\/?s={search_term_string}"},"query-input":"required name=search_term_string"}],"inLanguage":"es-MX"},{"@type":["Person","Organization"],"@id":"https:\/\/nitu.mx\/#\/schema\/person\/ae7a53426417292d3dd07b45a33e01bc","name":"Arturo Medina","image":{"@type":"ImageObject","inLanguage":"es-MX","@id":"https:\/\/nitu.mx\/#\/schema\/person\/image\/","url":"https:\/\/nitu.mx\/wp-content\/uploads\/2024\/04\/4A315622-1904-4D5C-B022-878CDC840E04-90x90-1.jpeg","contentUrl":"https:\/\/nitu.mx\/wp-content\/uploads\/2024\/04\/4A315622-1904-4D5C-B022-878CDC840E04-90x90-1.jpeg","width":90,"height":90,"caption":"Arturo Medina"},"logo":{"@id":"https:\/\/nitu.mx\/#\/schema\/person\/image\/"},"description":"Director NITU.mx, Egresado de la Escuela de Periodismo Carlos Septi\u00e9n Garc\u00eda. Periodista y analista especializado en turismo desde hace 35 a\u00f1os, radicado en Canc\u00fan Q.Roo. arturo@nitu.mx","sameAs":["https:\/\/nitu.mx","https:\/\/www.facebook.com\/NITUmx\/","medinacancun","https:\/\/twitter.com\/@Arturo_Medina_G"]},{"@type":"Person","@id":"https:\/\/nitu.mx\/#\/schema\/person\/4a28fe9bd65924f7c90623773daf1b0b","name":"Redacci\u00f3n","image":{"@type":"ImageObject","inLanguage":"es-MX","@id":"https:\/\/nitu.mx\/#\/schema\/person\/image\/","url":"https:\/\/secure.gravatar.com\/avatar\/5dd011c8ccfc5cd7e4c81e42252aab38?s=96&d=mm&r=g","contentUrl":"https:\/\/secure.gravatar.com\/avatar\/5dd011c8ccfc5cd7e4c81e42252aab38?s=96&d=mm&r=g","caption":"Redacci\u00f3n"},"url":"https:\/\/nitu.mx\/index.php\/author\/redaccion\/"}]}},"views":226,"_links":{"self":[{"href":"https:\/\/nitu.mx\/index.php\/wp-json\/wp\/v2\/posts\/14576"}],"collection":[{"href":"https:\/\/nitu.mx\/index.php\/wp-json\/wp\/v2\/posts"}],"about":[{"href":"https:\/\/nitu.mx\/index.php\/wp-json\/wp\/v2\/types\/post"}],"author":[{"embeddable":true,"href":"https:\/\/nitu.mx\/index.php\/wp-json\/wp\/v2\/users\/17"}],"replies":[{"embeddable":true,"href":"https:\/\/nitu.mx\/index.php\/wp-json\/wp\/v2\/comments?post=14576"}],"version-history":[{"count":3,"href":"https:\/\/nitu.mx\/index.php\/wp-json\/wp\/v2\/posts\/14576\/revisions"}],"predecessor-version":[{"id":14602,"href":"https:\/\/nitu.mx\/index.php\/wp-json\/wp\/v2\/posts\/14576\/revisions\/14602"}],"wp:featuredmedia":[{"embeddable":true,"href":"https:\/\/nitu.mx\/index.php\/wp-json\/wp\/v2\/media\/10679"}],"wp:attachment":[{"href":"https:\/\/nitu.mx\/index.php\/wp-json\/wp\/v2\/media?parent=14576"}],"wp:term":[{"taxonomy":"category","embeddable":true,"href":"https:\/\/nitu.mx\/index.php\/wp-json\/wp\/v2\/categories?post=14576"},{"taxonomy":"post_tag","embeddable":true,"href":"https:\/\/nitu.mx\/index.php\/wp-json\/wp\/v2\/tags?post=14576"}],"curies":[{"name":"wp","href":"https:\/\/api.w.org\/{rel}","templated":true}]}}