{"id":14431,"date":"2017-11-02T23:55:02","date_gmt":"2017-11-03T04:55:02","guid":{"rendered":"http:\/\/www.dev.nitu.mx\/?p=14431"},"modified":"2017-11-03T00:30:33","modified_gmt":"2017-11-03T05:30:33","slug":"canaero-anuncio-la-llegada-de-rodrigo-perez-alonso-gonzalez","status":"publish","type":"post","link":"https:\/\/nitu.mx\/index.php\/2017\/11\/02\/canaero-anuncio-la-llegada-de-rodrigo-perez-alonso-gonzalez\/","title":{"rendered":"Canaero anunci\u00f3 la llegada de Rodrigo P\u00e9rez-Alonso Gonz\u00e1lez"},"content":{"rendered":"<p>La C\u00e1mara Nacional de Aerotransportes (Canaero) anunci\u00f3 que Rodrigo P\u00e9rez-Alonso Gonz\u00e1lez, fue designado como su nuevo director general, que tendr\u00e1 como principal tarea seguir trabajando en la generaci\u00f3n de una regulaci\u00f3n acorde a las mejores pr\u00e1cticas internacionales y en la mejora continua de la infraestructura aeroportuaria.<\/p>\n<p>\u201cIniciamos una nueva etapa y exhortamos al nuevo director a encabezar un liderazgo en el que prevalezca la coordinaci\u00f3n entre los afiliados y una agenda de trabajo en beneficio de los derechos de los usuarios y principalmente el desarrollo competitivo del sector a\u00e9reo del pa\u00eds\u201d, dijo el presidente de la c\u00e1mara, Sergio Allard.<\/p>\n<p>El nuevo directivo es licenciado en Derecho por el Instituto Tecnol\u00f3gico Aut\u00f3nomo de M\u00e9xico y cuenta con las maestr\u00edas en Administraci\u00f3n P\u00fablica y en Pol\u00edticas P\u00fablicas, por la Universidad de Harvard y la University College de Londres.<\/p>\n<p>\u201cDurante su trayectoria profesional dentro de los sectores p\u00fablico y privado, el reci\u00e9n nombrado ha ocupado distintos cargos entre los que destacan los de diputado federal de la LXI Legislatura, director de Asuntos Corporativos de Televisa, asesor de la Secretar\u00eda de Comunicaciones y Transportes y director de Planeaci\u00f3n de Telecomunicaciones de M\u00e9xico (Telecom-Tel\u00e9grafos)\u201d, se inform\u00f3 en un comunicado.<\/p>\n<p>Entre los temas que deber\u00e1 atender Rodrigo P\u00e9rez-Alonso Gonz\u00e1lez est\u00e1 un eventual encuentro con representantes de Interjet, que sali\u00f3 de Canaero hace un par de a\u00f1os por considerar que no se atend\u00edan los intereses de todas las aerol\u00edneas en el organismo, informa El Economista.<\/p>\n","protected":false},"excerpt":{"rendered":"<p>La C\u00e1mara Nacional de Aerotransportes (Canaero) anunci\u00f3 que Rodrigo P\u00e9rez-Alonso Gonz\u00e1lez, fue designado como su nuevo director general, que tendr\u00e1 como principal tarea seguir trabajando en la generaci\u00f3n de una regulaci\u00f3n acorde a las mejores pr\u00e1cticas internacionales y en la mejora continua de la infraestructura aeroportuaria. \u201cIniciamos una nueva etapa y exhortamos al nuevo director [&hellip;]<\/p>\n","protected":false},"author":17,"featured_media":14452,"comment_status":"open","ping_status":"open","sticky":false,"template":"","format":"standard","meta":{"footnotes":""},"categories":[29,6],"tags":[6495,416,6506],"yoast_head":"<!-- This site is optimized with the Yoast SEO plugin v22.2 - https:\/\/yoast.com\/wordpress\/plugins\/seo\/ -->\n<title>Canaero anunci\u00f3 la llegada de Rodrigo P\u00e9rez-Alonso Gonz\u00e1lez - Nitu - Noticias de la Industria Turistica<\/title>\n<meta name=\"description\" content=\"Rodrigo P\u00e9rez-Alonso Gonz\u00e1lez, fue designado como su nuevo director general de la C\u00e1mara Nacional de Aerotransportes (Canaero).\" \/>\n<meta name=\"robots\" content=\"index, follow, max-snippet:-1, max-image-preview:large, max-video-preview:-1\" \/>\n<link rel=\"canonical\" href=\"https:\/\/nitu.mx\/index.php\/2017\/11\/02\/canaero-anuncio-la-llegada-de-rodrigo-perez-alonso-gonzalez\/\" \/>\n<meta name=\"twitter:card\" content=\"summary_large_image\" \/>\n<meta name=\"twitter:title\" content=\"Canaero anunci\u00f3 la llegada de Rodrigo P\u00e9rez-Alonso Gonz\u00e1lez - Nitu - Noticias de la Industria Turistica\" \/>\n<meta name=\"twitter:description\" content=\"Rodrigo P\u00e9rez-Alonso Gonz\u00e1lez, fue designado como su nuevo director general de la C\u00e1mara Nacional de Aerotransportes (Canaero).\" \/>\n<meta name=\"twitter:image\" content=\"https:\/\/nitu.mx\/wp-content\/uploads\/2017\/11\/Rodrigo-Pe\u0301rez-Alonso-Gonza\u0301lez-canaero.jpg\" \/>\n<meta name=\"twitter:creator\" content=\"@NITUmx\" \/>\n<meta name=\"twitter:site\" content=\"@Arturo_Medina_G\" \/>\n<meta name=\"twitter:label1\" content=\"Escrito por\" \/>\n\t<meta name=\"twitter:data1\" content=\"Redacci\u00f3n\" \/>\n\t<meta name=\"twitter:label2\" content=\"Tiempo de lectura\" \/>\n\t<meta name=\"twitter:data2\" content=\"1 minuto\" \/>\n<script type=\"application\/ld+json\" class=\"yoast-schema-graph\">{\"@context\":\"https:\/\/schema.org\",\"@graph\":[{\"@type\":\"Article\",\"@id\":\"https:\/\/nitu.mx\/index.php\/2017\/11\/02\/canaero-anuncio-la-llegada-de-rodrigo-perez-alonso-gonzalez\/#article\",\"isPartOf\":{\"@id\":\"https:\/\/nitu.mx\/index.php\/2017\/11\/02\/canaero-anuncio-la-llegada-de-rodrigo-perez-alonso-gonzalez\/\"},\"author\":{\"name\":\"Redacci\u00f3n\",\"@id\":\"https:\/\/nitu.mx\/#\/schema\/person\/4a28fe9bd65924f7c90623773daf1b0b\"},\"headline\":\"Canaero anunci\u00f3 la llegada de Rodrigo P\u00e9rez-Alonso Gonz\u00e1lez\",\"datePublished\":\"2017-11-03T04:55:02+00:00\",\"dateModified\":\"2017-11-03T05:30:33+00:00\",\"mainEntityOfPage\":{\"@id\":\"https:\/\/nitu.mx\/index.php\/2017\/11\/02\/canaero-anuncio-la-llegada-de-rodrigo-perez-alonso-gonzalez\/\"},\"wordCount\":277,\"commentCount\":0,\"publisher\":{\"@id\":\"https:\/\/nitu.mx\/#\/schema\/person\/ae7a53426417292d3dd07b45a33e01bc\"},\"image\":{\"@id\":\"https:\/\/nitu.mx\/index.php\/2017\/11\/02\/canaero-anuncio-la-llegada-de-rodrigo-perez-alonso-gonzalez\/#primaryimage\"},\"thumbnailUrl\":\"https:\/\/nitu.mx\/wp-content\/uploads\/2017\/11\/Rodrigo-Pe\u0301rez-Alonso-Gonza\u0301lez-canaero.jpg\",\"keywords\":[\"C\u00e1mara Nacional de Aerotransportes (Canaero) Rodrigo P\u00e9rez-Alonso Gonz\u00e1lez\",\"Canaero\",\"Rodrigo P\u00e9rez-Alonso Gonz\u00e1lez\"],\"articleSection\":[\"Aerol\u00edneas\",\"M\u00e9xico\"],\"inLanguage\":\"es-MX\",\"potentialAction\":[{\"@type\":\"CommentAction\",\"name\":\"Comment\",\"target\":[\"https:\/\/nitu.mx\/index.php\/2017\/11\/02\/canaero-anuncio-la-llegada-de-rodrigo-perez-alonso-gonzalez\/#respond\"]}]},{\"@type\":\"WebPage\",\"@id\":\"https:\/\/nitu.mx\/index.php\/2017\/11\/02\/canaero-anuncio-la-llegada-de-rodrigo-perez-alonso-gonzalez\/\",\"url\":\"https:\/\/nitu.mx\/index.php\/2017\/11\/02\/canaero-anuncio-la-llegada-de-rodrigo-perez-alonso-gonzalez\/\",\"name\":\"Canaero anunci\u00f3 la llegada de Rodrigo P\u00e9rez-Alonso Gonz\u00e1lez - Nitu - Noticias de la Industria Turistica\",\"isPartOf\":{\"@id\":\"https:\/\/nitu.mx\/#website\"},\"primaryImageOfPage\":{\"@id\":\"https:\/\/nitu.mx\/index.php\/2017\/11\/02\/canaero-anuncio-la-llegada-de-rodrigo-perez-alonso-gonzalez\/#primaryimage\"},\"image\":{\"@id\":\"https:\/\/nitu.mx\/index.php\/2017\/11\/02\/canaero-anuncio-la-llegada-de-rodrigo-perez-alonso-gonzalez\/#primaryimage\"},\"thumbnailUrl\":\"https:\/\/nitu.mx\/wp-content\/uploads\/2017\/11\/Rodrigo-Pe\u0301rez-Alonso-Gonza\u0301lez-canaero.jpg\",\"datePublished\":\"2017-11-03T04:55:02+00:00\",\"dateModified\":\"2017-11-03T05:30:33+00:00\",\"description\":\"Rodrigo P\u00e9rez-Alonso Gonz\u00e1lez, fue designado como su nuevo director general de la C\u00e1mara Nacional de Aerotransportes (Canaero).\",\"breadcrumb\":{\"@id\":\"https:\/\/nitu.mx\/index.php\/2017\/11\/02\/canaero-anuncio-la-llegada-de-rodrigo-perez-alonso-gonzalez\/#breadcrumb\"},\"inLanguage\":\"es-MX\",\"potentialAction\":[{\"@type\":\"ReadAction\",\"target\":[\"https:\/\/nitu.mx\/index.php\/2017\/11\/02\/canaero-anuncio-la-llegada-de-rodrigo-perez-alonso-gonzalez\/\"]}]},{\"@type\":\"ImageObject\",\"inLanguage\":\"es-MX\",\"@id\":\"https:\/\/nitu.mx\/index.php\/2017\/11\/02\/canaero-anuncio-la-llegada-de-rodrigo-perez-alonso-gonzalez\/#primaryimage\",\"url\":\"https:\/\/nitu.mx\/wp-content\/uploads\/2017\/11\/Rodrigo-Pe\u0301rez-Alonso-Gonza\u0301lez-canaero.jpg\",\"contentUrl\":\"https:\/\/nitu.mx\/wp-content\/uploads\/2017\/11\/Rodrigo-Pe\u0301rez-Alonso-Gonza\u0301lez-canaero.jpg\",\"width\":850,\"height\":480,\"caption\":\"CANAERO\"},{\"@type\":\"BreadcrumbList\",\"@id\":\"https:\/\/nitu.mx\/index.php\/2017\/11\/02\/canaero-anuncio-la-llegada-de-rodrigo-perez-alonso-gonzalez\/#breadcrumb\",\"itemListElement\":[{\"@type\":\"ListItem\",\"position\":1,\"name\":\"Inicio\",\"item\":\"https:\/\/nitu.mx\/\"},{\"@type\":\"ListItem\",\"position\":2,\"name\":\"Canaero anunci\u00f3 la llegada de Rodrigo P\u00e9rez-Alonso Gonz\u00e1lez\"}]},{\"@type\":\"WebSite\",\"@id\":\"https:\/\/nitu.mx\/#website\",\"url\":\"https:\/\/nitu.mx\/\",\"name\":\"Nitu - Noticias de la Industria Turistica\",\"description\":\"Noticias de la Industria Turistica\",\"publisher\":{\"@id\":\"https:\/\/nitu.mx\/#\/schema\/person\/ae7a53426417292d3dd07b45a33e01bc\"},\"alternateName\":\"Noticias de la Industria Turistica\",\"potentialAction\":[{\"@type\":\"SearchAction\",\"target\":{\"@type\":\"EntryPoint\",\"urlTemplate\":\"https:\/\/nitu.mx\/?s={search_term_string}\"},\"query-input\":\"required name=search_term_string\"}],\"inLanguage\":\"es-MX\"},{\"@type\":[\"Person\",\"Organization\"],\"@id\":\"https:\/\/nitu.mx\/#\/schema\/person\/ae7a53426417292d3dd07b45a33e01bc\",\"name\":\"Arturo Medina\",\"image\":{\"@type\":\"ImageObject\",\"inLanguage\":\"es-MX\",\"@id\":\"https:\/\/nitu.mx\/#\/schema\/person\/image\/\",\"url\":\"https:\/\/nitu.mx\/wp-content\/uploads\/2024\/04\/4A315622-1904-4D5C-B022-878CDC840E04-90x90-1.jpeg\",\"contentUrl\":\"https:\/\/nitu.mx\/wp-content\/uploads\/2024\/04\/4A315622-1904-4D5C-B022-878CDC840E04-90x90-1.jpeg\",\"width\":90,\"height\":90,\"caption\":\"Arturo Medina\"},\"logo\":{\"@id\":\"https:\/\/nitu.mx\/#\/schema\/person\/image\/\"},\"description\":\"Director NITU.mx, Egresado de la Escuela de Periodismo Carlos Septi\u00e9n Garc\u00eda. Periodista y analista especializado en turismo desde hace 35 a\u00f1os, radicado en Canc\u00fan Q.Roo. arturo@nitu.mx\",\"sameAs\":[\"https:\/\/nitu.mx\",\"https:\/\/www.facebook.com\/NITUmx\/\",\"medinacancun\",\"https:\/\/twitter.com\/@Arturo_Medina_G\"]},{\"@type\":\"Person\",\"@id\":\"https:\/\/nitu.mx\/#\/schema\/person\/4a28fe9bd65924f7c90623773daf1b0b\",\"name\":\"Redacci\u00f3n\",\"image\":{\"@type\":\"ImageObject\",\"inLanguage\":\"es-MX\",\"@id\":\"https:\/\/nitu.mx\/#\/schema\/person\/image\/\",\"url\":\"https:\/\/secure.gravatar.com\/avatar\/5dd011c8ccfc5cd7e4c81e42252aab38?s=96&d=mm&r=g\",\"contentUrl\":\"https:\/\/secure.gravatar.com\/avatar\/5dd011c8ccfc5cd7e4c81e42252aab38?s=96&d=mm&r=g\",\"caption\":\"Redacci\u00f3n\"},\"url\":\"https:\/\/nitu.mx\/index.php\/author\/redaccion\/\"}]}<\/script>\n<!-- \/ Yoast SEO plugin. -->","yoast_head_json":{"title":"Canaero anunci\u00f3 la llegada de Rodrigo P\u00e9rez-Alonso Gonz\u00e1lez - Nitu - Noticias de la Industria Turistica","description":"Rodrigo P\u00e9rez-Alonso Gonz\u00e1lez, fue designado como su nuevo director general de la C\u00e1mara Nacional de Aerotransportes (Canaero).","robots":{"index":"index","follow":"follow","max-snippet":"max-snippet:-1","max-image-preview":"max-image-preview:large","max-video-preview":"max-video-preview:-1"},"canonical":"https:\/\/nitu.mx\/index.php\/2017\/11\/02\/canaero-anuncio-la-llegada-de-rodrigo-perez-alonso-gonzalez\/","twitter_card":"summary_large_image","twitter_title":"Canaero anunci\u00f3 la llegada de Rodrigo P\u00e9rez-Alonso Gonz\u00e1lez - Nitu - Noticias de la Industria Turistica","twitter_description":"Rodrigo P\u00e9rez-Alonso Gonz\u00e1lez, fue designado como su nuevo director general de la C\u00e1mara Nacional de Aerotransportes (Canaero).","twitter_image":"https:\/\/nitu.mx\/wp-content\/uploads\/2017\/11\/Rodrigo-Pe\u0301rez-Alonso-Gonza\u0301lez-canaero.jpg","twitter_creator":"@NITUmx","twitter_site":"@Arturo_Medina_G","twitter_misc":{"Escrito por":"Redacci\u00f3n","Tiempo de lectura":"1 minuto"},"schema":{"@context":"https:\/\/schema.org","@graph":[{"@type":"Article","@id":"https:\/\/nitu.mx\/index.php\/2017\/11\/02\/canaero-anuncio-la-llegada-de-rodrigo-perez-alonso-gonzalez\/#article","isPartOf":{"@id":"https:\/\/nitu.mx\/index.php\/2017\/11\/02\/canaero-anuncio-la-llegada-de-rodrigo-perez-alonso-gonzalez\/"},"author":{"name":"Redacci\u00f3n","@id":"https:\/\/nitu.mx\/#\/schema\/person\/4a28fe9bd65924f7c90623773daf1b0b"},"headline":"Canaero anunci\u00f3 la llegada de Rodrigo P\u00e9rez-Alonso Gonz\u00e1lez","datePublished":"2017-11-03T04:55:02+00:00","dateModified":"2017-11-03T05:30:33+00:00","mainEntityOfPage":{"@id":"https:\/\/nitu.mx\/index.php\/2017\/11\/02\/canaero-anuncio-la-llegada-de-rodrigo-perez-alonso-gonzalez\/"},"wordCount":277,"commentCount":0,"publisher":{"@id":"https:\/\/nitu.mx\/#\/schema\/person\/ae7a53426417292d3dd07b45a33e01bc"},"image":{"@id":"https:\/\/nitu.mx\/index.php\/2017\/11\/02\/canaero-anuncio-la-llegada-de-rodrigo-perez-alonso-gonzalez\/#primaryimage"},"thumbnailUrl":"https:\/\/nitu.mx\/wp-content\/uploads\/2017\/11\/Rodrigo-Pe\u0301rez-Alonso-Gonza\u0301lez-canaero.jpg","keywords":["C\u00e1mara Nacional de Aerotransportes (Canaero) Rodrigo P\u00e9rez-Alonso Gonz\u00e1lez","Canaero","Rodrigo P\u00e9rez-Alonso Gonz\u00e1lez"],"articleSection":["Aerol\u00edneas","M\u00e9xico"],"inLanguage":"es-MX","potentialAction":[{"@type":"CommentAction","name":"Comment","target":["https:\/\/nitu.mx\/index.php\/2017\/11\/02\/canaero-anuncio-la-llegada-de-rodrigo-perez-alonso-gonzalez\/#respond"]}]},{"@type":"WebPage","@id":"https:\/\/nitu.mx\/index.php\/2017\/11\/02\/canaero-anuncio-la-llegada-de-rodrigo-perez-alonso-gonzalez\/","url":"https:\/\/nitu.mx\/index.php\/2017\/11\/02\/canaero-anuncio-la-llegada-de-rodrigo-perez-alonso-gonzalez\/","name":"Canaero anunci\u00f3 la llegada de Rodrigo P\u00e9rez-Alonso Gonz\u00e1lez - Nitu - Noticias de la Industria Turistica","isPartOf":{"@id":"https:\/\/nitu.mx\/#website"},"primaryImageOfPage":{"@id":"https:\/\/nitu.mx\/index.php\/2017\/11\/02\/canaero-anuncio-la-llegada-de-rodrigo-perez-alonso-gonzalez\/#primaryimage"},"image":{"@id":"https:\/\/nitu.mx\/index.php\/2017\/11\/02\/canaero-anuncio-la-llegada-de-rodrigo-perez-alonso-gonzalez\/#primaryimage"},"thumbnailUrl":"https:\/\/nitu.mx\/wp-content\/uploads\/2017\/11\/Rodrigo-Pe\u0301rez-Alonso-Gonza\u0301lez-canaero.jpg","datePublished":"2017-11-03T04:55:02+00:00","dateModified":"2017-11-03T05:30:33+00:00","description":"Rodrigo P\u00e9rez-Alonso Gonz\u00e1lez, fue designado como su nuevo director general de la C\u00e1mara Nacional de Aerotransportes (Canaero).","breadcrumb":{"@id":"https:\/\/nitu.mx\/index.php\/2017\/11\/02\/canaero-anuncio-la-llegada-de-rodrigo-perez-alonso-gonzalez\/#breadcrumb"},"inLanguage":"es-MX","potentialAction":[{"@type":"ReadAction","target":["https:\/\/nitu.mx\/index.php\/2017\/11\/02\/canaero-anuncio-la-llegada-de-rodrigo-perez-alonso-gonzalez\/"]}]},{"@type":"ImageObject","inLanguage":"es-MX","@id":"https:\/\/nitu.mx\/index.php\/2017\/11\/02\/canaero-anuncio-la-llegada-de-rodrigo-perez-alonso-gonzalez\/#primaryimage","url":"https:\/\/nitu.mx\/wp-content\/uploads\/2017\/11\/Rodrigo-Pe\u0301rez-Alonso-Gonza\u0301lez-canaero.jpg","contentUrl":"https:\/\/nitu.mx\/wp-content\/uploads\/2017\/11\/Rodrigo-Pe\u0301rez-Alonso-Gonza\u0301lez-canaero.jpg","width":850,"height":480,"caption":"CANAERO"},{"@type":"BreadcrumbList","@id":"https:\/\/nitu.mx\/index.php\/2017\/11\/02\/canaero-anuncio-la-llegada-de-rodrigo-perez-alonso-gonzalez\/#breadcrumb","itemListElement":[{"@type":"ListItem","position":1,"name":"Inicio","item":"https:\/\/nitu.mx\/"},{"@type":"ListItem","position":2,"name":"Canaero anunci\u00f3 la llegada de Rodrigo P\u00e9rez-Alonso Gonz\u00e1lez"}]},{"@type":"WebSite","@id":"https:\/\/nitu.mx\/#website","url":"https:\/\/nitu.mx\/","name":"Nitu - Noticias de la Industria Turistica","description":"Noticias de la Industria Turistica","publisher":{"@id":"https:\/\/nitu.mx\/#\/schema\/person\/ae7a53426417292d3dd07b45a33e01bc"},"alternateName":"Noticias de la Industria Turistica","potentialAction":[{"@type":"SearchAction","target":{"@type":"EntryPoint","urlTemplate":"https:\/\/nitu.mx\/?s={search_term_string}"},"query-input":"required name=search_term_string"}],"inLanguage":"es-MX"},{"@type":["Person","Organization"],"@id":"https:\/\/nitu.mx\/#\/schema\/person\/ae7a53426417292d3dd07b45a33e01bc","name":"Arturo Medina","image":{"@type":"ImageObject","inLanguage":"es-MX","@id":"https:\/\/nitu.mx\/#\/schema\/person\/image\/","url":"https:\/\/nitu.mx\/wp-content\/uploads\/2024\/04\/4A315622-1904-4D5C-B022-878CDC840E04-90x90-1.jpeg","contentUrl":"https:\/\/nitu.mx\/wp-content\/uploads\/2024\/04\/4A315622-1904-4D5C-B022-878CDC840E04-90x90-1.jpeg","width":90,"height":90,"caption":"Arturo Medina"},"logo":{"@id":"https:\/\/nitu.mx\/#\/schema\/person\/image\/"},"description":"Director NITU.mx, Egresado de la Escuela de Periodismo Carlos Septi\u00e9n Garc\u00eda. Periodista y analista especializado en turismo desde hace 35 a\u00f1os, radicado en Canc\u00fan Q.Roo. arturo@nitu.mx","sameAs":["https:\/\/nitu.mx","https:\/\/www.facebook.com\/NITUmx\/","medinacancun","https:\/\/twitter.com\/@Arturo_Medina_G"]},{"@type":"Person","@id":"https:\/\/nitu.mx\/#\/schema\/person\/4a28fe9bd65924f7c90623773daf1b0b","name":"Redacci\u00f3n","image":{"@type":"ImageObject","inLanguage":"es-MX","@id":"https:\/\/nitu.mx\/#\/schema\/person\/image\/","url":"https:\/\/secure.gravatar.com\/avatar\/5dd011c8ccfc5cd7e4c81e42252aab38?s=96&d=mm&r=g","contentUrl":"https:\/\/secure.gravatar.com\/avatar\/5dd011c8ccfc5cd7e4c81e42252aab38?s=96&d=mm&r=g","caption":"Redacci\u00f3n"},"url":"https:\/\/nitu.mx\/index.php\/author\/redaccion\/"}]}},"views":229,"_links":{"self":[{"href":"https:\/\/nitu.mx\/index.php\/wp-json\/wp\/v2\/posts\/14431"}],"collection":[{"href":"https:\/\/nitu.mx\/index.php\/wp-json\/wp\/v2\/posts"}],"about":[{"href":"https:\/\/nitu.mx\/index.php\/wp-json\/wp\/v2\/types\/post"}],"author":[{"embeddable":true,"href":"https:\/\/nitu.mx\/index.php\/wp-json\/wp\/v2\/users\/17"}],"replies":[{"embeddable":true,"href":"https:\/\/nitu.mx\/index.php\/wp-json\/wp\/v2\/comments?post=14431"}],"version-history":[{"count":1,"href":"https:\/\/nitu.mx\/index.php\/wp-json\/wp\/v2\/posts\/14431\/revisions"}],"predecessor-version":[{"id":14432,"href":"https:\/\/nitu.mx\/index.php\/wp-json\/wp\/v2\/posts\/14431\/revisions\/14432"}],"wp:featuredmedia":[{"embeddable":true,"href":"https:\/\/nitu.mx\/index.php\/wp-json\/wp\/v2\/media\/14452"}],"wp:attachment":[{"href":"https:\/\/nitu.mx\/index.php\/wp-json\/wp\/v2\/media?parent=14431"}],"wp:term":[{"taxonomy":"category","embeddable":true,"href":"https:\/\/nitu.mx\/index.php\/wp-json\/wp\/v2\/categories?post=14431"},{"taxonomy":"post_tag","embeddable":true,"href":"https:\/\/nitu.mx\/index.php\/wp-json\/wp\/v2\/tags?post=14431"}],"curies":[{"name":"wp","href":"https:\/\/api.w.org\/{rel}","templated":true}]}}