{"id":14429,"date":"2017-11-03T00:19:00","date_gmt":"2017-11-03T05:19:00","guid":{"rendered":"http:\/\/www.dev.nitu.mx\/?p=14429"},"modified":"2017-11-03T00:31:29","modified_gmt":"2017-11-03T05:31:29","slug":"volaris-prepara-ajustes-ante-reduccion-crecimiento-trafico-pasaje","status":"publish","type":"post","link":"https:\/\/nitu.mx\/index.php\/2017\/11\/03\/volaris-prepara-ajustes-ante-reduccion-crecimiento-trafico-pasaje\/","title":{"rendered":"Volaris prepara ajustes ante reducci\u00f3n en crecimiento en tr\u00e1fico de pasaje"},"content":{"rendered":"<p>Ante la desaceleraci\u00f3n que registra el tr\u00e1fico de pasaje en M\u00e9xico y como parte de una estrategia de recorte de gastos, Volaris desacelerar\u00e1 el crecimiento de su oferta de asientos hacia el 2021.<\/p>\n<p>La llamada aerol\u00ednea de ultra-bajo costo se propone expandir su capacidad -medida en oferta de asientos por milla disponible- entre 11 y 14 por ciento de 2018 a 2021. Ello significar\u00e1 una desaceleraci\u00f3n frente al incremento de 27 por ciento que tuvo en 2016 y al 16 por ciento previsto para este a\u00f1o.<\/p>\n<p>En entrevista con El Financiero, Enrique Beltranena, director general de la empresa, asegur\u00f3 que la aviaci\u00f3n enfrenta un entorno desafiante (con guerra de tarifas, mayor precio del combustible y menor crecimiento del pasaje), pero nada que pueda terminar con el crecimiento de Volaris.<\/p>\n<p>\u201cLos aviones que llegan en promedio por a\u00f1o nos har\u00e1n crecer la oferta de asientos entre 11 y 14 por ciento hacia 2021; luego hablamos de que tenemos 150 rutas dentro de M\u00e9xico y nosotros cubrimos 69 por ciento y m\u00e1s de 100 rutas internacionales, de las cuales estamos en el 40 por ciento\u201d, indic\u00f3.<\/p>\n<p>\u201cFinalmente, el n\u00famero de pasajeros transportados per c\u00e1pita en M\u00e9xico es de s\u00f3lo 0.42, cuando Chile, Colombia, Argentina, Per\u00fa y Panam\u00e1 est\u00e1n encima, y Estados Unidos est\u00e1 en 2. Hay un gran potencial de crecimiento en M\u00e9xico\u201d, agreg\u00f3 el ejecutivo.<\/p>\n<p>En los primeros nueve meses de 2017, la firma tuvo una ca\u00edda de 28 por ciento en su flujo operativo por menores ingresos relacionados con tarifas bajas y mayores gastos por una turbosina m\u00e1s cara.<\/p>\n","protected":false},"excerpt":{"rendered":"<p>Ante la desaceleraci\u00f3n que registra el tr\u00e1fico de pasaje en M\u00e9xico y como parte de una estrategia de recorte de gastos, Volaris desacelerar\u00e1 el crecimiento de su oferta de asientos hacia el 2021. La llamada aerol\u00ednea de ultra-bajo costo se propone expandir su capacidad -medida en oferta de asientos por milla disponible- entre 11 y [&hellip;]<\/p>\n","protected":false},"author":17,"featured_media":7937,"comment_status":"open","ping_status":"open","sticky":false,"template":"","format":"standard","meta":{"footnotes":""},"categories":[29,6],"tags":[435,5024,131],"yoast_head":"<!-- This site is optimized with the Yoast SEO plugin v22.2 - https:\/\/yoast.com\/wordpress\/plugins\/seo\/ -->\n<title>Volaris prepara ajustes ante reducci\u00f3n en crecimiento en tr\u00e1fico de pasaje - Nitu - Noticias de la Industria Turistica<\/title>\n<meta name=\"robots\" content=\"index, follow, max-snippet:-1, max-image-preview:large, max-video-preview:-1\" \/>\n<link rel=\"canonical\" href=\"https:\/\/nitu.mx\/index.php\/2017\/11\/03\/volaris-prepara-ajustes-ante-reduccion-crecimiento-trafico-pasaje\/\" \/>\n<meta name=\"twitter:card\" content=\"summary_large_image\" \/>\n<meta name=\"twitter:title\" content=\"Volaris prepara ajustes ante reducci\u00f3n en crecimiento en tr\u00e1fico de pasaje - Nitu - Noticias de la Industria Turistica\" \/>\n<meta name=\"twitter:description\" content=\"Ante la desaceleraci\u00f3n que registra el tr\u00e1fico de pasaje en M\u00e9xico y como parte de una estrategia de recorte de gastos, Volaris desacelerar\u00e1 el crecimiento de su oferta de asientos hacia el 2021. La llamada aerol\u00ednea de ultra-bajo costo se propone expandir su capacidad -medida en oferta de asientos por milla disponible- entre 11 y [&hellip;]\" \/>\n<meta name=\"twitter:image\" content=\"https:\/\/nitu.mx\/wp-content\/uploads\/2017\/03\/Volaris-nubes.jpg\" \/>\n<meta name=\"twitter:creator\" content=\"@NITUmx\" \/>\n<meta name=\"twitter:site\" content=\"@Arturo_Medina_G\" \/>\n<meta name=\"twitter:label1\" content=\"Escrito por\" \/>\n\t<meta name=\"twitter:data1\" content=\"Redacci\u00f3n\" \/>\n\t<meta name=\"twitter:label2\" content=\"Tiempo de lectura\" \/>\n\t<meta name=\"twitter:data2\" content=\"1 minuto\" \/>\n<script type=\"application\/ld+json\" class=\"yoast-schema-graph\">{\"@context\":\"https:\/\/schema.org\",\"@graph\":[{\"@type\":\"Article\",\"@id\":\"https:\/\/nitu.mx\/index.php\/2017\/11\/03\/volaris-prepara-ajustes-ante-reduccion-crecimiento-trafico-pasaje\/#article\",\"isPartOf\":{\"@id\":\"https:\/\/nitu.mx\/index.php\/2017\/11\/03\/volaris-prepara-ajustes-ante-reduccion-crecimiento-trafico-pasaje\/\"},\"author\":{\"name\":\"Redacci\u00f3n\",\"@id\":\"https:\/\/nitu.mx\/#\/schema\/person\/4a28fe9bd65924f7c90623773daf1b0b\"},\"headline\":\"Volaris prepara ajustes ante reducci\u00f3n en crecimiento en tr\u00e1fico de pasaje\",\"datePublished\":\"2017-11-03T05:19:00+00:00\",\"dateModified\":\"2017-11-03T05:31:29+00:00\",\"mainEntityOfPage\":{\"@id\":\"https:\/\/nitu.mx\/index.php\/2017\/11\/03\/volaris-prepara-ajustes-ante-reduccion-crecimiento-trafico-pasaje\/\"},\"wordCount\":272,\"commentCount\":0,\"publisher\":{\"@id\":\"https:\/\/nitu.mx\/#\/schema\/person\/ae7a53426417292d3dd07b45a33e01bc\"},\"image\":{\"@id\":\"https:\/\/nitu.mx\/index.php\/2017\/11\/03\/volaris-prepara-ajustes-ante-reduccion-crecimiento-trafico-pasaje\/#primaryimage\"},\"thumbnailUrl\":\"https:\/\/nitu.mx\/wp-content\/uploads\/2017\/03\/Volaris-nubes.jpg\",\"keywords\":[\"Enrique Beltranena\",\"tr\u00e1fico de pasajeros\",\"Volaris\"],\"articleSection\":[\"Aerol\u00edneas\",\"M\u00e9xico\"],\"inLanguage\":\"es-MX\",\"potentialAction\":[{\"@type\":\"CommentAction\",\"name\":\"Comment\",\"target\":[\"https:\/\/nitu.mx\/index.php\/2017\/11\/03\/volaris-prepara-ajustes-ante-reduccion-crecimiento-trafico-pasaje\/#respond\"]}]},{\"@type\":\"WebPage\",\"@id\":\"https:\/\/nitu.mx\/index.php\/2017\/11\/03\/volaris-prepara-ajustes-ante-reduccion-crecimiento-trafico-pasaje\/\",\"url\":\"https:\/\/nitu.mx\/index.php\/2017\/11\/03\/volaris-prepara-ajustes-ante-reduccion-crecimiento-trafico-pasaje\/\",\"name\":\"Volaris prepara ajustes ante reducci\u00f3n en crecimiento en tr\u00e1fico de pasaje - Nitu - Noticias de la Industria Turistica\",\"isPartOf\":{\"@id\":\"https:\/\/nitu.mx\/#website\"},\"primaryImageOfPage\":{\"@id\":\"https:\/\/nitu.mx\/index.php\/2017\/11\/03\/volaris-prepara-ajustes-ante-reduccion-crecimiento-trafico-pasaje\/#primaryimage\"},\"image\":{\"@id\":\"https:\/\/nitu.mx\/index.php\/2017\/11\/03\/volaris-prepara-ajustes-ante-reduccion-crecimiento-trafico-pasaje\/#primaryimage\"},\"thumbnailUrl\":\"https:\/\/nitu.mx\/wp-content\/uploads\/2017\/03\/Volaris-nubes.jpg\",\"datePublished\":\"2017-11-03T05:19:00+00:00\",\"dateModified\":\"2017-11-03T05:31:29+00:00\",\"breadcrumb\":{\"@id\":\"https:\/\/nitu.mx\/index.php\/2017\/11\/03\/volaris-prepara-ajustes-ante-reduccion-crecimiento-trafico-pasaje\/#breadcrumb\"},\"inLanguage\":\"es-MX\",\"potentialAction\":[{\"@type\":\"ReadAction\",\"target\":[\"https:\/\/nitu.mx\/index.php\/2017\/11\/03\/volaris-prepara-ajustes-ante-reduccion-crecimiento-trafico-pasaje\/\"]}]},{\"@type\":\"ImageObject\",\"inLanguage\":\"es-MX\",\"@id\":\"https:\/\/nitu.mx\/index.php\/2017\/11\/03\/volaris-prepara-ajustes-ante-reduccion-crecimiento-trafico-pasaje\/#primaryimage\",\"url\":\"https:\/\/nitu.mx\/wp-content\/uploads\/2017\/03\/Volaris-nubes.jpg\",\"contentUrl\":\"https:\/\/nitu.mx\/wp-content\/uploads\/2017\/03\/Volaris-nubes.jpg\",\"width\":850,\"height\":480,\"caption\":\"Volaris\"},{\"@type\":\"BreadcrumbList\",\"@id\":\"https:\/\/nitu.mx\/index.php\/2017\/11\/03\/volaris-prepara-ajustes-ante-reduccion-crecimiento-trafico-pasaje\/#breadcrumb\",\"itemListElement\":[{\"@type\":\"ListItem\",\"position\":1,\"name\":\"Inicio\",\"item\":\"https:\/\/nitu.mx\/\"},{\"@type\":\"ListItem\",\"position\":2,\"name\":\"Volaris prepara ajustes ante reducci\u00f3n en crecimiento en tr\u00e1fico de pasaje\"}]},{\"@type\":\"WebSite\",\"@id\":\"https:\/\/nitu.mx\/#website\",\"url\":\"https:\/\/nitu.mx\/\",\"name\":\"Nitu - Noticias de la Industria Turistica\",\"description\":\"Noticias de la Industria Turistica\",\"publisher\":{\"@id\":\"https:\/\/nitu.mx\/#\/schema\/person\/ae7a53426417292d3dd07b45a33e01bc\"},\"alternateName\":\"Noticias de la Industria Turistica\",\"potentialAction\":[{\"@type\":\"SearchAction\",\"target\":{\"@type\":\"EntryPoint\",\"urlTemplate\":\"https:\/\/nitu.mx\/?s={search_term_string}\"},\"query-input\":\"required name=search_term_string\"}],\"inLanguage\":\"es-MX\"},{\"@type\":[\"Person\",\"Organization\"],\"@id\":\"https:\/\/nitu.mx\/#\/schema\/person\/ae7a53426417292d3dd07b45a33e01bc\",\"name\":\"Arturo Medina\",\"image\":{\"@type\":\"ImageObject\",\"inLanguage\":\"es-MX\",\"@id\":\"https:\/\/nitu.mx\/#\/schema\/person\/image\/\",\"url\":\"https:\/\/nitu.mx\/wp-content\/uploads\/2024\/04\/4A315622-1904-4D5C-B022-878CDC840E04-90x90-1.jpeg\",\"contentUrl\":\"https:\/\/nitu.mx\/wp-content\/uploads\/2024\/04\/4A315622-1904-4D5C-B022-878CDC840E04-90x90-1.jpeg\",\"width\":90,\"height\":90,\"caption\":\"Arturo Medina\"},\"logo\":{\"@id\":\"https:\/\/nitu.mx\/#\/schema\/person\/image\/\"},\"description\":\"Director NITU.mx, Egresado de la Escuela de Periodismo Carlos Septi\u00e9n Garc\u00eda. Periodista y analista especializado en turismo desde hace 35 a\u00f1os, radicado en Canc\u00fan Q.Roo. arturo@nitu.mx\",\"sameAs\":[\"https:\/\/nitu.mx\",\"https:\/\/www.facebook.com\/NITUmx\/\",\"medinacancun\",\"https:\/\/twitter.com\/@Arturo_Medina_G\"]},{\"@type\":\"Person\",\"@id\":\"https:\/\/nitu.mx\/#\/schema\/person\/4a28fe9bd65924f7c90623773daf1b0b\",\"name\":\"Redacci\u00f3n\",\"image\":{\"@type\":\"ImageObject\",\"inLanguage\":\"es-MX\",\"@id\":\"https:\/\/nitu.mx\/#\/schema\/person\/image\/\",\"url\":\"https:\/\/secure.gravatar.com\/avatar\/5dd011c8ccfc5cd7e4c81e42252aab38?s=96&d=mm&r=g\",\"contentUrl\":\"https:\/\/secure.gravatar.com\/avatar\/5dd011c8ccfc5cd7e4c81e42252aab38?s=96&d=mm&r=g\",\"caption\":\"Redacci\u00f3n\"},\"url\":\"https:\/\/nitu.mx\/index.php\/author\/redaccion\/\"}]}<\/script>\n<!-- \/ Yoast SEO plugin. -->","yoast_head_json":{"title":"Volaris prepara ajustes ante reducci\u00f3n en crecimiento en tr\u00e1fico de pasaje - Nitu - Noticias de la Industria Turistica","robots":{"index":"index","follow":"follow","max-snippet":"max-snippet:-1","max-image-preview":"max-image-preview:large","max-video-preview":"max-video-preview:-1"},"canonical":"https:\/\/nitu.mx\/index.php\/2017\/11\/03\/volaris-prepara-ajustes-ante-reduccion-crecimiento-trafico-pasaje\/","twitter_card":"summary_large_image","twitter_title":"Volaris prepara ajustes ante reducci\u00f3n en crecimiento en tr\u00e1fico de pasaje - Nitu - Noticias de la Industria Turistica","twitter_description":"Ante la desaceleraci\u00f3n que registra el tr\u00e1fico de pasaje en M\u00e9xico y como parte de una estrategia de recorte de gastos, Volaris desacelerar\u00e1 el crecimiento de su oferta de asientos hacia el 2021. La llamada aerol\u00ednea de ultra-bajo costo se propone expandir su capacidad -medida en oferta de asientos por milla disponible- entre 11 y [&hellip;]","twitter_image":"https:\/\/nitu.mx\/wp-content\/uploads\/2017\/03\/Volaris-nubes.jpg","twitter_creator":"@NITUmx","twitter_site":"@Arturo_Medina_G","twitter_misc":{"Escrito por":"Redacci\u00f3n","Tiempo de lectura":"1 minuto"},"schema":{"@context":"https:\/\/schema.org","@graph":[{"@type":"Article","@id":"https:\/\/nitu.mx\/index.php\/2017\/11\/03\/volaris-prepara-ajustes-ante-reduccion-crecimiento-trafico-pasaje\/#article","isPartOf":{"@id":"https:\/\/nitu.mx\/index.php\/2017\/11\/03\/volaris-prepara-ajustes-ante-reduccion-crecimiento-trafico-pasaje\/"},"author":{"name":"Redacci\u00f3n","@id":"https:\/\/nitu.mx\/#\/schema\/person\/4a28fe9bd65924f7c90623773daf1b0b"},"headline":"Volaris prepara ajustes ante reducci\u00f3n en crecimiento en tr\u00e1fico de pasaje","datePublished":"2017-11-03T05:19:00+00:00","dateModified":"2017-11-03T05:31:29+00:00","mainEntityOfPage":{"@id":"https:\/\/nitu.mx\/index.php\/2017\/11\/03\/volaris-prepara-ajustes-ante-reduccion-crecimiento-trafico-pasaje\/"},"wordCount":272,"commentCount":0,"publisher":{"@id":"https:\/\/nitu.mx\/#\/schema\/person\/ae7a53426417292d3dd07b45a33e01bc"},"image":{"@id":"https:\/\/nitu.mx\/index.php\/2017\/11\/03\/volaris-prepara-ajustes-ante-reduccion-crecimiento-trafico-pasaje\/#primaryimage"},"thumbnailUrl":"https:\/\/nitu.mx\/wp-content\/uploads\/2017\/03\/Volaris-nubes.jpg","keywords":["Enrique Beltranena","tr\u00e1fico de pasajeros","Volaris"],"articleSection":["Aerol\u00edneas","M\u00e9xico"],"inLanguage":"es-MX","potentialAction":[{"@type":"CommentAction","name":"Comment","target":["https:\/\/nitu.mx\/index.php\/2017\/11\/03\/volaris-prepara-ajustes-ante-reduccion-crecimiento-trafico-pasaje\/#respond"]}]},{"@type":"WebPage","@id":"https:\/\/nitu.mx\/index.php\/2017\/11\/03\/volaris-prepara-ajustes-ante-reduccion-crecimiento-trafico-pasaje\/","url":"https:\/\/nitu.mx\/index.php\/2017\/11\/03\/volaris-prepara-ajustes-ante-reduccion-crecimiento-trafico-pasaje\/","name":"Volaris prepara ajustes ante reducci\u00f3n en crecimiento en tr\u00e1fico de pasaje - Nitu - Noticias de la Industria Turistica","isPartOf":{"@id":"https:\/\/nitu.mx\/#website"},"primaryImageOfPage":{"@id":"https:\/\/nitu.mx\/index.php\/2017\/11\/03\/volaris-prepara-ajustes-ante-reduccion-crecimiento-trafico-pasaje\/#primaryimage"},"image":{"@id":"https:\/\/nitu.mx\/index.php\/2017\/11\/03\/volaris-prepara-ajustes-ante-reduccion-crecimiento-trafico-pasaje\/#primaryimage"},"thumbnailUrl":"https:\/\/nitu.mx\/wp-content\/uploads\/2017\/03\/Volaris-nubes.jpg","datePublished":"2017-11-03T05:19:00+00:00","dateModified":"2017-11-03T05:31:29+00:00","breadcrumb":{"@id":"https:\/\/nitu.mx\/index.php\/2017\/11\/03\/volaris-prepara-ajustes-ante-reduccion-crecimiento-trafico-pasaje\/#breadcrumb"},"inLanguage":"es-MX","potentialAction":[{"@type":"ReadAction","target":["https:\/\/nitu.mx\/index.php\/2017\/11\/03\/volaris-prepara-ajustes-ante-reduccion-crecimiento-trafico-pasaje\/"]}]},{"@type":"ImageObject","inLanguage":"es-MX","@id":"https:\/\/nitu.mx\/index.php\/2017\/11\/03\/volaris-prepara-ajustes-ante-reduccion-crecimiento-trafico-pasaje\/#primaryimage","url":"https:\/\/nitu.mx\/wp-content\/uploads\/2017\/03\/Volaris-nubes.jpg","contentUrl":"https:\/\/nitu.mx\/wp-content\/uploads\/2017\/03\/Volaris-nubes.jpg","width":850,"height":480,"caption":"Volaris"},{"@type":"BreadcrumbList","@id":"https:\/\/nitu.mx\/index.php\/2017\/11\/03\/volaris-prepara-ajustes-ante-reduccion-crecimiento-trafico-pasaje\/#breadcrumb","itemListElement":[{"@type":"ListItem","position":1,"name":"Inicio","item":"https:\/\/nitu.mx\/"},{"@type":"ListItem","position":2,"name":"Volaris prepara ajustes ante reducci\u00f3n en crecimiento en tr\u00e1fico de pasaje"}]},{"@type":"WebSite","@id":"https:\/\/nitu.mx\/#website","url":"https:\/\/nitu.mx\/","name":"Nitu - Noticias de la Industria Turistica","description":"Noticias de la Industria Turistica","publisher":{"@id":"https:\/\/nitu.mx\/#\/schema\/person\/ae7a53426417292d3dd07b45a33e01bc"},"alternateName":"Noticias de la Industria Turistica","potentialAction":[{"@type":"SearchAction","target":{"@type":"EntryPoint","urlTemplate":"https:\/\/nitu.mx\/?s={search_term_string}"},"query-input":"required name=search_term_string"}],"inLanguage":"es-MX"},{"@type":["Person","Organization"],"@id":"https:\/\/nitu.mx\/#\/schema\/person\/ae7a53426417292d3dd07b45a33e01bc","name":"Arturo Medina","image":{"@type":"ImageObject","inLanguage":"es-MX","@id":"https:\/\/nitu.mx\/#\/schema\/person\/image\/","url":"https:\/\/nitu.mx\/wp-content\/uploads\/2024\/04\/4A315622-1904-4D5C-B022-878CDC840E04-90x90-1.jpeg","contentUrl":"https:\/\/nitu.mx\/wp-content\/uploads\/2024\/04\/4A315622-1904-4D5C-B022-878CDC840E04-90x90-1.jpeg","width":90,"height":90,"caption":"Arturo Medina"},"logo":{"@id":"https:\/\/nitu.mx\/#\/schema\/person\/image\/"},"description":"Director NITU.mx, Egresado de la Escuela de Periodismo Carlos Septi\u00e9n Garc\u00eda. Periodista y analista especializado en turismo desde hace 35 a\u00f1os, radicado en Canc\u00fan Q.Roo. arturo@nitu.mx","sameAs":["https:\/\/nitu.mx","https:\/\/www.facebook.com\/NITUmx\/","medinacancun","https:\/\/twitter.com\/@Arturo_Medina_G"]},{"@type":"Person","@id":"https:\/\/nitu.mx\/#\/schema\/person\/4a28fe9bd65924f7c90623773daf1b0b","name":"Redacci\u00f3n","image":{"@type":"ImageObject","inLanguage":"es-MX","@id":"https:\/\/nitu.mx\/#\/schema\/person\/image\/","url":"https:\/\/secure.gravatar.com\/avatar\/5dd011c8ccfc5cd7e4c81e42252aab38?s=96&d=mm&r=g","contentUrl":"https:\/\/secure.gravatar.com\/avatar\/5dd011c8ccfc5cd7e4c81e42252aab38?s=96&d=mm&r=g","caption":"Redacci\u00f3n"},"url":"https:\/\/nitu.mx\/index.php\/author\/redaccion\/"}]}},"views":196,"_links":{"self":[{"href":"https:\/\/nitu.mx\/index.php\/wp-json\/wp\/v2\/posts\/14429"}],"collection":[{"href":"https:\/\/nitu.mx\/index.php\/wp-json\/wp\/v2\/posts"}],"about":[{"href":"https:\/\/nitu.mx\/index.php\/wp-json\/wp\/v2\/types\/post"}],"author":[{"embeddable":true,"href":"https:\/\/nitu.mx\/index.php\/wp-json\/wp\/v2\/users\/17"}],"replies":[{"embeddable":true,"href":"https:\/\/nitu.mx\/index.php\/wp-json\/wp\/v2\/comments?post=14429"}],"version-history":[{"count":3,"href":"https:\/\/nitu.mx\/index.php\/wp-json\/wp\/v2\/posts\/14429\/revisions"}],"predecessor-version":[{"id":14454,"href":"https:\/\/nitu.mx\/index.php\/wp-json\/wp\/v2\/posts\/14429\/revisions\/14454"}],"wp:featuredmedia":[{"embeddable":true,"href":"https:\/\/nitu.mx\/index.php\/wp-json\/wp\/v2\/media\/7937"}],"wp:attachment":[{"href":"https:\/\/nitu.mx\/index.php\/wp-json\/wp\/v2\/media?parent=14429"}],"wp:term":[{"taxonomy":"category","embeddable":true,"href":"https:\/\/nitu.mx\/index.php\/wp-json\/wp\/v2\/categories?post=14429"},{"taxonomy":"post_tag","embeddable":true,"href":"https:\/\/nitu.mx\/index.php\/wp-json\/wp\/v2\/tags?post=14429"}],"curies":[{"name":"wp","href":"https:\/\/api.w.org\/{rel}","templated":true}]}}