{"id":14426,"date":"2017-11-02T22:47:38","date_gmt":"2017-11-03T03:47:38","guid":{"rendered":"http:\/\/www.dev.nitu.mx\/?p=14426"},"modified":"2017-11-03T00:31:46","modified_gmt":"2017-11-03T05:31:46","slug":"aicm-refuta-la-version-de-interjet","status":"publish","type":"post","link":"https:\/\/nitu.mx\/index.php\/2017\/11\/02\/aicm-refuta-la-version-de-interjet\/","title":{"rendered":"AICM refuta la versi\u00f3n de Interjet"},"content":{"rendered":"<p>Interjet, inform\u00f3 en un comunicado que cancelar\u00eda a partir del 1\u00ba de noviembre sus rutas de la Ciudad de M\u00e9xico a Campeche, Aguascalientes, la Paz, Minatitl\u00e1n y Reynosa, argumentando que el AICM le hab\u00eda disminuido el n\u00famero de slots. Sin embargo, Alejandro Argud\u00edn, director general del Aeropuerto Internacional de la Ciudad de M\u00e9xico, asever\u00f3 que la decisi\u00f3n fue unilateral.<\/p>\n<p>Argud\u00edn neg\u00f3 en forma tajante que el AICM haya disminuido los slots que tiene Interjet, por lo que desminti\u00f3 a la aerol\u00ednea que preside Miguel Alem\u00e1n, que public\u00f3 un desplegado el martes en el que culp\u00f3 al AICM de la cancelaci\u00f3n de las rutas. Seg\u00fan Interjet, que al parecer minti\u00f3, fue la reducci\u00f3n de slots lo que la oblig\u00f3 a cancelar sus vuelos a estos cinco destinos que cubr\u00eda desde hace m\u00e1s de tres a\u00f1os y reconoci\u00f3 que afectar\u00e1 a los usuarios porque habr\u00e1 nula o m\u00ednima competencia.<\/p>\n<p>El Slotix, que es el nuevo sistema de supervisi\u00f3n sobre slots, inici\u00f3 en abril de este a\u00f1o, y las sanciones a aerol\u00edneas por no cumplir con sus horarios aplicar\u00e1n a partir de la pr\u00f3xima temporada de verano.<\/p>\n<p>Con excepci\u00f3n de Campeche, Aerom\u00e9xico y Volaris vuelan a Aguascalientes, La Paz, Minatitl\u00e1n y Reynosa. El caso preocupante es Campeche, porque la \u00fanica aerol\u00ednea que cubr\u00eda la ruta era Interjet y habr\u00e1 una severa afectaci\u00f3n para la entidad, revela Dinero en Imagen. (<a title=\"Interjet lamenta cancelar servicio a cinco ciudades, representan 3 mil vuelos\" href=\"http:\/\/www.dev.nitu.mx\/index.php\/2017\/11\/01\/interjet-lamenta-dejar-de-prestar-servicio-a-cinco-ciudades-que-representa-afectar-3-mil-vuelos\/\" rel=\"bookmark\">Interjet lamenta cancelar servicio a cinco ciudades, representan 3 mil vuelos<\/a>).<\/p>\n","protected":false},"excerpt":{"rendered":"<p>Interjet, inform\u00f3 en un comunicado que cancelar\u00eda a partir del 1\u00ba de noviembre sus rutas de la Ciudad de M\u00e9xico a Campeche, Aguascalientes, la Paz, Minatitl\u00e1n y Reynosa, argumentando que el AICM le hab\u00eda disminuido el n\u00famero de slots. Sin embargo, Alejandro Argud\u00edn, director general del Aeropuerto Internacional de la Ciudad de M\u00e9xico, asever\u00f3 que [&hellip;]<\/p>\n","protected":false},"author":17,"featured_media":8058,"comment_status":"open","ping_status":"open","sticky":false,"template":"","format":"standard","meta":{"footnotes":""},"categories":[29,6],"tags":[536,6491,400,125,172,132],"yoast_head":"<!-- This site is optimized with the Yoast SEO plugin v22.2 - https:\/\/yoast.com\/wordpress\/plugins\/seo\/ -->\n<title>AICM refuta la versi\u00f3n de Interjet - Nitu - Noticias de la Industria Turistica<\/title>\n<meta name=\"description\" content=\"Alejandro Argud\u00edn, director general del AICM, asever\u00f3 que la decisi\u00f3n de quitar slots a Interjet fue unilateral y tendr\u00e1 que cancelar sus rutas a 5 ciudades\" \/>\n<meta name=\"robots\" content=\"index, follow, max-snippet:-1, max-image-preview:large, max-video-preview:-1\" \/>\n<link rel=\"canonical\" href=\"https:\/\/nitu.mx\/index.php\/2017\/11\/02\/aicm-refuta-la-version-de-interjet\/\" \/>\n<meta name=\"twitter:card\" content=\"summary_large_image\" \/>\n<meta name=\"twitter:title\" content=\"AICM refuta la versi\u00f3n de Interjet - Nitu - Noticias de la Industria Turistica\" \/>\n<meta name=\"twitter:description\" content=\"Alejandro Argud\u00edn, director general del AICM, asever\u00f3 que la decisi\u00f3n de quitar slots a Interjet fue unilateral y tendr\u00e1 que cancelar sus rutas a 5 ciudades\" \/>\n<meta name=\"twitter:image\" content=\"https:\/\/nitu.mx\/wp-content\/uploads\/2017\/03\/Interjet-AICM.jpg\" \/>\n<meta name=\"twitter:creator\" content=\"@NITUmx\" \/>\n<meta name=\"twitter:site\" content=\"@Arturo_Medina_G\" \/>\n<meta name=\"twitter:label1\" content=\"Escrito por\" \/>\n\t<meta name=\"twitter:data1\" content=\"Redacci\u00f3n\" \/>\n\t<meta name=\"twitter:label2\" content=\"Tiempo de lectura\" \/>\n\t<meta name=\"twitter:data2\" content=\"1 minuto\" \/>\n<script type=\"application\/ld+json\" class=\"yoast-schema-graph\">{\"@context\":\"https:\/\/schema.org\",\"@graph\":[{\"@type\":\"Article\",\"@id\":\"https:\/\/nitu.mx\/index.php\/2017\/11\/02\/aicm-refuta-la-version-de-interjet\/#article\",\"isPartOf\":{\"@id\":\"https:\/\/nitu.mx\/index.php\/2017\/11\/02\/aicm-refuta-la-version-de-interjet\/\"},\"author\":{\"name\":\"Redacci\u00f3n\",\"@id\":\"https:\/\/nitu.mx\/#\/schema\/person\/4a28fe9bd65924f7c90623773daf1b0b\"},\"headline\":\"AICM refuta la versi\u00f3n de Interjet\",\"datePublished\":\"2017-11-03T03:47:38+00:00\",\"dateModified\":\"2017-11-03T05:31:46+00:00\",\"mainEntityOfPage\":{\"@id\":\"https:\/\/nitu.mx\/index.php\/2017\/11\/02\/aicm-refuta-la-version-de-interjet\/\"},\"wordCount\":271,\"commentCount\":0,\"publisher\":{\"@id\":\"https:\/\/nitu.mx\/#\/schema\/person\/ae7a53426417292d3dd07b45a33e01bc\"},\"image\":{\"@id\":\"https:\/\/nitu.mx\/index.php\/2017\/11\/02\/aicm-refuta-la-version-de-interjet\/#primaryimage\"},\"thumbnailUrl\":\"https:\/\/nitu.mx\/wp-content\/uploads\/2017\/03\/Interjet-AICM.jpg\",\"keywords\":[\"Aeropuerto Internacional de la Ciudad de M\u00e9xico\",\"Alejandro Argud\u00edn\",\"Campeche\",\"Ciudad de M\u00e9xico\",\"Interjet\",\"La Paz\"],\"articleSection\":[\"Aerol\u00edneas\",\"M\u00e9xico\"],\"inLanguage\":\"es-MX\",\"potentialAction\":[{\"@type\":\"CommentAction\",\"name\":\"Comment\",\"target\":[\"https:\/\/nitu.mx\/index.php\/2017\/11\/02\/aicm-refuta-la-version-de-interjet\/#respond\"]}]},{\"@type\":\"WebPage\",\"@id\":\"https:\/\/nitu.mx\/index.php\/2017\/11\/02\/aicm-refuta-la-version-de-interjet\/\",\"url\":\"https:\/\/nitu.mx\/index.php\/2017\/11\/02\/aicm-refuta-la-version-de-interjet\/\",\"name\":\"AICM refuta la versi\u00f3n de Interjet - Nitu - Noticias de la Industria Turistica\",\"isPartOf\":{\"@id\":\"https:\/\/nitu.mx\/#website\"},\"primaryImageOfPage\":{\"@id\":\"https:\/\/nitu.mx\/index.php\/2017\/11\/02\/aicm-refuta-la-version-de-interjet\/#primaryimage\"},\"image\":{\"@id\":\"https:\/\/nitu.mx\/index.php\/2017\/11\/02\/aicm-refuta-la-version-de-interjet\/#primaryimage\"},\"thumbnailUrl\":\"https:\/\/nitu.mx\/wp-content\/uploads\/2017\/03\/Interjet-AICM.jpg\",\"datePublished\":\"2017-11-03T03:47:38+00:00\",\"dateModified\":\"2017-11-03T05:31:46+00:00\",\"description\":\"Alejandro Argud\u00edn, director general del AICM, asever\u00f3 que la decisi\u00f3n de quitar slots a Interjet fue unilateral y tendr\u00e1 que cancelar sus rutas a 5 ciudades\",\"breadcrumb\":{\"@id\":\"https:\/\/nitu.mx\/index.php\/2017\/11\/02\/aicm-refuta-la-version-de-interjet\/#breadcrumb\"},\"inLanguage\":\"es-MX\",\"potentialAction\":[{\"@type\":\"ReadAction\",\"target\":[\"https:\/\/nitu.mx\/index.php\/2017\/11\/02\/aicm-refuta-la-version-de-interjet\/\"]}]},{\"@type\":\"ImageObject\",\"inLanguage\":\"es-MX\",\"@id\":\"https:\/\/nitu.mx\/index.php\/2017\/11\/02\/aicm-refuta-la-version-de-interjet\/#primaryimage\",\"url\":\"https:\/\/nitu.mx\/wp-content\/uploads\/2017\/03\/Interjet-AICM.jpg\",\"contentUrl\":\"https:\/\/nitu.mx\/wp-content\/uploads\/2017\/03\/Interjet-AICM.jpg\",\"width\":850,\"height\":480,\"caption\":\"Interjet AICM\"},{\"@type\":\"BreadcrumbList\",\"@id\":\"https:\/\/nitu.mx\/index.php\/2017\/11\/02\/aicm-refuta-la-version-de-interjet\/#breadcrumb\",\"itemListElement\":[{\"@type\":\"ListItem\",\"position\":1,\"name\":\"Inicio\",\"item\":\"https:\/\/nitu.mx\/\"},{\"@type\":\"ListItem\",\"position\":2,\"name\":\"AICM refuta la versi\u00f3n de Interjet\"}]},{\"@type\":\"WebSite\",\"@id\":\"https:\/\/nitu.mx\/#website\",\"url\":\"https:\/\/nitu.mx\/\",\"name\":\"Nitu - Noticias de la Industria Turistica\",\"description\":\"Noticias de la Industria Turistica\",\"publisher\":{\"@id\":\"https:\/\/nitu.mx\/#\/schema\/person\/ae7a53426417292d3dd07b45a33e01bc\"},\"alternateName\":\"Noticias de la Industria Turistica\",\"potentialAction\":[{\"@type\":\"SearchAction\",\"target\":{\"@type\":\"EntryPoint\",\"urlTemplate\":\"https:\/\/nitu.mx\/?s={search_term_string}\"},\"query-input\":\"required name=search_term_string\"}],\"inLanguage\":\"es-MX\"},{\"@type\":[\"Person\",\"Organization\"],\"@id\":\"https:\/\/nitu.mx\/#\/schema\/person\/ae7a53426417292d3dd07b45a33e01bc\",\"name\":\"Arturo Medina\",\"image\":{\"@type\":\"ImageObject\",\"inLanguage\":\"es-MX\",\"@id\":\"https:\/\/nitu.mx\/#\/schema\/person\/image\/\",\"url\":\"https:\/\/nitu.mx\/wp-content\/uploads\/2024\/04\/4A315622-1904-4D5C-B022-878CDC840E04-90x90-1.jpeg\",\"contentUrl\":\"https:\/\/nitu.mx\/wp-content\/uploads\/2024\/04\/4A315622-1904-4D5C-B022-878CDC840E04-90x90-1.jpeg\",\"width\":90,\"height\":90,\"caption\":\"Arturo Medina\"},\"logo\":{\"@id\":\"https:\/\/nitu.mx\/#\/schema\/person\/image\/\"},\"description\":\"Director NITU.mx, Egresado de la Escuela de Periodismo Carlos Septi\u00e9n Garc\u00eda. Periodista y analista especializado en turismo desde hace 35 a\u00f1os, radicado en Canc\u00fan Q.Roo. arturo@nitu.mx\",\"sameAs\":[\"https:\/\/nitu.mx\",\"https:\/\/www.facebook.com\/NITUmx\/\",\"medinacancun\",\"https:\/\/twitter.com\/@Arturo_Medina_G\"]},{\"@type\":\"Person\",\"@id\":\"https:\/\/nitu.mx\/#\/schema\/person\/4a28fe9bd65924f7c90623773daf1b0b\",\"name\":\"Redacci\u00f3n\",\"image\":{\"@type\":\"ImageObject\",\"inLanguage\":\"es-MX\",\"@id\":\"https:\/\/nitu.mx\/#\/schema\/person\/image\/\",\"url\":\"https:\/\/secure.gravatar.com\/avatar\/5dd011c8ccfc5cd7e4c81e42252aab38?s=96&d=mm&r=g\",\"contentUrl\":\"https:\/\/secure.gravatar.com\/avatar\/5dd011c8ccfc5cd7e4c81e42252aab38?s=96&d=mm&r=g\",\"caption\":\"Redacci\u00f3n\"},\"url\":\"https:\/\/nitu.mx\/index.php\/author\/redaccion\/\"}]}<\/script>\n<!-- \/ Yoast SEO plugin. -->","yoast_head_json":{"title":"AICM refuta la versi\u00f3n de Interjet - Nitu - Noticias de la Industria Turistica","description":"Alejandro Argud\u00edn, director general del AICM, asever\u00f3 que la decisi\u00f3n de quitar slots a Interjet fue unilateral y tendr\u00e1 que cancelar sus rutas a 5 ciudades","robots":{"index":"index","follow":"follow","max-snippet":"max-snippet:-1","max-image-preview":"max-image-preview:large","max-video-preview":"max-video-preview:-1"},"canonical":"https:\/\/nitu.mx\/index.php\/2017\/11\/02\/aicm-refuta-la-version-de-interjet\/","twitter_card":"summary_large_image","twitter_title":"AICM refuta la versi\u00f3n de Interjet - Nitu - Noticias de la Industria Turistica","twitter_description":"Alejandro Argud\u00edn, director general del AICM, asever\u00f3 que la decisi\u00f3n de quitar slots a Interjet fue unilateral y tendr\u00e1 que cancelar sus rutas a 5 ciudades","twitter_image":"https:\/\/nitu.mx\/wp-content\/uploads\/2017\/03\/Interjet-AICM.jpg","twitter_creator":"@NITUmx","twitter_site":"@Arturo_Medina_G","twitter_misc":{"Escrito por":"Redacci\u00f3n","Tiempo de lectura":"1 minuto"},"schema":{"@context":"https:\/\/schema.org","@graph":[{"@type":"Article","@id":"https:\/\/nitu.mx\/index.php\/2017\/11\/02\/aicm-refuta-la-version-de-interjet\/#article","isPartOf":{"@id":"https:\/\/nitu.mx\/index.php\/2017\/11\/02\/aicm-refuta-la-version-de-interjet\/"},"author":{"name":"Redacci\u00f3n","@id":"https:\/\/nitu.mx\/#\/schema\/person\/4a28fe9bd65924f7c90623773daf1b0b"},"headline":"AICM refuta la versi\u00f3n de Interjet","datePublished":"2017-11-03T03:47:38+00:00","dateModified":"2017-11-03T05:31:46+00:00","mainEntityOfPage":{"@id":"https:\/\/nitu.mx\/index.php\/2017\/11\/02\/aicm-refuta-la-version-de-interjet\/"},"wordCount":271,"commentCount":0,"publisher":{"@id":"https:\/\/nitu.mx\/#\/schema\/person\/ae7a53426417292d3dd07b45a33e01bc"},"image":{"@id":"https:\/\/nitu.mx\/index.php\/2017\/11\/02\/aicm-refuta-la-version-de-interjet\/#primaryimage"},"thumbnailUrl":"https:\/\/nitu.mx\/wp-content\/uploads\/2017\/03\/Interjet-AICM.jpg","keywords":["Aeropuerto Internacional de la Ciudad de M\u00e9xico","Alejandro Argud\u00edn","Campeche","Ciudad de M\u00e9xico","Interjet","La Paz"],"articleSection":["Aerol\u00edneas","M\u00e9xico"],"inLanguage":"es-MX","potentialAction":[{"@type":"CommentAction","name":"Comment","target":["https:\/\/nitu.mx\/index.php\/2017\/11\/02\/aicm-refuta-la-version-de-interjet\/#respond"]}]},{"@type":"WebPage","@id":"https:\/\/nitu.mx\/index.php\/2017\/11\/02\/aicm-refuta-la-version-de-interjet\/","url":"https:\/\/nitu.mx\/index.php\/2017\/11\/02\/aicm-refuta-la-version-de-interjet\/","name":"AICM refuta la versi\u00f3n de Interjet - Nitu - Noticias de la Industria Turistica","isPartOf":{"@id":"https:\/\/nitu.mx\/#website"},"primaryImageOfPage":{"@id":"https:\/\/nitu.mx\/index.php\/2017\/11\/02\/aicm-refuta-la-version-de-interjet\/#primaryimage"},"image":{"@id":"https:\/\/nitu.mx\/index.php\/2017\/11\/02\/aicm-refuta-la-version-de-interjet\/#primaryimage"},"thumbnailUrl":"https:\/\/nitu.mx\/wp-content\/uploads\/2017\/03\/Interjet-AICM.jpg","datePublished":"2017-11-03T03:47:38+00:00","dateModified":"2017-11-03T05:31:46+00:00","description":"Alejandro Argud\u00edn, director general del AICM, asever\u00f3 que la decisi\u00f3n de quitar slots a Interjet fue unilateral y tendr\u00e1 que cancelar sus rutas a 5 ciudades","breadcrumb":{"@id":"https:\/\/nitu.mx\/index.php\/2017\/11\/02\/aicm-refuta-la-version-de-interjet\/#breadcrumb"},"inLanguage":"es-MX","potentialAction":[{"@type":"ReadAction","target":["https:\/\/nitu.mx\/index.php\/2017\/11\/02\/aicm-refuta-la-version-de-interjet\/"]}]},{"@type":"ImageObject","inLanguage":"es-MX","@id":"https:\/\/nitu.mx\/index.php\/2017\/11\/02\/aicm-refuta-la-version-de-interjet\/#primaryimage","url":"https:\/\/nitu.mx\/wp-content\/uploads\/2017\/03\/Interjet-AICM.jpg","contentUrl":"https:\/\/nitu.mx\/wp-content\/uploads\/2017\/03\/Interjet-AICM.jpg","width":850,"height":480,"caption":"Interjet AICM"},{"@type":"BreadcrumbList","@id":"https:\/\/nitu.mx\/index.php\/2017\/11\/02\/aicm-refuta-la-version-de-interjet\/#breadcrumb","itemListElement":[{"@type":"ListItem","position":1,"name":"Inicio","item":"https:\/\/nitu.mx\/"},{"@type":"ListItem","position":2,"name":"AICM refuta la versi\u00f3n de Interjet"}]},{"@type":"WebSite","@id":"https:\/\/nitu.mx\/#website","url":"https:\/\/nitu.mx\/","name":"Nitu - Noticias de la Industria Turistica","description":"Noticias de la Industria Turistica","publisher":{"@id":"https:\/\/nitu.mx\/#\/schema\/person\/ae7a53426417292d3dd07b45a33e01bc"},"alternateName":"Noticias de la Industria Turistica","potentialAction":[{"@type":"SearchAction","target":{"@type":"EntryPoint","urlTemplate":"https:\/\/nitu.mx\/?s={search_term_string}"},"query-input":"required name=search_term_string"}],"inLanguage":"es-MX"},{"@type":["Person","Organization"],"@id":"https:\/\/nitu.mx\/#\/schema\/person\/ae7a53426417292d3dd07b45a33e01bc","name":"Arturo Medina","image":{"@type":"ImageObject","inLanguage":"es-MX","@id":"https:\/\/nitu.mx\/#\/schema\/person\/image\/","url":"https:\/\/nitu.mx\/wp-content\/uploads\/2024\/04\/4A315622-1904-4D5C-B022-878CDC840E04-90x90-1.jpeg","contentUrl":"https:\/\/nitu.mx\/wp-content\/uploads\/2024\/04\/4A315622-1904-4D5C-B022-878CDC840E04-90x90-1.jpeg","width":90,"height":90,"caption":"Arturo Medina"},"logo":{"@id":"https:\/\/nitu.mx\/#\/schema\/person\/image\/"},"description":"Director NITU.mx, Egresado de la Escuela de Periodismo Carlos Septi\u00e9n Garc\u00eda. Periodista y analista especializado en turismo desde hace 35 a\u00f1os, radicado en Canc\u00fan Q.Roo. arturo@nitu.mx","sameAs":["https:\/\/nitu.mx","https:\/\/www.facebook.com\/NITUmx\/","medinacancun","https:\/\/twitter.com\/@Arturo_Medina_G"]},{"@type":"Person","@id":"https:\/\/nitu.mx\/#\/schema\/person\/4a28fe9bd65924f7c90623773daf1b0b","name":"Redacci\u00f3n","image":{"@type":"ImageObject","inLanguage":"es-MX","@id":"https:\/\/nitu.mx\/#\/schema\/person\/image\/","url":"https:\/\/secure.gravatar.com\/avatar\/5dd011c8ccfc5cd7e4c81e42252aab38?s=96&d=mm&r=g","contentUrl":"https:\/\/secure.gravatar.com\/avatar\/5dd011c8ccfc5cd7e4c81e42252aab38?s=96&d=mm&r=g","caption":"Redacci\u00f3n"},"url":"https:\/\/nitu.mx\/index.php\/author\/redaccion\/"}]}},"views":234,"_links":{"self":[{"href":"https:\/\/nitu.mx\/index.php\/wp-json\/wp\/v2\/posts\/14426"}],"collection":[{"href":"https:\/\/nitu.mx\/index.php\/wp-json\/wp\/v2\/posts"}],"about":[{"href":"https:\/\/nitu.mx\/index.php\/wp-json\/wp\/v2\/types\/post"}],"author":[{"embeddable":true,"href":"https:\/\/nitu.mx\/index.php\/wp-json\/wp\/v2\/users\/17"}],"replies":[{"embeddable":true,"href":"https:\/\/nitu.mx\/index.php\/wp-json\/wp\/v2\/comments?post=14426"}],"version-history":[{"count":4,"href":"https:\/\/nitu.mx\/index.php\/wp-json\/wp\/v2\/posts\/14426\/revisions"}],"predecessor-version":[{"id":14444,"href":"https:\/\/nitu.mx\/index.php\/wp-json\/wp\/v2\/posts\/14426\/revisions\/14444"}],"wp:featuredmedia":[{"embeddable":true,"href":"https:\/\/nitu.mx\/index.php\/wp-json\/wp\/v2\/media\/8058"}],"wp:attachment":[{"href":"https:\/\/nitu.mx\/index.php\/wp-json\/wp\/v2\/media?parent=14426"}],"wp:term":[{"taxonomy":"category","embeddable":true,"href":"https:\/\/nitu.mx\/index.php\/wp-json\/wp\/v2\/categories?post=14426"},{"taxonomy":"post_tag","embeddable":true,"href":"https:\/\/nitu.mx\/index.php\/wp-json\/wp\/v2\/tags?post=14426"}],"curies":[{"name":"wp","href":"https:\/\/api.w.org\/{rel}","templated":true}]}}