{"id":14322,"date":"2017-10-31T00:07:21","date_gmt":"2017-10-31T05:07:21","guid":{"rendered":"http:\/\/www.dev.nitu.mx\/?p=14322"},"modified":"2017-10-31T01:15:42","modified_gmt":"2017-10-31T06:15:42","slug":"xv-legislatura-a-peticion-de-hoteleros-tambien-busca-regular-plataformas-de-rentas-vacacionales","status":"publish","type":"post","link":"https:\/\/nitu.mx\/index.php\/2017\/10\/31\/xv-legislatura-a-peticion-de-hoteleros-tambien-busca-regular-plataformas-de-rentas-vacacionales\/","title":{"rendered":"XV Legislatura a petici\u00f3n de hoteleros, tambi\u00e9n busca regular plataformas de rentas vacacionales"},"content":{"rendered":"<p>La presidenta de la Comisi\u00f3n de Turismo y Asuntos Internacionales de la XV Legislatura, diputada Gabriela Angulo Sauri, se reuni\u00f3 con empresarios hoteleros de la zona norte de Quintana Roo, para presentarles el proyecto de iniciativa para normar las denominadas rentas vacacionales a trav\u00e9s de plataformas digitales, con las que se busca adem\u00e1s brindar seguridad a los turistas que hacen uso de este modelo de hospedaje.<\/p>\n<p>Angulo Sauri inform\u00f3 que la reuni\u00f3n fue a petici\u00f3n del sector hotelero, con la finalidad de encontrar alternativas que brinden certeza jur\u00eddica tanto a los turistas como a quienes invierten en estos modelos de hospedaje. A trav\u00e9s de esta propuesta, se busca actualizar el marco normativo estatal, as\u00ed como identificar y registrar a los sujetos obligados, fomentar el desarrollo econ\u00f3mico, la sana competencia y la recaudaci\u00f3n fiscal, entre otras.<\/p>\n<p>\u201cLa reuni\u00f3n fue a petici\u00f3n de los hoteleros de la zona norte de Quintana Roo por la inquietud de crear un marco regulatorio sobre el concepto de renta vacacional a trav\u00e9s de una plataforma digital, donde no solamente se contemple la recaudaci\u00f3n del hospedaje, sino tambi\u00e9n contemplar cuestiones de protecci\u00f3n civil, disposiciones en materia de salud, entre otras\u201d, agreg\u00f3.<\/p>\n<p>Sauri Angulo adelant\u00f3 que la iniciativa ser\u00e1 presentada en las pr\u00f3ximas semanas ante el Pleno del Congreso del Estado para que, posterior a su turno a las comisiones correspondientes, se pueda continuar con el an\u00e1lisis y escuchando las opiniones de todos los sectores involucrados.<\/p>\n<p>La legisladora precis\u00f3 que un aspecto importante de regular las rentas vacacionales, es poder contar con un registro de los turistas que ingresan a la entidad a trav\u00e9s de este modelo de hospedaje, para poder garantizar su seguridad en caso de alguna contingencia meteorol\u00f3gica o desastre natural.<\/p>\n<p>\u201cEs muy importante contar con el padr\u00f3n de los turistas que ocupan este servicio de renta vacacional, porque en caso de alguna contingencia o desastre natural, no sabemos cu\u00e1ntos ni d\u00f3nde se encuentran. No tenemos ning\u00fan tipo de dato como su nombre y origen, como en el caso de un hotel, donde s\u00ed existe un registro\u201d, dijo. (Noticaribe) (<a title=\"A partir del 1\u00b0 de octubre, Airbnb pagar\u00e1 el Impuesto al Hospedaje en Quintana Roo\" href=\"http:\/\/www.dev.nitu.mx\/index.php\/2017\/08\/22\/a-partir-del-1-de-octubre-airbnb-pagara-el-impuesto-al-hospedaje-en-quintana-roo\/\" rel=\"bookmark\">A partir del 1\u00b0 de octubre, Airbnb pagar\u00e1 el Impuesto al Hospedaje en Quintana Roo<\/a>).<\/p>\n","protected":false},"excerpt":{"rendered":"<p>La presidenta de la Comisi\u00f3n de Turismo y Asuntos Internacionales de la XV Legislatura, diputada Gabriela Angulo Sauri, se reuni\u00f3 con empresarios hoteleros de la zona norte de Quintana Roo, para presentarles el proyecto de iniciativa para normar las denominadas rentas vacacionales a trav\u00e9s de plataformas digitales, con las que se busca adem\u00e1s brindar seguridad [&hellip;]<\/p>\n","protected":false},"author":17,"featured_media":14342,"comment_status":"open","ping_status":"open","sticky":false,"template":"","format":"standard","meta":{"footnotes":""},"categories":[5,2],"tags":[5089,6457,4647,1997,6459,4878],"yoast_head":"<!-- This site is optimized with the Yoast SEO plugin v22.2 - https:\/\/yoast.com\/wordpress\/plugins\/seo\/ -->\n<title>XV Legislatura a petici\u00f3n de hoteleros, tambi\u00e9n busca regular plataformas de rentas vacacionales - Nitu - Noticias de la Industria Turistica<\/title>\n<meta name=\"description\" content=\"Gabriela Angulo Sauri present\u00f3 el proyecto de iniciativa para normar las denominadas rentas vacacionales a trav\u00e9s de plataformas digitales.\" \/>\n<meta name=\"robots\" content=\"index, follow, max-snippet:-1, max-image-preview:large, max-video-preview:-1\" \/>\n<link rel=\"canonical\" href=\"https:\/\/nitu.mx\/index.php\/2017\/10\/31\/xv-legislatura-a-peticion-de-hoteleros-tambien-busca-regular-plataformas-de-rentas-vacacionales\/\" \/>\n<meta name=\"twitter:card\" content=\"summary_large_image\" \/>\n<meta name=\"twitter:title\" content=\"XV Legislatura a petici\u00f3n de hoteleros, tambi\u00e9n busca regular plataformas de rentas vacacionales - Nitu - Noticias de la Industria Turistica\" \/>\n<meta name=\"twitter:description\" content=\"Gabriela Angulo Sauri present\u00f3 el proyecto de iniciativa para normar las denominadas rentas vacacionales a trav\u00e9s de plataformas digitales.\" \/>\n<meta name=\"twitter:image\" content=\"https:\/\/nitu.mx\/wp-content\/uploads\/2017\/10\/Gabriela-Angulo-Sauri.jpg\" \/>\n<meta name=\"twitter:creator\" content=\"@NITUmx\" \/>\n<meta name=\"twitter:site\" content=\"@Arturo_Medina_G\" \/>\n<meta name=\"twitter:label1\" content=\"Escrito por\" \/>\n\t<meta name=\"twitter:data1\" content=\"Redacci\u00f3n\" \/>\n\t<meta name=\"twitter:label2\" content=\"Tiempo de lectura\" \/>\n\t<meta name=\"twitter:data2\" content=\"2 minutos\" \/>\n<script type=\"application\/ld+json\" class=\"yoast-schema-graph\">{\"@context\":\"https:\/\/schema.org\",\"@graph\":[{\"@type\":\"Article\",\"@id\":\"https:\/\/nitu.mx\/index.php\/2017\/10\/31\/xv-legislatura-a-peticion-de-hoteleros-tambien-busca-regular-plataformas-de-rentas-vacacionales\/#article\",\"isPartOf\":{\"@id\":\"https:\/\/nitu.mx\/index.php\/2017\/10\/31\/xv-legislatura-a-peticion-de-hoteleros-tambien-busca-regular-plataformas-de-rentas-vacacionales\/\"},\"author\":{\"name\":\"Redacci\u00f3n\",\"@id\":\"https:\/\/nitu.mx\/#\/schema\/person\/4a28fe9bd65924f7c90623773daf1b0b\"},\"headline\":\"XV Legislatura a petici\u00f3n de hoteleros, tambi\u00e9n busca regular plataformas de rentas vacacionales\",\"datePublished\":\"2017-10-31T05:07:21+00:00\",\"dateModified\":\"2017-10-31T06:15:42+00:00\",\"mainEntityOfPage\":{\"@id\":\"https:\/\/nitu.mx\/index.php\/2017\/10\/31\/xv-legislatura-a-peticion-de-hoteleros-tambien-busca-regular-plataformas-de-rentas-vacacionales\/\"},\"wordCount\":395,\"commentCount\":0,\"publisher\":{\"@id\":\"https:\/\/nitu.mx\/#\/schema\/person\/ae7a53426417292d3dd07b45a33e01bc\"},\"image\":{\"@id\":\"https:\/\/nitu.mx\/index.php\/2017\/10\/31\/xv-legislatura-a-peticion-de-hoteleros-tambien-busca-regular-plataformas-de-rentas-vacacionales\/#primaryimage\"},\"thumbnailUrl\":\"https:\/\/nitu.mx\/wp-content\/uploads\/2017\/10\/Gabriela-Angulo-Sauri.jpg\",\"keywords\":[\"Comisi\u00f3n de Turismo y Asuntos Internacionales de la XV Legislatura\",\"diputada\",\"Gabriela Angulo Sauri\",\"hoteleros\",\"plataformas digitales\",\"rentas vacacionales\"],\"articleSection\":[\"Destinos\",\"Hoteles\"],\"inLanguage\":\"es-MX\",\"potentialAction\":[{\"@type\":\"CommentAction\",\"name\":\"Comment\",\"target\":[\"https:\/\/nitu.mx\/index.php\/2017\/10\/31\/xv-legislatura-a-peticion-de-hoteleros-tambien-busca-regular-plataformas-de-rentas-vacacionales\/#respond\"]}]},{\"@type\":\"WebPage\",\"@id\":\"https:\/\/nitu.mx\/index.php\/2017\/10\/31\/xv-legislatura-a-peticion-de-hoteleros-tambien-busca-regular-plataformas-de-rentas-vacacionales\/\",\"url\":\"https:\/\/nitu.mx\/index.php\/2017\/10\/31\/xv-legislatura-a-peticion-de-hoteleros-tambien-busca-regular-plataformas-de-rentas-vacacionales\/\",\"name\":\"XV Legislatura a petici\u00f3n de hoteleros, tambi\u00e9n busca regular plataformas de rentas vacacionales - Nitu - Noticias de la Industria Turistica\",\"isPartOf\":{\"@id\":\"https:\/\/nitu.mx\/#website\"},\"primaryImageOfPage\":{\"@id\":\"https:\/\/nitu.mx\/index.php\/2017\/10\/31\/xv-legislatura-a-peticion-de-hoteleros-tambien-busca-regular-plataformas-de-rentas-vacacionales\/#primaryimage\"},\"image\":{\"@id\":\"https:\/\/nitu.mx\/index.php\/2017\/10\/31\/xv-legislatura-a-peticion-de-hoteleros-tambien-busca-regular-plataformas-de-rentas-vacacionales\/#primaryimage\"},\"thumbnailUrl\":\"https:\/\/nitu.mx\/wp-content\/uploads\/2017\/10\/Gabriela-Angulo-Sauri.jpg\",\"datePublished\":\"2017-10-31T05:07:21+00:00\",\"dateModified\":\"2017-10-31T06:15:42+00:00\",\"description\":\"Gabriela Angulo Sauri present\u00f3 el proyecto de iniciativa para normar las denominadas rentas vacacionales a trav\u00e9s de plataformas digitales.\",\"breadcrumb\":{\"@id\":\"https:\/\/nitu.mx\/index.php\/2017\/10\/31\/xv-legislatura-a-peticion-de-hoteleros-tambien-busca-regular-plataformas-de-rentas-vacacionales\/#breadcrumb\"},\"inLanguage\":\"es-MX\",\"potentialAction\":[{\"@type\":\"ReadAction\",\"target\":[\"https:\/\/nitu.mx\/index.php\/2017\/10\/31\/xv-legislatura-a-peticion-de-hoteleros-tambien-busca-regular-plataformas-de-rentas-vacacionales\/\"]}]},{\"@type\":\"ImageObject\",\"inLanguage\":\"es-MX\",\"@id\":\"https:\/\/nitu.mx\/index.php\/2017\/10\/31\/xv-legislatura-a-peticion-de-hoteleros-tambien-busca-regular-plataformas-de-rentas-vacacionales\/#primaryimage\",\"url\":\"https:\/\/nitu.mx\/wp-content\/uploads\/2017\/10\/Gabriela-Angulo-Sauri.jpg\",\"contentUrl\":\"https:\/\/nitu.mx\/wp-content\/uploads\/2017\/10\/Gabriela-Angulo-Sauri.jpg\",\"width\":850,\"height\":480,\"caption\":\"rentas vacacionales\"},{\"@type\":\"BreadcrumbList\",\"@id\":\"https:\/\/nitu.mx\/index.php\/2017\/10\/31\/xv-legislatura-a-peticion-de-hoteleros-tambien-busca-regular-plataformas-de-rentas-vacacionales\/#breadcrumb\",\"itemListElement\":[{\"@type\":\"ListItem\",\"position\":1,\"name\":\"Inicio\",\"item\":\"https:\/\/nitu.mx\/\"},{\"@type\":\"ListItem\",\"position\":2,\"name\":\"XV Legislatura a petici\u00f3n de hoteleros, tambi\u00e9n busca regular plataformas de rentas vacacionales\"}]},{\"@type\":\"WebSite\",\"@id\":\"https:\/\/nitu.mx\/#website\",\"url\":\"https:\/\/nitu.mx\/\",\"name\":\"Nitu - Noticias de la Industria Turistica\",\"description\":\"Noticias de la Industria Turistica\",\"publisher\":{\"@id\":\"https:\/\/nitu.mx\/#\/schema\/person\/ae7a53426417292d3dd07b45a33e01bc\"},\"alternateName\":\"Noticias de la Industria Turistica\",\"potentialAction\":[{\"@type\":\"SearchAction\",\"target\":{\"@type\":\"EntryPoint\",\"urlTemplate\":\"https:\/\/nitu.mx\/?s={search_term_string}\"},\"query-input\":\"required name=search_term_string\"}],\"inLanguage\":\"es-MX\"},{\"@type\":[\"Person\",\"Organization\"],\"@id\":\"https:\/\/nitu.mx\/#\/schema\/person\/ae7a53426417292d3dd07b45a33e01bc\",\"name\":\"Arturo Medina\",\"image\":{\"@type\":\"ImageObject\",\"inLanguage\":\"es-MX\",\"@id\":\"https:\/\/nitu.mx\/#\/schema\/person\/image\/\",\"url\":\"https:\/\/nitu.mx\/wp-content\/uploads\/2024\/04\/4A315622-1904-4D5C-B022-878CDC840E04-90x90-1.jpeg\",\"contentUrl\":\"https:\/\/nitu.mx\/wp-content\/uploads\/2024\/04\/4A315622-1904-4D5C-B022-878CDC840E04-90x90-1.jpeg\",\"width\":90,\"height\":90,\"caption\":\"Arturo Medina\"},\"logo\":{\"@id\":\"https:\/\/nitu.mx\/#\/schema\/person\/image\/\"},\"description\":\"Director NITU.mx, Egresado de la Escuela de Periodismo Carlos Septi\u00e9n Garc\u00eda. Periodista y analista especializado en turismo desde hace 35 a\u00f1os, radicado en Canc\u00fan Q.Roo. arturo@nitu.mx\",\"sameAs\":[\"https:\/\/nitu.mx\",\"https:\/\/www.facebook.com\/NITUmx\/\",\"medinacancun\",\"https:\/\/twitter.com\/@Arturo_Medina_G\"]},{\"@type\":\"Person\",\"@id\":\"https:\/\/nitu.mx\/#\/schema\/person\/4a28fe9bd65924f7c90623773daf1b0b\",\"name\":\"Redacci\u00f3n\",\"image\":{\"@type\":\"ImageObject\",\"inLanguage\":\"es-MX\",\"@id\":\"https:\/\/nitu.mx\/#\/schema\/person\/image\/\",\"url\":\"https:\/\/secure.gravatar.com\/avatar\/5dd011c8ccfc5cd7e4c81e42252aab38?s=96&d=mm&r=g\",\"contentUrl\":\"https:\/\/secure.gravatar.com\/avatar\/5dd011c8ccfc5cd7e4c81e42252aab38?s=96&d=mm&r=g\",\"caption\":\"Redacci\u00f3n\"},\"url\":\"https:\/\/nitu.mx\/index.php\/author\/redaccion\/\"}]}<\/script>\n<!-- \/ Yoast SEO plugin. -->","yoast_head_json":{"title":"XV Legislatura a petici\u00f3n de hoteleros, tambi\u00e9n busca regular plataformas de rentas vacacionales - Nitu - Noticias de la Industria Turistica","description":"Gabriela Angulo Sauri present\u00f3 el proyecto de iniciativa para normar las denominadas rentas vacacionales a trav\u00e9s de plataformas digitales.","robots":{"index":"index","follow":"follow","max-snippet":"max-snippet:-1","max-image-preview":"max-image-preview:large","max-video-preview":"max-video-preview:-1"},"canonical":"https:\/\/nitu.mx\/index.php\/2017\/10\/31\/xv-legislatura-a-peticion-de-hoteleros-tambien-busca-regular-plataformas-de-rentas-vacacionales\/","twitter_card":"summary_large_image","twitter_title":"XV Legislatura a petici\u00f3n de hoteleros, tambi\u00e9n busca regular plataformas de rentas vacacionales - Nitu - Noticias de la Industria Turistica","twitter_description":"Gabriela Angulo Sauri present\u00f3 el proyecto de iniciativa para normar las denominadas rentas vacacionales a trav\u00e9s de plataformas digitales.","twitter_image":"https:\/\/nitu.mx\/wp-content\/uploads\/2017\/10\/Gabriela-Angulo-Sauri.jpg","twitter_creator":"@NITUmx","twitter_site":"@Arturo_Medina_G","twitter_misc":{"Escrito por":"Redacci\u00f3n","Tiempo de lectura":"2 minutos"},"schema":{"@context":"https:\/\/schema.org","@graph":[{"@type":"Article","@id":"https:\/\/nitu.mx\/index.php\/2017\/10\/31\/xv-legislatura-a-peticion-de-hoteleros-tambien-busca-regular-plataformas-de-rentas-vacacionales\/#article","isPartOf":{"@id":"https:\/\/nitu.mx\/index.php\/2017\/10\/31\/xv-legislatura-a-peticion-de-hoteleros-tambien-busca-regular-plataformas-de-rentas-vacacionales\/"},"author":{"name":"Redacci\u00f3n","@id":"https:\/\/nitu.mx\/#\/schema\/person\/4a28fe9bd65924f7c90623773daf1b0b"},"headline":"XV Legislatura a petici\u00f3n de hoteleros, tambi\u00e9n busca regular plataformas de rentas vacacionales","datePublished":"2017-10-31T05:07:21+00:00","dateModified":"2017-10-31T06:15:42+00:00","mainEntityOfPage":{"@id":"https:\/\/nitu.mx\/index.php\/2017\/10\/31\/xv-legislatura-a-peticion-de-hoteleros-tambien-busca-regular-plataformas-de-rentas-vacacionales\/"},"wordCount":395,"commentCount":0,"publisher":{"@id":"https:\/\/nitu.mx\/#\/schema\/person\/ae7a53426417292d3dd07b45a33e01bc"},"image":{"@id":"https:\/\/nitu.mx\/index.php\/2017\/10\/31\/xv-legislatura-a-peticion-de-hoteleros-tambien-busca-regular-plataformas-de-rentas-vacacionales\/#primaryimage"},"thumbnailUrl":"https:\/\/nitu.mx\/wp-content\/uploads\/2017\/10\/Gabriela-Angulo-Sauri.jpg","keywords":["Comisi\u00f3n de Turismo y Asuntos Internacionales de la XV Legislatura","diputada","Gabriela Angulo Sauri","hoteleros","plataformas digitales","rentas vacacionales"],"articleSection":["Destinos","Hoteles"],"inLanguage":"es-MX","potentialAction":[{"@type":"CommentAction","name":"Comment","target":["https:\/\/nitu.mx\/index.php\/2017\/10\/31\/xv-legislatura-a-peticion-de-hoteleros-tambien-busca-regular-plataformas-de-rentas-vacacionales\/#respond"]}]},{"@type":"WebPage","@id":"https:\/\/nitu.mx\/index.php\/2017\/10\/31\/xv-legislatura-a-peticion-de-hoteleros-tambien-busca-regular-plataformas-de-rentas-vacacionales\/","url":"https:\/\/nitu.mx\/index.php\/2017\/10\/31\/xv-legislatura-a-peticion-de-hoteleros-tambien-busca-regular-plataformas-de-rentas-vacacionales\/","name":"XV Legislatura a petici\u00f3n de hoteleros, tambi\u00e9n busca regular plataformas de rentas vacacionales - Nitu - Noticias de la Industria Turistica","isPartOf":{"@id":"https:\/\/nitu.mx\/#website"},"primaryImageOfPage":{"@id":"https:\/\/nitu.mx\/index.php\/2017\/10\/31\/xv-legislatura-a-peticion-de-hoteleros-tambien-busca-regular-plataformas-de-rentas-vacacionales\/#primaryimage"},"image":{"@id":"https:\/\/nitu.mx\/index.php\/2017\/10\/31\/xv-legislatura-a-peticion-de-hoteleros-tambien-busca-regular-plataformas-de-rentas-vacacionales\/#primaryimage"},"thumbnailUrl":"https:\/\/nitu.mx\/wp-content\/uploads\/2017\/10\/Gabriela-Angulo-Sauri.jpg","datePublished":"2017-10-31T05:07:21+00:00","dateModified":"2017-10-31T06:15:42+00:00","description":"Gabriela Angulo Sauri present\u00f3 el proyecto de iniciativa para normar las denominadas rentas vacacionales a trav\u00e9s de plataformas digitales.","breadcrumb":{"@id":"https:\/\/nitu.mx\/index.php\/2017\/10\/31\/xv-legislatura-a-peticion-de-hoteleros-tambien-busca-regular-plataformas-de-rentas-vacacionales\/#breadcrumb"},"inLanguage":"es-MX","potentialAction":[{"@type":"ReadAction","target":["https:\/\/nitu.mx\/index.php\/2017\/10\/31\/xv-legislatura-a-peticion-de-hoteleros-tambien-busca-regular-plataformas-de-rentas-vacacionales\/"]}]},{"@type":"ImageObject","inLanguage":"es-MX","@id":"https:\/\/nitu.mx\/index.php\/2017\/10\/31\/xv-legislatura-a-peticion-de-hoteleros-tambien-busca-regular-plataformas-de-rentas-vacacionales\/#primaryimage","url":"https:\/\/nitu.mx\/wp-content\/uploads\/2017\/10\/Gabriela-Angulo-Sauri.jpg","contentUrl":"https:\/\/nitu.mx\/wp-content\/uploads\/2017\/10\/Gabriela-Angulo-Sauri.jpg","width":850,"height":480,"caption":"rentas vacacionales"},{"@type":"BreadcrumbList","@id":"https:\/\/nitu.mx\/index.php\/2017\/10\/31\/xv-legislatura-a-peticion-de-hoteleros-tambien-busca-regular-plataformas-de-rentas-vacacionales\/#breadcrumb","itemListElement":[{"@type":"ListItem","position":1,"name":"Inicio","item":"https:\/\/nitu.mx\/"},{"@type":"ListItem","position":2,"name":"XV Legislatura a petici\u00f3n de hoteleros, tambi\u00e9n busca regular plataformas de rentas vacacionales"}]},{"@type":"WebSite","@id":"https:\/\/nitu.mx\/#website","url":"https:\/\/nitu.mx\/","name":"Nitu - Noticias de la Industria Turistica","description":"Noticias de la Industria Turistica","publisher":{"@id":"https:\/\/nitu.mx\/#\/schema\/person\/ae7a53426417292d3dd07b45a33e01bc"},"alternateName":"Noticias de la Industria Turistica","potentialAction":[{"@type":"SearchAction","target":{"@type":"EntryPoint","urlTemplate":"https:\/\/nitu.mx\/?s={search_term_string}"},"query-input":"required name=search_term_string"}],"inLanguage":"es-MX"},{"@type":["Person","Organization"],"@id":"https:\/\/nitu.mx\/#\/schema\/person\/ae7a53426417292d3dd07b45a33e01bc","name":"Arturo Medina","image":{"@type":"ImageObject","inLanguage":"es-MX","@id":"https:\/\/nitu.mx\/#\/schema\/person\/image\/","url":"https:\/\/nitu.mx\/wp-content\/uploads\/2024\/04\/4A315622-1904-4D5C-B022-878CDC840E04-90x90-1.jpeg","contentUrl":"https:\/\/nitu.mx\/wp-content\/uploads\/2024\/04\/4A315622-1904-4D5C-B022-878CDC840E04-90x90-1.jpeg","width":90,"height":90,"caption":"Arturo Medina"},"logo":{"@id":"https:\/\/nitu.mx\/#\/schema\/person\/image\/"},"description":"Director NITU.mx, Egresado de la Escuela de Periodismo Carlos Septi\u00e9n Garc\u00eda. Periodista y analista especializado en turismo desde hace 35 a\u00f1os, radicado en Canc\u00fan Q.Roo. arturo@nitu.mx","sameAs":["https:\/\/nitu.mx","https:\/\/www.facebook.com\/NITUmx\/","medinacancun","https:\/\/twitter.com\/@Arturo_Medina_G"]},{"@type":"Person","@id":"https:\/\/nitu.mx\/#\/schema\/person\/4a28fe9bd65924f7c90623773daf1b0b","name":"Redacci\u00f3n","image":{"@type":"ImageObject","inLanguage":"es-MX","@id":"https:\/\/nitu.mx\/#\/schema\/person\/image\/","url":"https:\/\/secure.gravatar.com\/avatar\/5dd011c8ccfc5cd7e4c81e42252aab38?s=96&d=mm&r=g","contentUrl":"https:\/\/secure.gravatar.com\/avatar\/5dd011c8ccfc5cd7e4c81e42252aab38?s=96&d=mm&r=g","caption":"Redacci\u00f3n"},"url":"https:\/\/nitu.mx\/index.php\/author\/redaccion\/"}]}},"views":299,"_links":{"self":[{"href":"https:\/\/nitu.mx\/index.php\/wp-json\/wp\/v2\/posts\/14322"}],"collection":[{"href":"https:\/\/nitu.mx\/index.php\/wp-json\/wp\/v2\/posts"}],"about":[{"href":"https:\/\/nitu.mx\/index.php\/wp-json\/wp\/v2\/types\/post"}],"author":[{"embeddable":true,"href":"https:\/\/nitu.mx\/index.php\/wp-json\/wp\/v2\/users\/17"}],"replies":[{"embeddable":true,"href":"https:\/\/nitu.mx\/index.php\/wp-json\/wp\/v2\/comments?post=14322"}],"version-history":[{"count":3,"href":"https:\/\/nitu.mx\/index.php\/wp-json\/wp\/v2\/posts\/14322\/revisions"}],"predecessor-version":[{"id":14345,"href":"https:\/\/nitu.mx\/index.php\/wp-json\/wp\/v2\/posts\/14322\/revisions\/14345"}],"wp:featuredmedia":[{"embeddable":true,"href":"https:\/\/nitu.mx\/index.php\/wp-json\/wp\/v2\/media\/14342"}],"wp:attachment":[{"href":"https:\/\/nitu.mx\/index.php\/wp-json\/wp\/v2\/media?parent=14322"}],"wp:term":[{"taxonomy":"category","embeddable":true,"href":"https:\/\/nitu.mx\/index.php\/wp-json\/wp\/v2\/categories?post=14322"},{"taxonomy":"post_tag","embeddable":true,"href":"https:\/\/nitu.mx\/index.php\/wp-json\/wp\/v2\/tags?post=14322"}],"curies":[{"name":"wp","href":"https:\/\/api.w.org\/{rel}","templated":true}]}}