{"id":14297,"date":"2017-10-29T23:27:05","date_gmt":"2017-10-30T04:27:05","guid":{"rendered":"http:\/\/www.dev.nitu.mx\/?p=14297"},"modified":"2017-10-30T00:00:41","modified_gmt":"2017-10-30T05:00:41","slug":"volaris-interrumpe-racha-positiva-por-sismos-y-alza-de-combustible","status":"publish","type":"post","link":"https:\/\/nitu.mx\/index.php\/2017\/10\/29\/volaris-interrumpe-racha-positiva-por-sismos-y-alza-de-combustible\/","title":{"rendered":"Volaris interrumpe racha positiva por sismos y alza de combustible"},"content":{"rendered":"<p>Despu\u00e9s de la racha positiva que ven\u00eda registrando la aerol\u00ednea que preside Enrique Beltranena, Volaris resinti\u00f3 tanto los efectos de los sismos de septiembre en M\u00e9xico, como el incremento en los costos del combustible durante el tercer trimestre del a\u00f1o, lo cual se vio reflejado en los n\u00fameros, al contraerse el flujo operativo de la aerol\u00ednea 18.6 por\u00a0 ciento respecto al mismo periodo del 2016.<\/p>\n<p>Seg\u00fan su reporte enviado a la Bolsa Mexicana de Valores, las utilidades antes del costo financiero, pago de impuestos, depreciaci\u00f3n, amortizaci\u00f3n y la renta de equipo de vuelo de la aerol\u00ednea se ubic\u00f3 entre julio y septiembre en 2 mil 168\u00a0 millones de pesos.<\/p>\n<p>Beltranena asegur\u00f3 que durante el tercer trimestre, el comportamiento de la demanda y el tr\u00e1fico a pesar del entorno tarifario competitivo hab\u00edan mejorado, sin embargo, en septiembre los desastres naturales tanto en M\u00e9xico como en Centroam\u00e9rica \u00a0llevaron a la aerol\u00ednea a hacer una pausa.<\/p>\n<p>El resultado obedeci\u00f3 a una contracci\u00f3n de ingresos y m\u00e1s gastos. Las ventas totales de la firma se redujeron 2.2 por ciento en el tercer trimestre de este a\u00f1o, al ubicarse en 6 mil 582 millones de pesos, principalmente por la reducci\u00f3n de 13 por ciento en las tarifas promedio de la aerol\u00ednea que se vieron parcialmente compensadas por un aumento de 5.2 por ciento en el tr\u00e1fico de pasajeros.<\/p>\n<p>Los costos de la empresa aumentaron en dicha comparaci\u00f3n 4.6 por ciento al llegar a los 5 mil 948 millones de pesos, impulsado principalmente por el aumento\u00a0 de 8 por ciento en la adquisici\u00f3n de turbosina.<\/p>\n<p>Asimismo, la utilidad neta de la firma report\u00f3 una contracci\u00f3n de 27.6 por ciento al situarse en 731 millones de pesos en el\u00a0 tercer cuarto de 2017. La aerol\u00ednea busca impulsar el tr\u00e1fico de pasajeros extranjeros, como informamos en <em><strong>NITU.mx<\/strong><\/em>\u00a0(<a title=\"Volaris quiere conquistar al mercado entre M\u00e9xico y Miami\" href=\"http:\/\/www.dev.nitu.mx\/index.php\/2017\/09\/24\/volaris-quiere-conquistar-al-mercado-mexico-miami\/\" rel=\"bookmark\">Volaris quiere conquistar al mercado entre M\u00e9xico y Miami<\/a>).<\/p>\n","protected":false},"excerpt":{"rendered":"<p>Despu\u00e9s de la racha positiva que ven\u00eda registrando la aerol\u00ednea que preside Enrique Beltranena, Volaris resinti\u00f3 tanto los efectos de los sismos de septiembre en M\u00e9xico, como el incremento en los costos del combustible durante el tercer trimestre del a\u00f1o, lo cual se vio reflejado en los n\u00fameros, al contraerse el flujo operativo de la [&hellip;]<\/p>\n","protected":false},"author":17,"featured_media":7069,"comment_status":"open","ping_status":"open","sticky":false,"template":"","format":"standard","meta":{"footnotes":""},"categories":[29,6],"tags":[63,435,131],"yoast_head":"<!-- This site is optimized with the Yoast SEO plugin v22.2 - https:\/\/yoast.com\/wordpress\/plugins\/seo\/ -->\n<title>Volaris interrumpe racha positiva por sismos y alza de combustible - Nitu - Noticias de la Industria Turistica<\/title>\n<meta name=\"description\" content=\"Despu\u00e9s de la racha positiva que ven\u00eda registrando Volaris que preside Enrique Beltranena, resinti\u00f3 tanto los efectos de los sismos de septiembre en M\u00e9xico.\" \/>\n<meta name=\"robots\" content=\"index, follow, max-snippet:-1, max-image-preview:large, max-video-preview:-1\" \/>\n<link rel=\"canonical\" href=\"https:\/\/nitu.mx\/index.php\/2017\/10\/29\/volaris-interrumpe-racha-positiva-por-sismos-y-alza-de-combustible\/\" \/>\n<meta name=\"twitter:card\" content=\"summary_large_image\" \/>\n<meta name=\"twitter:title\" content=\"Volaris interrumpe racha positiva por sismos y alza de combustible - Nitu - Noticias de la Industria Turistica\" \/>\n<meta name=\"twitter:description\" content=\"Despu\u00e9s de la racha positiva que ven\u00eda registrando Volaris que preside Enrique Beltranena, resinti\u00f3 tanto los efectos de los sismos de septiembre en M\u00e9xico.\" \/>\n<meta name=\"twitter:image\" content=\"https:\/\/nitu.mx\/wp-content\/uploads\/2017\/02\/Volaris-Chicago.jpg\" \/>\n<meta name=\"twitter:creator\" content=\"@NITUmx\" \/>\n<meta name=\"twitter:site\" content=\"@Arturo_Medina_G\" \/>\n<meta name=\"twitter:label1\" content=\"Escrito por\" \/>\n\t<meta name=\"twitter:data1\" content=\"Redacci\u00f3n\" \/>\n\t<meta name=\"twitter:label2\" content=\"Tiempo de lectura\" \/>\n\t<meta name=\"twitter:data2\" content=\"2 minutos\" \/>\n<script type=\"application\/ld+json\" class=\"yoast-schema-graph\">{\"@context\":\"https:\/\/schema.org\",\"@graph\":[{\"@type\":\"Article\",\"@id\":\"https:\/\/nitu.mx\/index.php\/2017\/10\/29\/volaris-interrumpe-racha-positiva-por-sismos-y-alza-de-combustible\/#article\",\"isPartOf\":{\"@id\":\"https:\/\/nitu.mx\/index.php\/2017\/10\/29\/volaris-interrumpe-racha-positiva-por-sismos-y-alza-de-combustible\/\"},\"author\":{\"name\":\"Redacci\u00f3n\",\"@id\":\"https:\/\/nitu.mx\/#\/schema\/person\/4a28fe9bd65924f7c90623773daf1b0b\"},\"headline\":\"Volaris interrumpe racha positiva por sismos y alza de combustible\",\"datePublished\":\"2017-10-30T04:27:05+00:00\",\"dateModified\":\"2017-10-30T05:00:41+00:00\",\"mainEntityOfPage\":{\"@id\":\"https:\/\/nitu.mx\/index.php\/2017\/10\/29\/volaris-interrumpe-racha-positiva-por-sismos-y-alza-de-combustible\/\"},\"wordCount\":331,\"commentCount\":0,\"publisher\":{\"@id\":\"https:\/\/nitu.mx\/#\/schema\/person\/ae7a53426417292d3dd07b45a33e01bc\"},\"image\":{\"@id\":\"https:\/\/nitu.mx\/index.php\/2017\/10\/29\/volaris-interrumpe-racha-positiva-por-sismos-y-alza-de-combustible\/#primaryimage\"},\"thumbnailUrl\":\"https:\/\/nitu.mx\/wp-content\/uploads\/2017\/02\/Volaris-Chicago.jpg\",\"keywords\":[\"Bolsa Mexicana de Valores\",\"Enrique Beltranena\",\"Volaris\"],\"articleSection\":[\"Aerol\u00edneas\",\"M\u00e9xico\"],\"inLanguage\":\"es-MX\",\"potentialAction\":[{\"@type\":\"CommentAction\",\"name\":\"Comment\",\"target\":[\"https:\/\/nitu.mx\/index.php\/2017\/10\/29\/volaris-interrumpe-racha-positiva-por-sismos-y-alza-de-combustible\/#respond\"]}]},{\"@type\":\"WebPage\",\"@id\":\"https:\/\/nitu.mx\/index.php\/2017\/10\/29\/volaris-interrumpe-racha-positiva-por-sismos-y-alza-de-combustible\/\",\"url\":\"https:\/\/nitu.mx\/index.php\/2017\/10\/29\/volaris-interrumpe-racha-positiva-por-sismos-y-alza-de-combustible\/\",\"name\":\"Volaris interrumpe racha positiva por sismos y alza de combustible - Nitu - Noticias de la Industria Turistica\",\"isPartOf\":{\"@id\":\"https:\/\/nitu.mx\/#website\"},\"primaryImageOfPage\":{\"@id\":\"https:\/\/nitu.mx\/index.php\/2017\/10\/29\/volaris-interrumpe-racha-positiva-por-sismos-y-alza-de-combustible\/#primaryimage\"},\"image\":{\"@id\":\"https:\/\/nitu.mx\/index.php\/2017\/10\/29\/volaris-interrumpe-racha-positiva-por-sismos-y-alza-de-combustible\/#primaryimage\"},\"thumbnailUrl\":\"https:\/\/nitu.mx\/wp-content\/uploads\/2017\/02\/Volaris-Chicago.jpg\",\"datePublished\":\"2017-10-30T04:27:05+00:00\",\"dateModified\":\"2017-10-30T05:00:41+00:00\",\"description\":\"Despu\u00e9s de la racha positiva que ven\u00eda registrando Volaris que preside Enrique Beltranena, resinti\u00f3 tanto los efectos de los sismos de septiembre en M\u00e9xico.\",\"breadcrumb\":{\"@id\":\"https:\/\/nitu.mx\/index.php\/2017\/10\/29\/volaris-interrumpe-racha-positiva-por-sismos-y-alza-de-combustible\/#breadcrumb\"},\"inLanguage\":\"es-MX\",\"potentialAction\":[{\"@type\":\"ReadAction\",\"target\":[\"https:\/\/nitu.mx\/index.php\/2017\/10\/29\/volaris-interrumpe-racha-positiva-por-sismos-y-alza-de-combustible\/\"]}]},{\"@type\":\"ImageObject\",\"inLanguage\":\"es-MX\",\"@id\":\"https:\/\/nitu.mx\/index.php\/2017\/10\/29\/volaris-interrumpe-racha-positiva-por-sismos-y-alza-de-combustible\/#primaryimage\",\"url\":\"https:\/\/nitu.mx\/wp-content\/uploads\/2017\/02\/Volaris-Chicago.jpg\",\"contentUrl\":\"https:\/\/nitu.mx\/wp-content\/uploads\/2017\/02\/Volaris-Chicago.jpg\",\"width\":850,\"height\":480,\"caption\":\"Volaris\"},{\"@type\":\"BreadcrumbList\",\"@id\":\"https:\/\/nitu.mx\/index.php\/2017\/10\/29\/volaris-interrumpe-racha-positiva-por-sismos-y-alza-de-combustible\/#breadcrumb\",\"itemListElement\":[{\"@type\":\"ListItem\",\"position\":1,\"name\":\"Inicio\",\"item\":\"https:\/\/nitu.mx\/\"},{\"@type\":\"ListItem\",\"position\":2,\"name\":\"Volaris interrumpe racha positiva por sismos y alza de combustible\"}]},{\"@type\":\"WebSite\",\"@id\":\"https:\/\/nitu.mx\/#website\",\"url\":\"https:\/\/nitu.mx\/\",\"name\":\"Nitu - Noticias de la Industria Turistica\",\"description\":\"Noticias de la Industria Turistica\",\"publisher\":{\"@id\":\"https:\/\/nitu.mx\/#\/schema\/person\/ae7a53426417292d3dd07b45a33e01bc\"},\"alternateName\":\"Noticias de la Industria Turistica\",\"potentialAction\":[{\"@type\":\"SearchAction\",\"target\":{\"@type\":\"EntryPoint\",\"urlTemplate\":\"https:\/\/nitu.mx\/?s={search_term_string}\"},\"query-input\":\"required name=search_term_string\"}],\"inLanguage\":\"es-MX\"},{\"@type\":[\"Person\",\"Organization\"],\"@id\":\"https:\/\/nitu.mx\/#\/schema\/person\/ae7a53426417292d3dd07b45a33e01bc\",\"name\":\"Arturo Medina\",\"image\":{\"@type\":\"ImageObject\",\"inLanguage\":\"es-MX\",\"@id\":\"https:\/\/nitu.mx\/#\/schema\/person\/image\/\",\"url\":\"https:\/\/nitu.mx\/wp-content\/uploads\/2024\/04\/4A315622-1904-4D5C-B022-878CDC840E04-90x90-1.jpeg\",\"contentUrl\":\"https:\/\/nitu.mx\/wp-content\/uploads\/2024\/04\/4A315622-1904-4D5C-B022-878CDC840E04-90x90-1.jpeg\",\"width\":90,\"height\":90,\"caption\":\"Arturo Medina\"},\"logo\":{\"@id\":\"https:\/\/nitu.mx\/#\/schema\/person\/image\/\"},\"description\":\"Director NITU.mx, Egresado de la Escuela de Periodismo Carlos Septi\u00e9n Garc\u00eda. Periodista y analista especializado en turismo desde hace 35 a\u00f1os, radicado en Canc\u00fan Q.Roo. arturo@nitu.mx\",\"sameAs\":[\"https:\/\/nitu.mx\",\"https:\/\/www.facebook.com\/NITUmx\/\",\"medinacancun\",\"https:\/\/twitter.com\/@Arturo_Medina_G\"]},{\"@type\":\"Person\",\"@id\":\"https:\/\/nitu.mx\/#\/schema\/person\/4a28fe9bd65924f7c90623773daf1b0b\",\"name\":\"Redacci\u00f3n\",\"image\":{\"@type\":\"ImageObject\",\"inLanguage\":\"es-MX\",\"@id\":\"https:\/\/nitu.mx\/#\/schema\/person\/image\/\",\"url\":\"https:\/\/secure.gravatar.com\/avatar\/5dd011c8ccfc5cd7e4c81e42252aab38?s=96&d=mm&r=g\",\"contentUrl\":\"https:\/\/secure.gravatar.com\/avatar\/5dd011c8ccfc5cd7e4c81e42252aab38?s=96&d=mm&r=g\",\"caption\":\"Redacci\u00f3n\"},\"url\":\"https:\/\/nitu.mx\/index.php\/author\/redaccion\/\"}]}<\/script>\n<!-- \/ Yoast SEO plugin. -->","yoast_head_json":{"title":"Volaris interrumpe racha positiva por sismos y alza de combustible - Nitu - Noticias de la Industria Turistica","description":"Despu\u00e9s de la racha positiva que ven\u00eda registrando Volaris que preside Enrique Beltranena, resinti\u00f3 tanto los efectos de los sismos de septiembre en M\u00e9xico.","robots":{"index":"index","follow":"follow","max-snippet":"max-snippet:-1","max-image-preview":"max-image-preview:large","max-video-preview":"max-video-preview:-1"},"canonical":"https:\/\/nitu.mx\/index.php\/2017\/10\/29\/volaris-interrumpe-racha-positiva-por-sismos-y-alza-de-combustible\/","twitter_card":"summary_large_image","twitter_title":"Volaris interrumpe racha positiva por sismos y alza de combustible - Nitu - Noticias de la Industria Turistica","twitter_description":"Despu\u00e9s de la racha positiva que ven\u00eda registrando Volaris que preside Enrique Beltranena, resinti\u00f3 tanto los efectos de los sismos de septiembre en M\u00e9xico.","twitter_image":"https:\/\/nitu.mx\/wp-content\/uploads\/2017\/02\/Volaris-Chicago.jpg","twitter_creator":"@NITUmx","twitter_site":"@Arturo_Medina_G","twitter_misc":{"Escrito por":"Redacci\u00f3n","Tiempo de lectura":"2 minutos"},"schema":{"@context":"https:\/\/schema.org","@graph":[{"@type":"Article","@id":"https:\/\/nitu.mx\/index.php\/2017\/10\/29\/volaris-interrumpe-racha-positiva-por-sismos-y-alza-de-combustible\/#article","isPartOf":{"@id":"https:\/\/nitu.mx\/index.php\/2017\/10\/29\/volaris-interrumpe-racha-positiva-por-sismos-y-alza-de-combustible\/"},"author":{"name":"Redacci\u00f3n","@id":"https:\/\/nitu.mx\/#\/schema\/person\/4a28fe9bd65924f7c90623773daf1b0b"},"headline":"Volaris interrumpe racha positiva por sismos y alza de combustible","datePublished":"2017-10-30T04:27:05+00:00","dateModified":"2017-10-30T05:00:41+00:00","mainEntityOfPage":{"@id":"https:\/\/nitu.mx\/index.php\/2017\/10\/29\/volaris-interrumpe-racha-positiva-por-sismos-y-alza-de-combustible\/"},"wordCount":331,"commentCount":0,"publisher":{"@id":"https:\/\/nitu.mx\/#\/schema\/person\/ae7a53426417292d3dd07b45a33e01bc"},"image":{"@id":"https:\/\/nitu.mx\/index.php\/2017\/10\/29\/volaris-interrumpe-racha-positiva-por-sismos-y-alza-de-combustible\/#primaryimage"},"thumbnailUrl":"https:\/\/nitu.mx\/wp-content\/uploads\/2017\/02\/Volaris-Chicago.jpg","keywords":["Bolsa Mexicana de Valores","Enrique Beltranena","Volaris"],"articleSection":["Aerol\u00edneas","M\u00e9xico"],"inLanguage":"es-MX","potentialAction":[{"@type":"CommentAction","name":"Comment","target":["https:\/\/nitu.mx\/index.php\/2017\/10\/29\/volaris-interrumpe-racha-positiva-por-sismos-y-alza-de-combustible\/#respond"]}]},{"@type":"WebPage","@id":"https:\/\/nitu.mx\/index.php\/2017\/10\/29\/volaris-interrumpe-racha-positiva-por-sismos-y-alza-de-combustible\/","url":"https:\/\/nitu.mx\/index.php\/2017\/10\/29\/volaris-interrumpe-racha-positiva-por-sismos-y-alza-de-combustible\/","name":"Volaris interrumpe racha positiva por sismos y alza de combustible - Nitu - Noticias de la Industria Turistica","isPartOf":{"@id":"https:\/\/nitu.mx\/#website"},"primaryImageOfPage":{"@id":"https:\/\/nitu.mx\/index.php\/2017\/10\/29\/volaris-interrumpe-racha-positiva-por-sismos-y-alza-de-combustible\/#primaryimage"},"image":{"@id":"https:\/\/nitu.mx\/index.php\/2017\/10\/29\/volaris-interrumpe-racha-positiva-por-sismos-y-alza-de-combustible\/#primaryimage"},"thumbnailUrl":"https:\/\/nitu.mx\/wp-content\/uploads\/2017\/02\/Volaris-Chicago.jpg","datePublished":"2017-10-30T04:27:05+00:00","dateModified":"2017-10-30T05:00:41+00:00","description":"Despu\u00e9s de la racha positiva que ven\u00eda registrando Volaris que preside Enrique Beltranena, resinti\u00f3 tanto los efectos de los sismos de septiembre en M\u00e9xico.","breadcrumb":{"@id":"https:\/\/nitu.mx\/index.php\/2017\/10\/29\/volaris-interrumpe-racha-positiva-por-sismos-y-alza-de-combustible\/#breadcrumb"},"inLanguage":"es-MX","potentialAction":[{"@type":"ReadAction","target":["https:\/\/nitu.mx\/index.php\/2017\/10\/29\/volaris-interrumpe-racha-positiva-por-sismos-y-alza-de-combustible\/"]}]},{"@type":"ImageObject","inLanguage":"es-MX","@id":"https:\/\/nitu.mx\/index.php\/2017\/10\/29\/volaris-interrumpe-racha-positiva-por-sismos-y-alza-de-combustible\/#primaryimage","url":"https:\/\/nitu.mx\/wp-content\/uploads\/2017\/02\/Volaris-Chicago.jpg","contentUrl":"https:\/\/nitu.mx\/wp-content\/uploads\/2017\/02\/Volaris-Chicago.jpg","width":850,"height":480,"caption":"Volaris"},{"@type":"BreadcrumbList","@id":"https:\/\/nitu.mx\/index.php\/2017\/10\/29\/volaris-interrumpe-racha-positiva-por-sismos-y-alza-de-combustible\/#breadcrumb","itemListElement":[{"@type":"ListItem","position":1,"name":"Inicio","item":"https:\/\/nitu.mx\/"},{"@type":"ListItem","position":2,"name":"Volaris interrumpe racha positiva por sismos y alza de combustible"}]},{"@type":"WebSite","@id":"https:\/\/nitu.mx\/#website","url":"https:\/\/nitu.mx\/","name":"Nitu - Noticias de la Industria Turistica","description":"Noticias de la Industria Turistica","publisher":{"@id":"https:\/\/nitu.mx\/#\/schema\/person\/ae7a53426417292d3dd07b45a33e01bc"},"alternateName":"Noticias de la Industria Turistica","potentialAction":[{"@type":"SearchAction","target":{"@type":"EntryPoint","urlTemplate":"https:\/\/nitu.mx\/?s={search_term_string}"},"query-input":"required name=search_term_string"}],"inLanguage":"es-MX"},{"@type":["Person","Organization"],"@id":"https:\/\/nitu.mx\/#\/schema\/person\/ae7a53426417292d3dd07b45a33e01bc","name":"Arturo Medina","image":{"@type":"ImageObject","inLanguage":"es-MX","@id":"https:\/\/nitu.mx\/#\/schema\/person\/image\/","url":"https:\/\/nitu.mx\/wp-content\/uploads\/2024\/04\/4A315622-1904-4D5C-B022-878CDC840E04-90x90-1.jpeg","contentUrl":"https:\/\/nitu.mx\/wp-content\/uploads\/2024\/04\/4A315622-1904-4D5C-B022-878CDC840E04-90x90-1.jpeg","width":90,"height":90,"caption":"Arturo Medina"},"logo":{"@id":"https:\/\/nitu.mx\/#\/schema\/person\/image\/"},"description":"Director NITU.mx, Egresado de la Escuela de Periodismo Carlos Septi\u00e9n Garc\u00eda. Periodista y analista especializado en turismo desde hace 35 a\u00f1os, radicado en Canc\u00fan Q.Roo. arturo@nitu.mx","sameAs":["https:\/\/nitu.mx","https:\/\/www.facebook.com\/NITUmx\/","medinacancun","https:\/\/twitter.com\/@Arturo_Medina_G"]},{"@type":"Person","@id":"https:\/\/nitu.mx\/#\/schema\/person\/4a28fe9bd65924f7c90623773daf1b0b","name":"Redacci\u00f3n","image":{"@type":"ImageObject","inLanguage":"es-MX","@id":"https:\/\/nitu.mx\/#\/schema\/person\/image\/","url":"https:\/\/secure.gravatar.com\/avatar\/5dd011c8ccfc5cd7e4c81e42252aab38?s=96&d=mm&r=g","contentUrl":"https:\/\/secure.gravatar.com\/avatar\/5dd011c8ccfc5cd7e4c81e42252aab38?s=96&d=mm&r=g","caption":"Redacci\u00f3n"},"url":"https:\/\/nitu.mx\/index.php\/author\/redaccion\/"}]}},"views":205,"_links":{"self":[{"href":"https:\/\/nitu.mx\/index.php\/wp-json\/wp\/v2\/posts\/14297"}],"collection":[{"href":"https:\/\/nitu.mx\/index.php\/wp-json\/wp\/v2\/posts"}],"about":[{"href":"https:\/\/nitu.mx\/index.php\/wp-json\/wp\/v2\/types\/post"}],"author":[{"embeddable":true,"href":"https:\/\/nitu.mx\/index.php\/wp-json\/wp\/v2\/users\/17"}],"replies":[{"embeddable":true,"href":"https:\/\/nitu.mx\/index.php\/wp-json\/wp\/v2\/comments?post=14297"}],"version-history":[{"count":3,"href":"https:\/\/nitu.mx\/index.php\/wp-json\/wp\/v2\/posts\/14297\/revisions"}],"predecessor-version":[{"id":14303,"href":"https:\/\/nitu.mx\/index.php\/wp-json\/wp\/v2\/posts\/14297\/revisions\/14303"}],"wp:featuredmedia":[{"embeddable":true,"href":"https:\/\/nitu.mx\/index.php\/wp-json\/wp\/v2\/media\/7069"}],"wp:attachment":[{"href":"https:\/\/nitu.mx\/index.php\/wp-json\/wp\/v2\/media?parent=14297"}],"wp:term":[{"taxonomy":"category","embeddable":true,"href":"https:\/\/nitu.mx\/index.php\/wp-json\/wp\/v2\/categories?post=14297"},{"taxonomy":"post_tag","embeddable":true,"href":"https:\/\/nitu.mx\/index.php\/wp-json\/wp\/v2\/tags?post=14297"}],"curies":[{"name":"wp","href":"https:\/\/api.w.org\/{rel}","templated":true}]}}