{"id":14100,"date":"2017-10-22T23:11:56","date_gmt":"2017-10-23T04:11:56","guid":{"rendered":"http:\/\/www.dev.nitu.mx\/?p=14100"},"modified":"2017-10-23T00:21:49","modified_gmt":"2017-10-23T05:21:49","slug":"cdmx-espera-100-de-ocupacion-por-gran-premio-de-mexico","status":"publish","type":"post","link":"https:\/\/nitu.mx\/index.php\/2017\/10\/22\/cdmx-espera-100-de-ocupacion-por-gran-premio-de-mexico\/","title":{"rendered":"CDMX espera 100% de ocupaci\u00f3n por Gran Premio de M\u00e9xico"},"content":{"rendered":"<p>A una semana de que se lleve a cabo el Gran Premio de M\u00e9xico, se mantiene la expectativa de llegar al 100 por ciento de ocupaci\u00f3n hotelera, adem\u00e1s que ser\u00e1 un suceso ideal para dar un mensaje al mundo de que el pa\u00eds est\u00e1 de pie, luego de los sismo registrados en septiembre pasado, que derivaron entre otras cosas, en una fuerte ca\u00edda de viajeros tanto dom\u00e9sticos como internacionales.<\/p>\n<p>As\u00ed lo revel\u00f3 para <em><strong>NITU.mx,<\/strong><\/em> Teresa Sol\u00eds, subsecretaria de Planeaci\u00f3n y Pol\u00edtica Tur\u00edstica de la Secretar\u00eda de Turismo (Sectur), quien apunt\u00f3 que para este evento que se realiza por tercer a\u00f1o consecutivo en M\u00e9xico, no se han registrado cancelaciones, por lo que las estimaciones se mantienen vigentes.<\/p>\n<p>\u201cSe trata de un buen evento en el que vamos a poder decir al mundo, estamos bien, y en condiciones de recibir al turismo\u201d, coment\u00f3 la funcionaria, y agreg\u00f3 de acuerdo con los datos de la Unidad de Pol\u00edtica Migratoria, los flujos internacionales se mantienen, pues al ser temporada baja, no repercutieron mucho los fen\u00f3menos naturales, pues las cancelaciones internacionales que se registraron en destinos, principalmente la Ciudad de M\u00e9xico, fueron menores.<\/p>\n<p>\u201cA\u00fan no tenemos las cifras oficiales de septiembre, pero podemos hablar de una ca\u00edda en ocupaci\u00f3n de 25 por ciento, a pesar que la infraestructura estaba intacta, pero mucho de ese turismo es dom\u00e9stico\u201d, dijo Sol\u00eds, y coment\u00f3 que para mantener el flujo de viajeros internacionales, el CPTM est\u00e1 reforzando acciones enfocadas en la temporada de invierno, pues es la m\u00e1s fuerte para el mercado extranjero, por lo que se mantiene la meta de llegar a los 37 millones de visitantes, al cierre del a\u00f1o.<\/p>\n<p>Reiter\u00f3 que la capital es la entidad qu\u00e9 m\u00e1s r\u00e1pido est\u00e1 recuperando el flujo de viajeros, sin embargo, estados como Oaxaca, Puebla y Chipas, a\u00fan est\u00e1n entre 10 y 18 por ciento respecto al a\u00f1o pasado. \u201cA\u00fan seguimos en el bache despu\u00e9s de los sismos del sureste y la Ciudad de M\u00e9xico, pues las im\u00e1genes que vio el mundo fue de solidaridad, pero con un tel\u00f3n de destrucci\u00f3n\u201d. (<a title=\"Sectur: CDMX ganar\u00e1 imagen y millones con F\u00f3rmula 1\" href=\"http:\/\/www.dev.nitu.mx\/index.php\/2016\/10\/29\/sectur-cdmx-ganara-imagen-millones-formula-1\/\" rel=\"bookmark\">Sectur: CDMX ganar\u00e1 imagen y millones con F\u00f3rmula 1<\/a>).<\/p>\n<p>La subsecretaria destac\u00f3 la importancia de acotar en los mensajes, las zonas que fueron afectadas. \u201cHubo cancelaciones en destinos que no fueron afectados como Canc\u00fan, Los Cabos y Puerto Vallarta, porque la gente no conoce la geograf\u00eda de M\u00e9xico\u201d, coment\u00f3.<\/p>\n<p>Por ello, el marco del Gran Premio de M\u00e9xico ser\u00e1 un escenario ideal para emitir este mensaje.<\/p>\n","protected":false},"excerpt":{"rendered":"<p>A una semana de que se lleve a cabo el Gran Premio de M\u00e9xico, se mantiene la expectativa de llegar al 100 por ciento de ocupaci\u00f3n hotelera, adem\u00e1s que ser\u00e1 un suceso ideal para dar un mensaje al mundo de que el pa\u00eds est\u00e1 de pie, luego de los sismo registrados en septiembre pasado, que [&hellip;]<\/p>\n","protected":false},"author":5,"featured_media":14120,"comment_status":"open","ping_status":"open","sticky":false,"template":"","format":"standard","meta":{"footnotes":""},"categories":[5],"tags":[587,241,912,6369],"yoast_head":"<!-- This site is optimized with the Yoast SEO plugin v22.2 - https:\/\/yoast.com\/wordpress\/plugins\/seo\/ -->\n<title>CDMX espera 100% de ocupaci\u00f3n por Gran Premio de M\u00e9xico - Nitu - Noticias de la Industria Turistica<\/title>\n<meta name=\"description\" content=\"A una semana de que se lleve a cabo el Gran Premio de M\u00e9xico, se mantiene la expectativa de llegar al 100 por ciento de ocupaci\u00f3n hotelera.\" \/>\n<meta name=\"robots\" content=\"index, follow, max-snippet:-1, max-image-preview:large, max-video-preview:-1\" \/>\n<link rel=\"canonical\" href=\"https:\/\/nitu.mx\/index.php\/2017\/10\/22\/cdmx-espera-100-de-ocupacion-por-gran-premio-de-mexico\/\" \/>\n<meta name=\"twitter:card\" content=\"summary_large_image\" \/>\n<meta name=\"twitter:title\" content=\"CDMX espera 100% de ocupaci\u00f3n por Gran Premio de M\u00e9xico - Nitu - Noticias de la Industria Turistica\" \/>\n<meta name=\"twitter:description\" content=\"A una semana de que se lleve a cabo el Gran Premio de M\u00e9xico, se mantiene la expectativa de llegar al 100 por ciento de ocupaci\u00f3n hotelera.\" \/>\n<meta name=\"twitter:image\" content=\"https:\/\/nitu.mx\/wp-content\/uploads\/2017\/10\/formula-1-gran-premio-de-mexico.jpg\" \/>\n<meta name=\"twitter:creator\" content=\"@NITUmx\" \/>\n<meta name=\"twitter:site\" content=\"@Arturo_Medina_G\" \/>\n<meta name=\"twitter:label1\" content=\"Escrito por\" \/>\n\t<meta name=\"twitter:data1\" content=\"Mari Soto\" \/>\n\t<meta name=\"twitter:label2\" content=\"Tiempo de lectura\" \/>\n\t<meta name=\"twitter:data2\" content=\"2 minutos\" \/>\n<script type=\"application\/ld+json\" class=\"yoast-schema-graph\">{\"@context\":\"https:\/\/schema.org\",\"@graph\":[{\"@type\":\"Article\",\"@id\":\"https:\/\/nitu.mx\/index.php\/2017\/10\/22\/cdmx-espera-100-de-ocupacion-por-gran-premio-de-mexico\/#article\",\"isPartOf\":{\"@id\":\"https:\/\/nitu.mx\/index.php\/2017\/10\/22\/cdmx-espera-100-de-ocupacion-por-gran-premio-de-mexico\/\"},\"author\":{\"name\":\"Mari Soto\",\"@id\":\"https:\/\/nitu.mx\/#\/schema\/person\/afc52e313e27e660739556d421d3d6b4\"},\"headline\":\"CDMX espera 100% de ocupaci\u00f3n por Gran Premio de M\u00e9xico\",\"datePublished\":\"2017-10-23T04:11:56+00:00\",\"dateModified\":\"2017-10-23T05:21:49+00:00\",\"mainEntityOfPage\":{\"@id\":\"https:\/\/nitu.mx\/index.php\/2017\/10\/22\/cdmx-espera-100-de-ocupacion-por-gran-premio-de-mexico\/\"},\"wordCount\":452,\"commentCount\":0,\"publisher\":{\"@id\":\"https:\/\/nitu.mx\/#\/schema\/person\/ae7a53426417292d3dd07b45a33e01bc\"},\"image\":{\"@id\":\"https:\/\/nitu.mx\/index.php\/2017\/10\/22\/cdmx-espera-100-de-ocupacion-por-gran-premio-de-mexico\/#primaryimage\"},\"thumbnailUrl\":\"https:\/\/nitu.mx\/wp-content\/uploads\/2017\/10\/formula-1-gran-premio-de-mexico.jpg\",\"keywords\":[\"CDMX\",\"CPTM\",\"F\u00f3rmula 1\",\"Gran Premio de M\u00e9xico\"],\"articleSection\":[\"Destinos\"],\"inLanguage\":\"es-MX\",\"potentialAction\":[{\"@type\":\"CommentAction\",\"name\":\"Comment\",\"target\":[\"https:\/\/nitu.mx\/index.php\/2017\/10\/22\/cdmx-espera-100-de-ocupacion-por-gran-premio-de-mexico\/#respond\"]}]},{\"@type\":\"WebPage\",\"@id\":\"https:\/\/nitu.mx\/index.php\/2017\/10\/22\/cdmx-espera-100-de-ocupacion-por-gran-premio-de-mexico\/\",\"url\":\"https:\/\/nitu.mx\/index.php\/2017\/10\/22\/cdmx-espera-100-de-ocupacion-por-gran-premio-de-mexico\/\",\"name\":\"CDMX espera 100% de ocupaci\u00f3n por Gran Premio de M\u00e9xico - Nitu - Noticias de la Industria Turistica\",\"isPartOf\":{\"@id\":\"https:\/\/nitu.mx\/#website\"},\"primaryImageOfPage\":{\"@id\":\"https:\/\/nitu.mx\/index.php\/2017\/10\/22\/cdmx-espera-100-de-ocupacion-por-gran-premio-de-mexico\/#primaryimage\"},\"image\":{\"@id\":\"https:\/\/nitu.mx\/index.php\/2017\/10\/22\/cdmx-espera-100-de-ocupacion-por-gran-premio-de-mexico\/#primaryimage\"},\"thumbnailUrl\":\"https:\/\/nitu.mx\/wp-content\/uploads\/2017\/10\/formula-1-gran-premio-de-mexico.jpg\",\"datePublished\":\"2017-10-23T04:11:56+00:00\",\"dateModified\":\"2017-10-23T05:21:49+00:00\",\"description\":\"A una semana de que se lleve a cabo el Gran Premio de M\u00e9xico, se mantiene la expectativa de llegar al 100 por ciento de ocupaci\u00f3n hotelera.\",\"breadcrumb\":{\"@id\":\"https:\/\/nitu.mx\/index.php\/2017\/10\/22\/cdmx-espera-100-de-ocupacion-por-gran-premio-de-mexico\/#breadcrumb\"},\"inLanguage\":\"es-MX\",\"potentialAction\":[{\"@type\":\"ReadAction\",\"target\":[\"https:\/\/nitu.mx\/index.php\/2017\/10\/22\/cdmx-espera-100-de-ocupacion-por-gran-premio-de-mexico\/\"]}]},{\"@type\":\"ImageObject\",\"inLanguage\":\"es-MX\",\"@id\":\"https:\/\/nitu.mx\/index.php\/2017\/10\/22\/cdmx-espera-100-de-ocupacion-por-gran-premio-de-mexico\/#primaryimage\",\"url\":\"https:\/\/nitu.mx\/wp-content\/uploads\/2017\/10\/formula-1-gran-premio-de-mexico.jpg\",\"contentUrl\":\"https:\/\/nitu.mx\/wp-content\/uploads\/2017\/10\/formula-1-gran-premio-de-mexico.jpg\",\"width\":850,\"height\":480,\"caption\":\"formula 1 Gran Premio de M\u00e9xico F1\"},{\"@type\":\"BreadcrumbList\",\"@id\":\"https:\/\/nitu.mx\/index.php\/2017\/10\/22\/cdmx-espera-100-de-ocupacion-por-gran-premio-de-mexico\/#breadcrumb\",\"itemListElement\":[{\"@type\":\"ListItem\",\"position\":1,\"name\":\"Inicio\",\"item\":\"https:\/\/nitu.mx\/\"},{\"@type\":\"ListItem\",\"position\":2,\"name\":\"CDMX espera 100% de ocupaci\u00f3n por Gran Premio de M\u00e9xico\"}]},{\"@type\":\"WebSite\",\"@id\":\"https:\/\/nitu.mx\/#website\",\"url\":\"https:\/\/nitu.mx\/\",\"name\":\"Nitu - Noticias de la Industria Turistica\",\"description\":\"Noticias de la Industria Turistica\",\"publisher\":{\"@id\":\"https:\/\/nitu.mx\/#\/schema\/person\/ae7a53426417292d3dd07b45a33e01bc\"},\"alternateName\":\"Noticias de la Industria Turistica\",\"potentialAction\":[{\"@type\":\"SearchAction\",\"target\":{\"@type\":\"EntryPoint\",\"urlTemplate\":\"https:\/\/nitu.mx\/?s={search_term_string}\"},\"query-input\":\"required name=search_term_string\"}],\"inLanguage\":\"es-MX\"},{\"@type\":[\"Person\",\"Organization\"],\"@id\":\"https:\/\/nitu.mx\/#\/schema\/person\/ae7a53426417292d3dd07b45a33e01bc\",\"name\":\"Arturo Medina\",\"image\":{\"@type\":\"ImageObject\",\"inLanguage\":\"es-MX\",\"@id\":\"https:\/\/nitu.mx\/#\/schema\/person\/image\/\",\"url\":\"https:\/\/nitu.mx\/wp-content\/uploads\/2024\/04\/4A315622-1904-4D5C-B022-878CDC840E04-90x90-1.jpeg\",\"contentUrl\":\"https:\/\/nitu.mx\/wp-content\/uploads\/2024\/04\/4A315622-1904-4D5C-B022-878CDC840E04-90x90-1.jpeg\",\"width\":90,\"height\":90,\"caption\":\"Arturo Medina\"},\"logo\":{\"@id\":\"https:\/\/nitu.mx\/#\/schema\/person\/image\/\"},\"description\":\"Director NITU.mx, Egresado de la Escuela de Periodismo Carlos Septi\u00e9n Garc\u00eda. Periodista y analista especializado en turismo desde hace 35 a\u00f1os, radicado en Canc\u00fan Q.Roo. arturo@nitu.mx\",\"sameAs\":[\"https:\/\/nitu.mx\",\"https:\/\/www.facebook.com\/NITUmx\/\",\"medinacancun\",\"https:\/\/twitter.com\/@Arturo_Medina_G\"]},{\"@type\":\"Person\",\"@id\":\"https:\/\/nitu.mx\/#\/schema\/person\/afc52e313e27e660739556d421d3d6b4\",\"name\":\"Mari Soto\",\"image\":{\"@type\":\"ImageObject\",\"inLanguage\":\"es-MX\",\"@id\":\"https:\/\/nitu.mx\/#\/schema\/person\/image\/\",\"url\":\"https:\/\/secure.gravatar.com\/avatar\/2619c282a180a20d89fcaea82a6736e2?s=96&d=mm&r=g\",\"contentUrl\":\"https:\/\/secure.gravatar.com\/avatar\/2619c282a180a20d89fcaea82a6736e2?s=96&d=mm&r=g\",\"caption\":\"Mari Soto\"},\"sameAs\":[\"https:\/\/nitu.mx\"],\"url\":\"https:\/\/nitu.mx\/index.php\/author\/guadalupe\/\"}]}<\/script>\n<!-- \/ Yoast SEO plugin. -->","yoast_head_json":{"title":"CDMX espera 100% de ocupaci\u00f3n por Gran Premio de M\u00e9xico - Nitu - Noticias de la Industria Turistica","description":"A una semana de que se lleve a cabo el Gran Premio de M\u00e9xico, se mantiene la expectativa de llegar al 100 por ciento de ocupaci\u00f3n hotelera.","robots":{"index":"index","follow":"follow","max-snippet":"max-snippet:-1","max-image-preview":"max-image-preview:large","max-video-preview":"max-video-preview:-1"},"canonical":"https:\/\/nitu.mx\/index.php\/2017\/10\/22\/cdmx-espera-100-de-ocupacion-por-gran-premio-de-mexico\/","twitter_card":"summary_large_image","twitter_title":"CDMX espera 100% de ocupaci\u00f3n por Gran Premio de M\u00e9xico - Nitu - Noticias de la Industria Turistica","twitter_description":"A una semana de que se lleve a cabo el Gran Premio de M\u00e9xico, se mantiene la expectativa de llegar al 100 por ciento de ocupaci\u00f3n hotelera.","twitter_image":"https:\/\/nitu.mx\/wp-content\/uploads\/2017\/10\/formula-1-gran-premio-de-mexico.jpg","twitter_creator":"@NITUmx","twitter_site":"@Arturo_Medina_G","twitter_misc":{"Escrito por":"Mari Soto","Tiempo de lectura":"2 minutos"},"schema":{"@context":"https:\/\/schema.org","@graph":[{"@type":"Article","@id":"https:\/\/nitu.mx\/index.php\/2017\/10\/22\/cdmx-espera-100-de-ocupacion-por-gran-premio-de-mexico\/#article","isPartOf":{"@id":"https:\/\/nitu.mx\/index.php\/2017\/10\/22\/cdmx-espera-100-de-ocupacion-por-gran-premio-de-mexico\/"},"author":{"name":"Mari Soto","@id":"https:\/\/nitu.mx\/#\/schema\/person\/afc52e313e27e660739556d421d3d6b4"},"headline":"CDMX espera 100% de ocupaci\u00f3n por Gran Premio de M\u00e9xico","datePublished":"2017-10-23T04:11:56+00:00","dateModified":"2017-10-23T05:21:49+00:00","mainEntityOfPage":{"@id":"https:\/\/nitu.mx\/index.php\/2017\/10\/22\/cdmx-espera-100-de-ocupacion-por-gran-premio-de-mexico\/"},"wordCount":452,"commentCount":0,"publisher":{"@id":"https:\/\/nitu.mx\/#\/schema\/person\/ae7a53426417292d3dd07b45a33e01bc"},"image":{"@id":"https:\/\/nitu.mx\/index.php\/2017\/10\/22\/cdmx-espera-100-de-ocupacion-por-gran-premio-de-mexico\/#primaryimage"},"thumbnailUrl":"https:\/\/nitu.mx\/wp-content\/uploads\/2017\/10\/formula-1-gran-premio-de-mexico.jpg","keywords":["CDMX","CPTM","F\u00f3rmula 1","Gran Premio de M\u00e9xico"],"articleSection":["Destinos"],"inLanguage":"es-MX","potentialAction":[{"@type":"CommentAction","name":"Comment","target":["https:\/\/nitu.mx\/index.php\/2017\/10\/22\/cdmx-espera-100-de-ocupacion-por-gran-premio-de-mexico\/#respond"]}]},{"@type":"WebPage","@id":"https:\/\/nitu.mx\/index.php\/2017\/10\/22\/cdmx-espera-100-de-ocupacion-por-gran-premio-de-mexico\/","url":"https:\/\/nitu.mx\/index.php\/2017\/10\/22\/cdmx-espera-100-de-ocupacion-por-gran-premio-de-mexico\/","name":"CDMX espera 100% de ocupaci\u00f3n por Gran Premio de M\u00e9xico - Nitu - Noticias de la Industria Turistica","isPartOf":{"@id":"https:\/\/nitu.mx\/#website"},"primaryImageOfPage":{"@id":"https:\/\/nitu.mx\/index.php\/2017\/10\/22\/cdmx-espera-100-de-ocupacion-por-gran-premio-de-mexico\/#primaryimage"},"image":{"@id":"https:\/\/nitu.mx\/index.php\/2017\/10\/22\/cdmx-espera-100-de-ocupacion-por-gran-premio-de-mexico\/#primaryimage"},"thumbnailUrl":"https:\/\/nitu.mx\/wp-content\/uploads\/2017\/10\/formula-1-gran-premio-de-mexico.jpg","datePublished":"2017-10-23T04:11:56+00:00","dateModified":"2017-10-23T05:21:49+00:00","description":"A una semana de que se lleve a cabo el Gran Premio de M\u00e9xico, se mantiene la expectativa de llegar al 100 por ciento de ocupaci\u00f3n hotelera.","breadcrumb":{"@id":"https:\/\/nitu.mx\/index.php\/2017\/10\/22\/cdmx-espera-100-de-ocupacion-por-gran-premio-de-mexico\/#breadcrumb"},"inLanguage":"es-MX","potentialAction":[{"@type":"ReadAction","target":["https:\/\/nitu.mx\/index.php\/2017\/10\/22\/cdmx-espera-100-de-ocupacion-por-gran-premio-de-mexico\/"]}]},{"@type":"ImageObject","inLanguage":"es-MX","@id":"https:\/\/nitu.mx\/index.php\/2017\/10\/22\/cdmx-espera-100-de-ocupacion-por-gran-premio-de-mexico\/#primaryimage","url":"https:\/\/nitu.mx\/wp-content\/uploads\/2017\/10\/formula-1-gran-premio-de-mexico.jpg","contentUrl":"https:\/\/nitu.mx\/wp-content\/uploads\/2017\/10\/formula-1-gran-premio-de-mexico.jpg","width":850,"height":480,"caption":"formula 1 Gran Premio de M\u00e9xico F1"},{"@type":"BreadcrumbList","@id":"https:\/\/nitu.mx\/index.php\/2017\/10\/22\/cdmx-espera-100-de-ocupacion-por-gran-premio-de-mexico\/#breadcrumb","itemListElement":[{"@type":"ListItem","position":1,"name":"Inicio","item":"https:\/\/nitu.mx\/"},{"@type":"ListItem","position":2,"name":"CDMX espera 100% de ocupaci\u00f3n por Gran Premio de M\u00e9xico"}]},{"@type":"WebSite","@id":"https:\/\/nitu.mx\/#website","url":"https:\/\/nitu.mx\/","name":"Nitu - Noticias de la Industria Turistica","description":"Noticias de la Industria Turistica","publisher":{"@id":"https:\/\/nitu.mx\/#\/schema\/person\/ae7a53426417292d3dd07b45a33e01bc"},"alternateName":"Noticias de la Industria Turistica","potentialAction":[{"@type":"SearchAction","target":{"@type":"EntryPoint","urlTemplate":"https:\/\/nitu.mx\/?s={search_term_string}"},"query-input":"required name=search_term_string"}],"inLanguage":"es-MX"},{"@type":["Person","Organization"],"@id":"https:\/\/nitu.mx\/#\/schema\/person\/ae7a53426417292d3dd07b45a33e01bc","name":"Arturo Medina","image":{"@type":"ImageObject","inLanguage":"es-MX","@id":"https:\/\/nitu.mx\/#\/schema\/person\/image\/","url":"https:\/\/nitu.mx\/wp-content\/uploads\/2024\/04\/4A315622-1904-4D5C-B022-878CDC840E04-90x90-1.jpeg","contentUrl":"https:\/\/nitu.mx\/wp-content\/uploads\/2024\/04\/4A315622-1904-4D5C-B022-878CDC840E04-90x90-1.jpeg","width":90,"height":90,"caption":"Arturo Medina"},"logo":{"@id":"https:\/\/nitu.mx\/#\/schema\/person\/image\/"},"description":"Director NITU.mx, Egresado de la Escuela de Periodismo Carlos Septi\u00e9n Garc\u00eda. Periodista y analista especializado en turismo desde hace 35 a\u00f1os, radicado en Canc\u00fan Q.Roo. arturo@nitu.mx","sameAs":["https:\/\/nitu.mx","https:\/\/www.facebook.com\/NITUmx\/","medinacancun","https:\/\/twitter.com\/@Arturo_Medina_G"]},{"@type":"Person","@id":"https:\/\/nitu.mx\/#\/schema\/person\/afc52e313e27e660739556d421d3d6b4","name":"Mari Soto","image":{"@type":"ImageObject","inLanguage":"es-MX","@id":"https:\/\/nitu.mx\/#\/schema\/person\/image\/","url":"https:\/\/secure.gravatar.com\/avatar\/2619c282a180a20d89fcaea82a6736e2?s=96&d=mm&r=g","contentUrl":"https:\/\/secure.gravatar.com\/avatar\/2619c282a180a20d89fcaea82a6736e2?s=96&d=mm&r=g","caption":"Mari Soto"},"sameAs":["https:\/\/nitu.mx"],"url":"https:\/\/nitu.mx\/index.php\/author\/guadalupe\/"}]}},"views":338,"_links":{"self":[{"href":"https:\/\/nitu.mx\/index.php\/wp-json\/wp\/v2\/posts\/14100"}],"collection":[{"href":"https:\/\/nitu.mx\/index.php\/wp-json\/wp\/v2\/posts"}],"about":[{"href":"https:\/\/nitu.mx\/index.php\/wp-json\/wp\/v2\/types\/post"}],"author":[{"embeddable":true,"href":"https:\/\/nitu.mx\/index.php\/wp-json\/wp\/v2\/users\/5"}],"replies":[{"embeddable":true,"href":"https:\/\/nitu.mx\/index.php\/wp-json\/wp\/v2\/comments?post=14100"}],"version-history":[{"count":2,"href":"https:\/\/nitu.mx\/index.php\/wp-json\/wp\/v2\/posts\/14100\/revisions"}],"predecessor-version":[{"id":14121,"href":"https:\/\/nitu.mx\/index.php\/wp-json\/wp\/v2\/posts\/14100\/revisions\/14121"}],"wp:featuredmedia":[{"embeddable":true,"href":"https:\/\/nitu.mx\/index.php\/wp-json\/wp\/v2\/media\/14120"}],"wp:attachment":[{"href":"https:\/\/nitu.mx\/index.php\/wp-json\/wp\/v2\/media?parent=14100"}],"wp:term":[{"taxonomy":"category","embeddable":true,"href":"https:\/\/nitu.mx\/index.php\/wp-json\/wp\/v2\/categories?post=14100"},{"taxonomy":"post_tag","embeddable":true,"href":"https:\/\/nitu.mx\/index.php\/wp-json\/wp\/v2\/tags?post=14100"}],"curies":[{"name":"wp","href":"https:\/\/api.w.org\/{rel}","templated":true}]}}