{"id":13941,"date":"2017-10-16T19:19:31","date_gmt":"2017-10-17T00:19:31","guid":{"rendered":"http:\/\/www.dev.nitu.mx\/?p=13941"},"modified":"2017-10-16T23:21:42","modified_gmt":"2017-10-17T04:21:42","slug":"holbox-festival-gastronomico-victimas-del-sismo-cdmx","status":"publish","type":"post","link":"https:\/\/nitu.mx\/index.php\/2017\/10\/16\/holbox-festival-gastronomico-victimas-del-sismo-cdmx\/","title":{"rendered":"Holbox y su Festival Gastron\u00f3mico por v\u00edctimas del sismo en CDMX"},"content":{"rendered":"<p>La Ciudad de M\u00e9xico y Brasil ser\u00e1n los invitados especiales a la fiesta gastron\u00f3mica y musical que ya es una tradici\u00f3n en la isla de Holbox, ademas ser\u00e1 un evento con causa, pues lo recaudado ser\u00e1 donado a las v\u00edctimas del sismo en la CDMX, v\u00eda la Cruz Roja Mexicana.<\/p>\n<p>La parte musical este a\u00f1o estar\u00e1 animada por grandes estrellas, encabezadas por \u201cPaquita la del Barrio\u201d, \u00a0y como siempre una gran fest\u00edn\u00a0\u00a0\u201cComer, Amar y Contemplar\u201d de Holbox 2017, tiene todo listo para recibir a los visitantes del 17 al 19 de noviembre.<\/p>\n<p>\u201cUna nube gastron\u00f3mica envuelve nuevamente a Holbox , se presenta la sexta edici\u00f3n de la Muestra Gastron\u00f3mica de Holbox: Comer Amar y Contemplar\u201d, aseguran entusiasmados los\u00a0organizadores.<\/p>\n<p>La inauguraci\u00f3n ser\u00e1 enmarcada con la celebraci\u00f3n del\u00a0Rompimiento del Plato, a la que se espera asistan el gobernador Carlos Joaqu\u00edn Gonz\u00e1lez y\u00a0el jefe de gobierno de la capital del pa\u00eds, Miguel \u00c1ngel Mancera, as\u00ed como Rafael Pacchiano\u00a0Aleman, titular de la Secretar\u00eda de Medio Ambiente y Recursos Naturales (Semarnat), entre otras\u00a0personalidades de la cultura, gastronom\u00eda y mundo art\u00edstico.\u00a0(<a title=\"El Comit\u00e9 de Desarrollo Tur\u00edstico Sustentable de Holbox establece agenda\" href=\"http:\/\/www.dev.nitu.mx\/index.php\/2017\/08\/16\/el-comite-de-desarrollo-turistico-sustentable-de-holbox-establece-agenda\/\" rel=\"bookmark\">El Comit\u00e9 de Desarrollo Tur\u00edstico Sustentable de Holbox establece agenda<\/a>).<\/p>\n","protected":false},"excerpt":{"rendered":"<p>La Ciudad de M\u00e9xico y Brasil ser\u00e1n los invitados especiales a la fiesta gastron\u00f3mica y musical que ya es una tradici\u00f3n en la isla de Holbox, ademas ser\u00e1 un evento con causa, pues lo recaudado ser\u00e1 donado a las v\u00edctimas del sismo en la CDMX, v\u00eda la Cruz Roja Mexicana. La parte musical este a\u00f1o [&hellip;]<\/p>\n","protected":false},"author":2,"featured_media":13969,"comment_status":"open","ping_status":"open","sticky":false,"template":"","format":"standard","meta":{"footnotes":""},"categories":[5,6],"tags":[83,261,1511,260],"yoast_head":"<!-- This site is optimized with the Yoast SEO plugin v22.2 - https:\/\/yoast.com\/wordpress\/plugins\/seo\/ -->\n<title>Holbox y su Festival Gastron\u00f3mico por v\u00edctimas del sismo en CDMX - Nitu - Noticias de la Industria Turistica<\/title>\n<meta name=\"description\" content=\"La Ciudad de M\u00e9xico y Brasil ser\u00e1n los invitados especiales a la fiesta gastron\u00f3mica y musical que ya es una tradici\u00f3n en la isla de Holbox.\" \/>\n<meta name=\"robots\" content=\"index, follow, max-snippet:-1, max-image-preview:large, max-video-preview:-1\" \/>\n<link rel=\"canonical\" href=\"https:\/\/nitu.mx\/index.php\/2017\/10\/16\/holbox-festival-gastronomico-victimas-del-sismo-cdmx\/\" \/>\n<meta name=\"twitter:card\" content=\"summary_large_image\" \/>\n<meta name=\"twitter:title\" content=\"Holbox y su Festival Gastron\u00f3mico por v\u00edctimas del sismo en CDMX - Nitu - Noticias de la Industria Turistica\" \/>\n<meta name=\"twitter:description\" content=\"La Ciudad de M\u00e9xico y Brasil ser\u00e1n los invitados especiales a la fiesta gastron\u00f3mica y musical que ya es una tradici\u00f3n en la isla de Holbox.\" \/>\n<meta name=\"twitter:image\" content=\"https:\/\/nitu.mx\/wp-content\/uploads\/2017\/10\/paquetes-isla-holbox-1.jpg\" \/>\n<meta name=\"twitter:creator\" content=\"@Arturo_Medina_G\" \/>\n<meta name=\"twitter:site\" content=\"@Arturo_Medina_G\" \/>\n<meta name=\"twitter:label1\" content=\"Escrito por\" \/>\n\t<meta name=\"twitter:data1\" content=\"Arturo Medina\" \/>\n\t<meta name=\"twitter:label2\" content=\"Tiempo de lectura\" \/>\n\t<meta name=\"twitter:data2\" content=\"1 minuto\" \/>\n<script type=\"application\/ld+json\" class=\"yoast-schema-graph\">{\"@context\":\"https:\/\/schema.org\",\"@graph\":[{\"@type\":\"Article\",\"@id\":\"https:\/\/nitu.mx\/index.php\/2017\/10\/16\/holbox-festival-gastronomico-victimas-del-sismo-cdmx\/#article\",\"isPartOf\":{\"@id\":\"https:\/\/nitu.mx\/index.php\/2017\/10\/16\/holbox-festival-gastronomico-victimas-del-sismo-cdmx\/\"},\"author\":{\"name\":\"Arturo Medina\",\"@id\":\"https:\/\/nitu.mx\/#\/schema\/person\/ae7a53426417292d3dd07b45a33e01bc\"},\"headline\":\"Holbox y su Festival Gastron\u00f3mico por v\u00edctimas del sismo en CDMX\",\"datePublished\":\"2017-10-17T00:19:31+00:00\",\"dateModified\":\"2017-10-17T04:21:42+00:00\",\"mainEntityOfPage\":{\"@id\":\"https:\/\/nitu.mx\/index.php\/2017\/10\/16\/holbox-festival-gastronomico-victimas-del-sismo-cdmx\/\"},\"wordCount\":220,\"commentCount\":0,\"publisher\":{\"@id\":\"https:\/\/nitu.mx\/#\/schema\/person\/ae7a53426417292d3dd07b45a33e01bc\"},\"image\":{\"@id\":\"https:\/\/nitu.mx\/index.php\/2017\/10\/16\/holbox-festival-gastronomico-victimas-del-sismo-cdmx\/#primaryimage\"},\"thumbnailUrl\":\"https:\/\/nitu.mx\/wp-content\/uploads\/2017\/10\/paquetes-isla-holbox-1.jpg\",\"keywords\":[\"Caribe mexicano\",\"Carlos Joaqu\u00edn Gonz\u00e1lez\",\"Holbox\",\"Quintana Roo\"],\"articleSection\":[\"Destinos\",\"M\u00e9xico\"],\"inLanguage\":\"es-MX\",\"potentialAction\":[{\"@type\":\"CommentAction\",\"name\":\"Comment\",\"target\":[\"https:\/\/nitu.mx\/index.php\/2017\/10\/16\/holbox-festival-gastronomico-victimas-del-sismo-cdmx\/#respond\"]}]},{\"@type\":\"WebPage\",\"@id\":\"https:\/\/nitu.mx\/index.php\/2017\/10\/16\/holbox-festival-gastronomico-victimas-del-sismo-cdmx\/\",\"url\":\"https:\/\/nitu.mx\/index.php\/2017\/10\/16\/holbox-festival-gastronomico-victimas-del-sismo-cdmx\/\",\"name\":\"Holbox y su Festival Gastron\u00f3mico por v\u00edctimas del sismo en CDMX - Nitu - Noticias de la Industria Turistica\",\"isPartOf\":{\"@id\":\"https:\/\/nitu.mx\/#website\"},\"primaryImageOfPage\":{\"@id\":\"https:\/\/nitu.mx\/index.php\/2017\/10\/16\/holbox-festival-gastronomico-victimas-del-sismo-cdmx\/#primaryimage\"},\"image\":{\"@id\":\"https:\/\/nitu.mx\/index.php\/2017\/10\/16\/holbox-festival-gastronomico-victimas-del-sismo-cdmx\/#primaryimage\"},\"thumbnailUrl\":\"https:\/\/nitu.mx\/wp-content\/uploads\/2017\/10\/paquetes-isla-holbox-1.jpg\",\"datePublished\":\"2017-10-17T00:19:31+00:00\",\"dateModified\":\"2017-10-17T04:21:42+00:00\",\"description\":\"La Ciudad de M\u00e9xico y Brasil ser\u00e1n los invitados especiales a la fiesta gastron\u00f3mica y musical que ya es una tradici\u00f3n en la isla de Holbox.\",\"breadcrumb\":{\"@id\":\"https:\/\/nitu.mx\/index.php\/2017\/10\/16\/holbox-festival-gastronomico-victimas-del-sismo-cdmx\/#breadcrumb\"},\"inLanguage\":\"es-MX\",\"potentialAction\":[{\"@type\":\"ReadAction\",\"target\":[\"https:\/\/nitu.mx\/index.php\/2017\/10\/16\/holbox-festival-gastronomico-victimas-del-sismo-cdmx\/\"]}]},{\"@type\":\"ImageObject\",\"inLanguage\":\"es-MX\",\"@id\":\"https:\/\/nitu.mx\/index.php\/2017\/10\/16\/holbox-festival-gastronomico-victimas-del-sismo-cdmx\/#primaryimage\",\"url\":\"https:\/\/nitu.mx\/wp-content\/uploads\/2017\/10\/paquetes-isla-holbox-1.jpg\",\"contentUrl\":\"https:\/\/nitu.mx\/wp-content\/uploads\/2017\/10\/paquetes-isla-holbox-1.jpg\",\"width\":850,\"height\":480,\"caption\":\"Holbox\"},{\"@type\":\"BreadcrumbList\",\"@id\":\"https:\/\/nitu.mx\/index.php\/2017\/10\/16\/holbox-festival-gastronomico-victimas-del-sismo-cdmx\/#breadcrumb\",\"itemListElement\":[{\"@type\":\"ListItem\",\"position\":1,\"name\":\"Inicio\",\"item\":\"https:\/\/nitu.mx\/\"},{\"@type\":\"ListItem\",\"position\":2,\"name\":\"Holbox y su Festival Gastron\u00f3mico por v\u00edctimas del sismo en CDMX\"}]},{\"@type\":\"WebSite\",\"@id\":\"https:\/\/nitu.mx\/#website\",\"url\":\"https:\/\/nitu.mx\/\",\"name\":\"Nitu - Noticias de la Industria Turistica\",\"description\":\"Noticias de la Industria Turistica\",\"publisher\":{\"@id\":\"https:\/\/nitu.mx\/#\/schema\/person\/ae7a53426417292d3dd07b45a33e01bc\"},\"alternateName\":\"Noticias de la Industria Turistica\",\"potentialAction\":[{\"@type\":\"SearchAction\",\"target\":{\"@type\":\"EntryPoint\",\"urlTemplate\":\"https:\/\/nitu.mx\/?s={search_term_string}\"},\"query-input\":\"required name=search_term_string\"}],\"inLanguage\":\"es-MX\"},{\"@type\":[\"Person\",\"Organization\"],\"@id\":\"https:\/\/nitu.mx\/#\/schema\/person\/ae7a53426417292d3dd07b45a33e01bc\",\"name\":\"Arturo Medina\",\"image\":{\"@type\":\"ImageObject\",\"inLanguage\":\"es-MX\",\"@id\":\"https:\/\/nitu.mx\/#\/schema\/person\/image\/\",\"url\":\"https:\/\/nitu.mx\/wp-content\/uploads\/2024\/04\/4A315622-1904-4D5C-B022-878CDC840E04-90x90-1.jpeg\",\"contentUrl\":\"https:\/\/nitu.mx\/wp-content\/uploads\/2024\/04\/4A315622-1904-4D5C-B022-878CDC840E04-90x90-1.jpeg\",\"width\":90,\"height\":90,\"caption\":\"Arturo Medina\"},\"logo\":{\"@id\":\"https:\/\/nitu.mx\/#\/schema\/person\/image\/\"},\"description\":\"Director NITU.mx, Egresado de la Escuela de Periodismo Carlos Septi\u00e9n Garc\u00eda. Periodista y analista especializado en turismo desde hace 35 a\u00f1os, radicado en Canc\u00fan Q.Roo. arturo@nitu.mx\",\"sameAs\":[\"https:\/\/nitu.mx\",\"https:\/\/www.facebook.com\/NITUmx\/\",\"medinacancun\",\"https:\/\/twitter.com\/@Arturo_Medina_G\"],\"url\":\"https:\/\/nitu.mx\/index.php\/author\/arturo-medina\/\"}]}<\/script>\n<!-- \/ Yoast SEO plugin. -->","yoast_head_json":{"title":"Holbox y su Festival Gastron\u00f3mico por v\u00edctimas del sismo en CDMX - Nitu - Noticias de la Industria Turistica","description":"La Ciudad de M\u00e9xico y Brasil ser\u00e1n los invitados especiales a la fiesta gastron\u00f3mica y musical que ya es una tradici\u00f3n en la isla de Holbox.","robots":{"index":"index","follow":"follow","max-snippet":"max-snippet:-1","max-image-preview":"max-image-preview:large","max-video-preview":"max-video-preview:-1"},"canonical":"https:\/\/nitu.mx\/index.php\/2017\/10\/16\/holbox-festival-gastronomico-victimas-del-sismo-cdmx\/","twitter_card":"summary_large_image","twitter_title":"Holbox y su Festival Gastron\u00f3mico por v\u00edctimas del sismo en CDMX - Nitu - Noticias de la Industria Turistica","twitter_description":"La Ciudad de M\u00e9xico y Brasil ser\u00e1n los invitados especiales a la fiesta gastron\u00f3mica y musical que ya es una tradici\u00f3n en la isla de Holbox.","twitter_image":"https:\/\/nitu.mx\/wp-content\/uploads\/2017\/10\/paquetes-isla-holbox-1.jpg","twitter_creator":"@Arturo_Medina_G","twitter_site":"@Arturo_Medina_G","twitter_misc":{"Escrito por":"Arturo Medina","Tiempo de lectura":"1 minuto"},"schema":{"@context":"https:\/\/schema.org","@graph":[{"@type":"Article","@id":"https:\/\/nitu.mx\/index.php\/2017\/10\/16\/holbox-festival-gastronomico-victimas-del-sismo-cdmx\/#article","isPartOf":{"@id":"https:\/\/nitu.mx\/index.php\/2017\/10\/16\/holbox-festival-gastronomico-victimas-del-sismo-cdmx\/"},"author":{"name":"Arturo Medina","@id":"https:\/\/nitu.mx\/#\/schema\/person\/ae7a53426417292d3dd07b45a33e01bc"},"headline":"Holbox y su Festival Gastron\u00f3mico por v\u00edctimas del sismo en CDMX","datePublished":"2017-10-17T00:19:31+00:00","dateModified":"2017-10-17T04:21:42+00:00","mainEntityOfPage":{"@id":"https:\/\/nitu.mx\/index.php\/2017\/10\/16\/holbox-festival-gastronomico-victimas-del-sismo-cdmx\/"},"wordCount":220,"commentCount":0,"publisher":{"@id":"https:\/\/nitu.mx\/#\/schema\/person\/ae7a53426417292d3dd07b45a33e01bc"},"image":{"@id":"https:\/\/nitu.mx\/index.php\/2017\/10\/16\/holbox-festival-gastronomico-victimas-del-sismo-cdmx\/#primaryimage"},"thumbnailUrl":"https:\/\/nitu.mx\/wp-content\/uploads\/2017\/10\/paquetes-isla-holbox-1.jpg","keywords":["Caribe mexicano","Carlos Joaqu\u00edn Gonz\u00e1lez","Holbox","Quintana Roo"],"articleSection":["Destinos","M\u00e9xico"],"inLanguage":"es-MX","potentialAction":[{"@type":"CommentAction","name":"Comment","target":["https:\/\/nitu.mx\/index.php\/2017\/10\/16\/holbox-festival-gastronomico-victimas-del-sismo-cdmx\/#respond"]}]},{"@type":"WebPage","@id":"https:\/\/nitu.mx\/index.php\/2017\/10\/16\/holbox-festival-gastronomico-victimas-del-sismo-cdmx\/","url":"https:\/\/nitu.mx\/index.php\/2017\/10\/16\/holbox-festival-gastronomico-victimas-del-sismo-cdmx\/","name":"Holbox y su Festival Gastron\u00f3mico por v\u00edctimas del sismo en CDMX - Nitu - Noticias de la Industria Turistica","isPartOf":{"@id":"https:\/\/nitu.mx\/#website"},"primaryImageOfPage":{"@id":"https:\/\/nitu.mx\/index.php\/2017\/10\/16\/holbox-festival-gastronomico-victimas-del-sismo-cdmx\/#primaryimage"},"image":{"@id":"https:\/\/nitu.mx\/index.php\/2017\/10\/16\/holbox-festival-gastronomico-victimas-del-sismo-cdmx\/#primaryimage"},"thumbnailUrl":"https:\/\/nitu.mx\/wp-content\/uploads\/2017\/10\/paquetes-isla-holbox-1.jpg","datePublished":"2017-10-17T00:19:31+00:00","dateModified":"2017-10-17T04:21:42+00:00","description":"La Ciudad de M\u00e9xico y Brasil ser\u00e1n los invitados especiales a la fiesta gastron\u00f3mica y musical que ya es una tradici\u00f3n en la isla de Holbox.","breadcrumb":{"@id":"https:\/\/nitu.mx\/index.php\/2017\/10\/16\/holbox-festival-gastronomico-victimas-del-sismo-cdmx\/#breadcrumb"},"inLanguage":"es-MX","potentialAction":[{"@type":"ReadAction","target":["https:\/\/nitu.mx\/index.php\/2017\/10\/16\/holbox-festival-gastronomico-victimas-del-sismo-cdmx\/"]}]},{"@type":"ImageObject","inLanguage":"es-MX","@id":"https:\/\/nitu.mx\/index.php\/2017\/10\/16\/holbox-festival-gastronomico-victimas-del-sismo-cdmx\/#primaryimage","url":"https:\/\/nitu.mx\/wp-content\/uploads\/2017\/10\/paquetes-isla-holbox-1.jpg","contentUrl":"https:\/\/nitu.mx\/wp-content\/uploads\/2017\/10\/paquetes-isla-holbox-1.jpg","width":850,"height":480,"caption":"Holbox"},{"@type":"BreadcrumbList","@id":"https:\/\/nitu.mx\/index.php\/2017\/10\/16\/holbox-festival-gastronomico-victimas-del-sismo-cdmx\/#breadcrumb","itemListElement":[{"@type":"ListItem","position":1,"name":"Inicio","item":"https:\/\/nitu.mx\/"},{"@type":"ListItem","position":2,"name":"Holbox y su Festival Gastron\u00f3mico por v\u00edctimas del sismo en CDMX"}]},{"@type":"WebSite","@id":"https:\/\/nitu.mx\/#website","url":"https:\/\/nitu.mx\/","name":"Nitu - Noticias de la Industria Turistica","description":"Noticias de la Industria Turistica","publisher":{"@id":"https:\/\/nitu.mx\/#\/schema\/person\/ae7a53426417292d3dd07b45a33e01bc"},"alternateName":"Noticias de la Industria Turistica","potentialAction":[{"@type":"SearchAction","target":{"@type":"EntryPoint","urlTemplate":"https:\/\/nitu.mx\/?s={search_term_string}"},"query-input":"required name=search_term_string"}],"inLanguage":"es-MX"},{"@type":["Person","Organization"],"@id":"https:\/\/nitu.mx\/#\/schema\/person\/ae7a53426417292d3dd07b45a33e01bc","name":"Arturo Medina","image":{"@type":"ImageObject","inLanguage":"es-MX","@id":"https:\/\/nitu.mx\/#\/schema\/person\/image\/","url":"https:\/\/nitu.mx\/wp-content\/uploads\/2024\/04\/4A315622-1904-4D5C-B022-878CDC840E04-90x90-1.jpeg","contentUrl":"https:\/\/nitu.mx\/wp-content\/uploads\/2024\/04\/4A315622-1904-4D5C-B022-878CDC840E04-90x90-1.jpeg","width":90,"height":90,"caption":"Arturo Medina"},"logo":{"@id":"https:\/\/nitu.mx\/#\/schema\/person\/image\/"},"description":"Director NITU.mx, Egresado de la Escuela de Periodismo Carlos Septi\u00e9n Garc\u00eda. Periodista y analista especializado en turismo desde hace 35 a\u00f1os, radicado en Canc\u00fan Q.Roo. arturo@nitu.mx","sameAs":["https:\/\/nitu.mx","https:\/\/www.facebook.com\/NITUmx\/","medinacancun","https:\/\/twitter.com\/@Arturo_Medina_G"],"url":"https:\/\/nitu.mx\/index.php\/author\/arturo-medina\/"}]}},"views":299,"_links":{"self":[{"href":"https:\/\/nitu.mx\/index.php\/wp-json\/wp\/v2\/posts\/13941"}],"collection":[{"href":"https:\/\/nitu.mx\/index.php\/wp-json\/wp\/v2\/posts"}],"about":[{"href":"https:\/\/nitu.mx\/index.php\/wp-json\/wp\/v2\/types\/post"}],"author":[{"embeddable":true,"href":"https:\/\/nitu.mx\/index.php\/wp-json\/wp\/v2\/users\/2"}],"replies":[{"embeddable":true,"href":"https:\/\/nitu.mx\/index.php\/wp-json\/wp\/v2\/comments?post=13941"}],"version-history":[{"count":4,"href":"https:\/\/nitu.mx\/index.php\/wp-json\/wp\/v2\/posts\/13941\/revisions"}],"predecessor-version":[{"id":13970,"href":"https:\/\/nitu.mx\/index.php\/wp-json\/wp\/v2\/posts\/13941\/revisions\/13970"}],"wp:featuredmedia":[{"embeddable":true,"href":"https:\/\/nitu.mx\/index.php\/wp-json\/wp\/v2\/media\/13969"}],"wp:attachment":[{"href":"https:\/\/nitu.mx\/index.php\/wp-json\/wp\/v2\/media?parent=13941"}],"wp:term":[{"taxonomy":"category","embeddable":true,"href":"https:\/\/nitu.mx\/index.php\/wp-json\/wp\/v2\/categories?post=13941"},{"taxonomy":"post_tag","embeddable":true,"href":"https:\/\/nitu.mx\/index.php\/wp-json\/wp\/v2\/tags?post=13941"}],"curies":[{"name":"wp","href":"https:\/\/api.w.org\/{rel}","templated":true}]}}