{"id":13647,"date":"2017-10-04T23:22:34","date_gmt":"2017-10-05T04:22:34","guid":{"rendered":"http:\/\/www.dev.nitu.mx\/?p=13647"},"modified":"2017-10-05T07:49:04","modified_gmt":"2017-10-05T12:49:04","slug":"depresion-tropical-16-pone-alerta-nauticos-del-caribe-mexicano","status":"publish","type":"post","link":"https:\/\/nitu.mx\/index.php\/2017\/10\/04\/depresion-tropical-16-pone-alerta-nauticos-del-caribe-mexicano\/","title":{"rendered":"La Tormenta Tropical Nate pone en alerta a n\u00e1uticos del Caribe Mexicano"},"content":{"rendered":"<p>El Centro Nacional de Huracanes de los Estados Unidos confirm\u00f3 la ma\u00f1ana de este jueves, que la Depresi\u00f3n Tropical 16 se convirti\u00f3 en la Tormenta Tropical Nate, y se dirige a la zona norte de Quintana Roo (que ya est\u00e1 en Alerta Azul) y que tiene un 70 por ciento de probabilidad de evolucionar a cicl\u00f3n, ante esto los Asociados N\u00e1uticos de Quintana Roo (ANQR) anunciaron acciones de protecci\u00f3n y resguardo de sus clientes y embarcaciones.<\/p>\n<p>En un comunicado, la dependencia estadounidense informa que la tormenta en esta \u00e1rea de Baja presi\u00f3n al sudoeste del Caribe \u201ccomienza a mostrar se\u00f1ales de organizaci\u00f3n\u201d. En agosto otro fen\u00f3meno metereol\u00f3gico afect\u00f3 al Caribe Mexicano, como informamos en <strong><em>NITU.mx<\/em><\/strong> (<a title=\"Harvey tambi\u00e9n golpea al Caribe Mexicano\" href=\"http:\/\/www.dev.nitu.mx\/index.php\/2017\/08\/28\/harvey-tambien-golpea-al-caribe-mexicano\/\" rel=\"bookmark\">Harvey tambi\u00e9n golpea al Caribe Mexicano<\/a>).<\/p>\n<p>\u201cLas condiciones ambientales se prev\u00e9 que se hagan m\u00e1s favorables a la evoluci\u00f3n, y se espera que este sistema se transforme en depresi\u00f3n tropical en los pr\u00f3ximos d\u00edas\u201d, se explica.<\/p>\n<p>El sistema entrar\u00e1 al mar Caribe el jueves o viernes, para atravesar Quintana Roo y llegar al Golfo de M\u00e9xico el fin de semana.<\/p>\n<p>En tanto, el presidente de la ANQR, Iv\u00e1n Ferrat, inform\u00f3 que sus socios toman precauciones por el mencionado fen\u00f3meno clim\u00e1tico y ya sacan lanchas menores a resguardo y las embarcaciones mayores est\u00e1n atentas por si tienen que salir a resguardo.<\/p>\n<p>Todas las marinas revisan sus cabos, boyas, y est\u00e1n pendientes del tema de los muelles en caso de la tormenta quitar tablas a los muelles para hacerlos m\u00e1s fuertes.<br \/>\nTras hablar con el Fondo Nacional de Fomento al Turismo (Fonatur), aprob\u00f3 ya el uso de la rampa p\u00fablica, para lo cual la Direcci\u00f3n de Tr\u00e1nsito a cargo, de Rodrigo Alc\u00e1zar, permitir\u00e1 el acceso.<\/p>\n<p><img decoding=\"async\" loading=\"lazy\" class=\"aligncenter wp-image-13674 size-full\" src=\"http:\/\/www.dev.nitu.mx\/wp-content\/uploads\/2017\/10\/nate-1.png\" alt=\"\" width=\"897\" height=\"736\" srcset=\"https:\/\/nitu.mx\/wp-content\/uploads\/2017\/10\/nate-1.png 897w, https:\/\/nitu.mx\/wp-content\/uploads\/2017\/10\/nate-1-300x246.png 300w, https:\/\/nitu.mx\/wp-content\/uploads\/2017\/10\/nate-1-768x630.png 768w\" sizes=\"(max-width: 897px) 100vw, 897px\" \/><\/p>\n","protected":false},"excerpt":{"rendered":"<p>El Centro Nacional de Huracanes de los Estados Unidos confirm\u00f3 la ma\u00f1ana de este jueves, que la Depresi\u00f3n Tropical 16 se convirti\u00f3 en la Tormenta Tropical Nate, y se dirige a la zona norte de Quintana Roo (que ya est\u00e1 en Alerta Azul) y que tiene un 70 por ciento de probabilidad de evolucionar a [&hellip;]<\/p>\n","protected":false},"author":3,"featured_media":7131,"comment_status":"open","ping_status":"open","sticky":false,"template":"","format":"standard","meta":{"footnotes":""},"categories":[5,6],"tags":[6156,6157,6154,429,3942,6158,6155],"yoast_head":"<!-- This site is optimized with the Yoast SEO plugin v22.2 - https:\/\/yoast.com\/wordpress\/plugins\/seo\/ -->\n<title>La Tormenta Tropical Nate pone en alerta a n\u00e1uticos del Caribe Mexicano - Nitu - Noticias de la Industria Turistica<\/title>\n<meta name=\"robots\" content=\"index, follow, max-snippet:-1, max-image-preview:large, max-video-preview:-1\" \/>\n<link rel=\"canonical\" href=\"https:\/\/nitu.mx\/index.php\/2017\/10\/04\/depresion-tropical-16-pone-alerta-nauticos-del-caribe-mexicano\/\" \/>\n<meta name=\"twitter:card\" content=\"summary_large_image\" \/>\n<meta name=\"twitter:title\" content=\"La Tormenta Tropical Nate pone en alerta a n\u00e1uticos del Caribe Mexicano - Nitu - Noticias de la Industria Turistica\" \/>\n<meta name=\"twitter:description\" content=\"El Centro Nacional de Huracanes de los Estados Unidos confirm\u00f3 la ma\u00f1ana de este jueves, que la Depresi\u00f3n Tropical 16 se convirti\u00f3 en la Tormenta Tropical Nate, y se dirige a la zona norte de Quintana Roo (que ya est\u00e1 en Alerta Azul) y que tiene un 70 por ciento de probabilidad de evolucionar a [&hellip;]\" \/>\n<meta name=\"twitter:image\" content=\"https:\/\/nitu.mx\/wp-content\/uploads\/2017\/02\/Turismo-n\u00e1utico.jpg\" \/>\n<meta name=\"twitter:creator\" content=\"@NITUmx\" \/>\n<meta name=\"twitter:site\" content=\"@Arturo_Medina_G\" \/>\n<meta name=\"twitter:label1\" content=\"Escrito por\" \/>\n\t<meta name=\"twitter:data1\" content=\"Alejandra Moncisbays\" \/>\n\t<meta name=\"twitter:label2\" content=\"Tiempo de lectura\" \/>\n\t<meta name=\"twitter:data2\" content=\"2 minutos\" \/>\n<script type=\"application\/ld+json\" class=\"yoast-schema-graph\">{\"@context\":\"https:\/\/schema.org\",\"@graph\":[{\"@type\":\"Article\",\"@id\":\"https:\/\/nitu.mx\/index.php\/2017\/10\/04\/depresion-tropical-16-pone-alerta-nauticos-del-caribe-mexicano\/#article\",\"isPartOf\":{\"@id\":\"https:\/\/nitu.mx\/index.php\/2017\/10\/04\/depresion-tropical-16-pone-alerta-nauticos-del-caribe-mexicano\/\"},\"author\":{\"name\":\"Alejandra Moncisbays\",\"@id\":\"https:\/\/nitu.mx\/#\/schema\/person\/2ecd887b19dfd3382d1f14fc5acf24a8\"},\"headline\":\"La Tormenta Tropical Nate pone en alerta a n\u00e1uticos del Caribe Mexicano\",\"datePublished\":\"2017-10-05T04:22:34+00:00\",\"dateModified\":\"2017-10-05T12:49:04+00:00\",\"mainEntityOfPage\":{\"@id\":\"https:\/\/nitu.mx\/index.php\/2017\/10\/04\/depresion-tropical-16-pone-alerta-nauticos-del-caribe-mexicano\/\"},\"wordCount\":317,\"commentCount\":0,\"publisher\":{\"@id\":\"https:\/\/nitu.mx\/#\/schema\/person\/ae7a53426417292d3dd07b45a33e01bc\"},\"image\":{\"@id\":\"https:\/\/nitu.mx\/index.php\/2017\/10\/04\/depresion-tropical-16-pone-alerta-nauticos-del-caribe-mexicano\/#primaryimage\"},\"thumbnailUrl\":\"https:\/\/nitu.mx\/wp-content\/uploads\/2017\/02\/Turismo-n\u00e1utico.jpg\",\"keywords\":[\"Centro Nacional de Huracanes de los Estados Unidos\",\"Depresi\u00f3n Tropical N\u00famero 16\",\"Direcci\u00f3n de Tr\u00e1nsito\",\"Fondo Nacional de Fomento al Turismo (Fonatur)\",\"Iv\u00e1n Ferrat\",\"Quintana Asociados N\u00e1uticos de Quintana Roo (ANQR)\",\"Rodrigo Alc\u00e1zar\"],\"articleSection\":[\"Destinos\",\"M\u00e9xico\"],\"inLanguage\":\"es-MX\",\"potentialAction\":[{\"@type\":\"CommentAction\",\"name\":\"Comment\",\"target\":[\"https:\/\/nitu.mx\/index.php\/2017\/10\/04\/depresion-tropical-16-pone-alerta-nauticos-del-caribe-mexicano\/#respond\"]}]},{\"@type\":\"WebPage\",\"@id\":\"https:\/\/nitu.mx\/index.php\/2017\/10\/04\/depresion-tropical-16-pone-alerta-nauticos-del-caribe-mexicano\/\",\"url\":\"https:\/\/nitu.mx\/index.php\/2017\/10\/04\/depresion-tropical-16-pone-alerta-nauticos-del-caribe-mexicano\/\",\"name\":\"La Tormenta Tropical Nate pone en alerta a n\u00e1uticos del Caribe Mexicano - Nitu - Noticias de la Industria Turistica\",\"isPartOf\":{\"@id\":\"https:\/\/nitu.mx\/#website\"},\"primaryImageOfPage\":{\"@id\":\"https:\/\/nitu.mx\/index.php\/2017\/10\/04\/depresion-tropical-16-pone-alerta-nauticos-del-caribe-mexicano\/#primaryimage\"},\"image\":{\"@id\":\"https:\/\/nitu.mx\/index.php\/2017\/10\/04\/depresion-tropical-16-pone-alerta-nauticos-del-caribe-mexicano\/#primaryimage\"},\"thumbnailUrl\":\"https:\/\/nitu.mx\/wp-content\/uploads\/2017\/02\/Turismo-n\u00e1utico.jpg\",\"datePublished\":\"2017-10-05T04:22:34+00:00\",\"dateModified\":\"2017-10-05T12:49:04+00:00\",\"breadcrumb\":{\"@id\":\"https:\/\/nitu.mx\/index.php\/2017\/10\/04\/depresion-tropical-16-pone-alerta-nauticos-del-caribe-mexicano\/#breadcrumb\"},\"inLanguage\":\"es-MX\",\"potentialAction\":[{\"@type\":\"ReadAction\",\"target\":[\"https:\/\/nitu.mx\/index.php\/2017\/10\/04\/depresion-tropical-16-pone-alerta-nauticos-del-caribe-mexicano\/\"]}]},{\"@type\":\"ImageObject\",\"inLanguage\":\"es-MX\",\"@id\":\"https:\/\/nitu.mx\/index.php\/2017\/10\/04\/depresion-tropical-16-pone-alerta-nauticos-del-caribe-mexicano\/#primaryimage\",\"url\":\"https:\/\/nitu.mx\/wp-content\/uploads\/2017\/02\/Turismo-n\u00e1utico.jpg\",\"contentUrl\":\"https:\/\/nitu.mx\/wp-content\/uploads\/2017\/02\/Turismo-n\u00e1utico.jpg\",\"width\":850,\"height\":480,\"caption\":\"N\u00e1uticos Turismo n\u00e1utico\"},{\"@type\":\"BreadcrumbList\",\"@id\":\"https:\/\/nitu.mx\/index.php\/2017\/10\/04\/depresion-tropical-16-pone-alerta-nauticos-del-caribe-mexicano\/#breadcrumb\",\"itemListElement\":[{\"@type\":\"ListItem\",\"position\":1,\"name\":\"Inicio\",\"item\":\"https:\/\/nitu.mx\/\"},{\"@type\":\"ListItem\",\"position\":2,\"name\":\"La Tormenta Tropical Nate pone en alerta a n\u00e1uticos del Caribe Mexicano\"}]},{\"@type\":\"WebSite\",\"@id\":\"https:\/\/nitu.mx\/#website\",\"url\":\"https:\/\/nitu.mx\/\",\"name\":\"Nitu - Noticias de la Industria Turistica\",\"description\":\"Noticias de la Industria Turistica\",\"publisher\":{\"@id\":\"https:\/\/nitu.mx\/#\/schema\/person\/ae7a53426417292d3dd07b45a33e01bc\"},\"alternateName\":\"Noticias de la Industria Turistica\",\"potentialAction\":[{\"@type\":\"SearchAction\",\"target\":{\"@type\":\"EntryPoint\",\"urlTemplate\":\"https:\/\/nitu.mx\/?s={search_term_string}\"},\"query-input\":\"required name=search_term_string\"}],\"inLanguage\":\"es-MX\"},{\"@type\":[\"Person\",\"Organization\"],\"@id\":\"https:\/\/nitu.mx\/#\/schema\/person\/ae7a53426417292d3dd07b45a33e01bc\",\"name\":\"Arturo Medina\",\"image\":{\"@type\":\"ImageObject\",\"inLanguage\":\"es-MX\",\"@id\":\"https:\/\/nitu.mx\/#\/schema\/person\/image\/\",\"url\":\"https:\/\/nitu.mx\/wp-content\/uploads\/2024\/04\/4A315622-1904-4D5C-B022-878CDC840E04-90x90-1.jpeg\",\"contentUrl\":\"https:\/\/nitu.mx\/wp-content\/uploads\/2024\/04\/4A315622-1904-4D5C-B022-878CDC840E04-90x90-1.jpeg\",\"width\":90,\"height\":90,\"caption\":\"Arturo Medina\"},\"logo\":{\"@id\":\"https:\/\/nitu.mx\/#\/schema\/person\/image\/\"},\"description\":\"Director NITU.mx, Egresado de la Escuela de Periodismo Carlos Septi\u00e9n Garc\u00eda. Periodista y analista especializado en turismo desde hace 35 a\u00f1os, radicado en Canc\u00fan Q.Roo. arturo@nitu.mx\",\"sameAs\":[\"https:\/\/nitu.mx\",\"https:\/\/www.facebook.com\/NITUmx\/\",\"medinacancun\",\"https:\/\/twitter.com\/@Arturo_Medina_G\"]},{\"@type\":\"Person\",\"@id\":\"https:\/\/nitu.mx\/#\/schema\/person\/2ecd887b19dfd3382d1f14fc5acf24a8\",\"name\":\"Alejandra Moncisbays\",\"image\":{\"@type\":\"ImageObject\",\"inLanguage\":\"es-MX\",\"@id\":\"https:\/\/nitu.mx\/#\/schema\/person\/image\/\",\"url\":\"https:\/\/secure.gravatar.com\/avatar\/e74f7af0be172b7804dacfd0bfbef787?s=96&d=mm&r=g\",\"contentUrl\":\"https:\/\/secure.gravatar.com\/avatar\/e74f7af0be172b7804dacfd0bfbef787?s=96&d=mm&r=g\",\"caption\":\"Alejandra Moncisbays\"},\"description\":\"Curs\u00e9 la carrera de Periodismo y Comunicaci\u00f3n en la Facultad de Estudios Profesionales Acatl\u00e1n. Vivo en Canc\u00fan desde hace 24 a\u00f1os. Fui reportera de La Tarde de Canc\u00fan, y Novedades de Quintana Roo, colabor\u00e9 en TVCUN, edit\u00e9 Cancun\u00edssimo y colabor\u00e9 en las revistas Latitud21, entre otras, con principal enfoque en los sectores empresarial y tur\u00edstico. Desde hace varios a\u00f1os soy Agente de Seguros con c\u00e9dula de la Comisi\u00f3n Nacional de Seguros y Fianzas. Actualmente, me desarrollo en los \u00e1mbitos del periodismo y el sector asegurador.\",\"sameAs\":[\"https:\/\/nitu.mx\"],\"url\":\"https:\/\/nitu.mx\/index.php\/author\/alejandra\/\"}]}<\/script>\n<!-- \/ Yoast SEO plugin. -->","yoast_head_json":{"title":"La Tormenta Tropical Nate pone en alerta a n\u00e1uticos del Caribe Mexicano - Nitu - Noticias de la Industria Turistica","robots":{"index":"index","follow":"follow","max-snippet":"max-snippet:-1","max-image-preview":"max-image-preview:large","max-video-preview":"max-video-preview:-1"},"canonical":"https:\/\/nitu.mx\/index.php\/2017\/10\/04\/depresion-tropical-16-pone-alerta-nauticos-del-caribe-mexicano\/","twitter_card":"summary_large_image","twitter_title":"La Tormenta Tropical Nate pone en alerta a n\u00e1uticos del Caribe Mexicano - Nitu - Noticias de la Industria Turistica","twitter_description":"El Centro Nacional de Huracanes de los Estados Unidos confirm\u00f3 la ma\u00f1ana de este jueves, que la Depresi\u00f3n Tropical 16 se convirti\u00f3 en la Tormenta Tropical Nate, y se dirige a la zona norte de Quintana Roo (que ya est\u00e1 en Alerta Azul) y que tiene un 70 por ciento de probabilidad de evolucionar a [&hellip;]","twitter_image":"https:\/\/nitu.mx\/wp-content\/uploads\/2017\/02\/Turismo-n\u00e1utico.jpg","twitter_creator":"@NITUmx","twitter_site":"@Arturo_Medina_G","twitter_misc":{"Escrito por":"Alejandra Moncisbays","Tiempo de lectura":"2 minutos"},"schema":{"@context":"https:\/\/schema.org","@graph":[{"@type":"Article","@id":"https:\/\/nitu.mx\/index.php\/2017\/10\/04\/depresion-tropical-16-pone-alerta-nauticos-del-caribe-mexicano\/#article","isPartOf":{"@id":"https:\/\/nitu.mx\/index.php\/2017\/10\/04\/depresion-tropical-16-pone-alerta-nauticos-del-caribe-mexicano\/"},"author":{"name":"Alejandra Moncisbays","@id":"https:\/\/nitu.mx\/#\/schema\/person\/2ecd887b19dfd3382d1f14fc5acf24a8"},"headline":"La Tormenta Tropical Nate pone en alerta a n\u00e1uticos del Caribe Mexicano","datePublished":"2017-10-05T04:22:34+00:00","dateModified":"2017-10-05T12:49:04+00:00","mainEntityOfPage":{"@id":"https:\/\/nitu.mx\/index.php\/2017\/10\/04\/depresion-tropical-16-pone-alerta-nauticos-del-caribe-mexicano\/"},"wordCount":317,"commentCount":0,"publisher":{"@id":"https:\/\/nitu.mx\/#\/schema\/person\/ae7a53426417292d3dd07b45a33e01bc"},"image":{"@id":"https:\/\/nitu.mx\/index.php\/2017\/10\/04\/depresion-tropical-16-pone-alerta-nauticos-del-caribe-mexicano\/#primaryimage"},"thumbnailUrl":"https:\/\/nitu.mx\/wp-content\/uploads\/2017\/02\/Turismo-n\u00e1utico.jpg","keywords":["Centro Nacional de Huracanes de los Estados Unidos","Depresi\u00f3n Tropical N\u00famero 16","Direcci\u00f3n de Tr\u00e1nsito","Fondo Nacional de Fomento al Turismo (Fonatur)","Iv\u00e1n Ferrat","Quintana Asociados N\u00e1uticos de Quintana Roo (ANQR)","Rodrigo Alc\u00e1zar"],"articleSection":["Destinos","M\u00e9xico"],"inLanguage":"es-MX","potentialAction":[{"@type":"CommentAction","name":"Comment","target":["https:\/\/nitu.mx\/index.php\/2017\/10\/04\/depresion-tropical-16-pone-alerta-nauticos-del-caribe-mexicano\/#respond"]}]},{"@type":"WebPage","@id":"https:\/\/nitu.mx\/index.php\/2017\/10\/04\/depresion-tropical-16-pone-alerta-nauticos-del-caribe-mexicano\/","url":"https:\/\/nitu.mx\/index.php\/2017\/10\/04\/depresion-tropical-16-pone-alerta-nauticos-del-caribe-mexicano\/","name":"La Tormenta Tropical Nate pone en alerta a n\u00e1uticos del Caribe Mexicano - Nitu - Noticias de la Industria Turistica","isPartOf":{"@id":"https:\/\/nitu.mx\/#website"},"primaryImageOfPage":{"@id":"https:\/\/nitu.mx\/index.php\/2017\/10\/04\/depresion-tropical-16-pone-alerta-nauticos-del-caribe-mexicano\/#primaryimage"},"image":{"@id":"https:\/\/nitu.mx\/index.php\/2017\/10\/04\/depresion-tropical-16-pone-alerta-nauticos-del-caribe-mexicano\/#primaryimage"},"thumbnailUrl":"https:\/\/nitu.mx\/wp-content\/uploads\/2017\/02\/Turismo-n\u00e1utico.jpg","datePublished":"2017-10-05T04:22:34+00:00","dateModified":"2017-10-05T12:49:04+00:00","breadcrumb":{"@id":"https:\/\/nitu.mx\/index.php\/2017\/10\/04\/depresion-tropical-16-pone-alerta-nauticos-del-caribe-mexicano\/#breadcrumb"},"inLanguage":"es-MX","potentialAction":[{"@type":"ReadAction","target":["https:\/\/nitu.mx\/index.php\/2017\/10\/04\/depresion-tropical-16-pone-alerta-nauticos-del-caribe-mexicano\/"]}]},{"@type":"ImageObject","inLanguage":"es-MX","@id":"https:\/\/nitu.mx\/index.php\/2017\/10\/04\/depresion-tropical-16-pone-alerta-nauticos-del-caribe-mexicano\/#primaryimage","url":"https:\/\/nitu.mx\/wp-content\/uploads\/2017\/02\/Turismo-n\u00e1utico.jpg","contentUrl":"https:\/\/nitu.mx\/wp-content\/uploads\/2017\/02\/Turismo-n\u00e1utico.jpg","width":850,"height":480,"caption":"N\u00e1uticos Turismo n\u00e1utico"},{"@type":"BreadcrumbList","@id":"https:\/\/nitu.mx\/index.php\/2017\/10\/04\/depresion-tropical-16-pone-alerta-nauticos-del-caribe-mexicano\/#breadcrumb","itemListElement":[{"@type":"ListItem","position":1,"name":"Inicio","item":"https:\/\/nitu.mx\/"},{"@type":"ListItem","position":2,"name":"La Tormenta Tropical Nate pone en alerta a n\u00e1uticos del Caribe Mexicano"}]},{"@type":"WebSite","@id":"https:\/\/nitu.mx\/#website","url":"https:\/\/nitu.mx\/","name":"Nitu - Noticias de la Industria Turistica","description":"Noticias de la Industria Turistica","publisher":{"@id":"https:\/\/nitu.mx\/#\/schema\/person\/ae7a53426417292d3dd07b45a33e01bc"},"alternateName":"Noticias de la Industria Turistica","potentialAction":[{"@type":"SearchAction","target":{"@type":"EntryPoint","urlTemplate":"https:\/\/nitu.mx\/?s={search_term_string}"},"query-input":"required name=search_term_string"}],"inLanguage":"es-MX"},{"@type":["Person","Organization"],"@id":"https:\/\/nitu.mx\/#\/schema\/person\/ae7a53426417292d3dd07b45a33e01bc","name":"Arturo Medina","image":{"@type":"ImageObject","inLanguage":"es-MX","@id":"https:\/\/nitu.mx\/#\/schema\/person\/image\/","url":"https:\/\/nitu.mx\/wp-content\/uploads\/2024\/04\/4A315622-1904-4D5C-B022-878CDC840E04-90x90-1.jpeg","contentUrl":"https:\/\/nitu.mx\/wp-content\/uploads\/2024\/04\/4A315622-1904-4D5C-B022-878CDC840E04-90x90-1.jpeg","width":90,"height":90,"caption":"Arturo Medina"},"logo":{"@id":"https:\/\/nitu.mx\/#\/schema\/person\/image\/"},"description":"Director NITU.mx, Egresado de la Escuela de Periodismo Carlos Septi\u00e9n Garc\u00eda. Periodista y analista especializado en turismo desde hace 35 a\u00f1os, radicado en Canc\u00fan Q.Roo. arturo@nitu.mx","sameAs":["https:\/\/nitu.mx","https:\/\/www.facebook.com\/NITUmx\/","medinacancun","https:\/\/twitter.com\/@Arturo_Medina_G"]},{"@type":"Person","@id":"https:\/\/nitu.mx\/#\/schema\/person\/2ecd887b19dfd3382d1f14fc5acf24a8","name":"Alejandra Moncisbays","image":{"@type":"ImageObject","inLanguage":"es-MX","@id":"https:\/\/nitu.mx\/#\/schema\/person\/image\/","url":"https:\/\/secure.gravatar.com\/avatar\/e74f7af0be172b7804dacfd0bfbef787?s=96&d=mm&r=g","contentUrl":"https:\/\/secure.gravatar.com\/avatar\/e74f7af0be172b7804dacfd0bfbef787?s=96&d=mm&r=g","caption":"Alejandra Moncisbays"},"description":"Curs\u00e9 la carrera de Periodismo y Comunicaci\u00f3n en la Facultad de Estudios Profesionales Acatl\u00e1n. Vivo en Canc\u00fan desde hace 24 a\u00f1os. Fui reportera de La Tarde de Canc\u00fan, y Novedades de Quintana Roo, colabor\u00e9 en TVCUN, edit\u00e9 Cancun\u00edssimo y colabor\u00e9 en las revistas Latitud21, entre otras, con principal enfoque en los sectores empresarial y tur\u00edstico. Desde hace varios a\u00f1os soy Agente de Seguros con c\u00e9dula de la Comisi\u00f3n Nacional de Seguros y Fianzas. Actualmente, me desarrollo en los \u00e1mbitos del periodismo y el sector asegurador.","sameAs":["https:\/\/nitu.mx"],"url":"https:\/\/nitu.mx\/index.php\/author\/alejandra\/"}]}},"views":299,"_links":{"self":[{"href":"https:\/\/nitu.mx\/index.php\/wp-json\/wp\/v2\/posts\/13647"}],"collection":[{"href":"https:\/\/nitu.mx\/index.php\/wp-json\/wp\/v2\/posts"}],"about":[{"href":"https:\/\/nitu.mx\/index.php\/wp-json\/wp\/v2\/types\/post"}],"author":[{"embeddable":true,"href":"https:\/\/nitu.mx\/index.php\/wp-json\/wp\/v2\/users\/3"}],"replies":[{"embeddable":true,"href":"https:\/\/nitu.mx\/index.php\/wp-json\/wp\/v2\/comments?post=13647"}],"version-history":[{"count":7,"href":"https:\/\/nitu.mx\/index.php\/wp-json\/wp\/v2\/posts\/13647\/revisions"}],"predecessor-version":[{"id":13675,"href":"https:\/\/nitu.mx\/index.php\/wp-json\/wp\/v2\/posts\/13647\/revisions\/13675"}],"wp:featuredmedia":[{"embeddable":true,"href":"https:\/\/nitu.mx\/index.php\/wp-json\/wp\/v2\/media\/7131"}],"wp:attachment":[{"href":"https:\/\/nitu.mx\/index.php\/wp-json\/wp\/v2\/media?parent=13647"}],"wp:term":[{"taxonomy":"category","embeddable":true,"href":"https:\/\/nitu.mx\/index.php\/wp-json\/wp\/v2\/categories?post=13647"},{"taxonomy":"post_tag","embeddable":true,"href":"https:\/\/nitu.mx\/index.php\/wp-json\/wp\/v2\/tags?post=13647"}],"curies":[{"name":"wp","href":"https:\/\/api.w.org\/{rel}","templated":true}]}}