{"id":13641,"date":"2017-10-05T00:22:52","date_gmt":"2017-10-05T05:22:52","guid":{"rendered":"http:\/\/www.dev.nitu.mx\/?p=13641"},"modified":"2017-10-05T00:31:49","modified_gmt":"2017-10-05T05:31:49","slug":"inseguridad-mas-que-el-sismo-afecta-al-turismo-omt","status":"publish","type":"post","link":"https:\/\/nitu.mx\/index.php\/2017\/10\/05\/inseguridad-mas-que-el-sismo-afecta-al-turismo-omt\/","title":{"rendered":"Inseguridad m\u00e1s que el sismo afecta al turismo: OMT"},"content":{"rendered":"<p>El secretario ejecutivo de Relaciones con los Miembros de la Organizaci\u00f3n Mundial de Turismo (OMT), Carlos Vogeler, consider\u00f3 que el impacto de los sismos en la llegada de viajeros internacionales a M\u00e9xico ser\u00e1 \u00fanicamente en el corto plazo (algunas semanas) y que el verdadero reto es la percepci\u00f3n de inseguridad que existe sobre algunos destinos del pa\u00eds.<\/p>\n<p>\u201cSon coyunturas, como las que enfrentan otros pa\u00edses, en las que no podemos predecir los efectos. Sin embargo, es claro que las alertas que se han emitido a M\u00e9xico s\u00ed influyen de manera perdurable, salvo que se modifiquen y sean precisas, que es lo que estamos pugnando desde nuestra organizaci\u00f3n\u201d, coment\u00f3.<\/p>\n<p>Desde su perspectiva, cualquier movimiento que pueda existir en el top ten de pa\u00edses receptores de turistas (donde M\u00e9xico est\u00e1 en octavo sitio) no refleja, necesariamente, el trabajo que est\u00e1 haciendo para seguir siendo atractivos y que el mejor ejemplo es Turqu\u00eda, que a pesar de sus logros un problema interno los \u201cimpact\u00f3 negativamente\u201d en la llegada de viajeros.<\/p>\n<p>El representante de la OMT ofreci\u00f3 este mi\u00e9rcoles una conferencia magistral en la Fundaci\u00f3n Miguel Alem\u00e1n (en la que podr\u00eda ser su \u00faltima visita a M\u00e9xico porque su gesti\u00f3n termina el \u00faltimo d\u00eda de diciembre pr\u00f3ximo) y habl\u00f3 sobre la urgencia de atender los temas de violencia. (<a title=\"M\u00e9xico en riesgo de perder posiciones en el ranking de la OMT\" href=\"http:\/\/www.dev.nitu.mx\/index.php\/2017\/10\/03\/mexico-en-riesgo-de-perder-posiciones-en-el-ranking-de-la-omt\/\" rel=\"bookmark\">M\u00e9xico en riesgo de perder posiciones en el ranking de la OMT<\/a>).<\/p>\n<p>\u201dHay que trabajar mucho en el tema de percepci\u00f3n de inseguridad. Hay una visi\u00f3n sobre inseguridad que no coincide necesariamente con la realidad y eso es lo que se debe comunicar en este momento\u201d, agreg\u00f3.<\/p>\n<p>Vogeler dej\u00f3 en claro que los turistas, en todo el mundo, no menos sensibles a los sismos y, que por el contrario, suelen ser solidarios visitando los lugares afectados para una pronta recuperaci\u00f3n, por lo que al gobierno le corresponde generar las condiciones necesarias para que ocurra, por ejemplo, en t\u00e9rminos de infraestructura y promoci\u00f3n, refiere dineroenimagen.com.<\/p>\n","protected":false},"excerpt":{"rendered":"<p>El secretario ejecutivo de Relaciones con los Miembros de la Organizaci\u00f3n Mundial de Turismo (OMT), Carlos Vogeler, consider\u00f3 que el impacto de los sismos en la llegada de viajeros internacionales a M\u00e9xico ser\u00e1 \u00fanicamente en el corto plazo (algunas semanas) y que el verdadero reto es la percepci\u00f3n de inseguridad que existe sobre algunos destinos [&hellip;]<\/p>\n","protected":false},"author":17,"featured_media":13669,"comment_status":"open","ping_status":"open","sticky":false,"template":"","format":"standard","meta":{"footnotes":""},"categories":[12,6],"tags":[1501,68,2427],"yoast_head":"<!-- This site is optimized with the Yoast SEO plugin v22.2 - https:\/\/yoast.com\/wordpress\/plugins\/seo\/ -->\n<title>Inseguridad m\u00e1s que el sismo afecta al turismo: OMT - Nitu - Noticias de la Industria Turistica<\/title>\n<meta name=\"description\" content=\"Carlos Vogeler, de la OMT consider\u00f3 que el impacto de los sismos en la llegada de viajeros internacionales a M\u00e9xico ser\u00e1 \u00fanicamente en el corto plazo.\" \/>\n<meta name=\"robots\" content=\"index, follow, max-snippet:-1, max-image-preview:large, max-video-preview:-1\" \/>\n<link rel=\"canonical\" href=\"https:\/\/nitu.mx\/index.php\/2017\/10\/05\/inseguridad-mas-que-el-sismo-afecta-al-turismo-omt\/\" \/>\n<meta name=\"twitter:card\" content=\"summary_large_image\" \/>\n<meta name=\"twitter:title\" content=\"Inseguridad m\u00e1s que el sismo afecta al turismo: OMT - Nitu - Noticias de la Industria Turistica\" \/>\n<meta name=\"twitter:description\" content=\"Carlos Vogeler, de la OMT consider\u00f3 que el impacto de los sismos en la llegada de viajeros internacionales a M\u00e9xico ser\u00e1 \u00fanicamente en el corto plazo.\" \/>\n<meta name=\"twitter:image\" content=\"https:\/\/nitu.mx\/wp-content\/uploads\/2017\/10\/carlos-vogeler-omt.jpg\" \/>\n<meta name=\"twitter:creator\" content=\"@NITUmx\" \/>\n<meta name=\"twitter:site\" content=\"@Arturo_Medina_G\" \/>\n<meta name=\"twitter:label1\" content=\"Escrito por\" \/>\n\t<meta name=\"twitter:data1\" content=\"Redacci\u00f3n\" \/>\n\t<meta name=\"twitter:label2\" content=\"Tiempo de lectura\" \/>\n\t<meta name=\"twitter:data2\" content=\"2 minutos\" \/>\n<script type=\"application\/ld+json\" class=\"yoast-schema-graph\">{\"@context\":\"https:\/\/schema.org\",\"@graph\":[{\"@type\":\"Article\",\"@id\":\"https:\/\/nitu.mx\/index.php\/2017\/10\/05\/inseguridad-mas-que-el-sismo-afecta-al-turismo-omt\/#article\",\"isPartOf\":{\"@id\":\"https:\/\/nitu.mx\/index.php\/2017\/10\/05\/inseguridad-mas-que-el-sismo-afecta-al-turismo-omt\/\"},\"author\":{\"name\":\"Redacci\u00f3n\",\"@id\":\"https:\/\/nitu.mx\/#\/schema\/person\/4a28fe9bd65924f7c90623773daf1b0b\"},\"headline\":\"Inseguridad m\u00e1s que el sismo afecta al turismo: OMT\",\"datePublished\":\"2017-10-05T05:22:52+00:00\",\"dateModified\":\"2017-10-05T05:31:49+00:00\",\"mainEntityOfPage\":{\"@id\":\"https:\/\/nitu.mx\/index.php\/2017\/10\/05\/inseguridad-mas-que-el-sismo-afecta-al-turismo-omt\/\"},\"wordCount\":353,\"commentCount\":0,\"publisher\":{\"@id\":\"https:\/\/nitu.mx\/#\/schema\/person\/ae7a53426417292d3dd07b45a33e01bc\"},\"image\":{\"@id\":\"https:\/\/nitu.mx\/index.php\/2017\/10\/05\/inseguridad-mas-que-el-sismo-afecta-al-turismo-omt\/#primaryimage\"},\"thumbnailUrl\":\"https:\/\/nitu.mx\/wp-content\/uploads\/2017\/10\/carlos-vogeler-omt.jpg\",\"keywords\":[\"Carlos Vogeler\",\"M\u00e9xico\",\"Organizaci\u00f3n Mundial de Turismo\"],\"articleSection\":[\"Marketing\",\"M\u00e9xico\"],\"inLanguage\":\"es-MX\",\"potentialAction\":[{\"@type\":\"CommentAction\",\"name\":\"Comment\",\"target\":[\"https:\/\/nitu.mx\/index.php\/2017\/10\/05\/inseguridad-mas-que-el-sismo-afecta-al-turismo-omt\/#respond\"]}]},{\"@type\":\"WebPage\",\"@id\":\"https:\/\/nitu.mx\/index.php\/2017\/10\/05\/inseguridad-mas-que-el-sismo-afecta-al-turismo-omt\/\",\"url\":\"https:\/\/nitu.mx\/index.php\/2017\/10\/05\/inseguridad-mas-que-el-sismo-afecta-al-turismo-omt\/\",\"name\":\"Inseguridad m\u00e1s que el sismo afecta al turismo: OMT - Nitu - Noticias de la Industria Turistica\",\"isPartOf\":{\"@id\":\"https:\/\/nitu.mx\/#website\"},\"primaryImageOfPage\":{\"@id\":\"https:\/\/nitu.mx\/index.php\/2017\/10\/05\/inseguridad-mas-que-el-sismo-afecta-al-turismo-omt\/#primaryimage\"},\"image\":{\"@id\":\"https:\/\/nitu.mx\/index.php\/2017\/10\/05\/inseguridad-mas-que-el-sismo-afecta-al-turismo-omt\/#primaryimage\"},\"thumbnailUrl\":\"https:\/\/nitu.mx\/wp-content\/uploads\/2017\/10\/carlos-vogeler-omt.jpg\",\"datePublished\":\"2017-10-05T05:22:52+00:00\",\"dateModified\":\"2017-10-05T05:31:49+00:00\",\"description\":\"Carlos Vogeler, de la OMT consider\u00f3 que el impacto de los sismos en la llegada de viajeros internacionales a M\u00e9xico ser\u00e1 \u00fanicamente en el corto plazo.\",\"breadcrumb\":{\"@id\":\"https:\/\/nitu.mx\/index.php\/2017\/10\/05\/inseguridad-mas-que-el-sismo-afecta-al-turismo-omt\/#breadcrumb\"},\"inLanguage\":\"es-MX\",\"potentialAction\":[{\"@type\":\"ReadAction\",\"target\":[\"https:\/\/nitu.mx\/index.php\/2017\/10\/05\/inseguridad-mas-que-el-sismo-afecta-al-turismo-omt\/\"]}]},{\"@type\":\"ImageObject\",\"inLanguage\":\"es-MX\",\"@id\":\"https:\/\/nitu.mx\/index.php\/2017\/10\/05\/inseguridad-mas-que-el-sismo-afecta-al-turismo-omt\/#primaryimage\",\"url\":\"https:\/\/nitu.mx\/wp-content\/uploads\/2017\/10\/carlos-vogeler-omt.jpg\",\"contentUrl\":\"https:\/\/nitu.mx\/wp-content\/uploads\/2017\/10\/carlos-vogeler-omt.jpg\",\"width\":850,\"height\":480,\"caption\":\"carlos vogeler omt\"},{\"@type\":\"BreadcrumbList\",\"@id\":\"https:\/\/nitu.mx\/index.php\/2017\/10\/05\/inseguridad-mas-que-el-sismo-afecta-al-turismo-omt\/#breadcrumb\",\"itemListElement\":[{\"@type\":\"ListItem\",\"position\":1,\"name\":\"Inicio\",\"item\":\"https:\/\/nitu.mx\/\"},{\"@type\":\"ListItem\",\"position\":2,\"name\":\"Inseguridad m\u00e1s que el sismo afecta al turismo: OMT\"}]},{\"@type\":\"WebSite\",\"@id\":\"https:\/\/nitu.mx\/#website\",\"url\":\"https:\/\/nitu.mx\/\",\"name\":\"Nitu - Noticias de la Industria Turistica\",\"description\":\"Noticias de la Industria Turistica\",\"publisher\":{\"@id\":\"https:\/\/nitu.mx\/#\/schema\/person\/ae7a53426417292d3dd07b45a33e01bc\"},\"alternateName\":\"Noticias de la Industria Turistica\",\"potentialAction\":[{\"@type\":\"SearchAction\",\"target\":{\"@type\":\"EntryPoint\",\"urlTemplate\":\"https:\/\/nitu.mx\/?s={search_term_string}\"},\"query-input\":\"required name=search_term_string\"}],\"inLanguage\":\"es-MX\"},{\"@type\":[\"Person\",\"Organization\"],\"@id\":\"https:\/\/nitu.mx\/#\/schema\/person\/ae7a53426417292d3dd07b45a33e01bc\",\"name\":\"Arturo Medina\",\"image\":{\"@type\":\"ImageObject\",\"inLanguage\":\"es-MX\",\"@id\":\"https:\/\/nitu.mx\/#\/schema\/person\/image\/\",\"url\":\"https:\/\/nitu.mx\/wp-content\/uploads\/2024\/04\/4A315622-1904-4D5C-B022-878CDC840E04-90x90-1.jpeg\",\"contentUrl\":\"https:\/\/nitu.mx\/wp-content\/uploads\/2024\/04\/4A315622-1904-4D5C-B022-878CDC840E04-90x90-1.jpeg\",\"width\":90,\"height\":90,\"caption\":\"Arturo Medina\"},\"logo\":{\"@id\":\"https:\/\/nitu.mx\/#\/schema\/person\/image\/\"},\"description\":\"Director NITU.mx, Egresado de la Escuela de Periodismo Carlos Septi\u00e9n Garc\u00eda. Periodista y analista especializado en turismo desde hace 35 a\u00f1os, radicado en Canc\u00fan Q.Roo. arturo@nitu.mx\",\"sameAs\":[\"https:\/\/nitu.mx\",\"https:\/\/www.facebook.com\/NITUmx\/\",\"medinacancun\",\"https:\/\/twitter.com\/@Arturo_Medina_G\"]},{\"@type\":\"Person\",\"@id\":\"https:\/\/nitu.mx\/#\/schema\/person\/4a28fe9bd65924f7c90623773daf1b0b\",\"name\":\"Redacci\u00f3n\",\"image\":{\"@type\":\"ImageObject\",\"inLanguage\":\"es-MX\",\"@id\":\"https:\/\/nitu.mx\/#\/schema\/person\/image\/\",\"url\":\"https:\/\/secure.gravatar.com\/avatar\/5dd011c8ccfc5cd7e4c81e42252aab38?s=96&d=mm&r=g\",\"contentUrl\":\"https:\/\/secure.gravatar.com\/avatar\/5dd011c8ccfc5cd7e4c81e42252aab38?s=96&d=mm&r=g\",\"caption\":\"Redacci\u00f3n\"},\"url\":\"https:\/\/nitu.mx\/index.php\/author\/redaccion\/\"}]}<\/script>\n<!-- \/ Yoast SEO plugin. -->","yoast_head_json":{"title":"Inseguridad m\u00e1s que el sismo afecta al turismo: OMT - Nitu - Noticias de la Industria Turistica","description":"Carlos Vogeler, de la OMT consider\u00f3 que el impacto de los sismos en la llegada de viajeros internacionales a M\u00e9xico ser\u00e1 \u00fanicamente en el corto plazo.","robots":{"index":"index","follow":"follow","max-snippet":"max-snippet:-1","max-image-preview":"max-image-preview:large","max-video-preview":"max-video-preview:-1"},"canonical":"https:\/\/nitu.mx\/index.php\/2017\/10\/05\/inseguridad-mas-que-el-sismo-afecta-al-turismo-omt\/","twitter_card":"summary_large_image","twitter_title":"Inseguridad m\u00e1s que el sismo afecta al turismo: OMT - Nitu - Noticias de la Industria Turistica","twitter_description":"Carlos Vogeler, de la OMT consider\u00f3 que el impacto de los sismos en la llegada de viajeros internacionales a M\u00e9xico ser\u00e1 \u00fanicamente en el corto plazo.","twitter_image":"https:\/\/nitu.mx\/wp-content\/uploads\/2017\/10\/carlos-vogeler-omt.jpg","twitter_creator":"@NITUmx","twitter_site":"@Arturo_Medina_G","twitter_misc":{"Escrito por":"Redacci\u00f3n","Tiempo de lectura":"2 minutos"},"schema":{"@context":"https:\/\/schema.org","@graph":[{"@type":"Article","@id":"https:\/\/nitu.mx\/index.php\/2017\/10\/05\/inseguridad-mas-que-el-sismo-afecta-al-turismo-omt\/#article","isPartOf":{"@id":"https:\/\/nitu.mx\/index.php\/2017\/10\/05\/inseguridad-mas-que-el-sismo-afecta-al-turismo-omt\/"},"author":{"name":"Redacci\u00f3n","@id":"https:\/\/nitu.mx\/#\/schema\/person\/4a28fe9bd65924f7c90623773daf1b0b"},"headline":"Inseguridad m\u00e1s que el sismo afecta al turismo: OMT","datePublished":"2017-10-05T05:22:52+00:00","dateModified":"2017-10-05T05:31:49+00:00","mainEntityOfPage":{"@id":"https:\/\/nitu.mx\/index.php\/2017\/10\/05\/inseguridad-mas-que-el-sismo-afecta-al-turismo-omt\/"},"wordCount":353,"commentCount":0,"publisher":{"@id":"https:\/\/nitu.mx\/#\/schema\/person\/ae7a53426417292d3dd07b45a33e01bc"},"image":{"@id":"https:\/\/nitu.mx\/index.php\/2017\/10\/05\/inseguridad-mas-que-el-sismo-afecta-al-turismo-omt\/#primaryimage"},"thumbnailUrl":"https:\/\/nitu.mx\/wp-content\/uploads\/2017\/10\/carlos-vogeler-omt.jpg","keywords":["Carlos Vogeler","M\u00e9xico","Organizaci\u00f3n Mundial de Turismo"],"articleSection":["Marketing","M\u00e9xico"],"inLanguage":"es-MX","potentialAction":[{"@type":"CommentAction","name":"Comment","target":["https:\/\/nitu.mx\/index.php\/2017\/10\/05\/inseguridad-mas-que-el-sismo-afecta-al-turismo-omt\/#respond"]}]},{"@type":"WebPage","@id":"https:\/\/nitu.mx\/index.php\/2017\/10\/05\/inseguridad-mas-que-el-sismo-afecta-al-turismo-omt\/","url":"https:\/\/nitu.mx\/index.php\/2017\/10\/05\/inseguridad-mas-que-el-sismo-afecta-al-turismo-omt\/","name":"Inseguridad m\u00e1s que el sismo afecta al turismo: OMT - Nitu - Noticias de la Industria Turistica","isPartOf":{"@id":"https:\/\/nitu.mx\/#website"},"primaryImageOfPage":{"@id":"https:\/\/nitu.mx\/index.php\/2017\/10\/05\/inseguridad-mas-que-el-sismo-afecta-al-turismo-omt\/#primaryimage"},"image":{"@id":"https:\/\/nitu.mx\/index.php\/2017\/10\/05\/inseguridad-mas-que-el-sismo-afecta-al-turismo-omt\/#primaryimage"},"thumbnailUrl":"https:\/\/nitu.mx\/wp-content\/uploads\/2017\/10\/carlos-vogeler-omt.jpg","datePublished":"2017-10-05T05:22:52+00:00","dateModified":"2017-10-05T05:31:49+00:00","description":"Carlos Vogeler, de la OMT consider\u00f3 que el impacto de los sismos en la llegada de viajeros internacionales a M\u00e9xico ser\u00e1 \u00fanicamente en el corto plazo.","breadcrumb":{"@id":"https:\/\/nitu.mx\/index.php\/2017\/10\/05\/inseguridad-mas-que-el-sismo-afecta-al-turismo-omt\/#breadcrumb"},"inLanguage":"es-MX","potentialAction":[{"@type":"ReadAction","target":["https:\/\/nitu.mx\/index.php\/2017\/10\/05\/inseguridad-mas-que-el-sismo-afecta-al-turismo-omt\/"]}]},{"@type":"ImageObject","inLanguage":"es-MX","@id":"https:\/\/nitu.mx\/index.php\/2017\/10\/05\/inseguridad-mas-que-el-sismo-afecta-al-turismo-omt\/#primaryimage","url":"https:\/\/nitu.mx\/wp-content\/uploads\/2017\/10\/carlos-vogeler-omt.jpg","contentUrl":"https:\/\/nitu.mx\/wp-content\/uploads\/2017\/10\/carlos-vogeler-omt.jpg","width":850,"height":480,"caption":"carlos vogeler omt"},{"@type":"BreadcrumbList","@id":"https:\/\/nitu.mx\/index.php\/2017\/10\/05\/inseguridad-mas-que-el-sismo-afecta-al-turismo-omt\/#breadcrumb","itemListElement":[{"@type":"ListItem","position":1,"name":"Inicio","item":"https:\/\/nitu.mx\/"},{"@type":"ListItem","position":2,"name":"Inseguridad m\u00e1s que el sismo afecta al turismo: OMT"}]},{"@type":"WebSite","@id":"https:\/\/nitu.mx\/#website","url":"https:\/\/nitu.mx\/","name":"Nitu - Noticias de la Industria Turistica","description":"Noticias de la Industria Turistica","publisher":{"@id":"https:\/\/nitu.mx\/#\/schema\/person\/ae7a53426417292d3dd07b45a33e01bc"},"alternateName":"Noticias de la Industria Turistica","potentialAction":[{"@type":"SearchAction","target":{"@type":"EntryPoint","urlTemplate":"https:\/\/nitu.mx\/?s={search_term_string}"},"query-input":"required name=search_term_string"}],"inLanguage":"es-MX"},{"@type":["Person","Organization"],"@id":"https:\/\/nitu.mx\/#\/schema\/person\/ae7a53426417292d3dd07b45a33e01bc","name":"Arturo Medina","image":{"@type":"ImageObject","inLanguage":"es-MX","@id":"https:\/\/nitu.mx\/#\/schema\/person\/image\/","url":"https:\/\/nitu.mx\/wp-content\/uploads\/2024\/04\/4A315622-1904-4D5C-B022-878CDC840E04-90x90-1.jpeg","contentUrl":"https:\/\/nitu.mx\/wp-content\/uploads\/2024\/04\/4A315622-1904-4D5C-B022-878CDC840E04-90x90-1.jpeg","width":90,"height":90,"caption":"Arturo Medina"},"logo":{"@id":"https:\/\/nitu.mx\/#\/schema\/person\/image\/"},"description":"Director NITU.mx, Egresado de la Escuela de Periodismo Carlos Septi\u00e9n Garc\u00eda. Periodista y analista especializado en turismo desde hace 35 a\u00f1os, radicado en Canc\u00fan Q.Roo. arturo@nitu.mx","sameAs":["https:\/\/nitu.mx","https:\/\/www.facebook.com\/NITUmx\/","medinacancun","https:\/\/twitter.com\/@Arturo_Medina_G"]},{"@type":"Person","@id":"https:\/\/nitu.mx\/#\/schema\/person\/4a28fe9bd65924f7c90623773daf1b0b","name":"Redacci\u00f3n","image":{"@type":"ImageObject","inLanguage":"es-MX","@id":"https:\/\/nitu.mx\/#\/schema\/person\/image\/","url":"https:\/\/secure.gravatar.com\/avatar\/5dd011c8ccfc5cd7e4c81e42252aab38?s=96&d=mm&r=g","contentUrl":"https:\/\/secure.gravatar.com\/avatar\/5dd011c8ccfc5cd7e4c81e42252aab38?s=96&d=mm&r=g","caption":"Redacci\u00f3n"},"url":"https:\/\/nitu.mx\/index.php\/author\/redaccion\/"}]}},"views":874,"_links":{"self":[{"href":"https:\/\/nitu.mx\/index.php\/wp-json\/wp\/v2\/posts\/13641"}],"collection":[{"href":"https:\/\/nitu.mx\/index.php\/wp-json\/wp\/v2\/posts"}],"about":[{"href":"https:\/\/nitu.mx\/index.php\/wp-json\/wp\/v2\/types\/post"}],"author":[{"embeddable":true,"href":"https:\/\/nitu.mx\/index.php\/wp-json\/wp\/v2\/users\/17"}],"replies":[{"embeddable":true,"href":"https:\/\/nitu.mx\/index.php\/wp-json\/wp\/v2\/comments?post=13641"}],"version-history":[{"count":3,"href":"https:\/\/nitu.mx\/index.php\/wp-json\/wp\/v2\/posts\/13641\/revisions"}],"predecessor-version":[{"id":13670,"href":"https:\/\/nitu.mx\/index.php\/wp-json\/wp\/v2\/posts\/13641\/revisions\/13670"}],"wp:featuredmedia":[{"embeddable":true,"href":"https:\/\/nitu.mx\/index.php\/wp-json\/wp\/v2\/media\/13669"}],"wp:attachment":[{"href":"https:\/\/nitu.mx\/index.php\/wp-json\/wp\/v2\/media?parent=13641"}],"wp:term":[{"taxonomy":"category","embeddable":true,"href":"https:\/\/nitu.mx\/index.php\/wp-json\/wp\/v2\/categories?post=13641"},{"taxonomy":"post_tag","embeddable":true,"href":"https:\/\/nitu.mx\/index.php\/wp-json\/wp\/v2\/tags?post=13641"}],"curies":[{"name":"wp","href":"https:\/\/api.w.org\/{rel}","templated":true}]}}