{"id":13639,"date":"2017-10-05T00:29:12","date_gmt":"2017-10-05T05:29:12","guid":{"rendered":"http:\/\/www.dev.nitu.mx\/?p=13639"},"modified":"2017-10-05T00:32:27","modified_gmt":"2017-10-05T05:32:27","slug":"huracanes-y-sismos-debilitan-trafico-de-asur","status":"publish","type":"post","link":"https:\/\/nitu.mx\/index.php\/2017\/10\/05\/huracanes-y-sismos-debilitan-trafico-de-asur\/","title":{"rendered":"Huracanes y sismos debilitan tr\u00e1fico de ASUR"},"content":{"rendered":"<p>De acuerdo con los datos del Grupo Aeroportuario del Sureste (ASUR) reportados en la Bolsa Mexicana de Valores (BMV), su tr\u00e1fico total observ\u00f3 una contracci\u00f3n de 3.5 por ciento en septiembre de 2017, respecto al mismo mes del a\u00f1o pasado, al ubicarse en 2 millones 429 mil viajeros.<\/p>\n<p>El tr\u00e1fico nacional de M\u00e9xico en dicho mes creci\u00f3 4.2 por ciento anual en septiembre, mientras que el internacional subi\u00f3 7.9 por ciento.<\/p>\n<p>El tr\u00e1fico de pasajeros en el reci\u00e9n consolidado aeropuerto de Puerto Rico, que se vio afectado por los huracanes Irma y Mar\u00eda, redujo su tr\u00e1fico 36.7 por ciento anual el mes pasado.<\/p>\n<p>&#8220;Esperamos que el tr\u00e1fico de pasajeros del mes de septiembre de ASUR, se vea seriamente afectado por los diversos eventos que han acontecido en el mes, que impactaron de manera importante el desempe\u00f1o en los pasajeros nacionales e internacionales&#8221;, se\u00f1al\u00f3 Intercam en un an\u00e1lisis previo.<\/p>\n<p>Seg\u00fan Intercam, el paso del hurac\u00e1n Harvey en Houston origin\u00f3 que varios de los vuelos de ese destino y hacia los distintos aeropuertos del grupo se suspendieran; por ello, se deber\u00eda ver un ligero impacto en el tr\u00e1fico internacional, particularmente en el aeropuerto de Canc\u00fan, refiere El Financiero.<\/p>\n<p>Le sigui\u00f3 la inundaci\u00f3n del AICM, donde se suspendieron varios vuelos hacia ese aeropuerto, afectando de manera generalizada el sistema de aviaci\u00f3n en M\u00e9xico.<\/p>\n<p>Posteriormente, se\u00f1ala la empresa, en el sismo del 7 de septiembre, los aeropuertos de Oaxaca y Huatulco tuvieron afectaciones, y aunque siguen operando con normalidad, esperamos que el tr\u00e1fico se vea afectado por la cancelaci\u00f3n de varios turistas que pensaban viajar a la zona, en esas fechas.\u00a0(<a title=\"Canc\u00fan, Huatulco y M\u00e9rida impulsan 13 por ciento tr\u00e1fico de ASUR\" href=\"http:\/\/www.dev.nitu.mx\/index.php\/2017\/07\/07\/cancun-huatulco-y-merida-impulsan-13-trafico-de-asur\/\" rel=\"bookmark\">Canc\u00fan, Huatulco y M\u00e9rida impulsan 13 por ciento tr\u00e1fico de ASUR<\/a>).<\/p>\n","protected":false},"excerpt":{"rendered":"<p>De acuerdo con los datos del Grupo Aeroportuario del Sureste (ASUR) reportados en la Bolsa Mexicana de Valores (BMV), su tr\u00e1fico total observ\u00f3 una contracci\u00f3n de 3.5 por ciento en septiembre de 2017, respecto al mismo mes del a\u00f1o pasado, al ubicarse en 2 millones 429 mil viajeros. El tr\u00e1fico nacional de M\u00e9xico en dicho [&hellip;]<\/p>\n","protected":false},"author":17,"featured_media":6695,"comment_status":"open","ping_status":"open","sticky":false,"template":"","format":"standard","meta":{"footnotes":""},"categories":[29,6],"tags":[2001,6151,198,63,904,5419,6150],"yoast_head":"<!-- This site is optimized with the Yoast SEO plugin v22.2 - https:\/\/yoast.com\/wordpress\/plugins\/seo\/ -->\n<title>Huracanes y sismos debilitan tr\u00e1fico de ASUR - Nitu - Noticias de la Industria Turistica<\/title>\n<meta name=\"description\" content=\"De acuerdo con datos de ASUR reportados en la BMV, su tr\u00e1fico total observ\u00f3 una contracci\u00f3n de 3.5 por ciento en septiembre de 2017\" \/>\n<meta name=\"robots\" content=\"index, follow, max-snippet:-1, max-image-preview:large, max-video-preview:-1\" \/>\n<link rel=\"canonical\" href=\"https:\/\/nitu.mx\/index.php\/2017\/10\/05\/huracanes-y-sismos-debilitan-trafico-de-asur\/\" \/>\n<meta name=\"twitter:card\" content=\"summary_large_image\" \/>\n<meta name=\"twitter:title\" content=\"Huracanes y sismos debilitan tr\u00e1fico de ASUR - Nitu - Noticias de la Industria Turistica\" \/>\n<meta name=\"twitter:description\" content=\"De acuerdo con datos de ASUR reportados en la BMV, su tr\u00e1fico total observ\u00f3 una contracci\u00f3n de 3.5 por ciento en septiembre de 2017\" \/>\n<meta name=\"twitter:image\" content=\"https:\/\/nitu.mx\/wp-content\/uploads\/2017\/02\/Aeropuerto-Canc\u00fan.jpg\" \/>\n<meta name=\"twitter:creator\" content=\"@NITUmx\" \/>\n<meta name=\"twitter:site\" content=\"@Arturo_Medina_G\" \/>\n<meta name=\"twitter:label1\" content=\"Escrito por\" \/>\n\t<meta name=\"twitter:data1\" content=\"Redacci\u00f3n\" \/>\n\t<meta name=\"twitter:label2\" content=\"Tiempo de lectura\" \/>\n\t<meta name=\"twitter:data2\" content=\"1 minuto\" \/>\n<script type=\"application\/ld+json\" class=\"yoast-schema-graph\">{\"@context\":\"https:\/\/schema.org\",\"@graph\":[{\"@type\":\"Article\",\"@id\":\"https:\/\/nitu.mx\/index.php\/2017\/10\/05\/huracanes-y-sismos-debilitan-trafico-de-asur\/#article\",\"isPartOf\":{\"@id\":\"https:\/\/nitu.mx\/index.php\/2017\/10\/05\/huracanes-y-sismos-debilitan-trafico-de-asur\/\"},\"author\":{\"name\":\"Redacci\u00f3n\",\"@id\":\"https:\/\/nitu.mx\/#\/schema\/person\/4a28fe9bd65924f7c90623773daf1b0b\"},\"headline\":\"Huracanes y sismos debilitan tr\u00e1fico de ASUR\",\"datePublished\":\"2017-10-05T05:29:12+00:00\",\"dateModified\":\"2017-10-05T05:32:27+00:00\",\"mainEntityOfPage\":{\"@id\":\"https:\/\/nitu.mx\/index.php\/2017\/10\/05\/huracanes-y-sismos-debilitan-trafico-de-asur\/\"},\"wordCount\":304,\"commentCount\":0,\"publisher\":{\"@id\":\"https:\/\/nitu.mx\/#\/schema\/person\/ae7a53426417292d3dd07b45a33e01bc\"},\"image\":{\"@id\":\"https:\/\/nitu.mx\/index.php\/2017\/10\/05\/huracanes-y-sismos-debilitan-trafico-de-asur\/#primaryimage\"},\"thumbnailUrl\":\"https:\/\/nitu.mx\/wp-content\/uploads\/2017\/02\/Aeropuerto-Canc\u00fan.jpg\",\"keywords\":[\"aeropuerto\",\"Aeropuerto de Veracruz\",\"ASUR\",\"Bolsa Mexicana de Valores\",\"Grupo Aeroportuario del Sureste (ASUR)\",\"huracanes\",\"sismos\"],\"articleSection\":[\"Aerol\u00edneas\",\"M\u00e9xico\"],\"inLanguage\":\"es-MX\",\"potentialAction\":[{\"@type\":\"CommentAction\",\"name\":\"Comment\",\"target\":[\"https:\/\/nitu.mx\/index.php\/2017\/10\/05\/huracanes-y-sismos-debilitan-trafico-de-asur\/#respond\"]}]},{\"@type\":\"WebPage\",\"@id\":\"https:\/\/nitu.mx\/index.php\/2017\/10\/05\/huracanes-y-sismos-debilitan-trafico-de-asur\/\",\"url\":\"https:\/\/nitu.mx\/index.php\/2017\/10\/05\/huracanes-y-sismos-debilitan-trafico-de-asur\/\",\"name\":\"Huracanes y sismos debilitan tr\u00e1fico de ASUR - Nitu - Noticias de la Industria Turistica\",\"isPartOf\":{\"@id\":\"https:\/\/nitu.mx\/#website\"},\"primaryImageOfPage\":{\"@id\":\"https:\/\/nitu.mx\/index.php\/2017\/10\/05\/huracanes-y-sismos-debilitan-trafico-de-asur\/#primaryimage\"},\"image\":{\"@id\":\"https:\/\/nitu.mx\/index.php\/2017\/10\/05\/huracanes-y-sismos-debilitan-trafico-de-asur\/#primaryimage\"},\"thumbnailUrl\":\"https:\/\/nitu.mx\/wp-content\/uploads\/2017\/02\/Aeropuerto-Canc\u00fan.jpg\",\"datePublished\":\"2017-10-05T05:29:12+00:00\",\"dateModified\":\"2017-10-05T05:32:27+00:00\",\"description\":\"De acuerdo con datos de ASUR reportados en la BMV, su tr\u00e1fico total observ\u00f3 una contracci\u00f3n de 3.5 por ciento en septiembre de 2017\",\"breadcrumb\":{\"@id\":\"https:\/\/nitu.mx\/index.php\/2017\/10\/05\/huracanes-y-sismos-debilitan-trafico-de-asur\/#breadcrumb\"},\"inLanguage\":\"es-MX\",\"potentialAction\":[{\"@type\":\"ReadAction\",\"target\":[\"https:\/\/nitu.mx\/index.php\/2017\/10\/05\/huracanes-y-sismos-debilitan-trafico-de-asur\/\"]}]},{\"@type\":\"ImageObject\",\"inLanguage\":\"es-MX\",\"@id\":\"https:\/\/nitu.mx\/index.php\/2017\/10\/05\/huracanes-y-sismos-debilitan-trafico-de-asur\/#primaryimage\",\"url\":\"https:\/\/nitu.mx\/wp-content\/uploads\/2017\/02\/Aeropuerto-Canc\u00fan.jpg\",\"contentUrl\":\"https:\/\/nitu.mx\/wp-content\/uploads\/2017\/02\/Aeropuerto-Canc\u00fan.jpg\",\"width\":850,\"height\":480,\"caption\":\"Aeropuerto Internacional de Canc\u00fan Centro y Sudam\u00e9rica sismo Asur\"},{\"@type\":\"BreadcrumbList\",\"@id\":\"https:\/\/nitu.mx\/index.php\/2017\/10\/05\/huracanes-y-sismos-debilitan-trafico-de-asur\/#breadcrumb\",\"itemListElement\":[{\"@type\":\"ListItem\",\"position\":1,\"name\":\"Inicio\",\"item\":\"https:\/\/nitu.mx\/\"},{\"@type\":\"ListItem\",\"position\":2,\"name\":\"Huracanes y sismos debilitan tr\u00e1fico de ASUR\"}]},{\"@type\":\"WebSite\",\"@id\":\"https:\/\/nitu.mx\/#website\",\"url\":\"https:\/\/nitu.mx\/\",\"name\":\"Nitu - Noticias de la Industria Turistica\",\"description\":\"Noticias de la Industria Turistica\",\"publisher\":{\"@id\":\"https:\/\/nitu.mx\/#\/schema\/person\/ae7a53426417292d3dd07b45a33e01bc\"},\"alternateName\":\"Noticias de la Industria Turistica\",\"potentialAction\":[{\"@type\":\"SearchAction\",\"target\":{\"@type\":\"EntryPoint\",\"urlTemplate\":\"https:\/\/nitu.mx\/?s={search_term_string}\"},\"query-input\":\"required name=search_term_string\"}],\"inLanguage\":\"es-MX\"},{\"@type\":[\"Person\",\"Organization\"],\"@id\":\"https:\/\/nitu.mx\/#\/schema\/person\/ae7a53426417292d3dd07b45a33e01bc\",\"name\":\"Arturo Medina\",\"image\":{\"@type\":\"ImageObject\",\"inLanguage\":\"es-MX\",\"@id\":\"https:\/\/nitu.mx\/#\/schema\/person\/image\/\",\"url\":\"https:\/\/nitu.mx\/wp-content\/uploads\/2024\/04\/4A315622-1904-4D5C-B022-878CDC840E04-90x90-1.jpeg\",\"contentUrl\":\"https:\/\/nitu.mx\/wp-content\/uploads\/2024\/04\/4A315622-1904-4D5C-B022-878CDC840E04-90x90-1.jpeg\",\"width\":90,\"height\":90,\"caption\":\"Arturo Medina\"},\"logo\":{\"@id\":\"https:\/\/nitu.mx\/#\/schema\/person\/image\/\"},\"description\":\"Director NITU.mx, Egresado de la Escuela de Periodismo Carlos Septi\u00e9n Garc\u00eda. Periodista y analista especializado en turismo desde hace 35 a\u00f1os, radicado en Canc\u00fan Q.Roo. arturo@nitu.mx\",\"sameAs\":[\"https:\/\/nitu.mx\",\"https:\/\/www.facebook.com\/NITUmx\/\",\"medinacancun\",\"https:\/\/twitter.com\/@Arturo_Medina_G\"]},{\"@type\":\"Person\",\"@id\":\"https:\/\/nitu.mx\/#\/schema\/person\/4a28fe9bd65924f7c90623773daf1b0b\",\"name\":\"Redacci\u00f3n\",\"image\":{\"@type\":\"ImageObject\",\"inLanguage\":\"es-MX\",\"@id\":\"https:\/\/nitu.mx\/#\/schema\/person\/image\/\",\"url\":\"https:\/\/secure.gravatar.com\/avatar\/5dd011c8ccfc5cd7e4c81e42252aab38?s=96&d=mm&r=g\",\"contentUrl\":\"https:\/\/secure.gravatar.com\/avatar\/5dd011c8ccfc5cd7e4c81e42252aab38?s=96&d=mm&r=g\",\"caption\":\"Redacci\u00f3n\"},\"url\":\"https:\/\/nitu.mx\/index.php\/author\/redaccion\/\"}]}<\/script>\n<!-- \/ Yoast SEO plugin. -->","yoast_head_json":{"title":"Huracanes y sismos debilitan tr\u00e1fico de ASUR - Nitu - Noticias de la Industria Turistica","description":"De acuerdo con datos de ASUR reportados en la BMV, su tr\u00e1fico total observ\u00f3 una contracci\u00f3n de 3.5 por ciento en septiembre de 2017","robots":{"index":"index","follow":"follow","max-snippet":"max-snippet:-1","max-image-preview":"max-image-preview:large","max-video-preview":"max-video-preview:-1"},"canonical":"https:\/\/nitu.mx\/index.php\/2017\/10\/05\/huracanes-y-sismos-debilitan-trafico-de-asur\/","twitter_card":"summary_large_image","twitter_title":"Huracanes y sismos debilitan tr\u00e1fico de ASUR - Nitu - Noticias de la Industria Turistica","twitter_description":"De acuerdo con datos de ASUR reportados en la BMV, su tr\u00e1fico total observ\u00f3 una contracci\u00f3n de 3.5 por ciento en septiembre de 2017","twitter_image":"https:\/\/nitu.mx\/wp-content\/uploads\/2017\/02\/Aeropuerto-Canc\u00fan.jpg","twitter_creator":"@NITUmx","twitter_site":"@Arturo_Medina_G","twitter_misc":{"Escrito por":"Redacci\u00f3n","Tiempo de lectura":"1 minuto"},"schema":{"@context":"https:\/\/schema.org","@graph":[{"@type":"Article","@id":"https:\/\/nitu.mx\/index.php\/2017\/10\/05\/huracanes-y-sismos-debilitan-trafico-de-asur\/#article","isPartOf":{"@id":"https:\/\/nitu.mx\/index.php\/2017\/10\/05\/huracanes-y-sismos-debilitan-trafico-de-asur\/"},"author":{"name":"Redacci\u00f3n","@id":"https:\/\/nitu.mx\/#\/schema\/person\/4a28fe9bd65924f7c90623773daf1b0b"},"headline":"Huracanes y sismos debilitan tr\u00e1fico de ASUR","datePublished":"2017-10-05T05:29:12+00:00","dateModified":"2017-10-05T05:32:27+00:00","mainEntityOfPage":{"@id":"https:\/\/nitu.mx\/index.php\/2017\/10\/05\/huracanes-y-sismos-debilitan-trafico-de-asur\/"},"wordCount":304,"commentCount":0,"publisher":{"@id":"https:\/\/nitu.mx\/#\/schema\/person\/ae7a53426417292d3dd07b45a33e01bc"},"image":{"@id":"https:\/\/nitu.mx\/index.php\/2017\/10\/05\/huracanes-y-sismos-debilitan-trafico-de-asur\/#primaryimage"},"thumbnailUrl":"https:\/\/nitu.mx\/wp-content\/uploads\/2017\/02\/Aeropuerto-Canc\u00fan.jpg","keywords":["aeropuerto","Aeropuerto de Veracruz","ASUR","Bolsa Mexicana de Valores","Grupo Aeroportuario del Sureste (ASUR)","huracanes","sismos"],"articleSection":["Aerol\u00edneas","M\u00e9xico"],"inLanguage":"es-MX","potentialAction":[{"@type":"CommentAction","name":"Comment","target":["https:\/\/nitu.mx\/index.php\/2017\/10\/05\/huracanes-y-sismos-debilitan-trafico-de-asur\/#respond"]}]},{"@type":"WebPage","@id":"https:\/\/nitu.mx\/index.php\/2017\/10\/05\/huracanes-y-sismos-debilitan-trafico-de-asur\/","url":"https:\/\/nitu.mx\/index.php\/2017\/10\/05\/huracanes-y-sismos-debilitan-trafico-de-asur\/","name":"Huracanes y sismos debilitan tr\u00e1fico de ASUR - Nitu - Noticias de la Industria Turistica","isPartOf":{"@id":"https:\/\/nitu.mx\/#website"},"primaryImageOfPage":{"@id":"https:\/\/nitu.mx\/index.php\/2017\/10\/05\/huracanes-y-sismos-debilitan-trafico-de-asur\/#primaryimage"},"image":{"@id":"https:\/\/nitu.mx\/index.php\/2017\/10\/05\/huracanes-y-sismos-debilitan-trafico-de-asur\/#primaryimage"},"thumbnailUrl":"https:\/\/nitu.mx\/wp-content\/uploads\/2017\/02\/Aeropuerto-Canc\u00fan.jpg","datePublished":"2017-10-05T05:29:12+00:00","dateModified":"2017-10-05T05:32:27+00:00","description":"De acuerdo con datos de ASUR reportados en la BMV, su tr\u00e1fico total observ\u00f3 una contracci\u00f3n de 3.5 por ciento en septiembre de 2017","breadcrumb":{"@id":"https:\/\/nitu.mx\/index.php\/2017\/10\/05\/huracanes-y-sismos-debilitan-trafico-de-asur\/#breadcrumb"},"inLanguage":"es-MX","potentialAction":[{"@type":"ReadAction","target":["https:\/\/nitu.mx\/index.php\/2017\/10\/05\/huracanes-y-sismos-debilitan-trafico-de-asur\/"]}]},{"@type":"ImageObject","inLanguage":"es-MX","@id":"https:\/\/nitu.mx\/index.php\/2017\/10\/05\/huracanes-y-sismos-debilitan-trafico-de-asur\/#primaryimage","url":"https:\/\/nitu.mx\/wp-content\/uploads\/2017\/02\/Aeropuerto-Canc\u00fan.jpg","contentUrl":"https:\/\/nitu.mx\/wp-content\/uploads\/2017\/02\/Aeropuerto-Canc\u00fan.jpg","width":850,"height":480,"caption":"Aeropuerto Internacional de Canc\u00fan Centro y Sudam\u00e9rica sismo Asur"},{"@type":"BreadcrumbList","@id":"https:\/\/nitu.mx\/index.php\/2017\/10\/05\/huracanes-y-sismos-debilitan-trafico-de-asur\/#breadcrumb","itemListElement":[{"@type":"ListItem","position":1,"name":"Inicio","item":"https:\/\/nitu.mx\/"},{"@type":"ListItem","position":2,"name":"Huracanes y sismos debilitan tr\u00e1fico de ASUR"}]},{"@type":"WebSite","@id":"https:\/\/nitu.mx\/#website","url":"https:\/\/nitu.mx\/","name":"Nitu - Noticias de la Industria Turistica","description":"Noticias de la Industria Turistica","publisher":{"@id":"https:\/\/nitu.mx\/#\/schema\/person\/ae7a53426417292d3dd07b45a33e01bc"},"alternateName":"Noticias de la Industria Turistica","potentialAction":[{"@type":"SearchAction","target":{"@type":"EntryPoint","urlTemplate":"https:\/\/nitu.mx\/?s={search_term_string}"},"query-input":"required name=search_term_string"}],"inLanguage":"es-MX"},{"@type":["Person","Organization"],"@id":"https:\/\/nitu.mx\/#\/schema\/person\/ae7a53426417292d3dd07b45a33e01bc","name":"Arturo Medina","image":{"@type":"ImageObject","inLanguage":"es-MX","@id":"https:\/\/nitu.mx\/#\/schema\/person\/image\/","url":"https:\/\/nitu.mx\/wp-content\/uploads\/2024\/04\/4A315622-1904-4D5C-B022-878CDC840E04-90x90-1.jpeg","contentUrl":"https:\/\/nitu.mx\/wp-content\/uploads\/2024\/04\/4A315622-1904-4D5C-B022-878CDC840E04-90x90-1.jpeg","width":90,"height":90,"caption":"Arturo Medina"},"logo":{"@id":"https:\/\/nitu.mx\/#\/schema\/person\/image\/"},"description":"Director NITU.mx, Egresado de la Escuela de Periodismo Carlos Septi\u00e9n Garc\u00eda. Periodista y analista especializado en turismo desde hace 35 a\u00f1os, radicado en Canc\u00fan Q.Roo. arturo@nitu.mx","sameAs":["https:\/\/nitu.mx","https:\/\/www.facebook.com\/NITUmx\/","medinacancun","https:\/\/twitter.com\/@Arturo_Medina_G"]},{"@type":"Person","@id":"https:\/\/nitu.mx\/#\/schema\/person\/4a28fe9bd65924f7c90623773daf1b0b","name":"Redacci\u00f3n","image":{"@type":"ImageObject","inLanguage":"es-MX","@id":"https:\/\/nitu.mx\/#\/schema\/person\/image\/","url":"https:\/\/secure.gravatar.com\/avatar\/5dd011c8ccfc5cd7e4c81e42252aab38?s=96&d=mm&r=g","contentUrl":"https:\/\/secure.gravatar.com\/avatar\/5dd011c8ccfc5cd7e4c81e42252aab38?s=96&d=mm&r=g","caption":"Redacci\u00f3n"},"url":"https:\/\/nitu.mx\/index.php\/author\/redaccion\/"}]}},"views":372,"_links":{"self":[{"href":"https:\/\/nitu.mx\/index.php\/wp-json\/wp\/v2\/posts\/13639"}],"collection":[{"href":"https:\/\/nitu.mx\/index.php\/wp-json\/wp\/v2\/posts"}],"about":[{"href":"https:\/\/nitu.mx\/index.php\/wp-json\/wp\/v2\/types\/post"}],"author":[{"embeddable":true,"href":"https:\/\/nitu.mx\/index.php\/wp-json\/wp\/v2\/users\/17"}],"replies":[{"embeddable":true,"href":"https:\/\/nitu.mx\/index.php\/wp-json\/wp\/v2\/comments?post=13639"}],"version-history":[{"count":3,"href":"https:\/\/nitu.mx\/index.php\/wp-json\/wp\/v2\/posts\/13639\/revisions"}],"predecessor-version":[{"id":13671,"href":"https:\/\/nitu.mx\/index.php\/wp-json\/wp\/v2\/posts\/13639\/revisions\/13671"}],"wp:featuredmedia":[{"embeddable":true,"href":"https:\/\/nitu.mx\/index.php\/wp-json\/wp\/v2\/media\/6695"}],"wp:attachment":[{"href":"https:\/\/nitu.mx\/index.php\/wp-json\/wp\/v2\/media?parent=13639"}],"wp:term":[{"taxonomy":"category","embeddable":true,"href":"https:\/\/nitu.mx\/index.php\/wp-json\/wp\/v2\/categories?post=13639"},{"taxonomy":"post_tag","embeddable":true,"href":"https:\/\/nitu.mx\/index.php\/wp-json\/wp\/v2\/tags?post=13639"}],"curies":[{"name":"wp","href":"https:\/\/api.w.org\/{rel}","templated":true}]}}