{"id":13612,"date":"2017-10-03T23:54:23","date_gmt":"2017-10-04T04:54:23","guid":{"rendered":"http:\/\/www.dev.nitu.mx\/?p=13612"},"modified":"2017-10-04T00:06:56","modified_gmt":"2017-10-04T05:06:56","slug":"gira-de-trabajo-en-estados-unidos-refuerza-promocion-turistica-de-quintana-roo","status":"publish","type":"post","link":"https:\/\/nitu.mx\/index.php\/2017\/10\/03\/gira-de-trabajo-en-estados-unidos-refuerza-promocion-turistica-de-quintana-roo\/","title":{"rendered":"Gira de trabajo en Estados Unidos refuerza promoci\u00f3n tur\u00edstica de Quintana Roo"},"content":{"rendered":"<p>El gobernador de Quintana Roo Carlos Joaqu\u00edn y la Secretaria de Turismo Marisol Vanegas, contin\u00faan en su segundo d\u00eda de trabajo en Estados Unidos, en donde se refuerza el tema de la promoci\u00f3n tur\u00edstica y se atiende de manera personal a socios mayoristas, agentes intermediarios, dependencias oficiales del gobierno norteamericano y medios de comunicaci\u00f3n.<\/p>\n<p>Este martes, el gobernador Carlos Joaqu\u00edn y la Secretaria de Turismo sostuvieron una importante reuni\u00f3n de trabajo con los empresarios Alejandro Zozaya, Tim Mullen, Jeff Mullen, Peter Bowlen y Gonzalo del Pe\u00f3n de la mayorista Apple Vacation, y con altos ejecutivos de Sun Country Airlines.<\/p>\n<p>Posteriormente, se llev\u00f3 a cabo un encuentro con periodistas de medios de comunicaci\u00f3n de Estados Unidos; entre los que destacan New York Post, InStyle, Food &amp; Wine, Latina, InStyle, Marie Claire, Social Life Magazine y otros.<\/p>\n<p>El lunes, en el Departamento de Estado de Washington, la delegaci\u00f3n de Quintana Roo, sostuvo una reuni\u00f3n privada con el Subsecretario Adjunto para el Hemisferio Occidental John Creamer y la directora para M\u00e9xico del Departamento de Estado, Colleen Hoey; a esto se suman reuniones estrat\u00e9gicas con Peter Greenberg, editor de viajes de CBS News; y encuentros con empresas multinacionales y representantes de la industria tur\u00edstica incluyendo actores de reuniones y convenciones.<\/p>\n<p>Entre ellos: Juan Carlos Hartas\u00e1nchez, director senior, Albright Stonebridge Group; Tina Wehmeir CEO, AMC Institute; John Graham IV, Presidente y CEO de ASAE (organizaci\u00f3n para la gesti\u00f3n de asociaciones); Ned Cabot, manager de Digitalizaci\u00f3n Cisco; David Nelson, senior manager, CE; Eduardo Chaillo, CEO, Global Meetings and Tourism Specialists; Roberto Matus, vicepresidente Metlife; Geoffrey Jones, vicepresidente senior Monarch Global Strategies; entre otros.<\/p>\n<p>Durante los encuentros, se intercambia informaci\u00f3n sobre las estad\u00edsticas de delincuencia y los esfuerzos institucionales para frenar la delincuencia a fin de asegurar que los turistas que visiten Quintana Roo permanezcan seguros.<\/p>\n<p>Entre octubre de 2016 y julio de 2017, m\u00e1s de 9.4 millones de turistas internacionales visitaron Quintana Roo. Esto significa que m\u00e1s de un tercio de los turistas que viajaron a M\u00e9xico, visitaron los destinos tur\u00edsticos del Caribe Mexicano, donde la ocupaci\u00f3n promedio se situ\u00f3 en 82% y durante el verano alcanz\u00f3 un \u00edndice de 86%.<\/p>\n<p>A esto se suma que Cozumel es l\u00edder internacional en la industria de cruceros; en 2016 recibi\u00f3 m\u00e1s de 4 millones de pasajeros, lo que represent\u00f3 cerca del 67 % del turismo de cruceros en M\u00e9xico y, lo m\u00e1s importante, los \u00edndices de satisfacci\u00f3n de los destinos de Quintana Roo se ubican por encima del 95%, lo que se traduce en una repetici\u00f3n de viaje en el 52 por ciento de los casos.<\/p>\n<p>Este mi\u00e9rcoles, la agenda de trabajo del Gobierno de Quintana Roo en Estados Unidos incluir\u00e1 reuniones con medios de comunicaci\u00f3n como Forbes, New York Times, Travel and Leisure, NBC, Telemundo, CNN, entre otros, ya que como mencionamos en <em><strong>NITU.mx<\/strong> (<\/em><a title=\"Primera gira internacional de Carlos Joaqu\u00edn es en Estados Unidos\" href=\"http:\/\/www.dev.nitu.mx\/index.php\/2017\/10\/02\/primera-gira-internacional-de-carlos-joaquin-es-en-estados-unidos\/\" rel=\"bookmark\">La primera gira internacional de Carlos Joaqu\u00edn es en Estados Unidos<\/a>).<\/p>\n","protected":false},"excerpt":{"rendered":"<p>El gobernador de Quintana Roo Carlos Joaqu\u00edn y la Secretaria de Turismo Marisol Vanegas, contin\u00faan en su segundo d\u00eda de trabajo en Estados Unidos, en donde se refuerza el tema de la promoci\u00f3n tur\u00edstica y se atiende de manera personal a socios mayoristas, agentes intermediarios, dependencias oficiales del gobierno norteamericano y medios de comunicaci\u00f3n. Este [&hellip;]<\/p>\n","protected":false},"author":17,"featured_media":13632,"comment_status":"open","ping_status":"open","sticky":false,"template":"","format":"standard","meta":{"footnotes":""},"categories":[5,12],"tags":[1195,6132,384,6131,1193,6135,6140,6136,6141,260,6139],"yoast_head":"<!-- This site is optimized with the Yoast SEO plugin v22.2 - https:\/\/yoast.com\/wordpress\/plugins\/seo\/ -->\n<title>Gira de trabajo en Estados Unidos refuerza promoci\u00f3n tur\u00edstica de Quintana Roo - Nitu - Noticias de la Industria Turistica<\/title>\n<meta name=\"description\" content=\"Carlos Joaqu\u00edn y Marisol Vanegas, contin\u00faan su gira de trabajo en Estados Unidos, en donde se refuerza el tema de la promoci\u00f3n tur\u00edstica.\" \/>\n<meta name=\"robots\" content=\"index, follow, max-snippet:-1, max-image-preview:large, max-video-preview:-1\" \/>\n<link rel=\"canonical\" href=\"https:\/\/nitu.mx\/index.php\/2017\/10\/03\/gira-de-trabajo-en-estados-unidos-refuerza-promocion-turistica-de-quintana-roo\/\" \/>\n<meta name=\"twitter:card\" content=\"summary_large_image\" \/>\n<meta name=\"twitter:title\" content=\"Gira de trabajo en Estados Unidos refuerza promoci\u00f3n tur\u00edstica de Quintana Roo - Nitu - Noticias de la Industria Turistica\" \/>\n<meta name=\"twitter:description\" content=\"Carlos Joaqu\u00edn y Marisol Vanegas, contin\u00faan su gira de trabajo en Estados Unidos, en donde se refuerza el tema de la promoci\u00f3n tur\u00edstica.\" \/>\n<meta name=\"twitter:image\" content=\"https:\/\/nitu.mx\/wp-content\/uploads\/2017\/10\/carlos-joaquin-gira-USA-1.jpg\" \/>\n<meta name=\"twitter:creator\" content=\"@NITUmx\" \/>\n<meta name=\"twitter:site\" content=\"@Arturo_Medina_G\" \/>\n<meta name=\"twitter:label1\" content=\"Escrito por\" \/>\n\t<meta name=\"twitter:data1\" content=\"Redacci\u00f3n\" \/>\n\t<meta name=\"twitter:label2\" content=\"Tiempo de lectura\" \/>\n\t<meta name=\"twitter:data2\" content=\"3 minutos\" \/>\n<script type=\"application\/ld+json\" class=\"yoast-schema-graph\">{\"@context\":\"https:\/\/schema.org\",\"@graph\":[{\"@type\":\"Article\",\"@id\":\"https:\/\/nitu.mx\/index.php\/2017\/10\/03\/gira-de-trabajo-en-estados-unidos-refuerza-promocion-turistica-de-quintana-roo\/#article\",\"isPartOf\":{\"@id\":\"https:\/\/nitu.mx\/index.php\/2017\/10\/03\/gira-de-trabajo-en-estados-unidos-refuerza-promocion-turistica-de-quintana-roo\/\"},\"author\":{\"name\":\"Redacci\u00f3n\",\"@id\":\"https:\/\/nitu.mx\/#\/schema\/person\/4a28fe9bd65924f7c90623773daf1b0b\"},\"headline\":\"Gira de trabajo en Estados Unidos refuerza promoci\u00f3n tur\u00edstica de Quintana Roo\",\"datePublished\":\"2017-10-04T04:54:23+00:00\",\"dateModified\":\"2017-10-04T05:06:56+00:00\",\"mainEntityOfPage\":{\"@id\":\"https:\/\/nitu.mx\/index.php\/2017\/10\/03\/gira-de-trabajo-en-estados-unidos-refuerza-promocion-turistica-de-quintana-roo\/\"},\"wordCount\":517,\"commentCount\":0,\"publisher\":{\"@id\":\"https:\/\/nitu.mx\/#\/schema\/person\/ae7a53426417292d3dd07b45a33e01bc\"},\"image\":{\"@id\":\"https:\/\/nitu.mx\/index.php\/2017\/10\/03\/gira-de-trabajo-en-estados-unidos-refuerza-promocion-turistica-de-quintana-roo\/#primaryimage\"},\"thumbnailUrl\":\"https:\/\/nitu.mx\/wp-content\/uploads\/2017\/10\/carlos-joaquin-gira-USA-1.jpg\",\"keywords\":[\"Alejandro Zozaya\",\"Apple Vacation\",\"Carlos Joaqu\u00edn\",\"Colleen Hoey\",\"Gonzalo del Pe\u00f3n\",\"InStyle\",\"Jeff Mullen\",\"Marie Claire\",\"Peter Bowlen\",\"Quintana Roo\",\"Tim Mullen\"],\"articleSection\":[\"Destinos\",\"Marketing\"],\"inLanguage\":\"es-MX\",\"potentialAction\":[{\"@type\":\"CommentAction\",\"name\":\"Comment\",\"target\":[\"https:\/\/nitu.mx\/index.php\/2017\/10\/03\/gira-de-trabajo-en-estados-unidos-refuerza-promocion-turistica-de-quintana-roo\/#respond\"]}]},{\"@type\":\"WebPage\",\"@id\":\"https:\/\/nitu.mx\/index.php\/2017\/10\/03\/gira-de-trabajo-en-estados-unidos-refuerza-promocion-turistica-de-quintana-roo\/\",\"url\":\"https:\/\/nitu.mx\/index.php\/2017\/10\/03\/gira-de-trabajo-en-estados-unidos-refuerza-promocion-turistica-de-quintana-roo\/\",\"name\":\"Gira de trabajo en Estados Unidos refuerza promoci\u00f3n tur\u00edstica de Quintana Roo - Nitu - Noticias de la Industria Turistica\",\"isPartOf\":{\"@id\":\"https:\/\/nitu.mx\/#website\"},\"primaryImageOfPage\":{\"@id\":\"https:\/\/nitu.mx\/index.php\/2017\/10\/03\/gira-de-trabajo-en-estados-unidos-refuerza-promocion-turistica-de-quintana-roo\/#primaryimage\"},\"image\":{\"@id\":\"https:\/\/nitu.mx\/index.php\/2017\/10\/03\/gira-de-trabajo-en-estados-unidos-refuerza-promocion-turistica-de-quintana-roo\/#primaryimage\"},\"thumbnailUrl\":\"https:\/\/nitu.mx\/wp-content\/uploads\/2017\/10\/carlos-joaquin-gira-USA-1.jpg\",\"datePublished\":\"2017-10-04T04:54:23+00:00\",\"dateModified\":\"2017-10-04T05:06:56+00:00\",\"description\":\"Carlos Joaqu\u00edn y Marisol Vanegas, contin\u00faan su gira de trabajo en Estados Unidos, en donde se refuerza el tema de la promoci\u00f3n tur\u00edstica.\",\"breadcrumb\":{\"@id\":\"https:\/\/nitu.mx\/index.php\/2017\/10\/03\/gira-de-trabajo-en-estados-unidos-refuerza-promocion-turistica-de-quintana-roo\/#breadcrumb\"},\"inLanguage\":\"es-MX\",\"potentialAction\":[{\"@type\":\"ReadAction\",\"target\":[\"https:\/\/nitu.mx\/index.php\/2017\/10\/03\/gira-de-trabajo-en-estados-unidos-refuerza-promocion-turistica-de-quintana-roo\/\"]}]},{\"@type\":\"ImageObject\",\"inLanguage\":\"es-MX\",\"@id\":\"https:\/\/nitu.mx\/index.php\/2017\/10\/03\/gira-de-trabajo-en-estados-unidos-refuerza-promocion-turistica-de-quintana-roo\/#primaryimage\",\"url\":\"https:\/\/nitu.mx\/wp-content\/uploads\/2017\/10\/carlos-joaquin-gira-USA-1.jpg\",\"contentUrl\":\"https:\/\/nitu.mx\/wp-content\/uploads\/2017\/10\/carlos-joaquin-gira-USA-1.jpg\",\"width\":850,\"height\":480,\"caption\":\"Quintana Roo\"},{\"@type\":\"BreadcrumbList\",\"@id\":\"https:\/\/nitu.mx\/index.php\/2017\/10\/03\/gira-de-trabajo-en-estados-unidos-refuerza-promocion-turistica-de-quintana-roo\/#breadcrumb\",\"itemListElement\":[{\"@type\":\"ListItem\",\"position\":1,\"name\":\"Inicio\",\"item\":\"https:\/\/nitu.mx\/\"},{\"@type\":\"ListItem\",\"position\":2,\"name\":\"Gira de trabajo en Estados Unidos refuerza promoci\u00f3n tur\u00edstica de Quintana Roo\"}]},{\"@type\":\"WebSite\",\"@id\":\"https:\/\/nitu.mx\/#website\",\"url\":\"https:\/\/nitu.mx\/\",\"name\":\"Nitu - Noticias de la Industria Turistica\",\"description\":\"Noticias de la Industria Turistica\",\"publisher\":{\"@id\":\"https:\/\/nitu.mx\/#\/schema\/person\/ae7a53426417292d3dd07b45a33e01bc\"},\"alternateName\":\"Noticias de la Industria Turistica\",\"potentialAction\":[{\"@type\":\"SearchAction\",\"target\":{\"@type\":\"EntryPoint\",\"urlTemplate\":\"https:\/\/nitu.mx\/?s={search_term_string}\"},\"query-input\":\"required name=search_term_string\"}],\"inLanguage\":\"es-MX\"},{\"@type\":[\"Person\",\"Organization\"],\"@id\":\"https:\/\/nitu.mx\/#\/schema\/person\/ae7a53426417292d3dd07b45a33e01bc\",\"name\":\"Arturo Medina\",\"image\":{\"@type\":\"ImageObject\",\"inLanguage\":\"es-MX\",\"@id\":\"https:\/\/nitu.mx\/#\/schema\/person\/image\/\",\"url\":\"https:\/\/nitu.mx\/wp-content\/uploads\/2024\/04\/4A315622-1904-4D5C-B022-878CDC840E04-90x90-1.jpeg\",\"contentUrl\":\"https:\/\/nitu.mx\/wp-content\/uploads\/2024\/04\/4A315622-1904-4D5C-B022-878CDC840E04-90x90-1.jpeg\",\"width\":90,\"height\":90,\"caption\":\"Arturo Medina\"},\"logo\":{\"@id\":\"https:\/\/nitu.mx\/#\/schema\/person\/image\/\"},\"description\":\"Director NITU.mx, Egresado de la Escuela de Periodismo Carlos Septi\u00e9n Garc\u00eda. Periodista y analista especializado en turismo desde hace 35 a\u00f1os, radicado en Canc\u00fan Q.Roo. arturo@nitu.mx\",\"sameAs\":[\"https:\/\/nitu.mx\",\"https:\/\/www.facebook.com\/NITUmx\/\",\"medinacancun\",\"https:\/\/twitter.com\/@Arturo_Medina_G\"]},{\"@type\":\"Person\",\"@id\":\"https:\/\/nitu.mx\/#\/schema\/person\/4a28fe9bd65924f7c90623773daf1b0b\",\"name\":\"Redacci\u00f3n\",\"image\":{\"@type\":\"ImageObject\",\"inLanguage\":\"es-MX\",\"@id\":\"https:\/\/nitu.mx\/#\/schema\/person\/image\/\",\"url\":\"https:\/\/secure.gravatar.com\/avatar\/5dd011c8ccfc5cd7e4c81e42252aab38?s=96&d=mm&r=g\",\"contentUrl\":\"https:\/\/secure.gravatar.com\/avatar\/5dd011c8ccfc5cd7e4c81e42252aab38?s=96&d=mm&r=g\",\"caption\":\"Redacci\u00f3n\"},\"url\":\"https:\/\/nitu.mx\/index.php\/author\/redaccion\/\"}]}<\/script>\n<!-- \/ Yoast SEO plugin. -->","yoast_head_json":{"title":"Gira de trabajo en Estados Unidos refuerza promoci\u00f3n tur\u00edstica de Quintana Roo - Nitu - Noticias de la Industria Turistica","description":"Carlos Joaqu\u00edn y Marisol Vanegas, contin\u00faan su gira de trabajo en Estados Unidos, en donde se refuerza el tema de la promoci\u00f3n tur\u00edstica.","robots":{"index":"index","follow":"follow","max-snippet":"max-snippet:-1","max-image-preview":"max-image-preview:large","max-video-preview":"max-video-preview:-1"},"canonical":"https:\/\/nitu.mx\/index.php\/2017\/10\/03\/gira-de-trabajo-en-estados-unidos-refuerza-promocion-turistica-de-quintana-roo\/","twitter_card":"summary_large_image","twitter_title":"Gira de trabajo en Estados Unidos refuerza promoci\u00f3n tur\u00edstica de Quintana Roo - Nitu - Noticias de la Industria Turistica","twitter_description":"Carlos Joaqu\u00edn y Marisol Vanegas, contin\u00faan su gira de trabajo en Estados Unidos, en donde se refuerza el tema de la promoci\u00f3n tur\u00edstica.","twitter_image":"https:\/\/nitu.mx\/wp-content\/uploads\/2017\/10\/carlos-joaquin-gira-USA-1.jpg","twitter_creator":"@NITUmx","twitter_site":"@Arturo_Medina_G","twitter_misc":{"Escrito por":"Redacci\u00f3n","Tiempo de lectura":"3 minutos"},"schema":{"@context":"https:\/\/schema.org","@graph":[{"@type":"Article","@id":"https:\/\/nitu.mx\/index.php\/2017\/10\/03\/gira-de-trabajo-en-estados-unidos-refuerza-promocion-turistica-de-quintana-roo\/#article","isPartOf":{"@id":"https:\/\/nitu.mx\/index.php\/2017\/10\/03\/gira-de-trabajo-en-estados-unidos-refuerza-promocion-turistica-de-quintana-roo\/"},"author":{"name":"Redacci\u00f3n","@id":"https:\/\/nitu.mx\/#\/schema\/person\/4a28fe9bd65924f7c90623773daf1b0b"},"headline":"Gira de trabajo en Estados Unidos refuerza promoci\u00f3n tur\u00edstica de Quintana Roo","datePublished":"2017-10-04T04:54:23+00:00","dateModified":"2017-10-04T05:06:56+00:00","mainEntityOfPage":{"@id":"https:\/\/nitu.mx\/index.php\/2017\/10\/03\/gira-de-trabajo-en-estados-unidos-refuerza-promocion-turistica-de-quintana-roo\/"},"wordCount":517,"commentCount":0,"publisher":{"@id":"https:\/\/nitu.mx\/#\/schema\/person\/ae7a53426417292d3dd07b45a33e01bc"},"image":{"@id":"https:\/\/nitu.mx\/index.php\/2017\/10\/03\/gira-de-trabajo-en-estados-unidos-refuerza-promocion-turistica-de-quintana-roo\/#primaryimage"},"thumbnailUrl":"https:\/\/nitu.mx\/wp-content\/uploads\/2017\/10\/carlos-joaquin-gira-USA-1.jpg","keywords":["Alejandro Zozaya","Apple Vacation","Carlos Joaqu\u00edn","Colleen Hoey","Gonzalo del Pe\u00f3n","InStyle","Jeff Mullen","Marie Claire","Peter Bowlen","Quintana Roo","Tim Mullen"],"articleSection":["Destinos","Marketing"],"inLanguage":"es-MX","potentialAction":[{"@type":"CommentAction","name":"Comment","target":["https:\/\/nitu.mx\/index.php\/2017\/10\/03\/gira-de-trabajo-en-estados-unidos-refuerza-promocion-turistica-de-quintana-roo\/#respond"]}]},{"@type":"WebPage","@id":"https:\/\/nitu.mx\/index.php\/2017\/10\/03\/gira-de-trabajo-en-estados-unidos-refuerza-promocion-turistica-de-quintana-roo\/","url":"https:\/\/nitu.mx\/index.php\/2017\/10\/03\/gira-de-trabajo-en-estados-unidos-refuerza-promocion-turistica-de-quintana-roo\/","name":"Gira de trabajo en Estados Unidos refuerza promoci\u00f3n tur\u00edstica de Quintana Roo - Nitu - Noticias de la Industria Turistica","isPartOf":{"@id":"https:\/\/nitu.mx\/#website"},"primaryImageOfPage":{"@id":"https:\/\/nitu.mx\/index.php\/2017\/10\/03\/gira-de-trabajo-en-estados-unidos-refuerza-promocion-turistica-de-quintana-roo\/#primaryimage"},"image":{"@id":"https:\/\/nitu.mx\/index.php\/2017\/10\/03\/gira-de-trabajo-en-estados-unidos-refuerza-promocion-turistica-de-quintana-roo\/#primaryimage"},"thumbnailUrl":"https:\/\/nitu.mx\/wp-content\/uploads\/2017\/10\/carlos-joaquin-gira-USA-1.jpg","datePublished":"2017-10-04T04:54:23+00:00","dateModified":"2017-10-04T05:06:56+00:00","description":"Carlos Joaqu\u00edn y Marisol Vanegas, contin\u00faan su gira de trabajo en Estados Unidos, en donde se refuerza el tema de la promoci\u00f3n tur\u00edstica.","breadcrumb":{"@id":"https:\/\/nitu.mx\/index.php\/2017\/10\/03\/gira-de-trabajo-en-estados-unidos-refuerza-promocion-turistica-de-quintana-roo\/#breadcrumb"},"inLanguage":"es-MX","potentialAction":[{"@type":"ReadAction","target":["https:\/\/nitu.mx\/index.php\/2017\/10\/03\/gira-de-trabajo-en-estados-unidos-refuerza-promocion-turistica-de-quintana-roo\/"]}]},{"@type":"ImageObject","inLanguage":"es-MX","@id":"https:\/\/nitu.mx\/index.php\/2017\/10\/03\/gira-de-trabajo-en-estados-unidos-refuerza-promocion-turistica-de-quintana-roo\/#primaryimage","url":"https:\/\/nitu.mx\/wp-content\/uploads\/2017\/10\/carlos-joaquin-gira-USA-1.jpg","contentUrl":"https:\/\/nitu.mx\/wp-content\/uploads\/2017\/10\/carlos-joaquin-gira-USA-1.jpg","width":850,"height":480,"caption":"Quintana Roo"},{"@type":"BreadcrumbList","@id":"https:\/\/nitu.mx\/index.php\/2017\/10\/03\/gira-de-trabajo-en-estados-unidos-refuerza-promocion-turistica-de-quintana-roo\/#breadcrumb","itemListElement":[{"@type":"ListItem","position":1,"name":"Inicio","item":"https:\/\/nitu.mx\/"},{"@type":"ListItem","position":2,"name":"Gira de trabajo en Estados Unidos refuerza promoci\u00f3n tur\u00edstica de Quintana Roo"}]},{"@type":"WebSite","@id":"https:\/\/nitu.mx\/#website","url":"https:\/\/nitu.mx\/","name":"Nitu - Noticias de la Industria Turistica","description":"Noticias de la Industria Turistica","publisher":{"@id":"https:\/\/nitu.mx\/#\/schema\/person\/ae7a53426417292d3dd07b45a33e01bc"},"alternateName":"Noticias de la Industria Turistica","potentialAction":[{"@type":"SearchAction","target":{"@type":"EntryPoint","urlTemplate":"https:\/\/nitu.mx\/?s={search_term_string}"},"query-input":"required name=search_term_string"}],"inLanguage":"es-MX"},{"@type":["Person","Organization"],"@id":"https:\/\/nitu.mx\/#\/schema\/person\/ae7a53426417292d3dd07b45a33e01bc","name":"Arturo Medina","image":{"@type":"ImageObject","inLanguage":"es-MX","@id":"https:\/\/nitu.mx\/#\/schema\/person\/image\/","url":"https:\/\/nitu.mx\/wp-content\/uploads\/2024\/04\/4A315622-1904-4D5C-B022-878CDC840E04-90x90-1.jpeg","contentUrl":"https:\/\/nitu.mx\/wp-content\/uploads\/2024\/04\/4A315622-1904-4D5C-B022-878CDC840E04-90x90-1.jpeg","width":90,"height":90,"caption":"Arturo Medina"},"logo":{"@id":"https:\/\/nitu.mx\/#\/schema\/person\/image\/"},"description":"Director NITU.mx, Egresado de la Escuela de Periodismo Carlos Septi\u00e9n Garc\u00eda. Periodista y analista especializado en turismo desde hace 35 a\u00f1os, radicado en Canc\u00fan Q.Roo. arturo@nitu.mx","sameAs":["https:\/\/nitu.mx","https:\/\/www.facebook.com\/NITUmx\/","medinacancun","https:\/\/twitter.com\/@Arturo_Medina_G"]},{"@type":"Person","@id":"https:\/\/nitu.mx\/#\/schema\/person\/4a28fe9bd65924f7c90623773daf1b0b","name":"Redacci\u00f3n","image":{"@type":"ImageObject","inLanguage":"es-MX","@id":"https:\/\/nitu.mx\/#\/schema\/person\/image\/","url":"https:\/\/secure.gravatar.com\/avatar\/5dd011c8ccfc5cd7e4c81e42252aab38?s=96&d=mm&r=g","contentUrl":"https:\/\/secure.gravatar.com\/avatar\/5dd011c8ccfc5cd7e4c81e42252aab38?s=96&d=mm&r=g","caption":"Redacci\u00f3n"},"url":"https:\/\/nitu.mx\/index.php\/author\/redaccion\/"}]}},"views":235,"_links":{"self":[{"href":"https:\/\/nitu.mx\/index.php\/wp-json\/wp\/v2\/posts\/13612"}],"collection":[{"href":"https:\/\/nitu.mx\/index.php\/wp-json\/wp\/v2\/posts"}],"about":[{"href":"https:\/\/nitu.mx\/index.php\/wp-json\/wp\/v2\/types\/post"}],"author":[{"embeddable":true,"href":"https:\/\/nitu.mx\/index.php\/wp-json\/wp\/v2\/users\/17"}],"replies":[{"embeddable":true,"href":"https:\/\/nitu.mx\/index.php\/wp-json\/wp\/v2\/comments?post=13612"}],"version-history":[{"count":5,"href":"https:\/\/nitu.mx\/index.php\/wp-json\/wp\/v2\/posts\/13612\/revisions"}],"predecessor-version":[{"id":13633,"href":"https:\/\/nitu.mx\/index.php\/wp-json\/wp\/v2\/posts\/13612\/revisions\/13633"}],"wp:featuredmedia":[{"embeddable":true,"href":"https:\/\/nitu.mx\/index.php\/wp-json\/wp\/v2\/media\/13632"}],"wp:attachment":[{"href":"https:\/\/nitu.mx\/index.php\/wp-json\/wp\/v2\/media?parent=13612"}],"wp:term":[{"taxonomy":"category","embeddable":true,"href":"https:\/\/nitu.mx\/index.php\/wp-json\/wp\/v2\/categories?post=13612"},{"taxonomy":"post_tag","embeddable":true,"href":"https:\/\/nitu.mx\/index.php\/wp-json\/wp\/v2\/tags?post=13612"}],"curies":[{"name":"wp","href":"https:\/\/api.w.org\/{rel}","templated":true}]}}