{"id":13599,"date":"2017-10-03T16:36:28","date_gmt":"2017-10-03T21:36:28","guid":{"rendered":"http:\/\/www.dev.nitu.mx\/?p=13599"},"modified":"2017-10-03T23:57:09","modified_gmt":"2017-10-04T04:57:09","slug":"sismos-impactan-al-presupuesto-nombramiento-mas-pueblos-magicos","status":"publish","type":"post","link":"https:\/\/nitu.mx\/index.php\/2017\/10\/03\/sismos-impactan-al-presupuesto-nombramiento-mas-pueblos-magicos\/","title":{"rendered":"Sismos impactan al presupuesto y nombramiento de m\u00e1s Pueblos M\u00e1gicos"},"content":{"rendered":"<p>El ya de por s\u00ed mermado presupuesto destinado para la operaci\u00f3n de los Pueblos M\u00e1gicos, podr\u00eda ver una afectaci\u00f3n a\u00fan mayor a ra\u00edz de los sismos del 7 y 19 de septiembre, que entre otras afectaciones da\u00f1aron importantes atractivos hist\u00f3ricos y culturales que se encuentran en varios municipios con este nombramiento, por lo que incorporar m\u00e1s localidades a la lista podr\u00eda quedar pendiente un a\u00f1o m\u00e1s.<\/p>\n<p>As\u00ed lo sugiri\u00f3 el secretario de Turismo, Enrique de la Madrid, durante su gira por el estado de Puebla, en donde recorri\u00f3 las zonas afectadas por el sismo del 19 de septiembre, que tuvo repercusiones may\u00fasculas en Atlixco, uno de los nueve Pueblos M\u00e1gicos de esta entidad.<\/p>\n<p>\u201cDebemos reconsiderar la ampliaci\u00f3n del proyecto de Pueblos M\u00e1gicos, para mejor concentrar recursos para fortalecer a aquellos que quedaron m\u00e1s afectados\u201d, coment\u00f3 De la Madrid, quien adelant\u00f3 que en los pr\u00f3ximos d\u00edas sostendr\u00eda esta discusi\u00f3n.<\/p>\n<p>La situaci\u00f3n se torna compleja al hacer las cuentas, pues tan s\u00f3lo para 2017, el presupuesto aprobado para este programa federal fue de 568 millones de pesos, es decir, alrededor de cinco millones para cada uno de los 111 ayuntamientos con el nombramiento, una reducci\u00f3n de 60 por ciento respecto a lo ejercido en 2016, por lo que no hubo convocatoria para integrar m\u00e1s pueblos al listado.\u00a0(<a title=\"Conf\u00eda De la Madrid en IP para desarrollo de los Pueblos M\u00e1gicos\" href=\"http:\/\/www.dev.nitu.mx\/index.php\/2016\/10\/15\/confia-la-madrid-ip-desarrollo-los-pueblos-magicos\/\" rel=\"bookmark\">Conf\u00eda De la Madrid en IP para desarrollo de los Pueblos M\u00e1gicos<\/a>).<\/p>\n<p>En su momento, el titular de la Secretar\u00eda de Turismo (Sectur) enfatiz\u00f3 la importancia de reforzar la infraestructura, producto y promoci\u00f3n tur\u00edstica de los ya existentes; sin embargo, no se contaba con los estragos que causar\u00eda la naturaleza, que ahora obliga a tomar medidas emergentes.<\/p>\n<p>Para reactivar nuevamente los inmuebles que sufrieron da\u00f1os en mayor o menor medida, la Sectur deber\u00e1 echar mano de partidas especiales, presupuesto que haya en la \u201cbolsa\u201d de la dependencia, adem\u00e1s de los recursos que lleguen por conceptos de p\u00f3lizas de seguros y de los propios Comit\u00e9s de cada uno de los Pueblos M\u00e1gicos.<\/p>\n<p>Antes de esta cat\u00e1strofe, se esperaba que en la pr\u00f3xima edici\u00f3n de la Feria Nacional de los Pueblos M\u00e1gicos, que se realizar\u00e1 en Monterrey, Nuevo Le\u00f3n, se anunciara la convocatoria para integrar nueve municipios m\u00e1s; situaci\u00f3n que ahora est\u00e1 en duda.\u00a0(<a title=\"Sectur lanzar\u00e1 convocatoria para Pueblos M\u00e1gicos en Nuevo Le\u00f3n\" href=\"http:\/\/www.dev.nitu.mx\/index.php\/2017\/08\/02\/sectur-lanzara-convocatoria-para-pueblos-magicos-en-nuevo-leon\/\" rel=\"bookmark\">Sectur lanzar\u00e1 convocatoria para Pueblos M\u00e1gicos en Nuevo Le\u00f3n<\/a>).<\/p>\n","protected":false},"excerpt":{"rendered":"<p>El ya de por s\u00ed mermado presupuesto destinado para la operaci\u00f3n de los Pueblos M\u00e1gicos, podr\u00eda ver una afectaci\u00f3n a\u00fan mayor a ra\u00edz de los sismos del 7 y 19 de septiembre, que entre otras afectaciones da\u00f1aron importantes atractivos hist\u00f3ricos y culturales que se encuentran en varios municipios con este nombramiento, por lo que incorporar [&hellip;]<\/p>\n","protected":false},"author":5,"featured_media":13600,"comment_status":"open","ping_status":"open","sticky":false,"template":"","format":"standard","meta":{"footnotes":""},"categories":[5,12],"tags":[176,335,359,5990],"yoast_head":"<!-- This site is optimized with the Yoast SEO plugin v22.2 - https:\/\/yoast.com\/wordpress\/plugins\/seo\/ -->\n<title>Sismos impactan al presupuesto y nombramiento de m\u00e1s Pueblos M\u00e1gicos - Nitu - Noticias de la Industria Turistica<\/title>\n<meta name=\"description\" content=\"El presupuesto destinado para la operaci\u00f3n de los Pueblos M\u00e1gicos, podr\u00eda ver una afectaci\u00f3n a\u00fan mayor a ra\u00edz de los sismos del 7 y 19 de septiembre.\" \/>\n<meta name=\"robots\" content=\"index, follow, max-snippet:-1, max-image-preview:large, max-video-preview:-1\" \/>\n<link rel=\"canonical\" href=\"https:\/\/nitu.mx\/index.php\/2017\/10\/03\/sismos-impactan-al-presupuesto-nombramiento-mas-pueblos-magicos\/\" \/>\n<meta name=\"twitter:card\" content=\"summary_large_image\" \/>\n<meta name=\"twitter:title\" content=\"Sismos impactan al presupuesto y nombramiento de m\u00e1s Pueblos M\u00e1gicos - Nitu - Noticias de la Industria Turistica\" \/>\n<meta name=\"twitter:description\" content=\"El presupuesto destinado para la operaci\u00f3n de los Pueblos M\u00e1gicos, podr\u00eda ver una afectaci\u00f3n a\u00fan mayor a ra\u00edz de los sismos del 7 y 19 de septiembre.\" \/>\n<meta name=\"twitter:image\" content=\"https:\/\/nitu.mx\/wp-content\/uploads\/2017\/10\/De-la-Madrid-Puebla.jpg\" \/>\n<meta name=\"twitter:creator\" content=\"@NITUmx\" \/>\n<meta name=\"twitter:site\" content=\"@Arturo_Medina_G\" \/>\n<meta name=\"twitter:label1\" content=\"Escrito por\" \/>\n\t<meta name=\"twitter:data1\" content=\"Mari Soto\" \/>\n\t<meta name=\"twitter:label2\" content=\"Tiempo de lectura\" \/>\n\t<meta name=\"twitter:data2\" content=\"2 minutos\" \/>\n<script type=\"application\/ld+json\" class=\"yoast-schema-graph\">{\"@context\":\"https:\/\/schema.org\",\"@graph\":[{\"@type\":\"Article\",\"@id\":\"https:\/\/nitu.mx\/index.php\/2017\/10\/03\/sismos-impactan-al-presupuesto-nombramiento-mas-pueblos-magicos\/#article\",\"isPartOf\":{\"@id\":\"https:\/\/nitu.mx\/index.php\/2017\/10\/03\/sismos-impactan-al-presupuesto-nombramiento-mas-pueblos-magicos\/\"},\"author\":{\"name\":\"Mari Soto\",\"@id\":\"https:\/\/nitu.mx\/#\/schema\/person\/afc52e313e27e660739556d421d3d6b4\"},\"headline\":\"Sismos impactan al presupuesto y nombramiento de m\u00e1s Pueblos M\u00e1gicos\",\"datePublished\":\"2017-10-03T21:36:28+00:00\",\"dateModified\":\"2017-10-04T04:57:09+00:00\",\"mainEntityOfPage\":{\"@id\":\"https:\/\/nitu.mx\/index.php\/2017\/10\/03\/sismos-impactan-al-presupuesto-nombramiento-mas-pueblos-magicos\/\"},\"wordCount\":425,\"commentCount\":0,\"publisher\":{\"@id\":\"https:\/\/nitu.mx\/#\/schema\/person\/ae7a53426417292d3dd07b45a33e01bc\"},\"image\":{\"@id\":\"https:\/\/nitu.mx\/index.php\/2017\/10\/03\/sismos-impactan-al-presupuesto-nombramiento-mas-pueblos-magicos\/#primaryimage\"},\"thumbnailUrl\":\"https:\/\/nitu.mx\/wp-content\/uploads\/2017\/10\/De-la-Madrid-Puebla.jpg\",\"keywords\":[\"Enrique de la Madrid\",\"Pueblos M\u00e1gicos\",\"Secretar\u00eda de Turismo (Sectur)\",\"sismo\"],\"articleSection\":[\"Destinos\",\"Marketing\"],\"inLanguage\":\"es-MX\",\"potentialAction\":[{\"@type\":\"CommentAction\",\"name\":\"Comment\",\"target\":[\"https:\/\/nitu.mx\/index.php\/2017\/10\/03\/sismos-impactan-al-presupuesto-nombramiento-mas-pueblos-magicos\/#respond\"]}]},{\"@type\":\"WebPage\",\"@id\":\"https:\/\/nitu.mx\/index.php\/2017\/10\/03\/sismos-impactan-al-presupuesto-nombramiento-mas-pueblos-magicos\/\",\"url\":\"https:\/\/nitu.mx\/index.php\/2017\/10\/03\/sismos-impactan-al-presupuesto-nombramiento-mas-pueblos-magicos\/\",\"name\":\"Sismos impactan al presupuesto y nombramiento de m\u00e1s Pueblos M\u00e1gicos - Nitu - Noticias de la Industria Turistica\",\"isPartOf\":{\"@id\":\"https:\/\/nitu.mx\/#website\"},\"primaryImageOfPage\":{\"@id\":\"https:\/\/nitu.mx\/index.php\/2017\/10\/03\/sismos-impactan-al-presupuesto-nombramiento-mas-pueblos-magicos\/#primaryimage\"},\"image\":{\"@id\":\"https:\/\/nitu.mx\/index.php\/2017\/10\/03\/sismos-impactan-al-presupuesto-nombramiento-mas-pueblos-magicos\/#primaryimage\"},\"thumbnailUrl\":\"https:\/\/nitu.mx\/wp-content\/uploads\/2017\/10\/De-la-Madrid-Puebla.jpg\",\"datePublished\":\"2017-10-03T21:36:28+00:00\",\"dateModified\":\"2017-10-04T04:57:09+00:00\",\"description\":\"El presupuesto destinado para la operaci\u00f3n de los Pueblos M\u00e1gicos, podr\u00eda ver una afectaci\u00f3n a\u00fan mayor a ra\u00edz de los sismos del 7 y 19 de septiembre.\",\"breadcrumb\":{\"@id\":\"https:\/\/nitu.mx\/index.php\/2017\/10\/03\/sismos-impactan-al-presupuesto-nombramiento-mas-pueblos-magicos\/#breadcrumb\"},\"inLanguage\":\"es-MX\",\"potentialAction\":[{\"@type\":\"ReadAction\",\"target\":[\"https:\/\/nitu.mx\/index.php\/2017\/10\/03\/sismos-impactan-al-presupuesto-nombramiento-mas-pueblos-magicos\/\"]}]},{\"@type\":\"ImageObject\",\"inLanguage\":\"es-MX\",\"@id\":\"https:\/\/nitu.mx\/index.php\/2017\/10\/03\/sismos-impactan-al-presupuesto-nombramiento-mas-pueblos-magicos\/#primaryimage\",\"url\":\"https:\/\/nitu.mx\/wp-content\/uploads\/2017\/10\/De-la-Madrid-Puebla.jpg\",\"contentUrl\":\"https:\/\/nitu.mx\/wp-content\/uploads\/2017\/10\/De-la-Madrid-Puebla.jpg\",\"width\":850,\"height\":480,\"caption\":\"Pueblos M\u00e1gicos\"},{\"@type\":\"BreadcrumbList\",\"@id\":\"https:\/\/nitu.mx\/index.php\/2017\/10\/03\/sismos-impactan-al-presupuesto-nombramiento-mas-pueblos-magicos\/#breadcrumb\",\"itemListElement\":[{\"@type\":\"ListItem\",\"position\":1,\"name\":\"Inicio\",\"item\":\"https:\/\/nitu.mx\/\"},{\"@type\":\"ListItem\",\"position\":2,\"name\":\"Sismos impactan al presupuesto y nombramiento de m\u00e1s Pueblos M\u00e1gicos\"}]},{\"@type\":\"WebSite\",\"@id\":\"https:\/\/nitu.mx\/#website\",\"url\":\"https:\/\/nitu.mx\/\",\"name\":\"Nitu - Noticias de la Industria Turistica\",\"description\":\"Noticias de la Industria Turistica\",\"publisher\":{\"@id\":\"https:\/\/nitu.mx\/#\/schema\/person\/ae7a53426417292d3dd07b45a33e01bc\"},\"alternateName\":\"Noticias de la Industria Turistica\",\"potentialAction\":[{\"@type\":\"SearchAction\",\"target\":{\"@type\":\"EntryPoint\",\"urlTemplate\":\"https:\/\/nitu.mx\/?s={search_term_string}\"},\"query-input\":\"required name=search_term_string\"}],\"inLanguage\":\"es-MX\"},{\"@type\":[\"Person\",\"Organization\"],\"@id\":\"https:\/\/nitu.mx\/#\/schema\/person\/ae7a53426417292d3dd07b45a33e01bc\",\"name\":\"Arturo Medina\",\"image\":{\"@type\":\"ImageObject\",\"inLanguage\":\"es-MX\",\"@id\":\"https:\/\/nitu.mx\/#\/schema\/person\/image\/\",\"url\":\"https:\/\/nitu.mx\/wp-content\/uploads\/2024\/04\/4A315622-1904-4D5C-B022-878CDC840E04-90x90-1.jpeg\",\"contentUrl\":\"https:\/\/nitu.mx\/wp-content\/uploads\/2024\/04\/4A315622-1904-4D5C-B022-878CDC840E04-90x90-1.jpeg\",\"width\":90,\"height\":90,\"caption\":\"Arturo Medina\"},\"logo\":{\"@id\":\"https:\/\/nitu.mx\/#\/schema\/person\/image\/\"},\"description\":\"Director NITU.mx, Egresado de la Escuela de Periodismo Carlos Septi\u00e9n Garc\u00eda. Periodista y analista especializado en turismo desde hace 35 a\u00f1os, radicado en Canc\u00fan Q.Roo. arturo@nitu.mx\",\"sameAs\":[\"https:\/\/nitu.mx\",\"https:\/\/www.facebook.com\/NITUmx\/\",\"medinacancun\",\"https:\/\/twitter.com\/@Arturo_Medina_G\"]},{\"@type\":\"Person\",\"@id\":\"https:\/\/nitu.mx\/#\/schema\/person\/afc52e313e27e660739556d421d3d6b4\",\"name\":\"Mari Soto\",\"image\":{\"@type\":\"ImageObject\",\"inLanguage\":\"es-MX\",\"@id\":\"https:\/\/nitu.mx\/#\/schema\/person\/image\/\",\"url\":\"https:\/\/secure.gravatar.com\/avatar\/2619c282a180a20d89fcaea82a6736e2?s=96&d=mm&r=g\",\"contentUrl\":\"https:\/\/secure.gravatar.com\/avatar\/2619c282a180a20d89fcaea82a6736e2?s=96&d=mm&r=g\",\"caption\":\"Mari Soto\"},\"sameAs\":[\"https:\/\/nitu.mx\"],\"url\":\"https:\/\/nitu.mx\/index.php\/author\/guadalupe\/\"}]}<\/script>\n<!-- \/ Yoast SEO plugin. -->","yoast_head_json":{"title":"Sismos impactan al presupuesto y nombramiento de m\u00e1s Pueblos M\u00e1gicos - Nitu - Noticias de la Industria Turistica","description":"El presupuesto destinado para la operaci\u00f3n de los Pueblos M\u00e1gicos, podr\u00eda ver una afectaci\u00f3n a\u00fan mayor a ra\u00edz de los sismos del 7 y 19 de septiembre.","robots":{"index":"index","follow":"follow","max-snippet":"max-snippet:-1","max-image-preview":"max-image-preview:large","max-video-preview":"max-video-preview:-1"},"canonical":"https:\/\/nitu.mx\/index.php\/2017\/10\/03\/sismos-impactan-al-presupuesto-nombramiento-mas-pueblos-magicos\/","twitter_card":"summary_large_image","twitter_title":"Sismos impactan al presupuesto y nombramiento de m\u00e1s Pueblos M\u00e1gicos - Nitu - Noticias de la Industria Turistica","twitter_description":"El presupuesto destinado para la operaci\u00f3n de los Pueblos M\u00e1gicos, podr\u00eda ver una afectaci\u00f3n a\u00fan mayor a ra\u00edz de los sismos del 7 y 19 de septiembre.","twitter_image":"https:\/\/nitu.mx\/wp-content\/uploads\/2017\/10\/De-la-Madrid-Puebla.jpg","twitter_creator":"@NITUmx","twitter_site":"@Arturo_Medina_G","twitter_misc":{"Escrito por":"Mari Soto","Tiempo de lectura":"2 minutos"},"schema":{"@context":"https:\/\/schema.org","@graph":[{"@type":"Article","@id":"https:\/\/nitu.mx\/index.php\/2017\/10\/03\/sismos-impactan-al-presupuesto-nombramiento-mas-pueblos-magicos\/#article","isPartOf":{"@id":"https:\/\/nitu.mx\/index.php\/2017\/10\/03\/sismos-impactan-al-presupuesto-nombramiento-mas-pueblos-magicos\/"},"author":{"name":"Mari Soto","@id":"https:\/\/nitu.mx\/#\/schema\/person\/afc52e313e27e660739556d421d3d6b4"},"headline":"Sismos impactan al presupuesto y nombramiento de m\u00e1s Pueblos M\u00e1gicos","datePublished":"2017-10-03T21:36:28+00:00","dateModified":"2017-10-04T04:57:09+00:00","mainEntityOfPage":{"@id":"https:\/\/nitu.mx\/index.php\/2017\/10\/03\/sismos-impactan-al-presupuesto-nombramiento-mas-pueblos-magicos\/"},"wordCount":425,"commentCount":0,"publisher":{"@id":"https:\/\/nitu.mx\/#\/schema\/person\/ae7a53426417292d3dd07b45a33e01bc"},"image":{"@id":"https:\/\/nitu.mx\/index.php\/2017\/10\/03\/sismos-impactan-al-presupuesto-nombramiento-mas-pueblos-magicos\/#primaryimage"},"thumbnailUrl":"https:\/\/nitu.mx\/wp-content\/uploads\/2017\/10\/De-la-Madrid-Puebla.jpg","keywords":["Enrique de la Madrid","Pueblos M\u00e1gicos","Secretar\u00eda de Turismo (Sectur)","sismo"],"articleSection":["Destinos","Marketing"],"inLanguage":"es-MX","potentialAction":[{"@type":"CommentAction","name":"Comment","target":["https:\/\/nitu.mx\/index.php\/2017\/10\/03\/sismos-impactan-al-presupuesto-nombramiento-mas-pueblos-magicos\/#respond"]}]},{"@type":"WebPage","@id":"https:\/\/nitu.mx\/index.php\/2017\/10\/03\/sismos-impactan-al-presupuesto-nombramiento-mas-pueblos-magicos\/","url":"https:\/\/nitu.mx\/index.php\/2017\/10\/03\/sismos-impactan-al-presupuesto-nombramiento-mas-pueblos-magicos\/","name":"Sismos impactan al presupuesto y nombramiento de m\u00e1s Pueblos M\u00e1gicos - Nitu - Noticias de la Industria Turistica","isPartOf":{"@id":"https:\/\/nitu.mx\/#website"},"primaryImageOfPage":{"@id":"https:\/\/nitu.mx\/index.php\/2017\/10\/03\/sismos-impactan-al-presupuesto-nombramiento-mas-pueblos-magicos\/#primaryimage"},"image":{"@id":"https:\/\/nitu.mx\/index.php\/2017\/10\/03\/sismos-impactan-al-presupuesto-nombramiento-mas-pueblos-magicos\/#primaryimage"},"thumbnailUrl":"https:\/\/nitu.mx\/wp-content\/uploads\/2017\/10\/De-la-Madrid-Puebla.jpg","datePublished":"2017-10-03T21:36:28+00:00","dateModified":"2017-10-04T04:57:09+00:00","description":"El presupuesto destinado para la operaci\u00f3n de los Pueblos M\u00e1gicos, podr\u00eda ver una afectaci\u00f3n a\u00fan mayor a ra\u00edz de los sismos del 7 y 19 de septiembre.","breadcrumb":{"@id":"https:\/\/nitu.mx\/index.php\/2017\/10\/03\/sismos-impactan-al-presupuesto-nombramiento-mas-pueblos-magicos\/#breadcrumb"},"inLanguage":"es-MX","potentialAction":[{"@type":"ReadAction","target":["https:\/\/nitu.mx\/index.php\/2017\/10\/03\/sismos-impactan-al-presupuesto-nombramiento-mas-pueblos-magicos\/"]}]},{"@type":"ImageObject","inLanguage":"es-MX","@id":"https:\/\/nitu.mx\/index.php\/2017\/10\/03\/sismos-impactan-al-presupuesto-nombramiento-mas-pueblos-magicos\/#primaryimage","url":"https:\/\/nitu.mx\/wp-content\/uploads\/2017\/10\/De-la-Madrid-Puebla.jpg","contentUrl":"https:\/\/nitu.mx\/wp-content\/uploads\/2017\/10\/De-la-Madrid-Puebla.jpg","width":850,"height":480,"caption":"Pueblos M\u00e1gicos"},{"@type":"BreadcrumbList","@id":"https:\/\/nitu.mx\/index.php\/2017\/10\/03\/sismos-impactan-al-presupuesto-nombramiento-mas-pueblos-magicos\/#breadcrumb","itemListElement":[{"@type":"ListItem","position":1,"name":"Inicio","item":"https:\/\/nitu.mx\/"},{"@type":"ListItem","position":2,"name":"Sismos impactan al presupuesto y nombramiento de m\u00e1s Pueblos M\u00e1gicos"}]},{"@type":"WebSite","@id":"https:\/\/nitu.mx\/#website","url":"https:\/\/nitu.mx\/","name":"Nitu - Noticias de la Industria Turistica","description":"Noticias de la Industria Turistica","publisher":{"@id":"https:\/\/nitu.mx\/#\/schema\/person\/ae7a53426417292d3dd07b45a33e01bc"},"alternateName":"Noticias de la Industria Turistica","potentialAction":[{"@type":"SearchAction","target":{"@type":"EntryPoint","urlTemplate":"https:\/\/nitu.mx\/?s={search_term_string}"},"query-input":"required name=search_term_string"}],"inLanguage":"es-MX"},{"@type":["Person","Organization"],"@id":"https:\/\/nitu.mx\/#\/schema\/person\/ae7a53426417292d3dd07b45a33e01bc","name":"Arturo Medina","image":{"@type":"ImageObject","inLanguage":"es-MX","@id":"https:\/\/nitu.mx\/#\/schema\/person\/image\/","url":"https:\/\/nitu.mx\/wp-content\/uploads\/2024\/04\/4A315622-1904-4D5C-B022-878CDC840E04-90x90-1.jpeg","contentUrl":"https:\/\/nitu.mx\/wp-content\/uploads\/2024\/04\/4A315622-1904-4D5C-B022-878CDC840E04-90x90-1.jpeg","width":90,"height":90,"caption":"Arturo Medina"},"logo":{"@id":"https:\/\/nitu.mx\/#\/schema\/person\/image\/"},"description":"Director NITU.mx, Egresado de la Escuela de Periodismo Carlos Septi\u00e9n Garc\u00eda. Periodista y analista especializado en turismo desde hace 35 a\u00f1os, radicado en Canc\u00fan Q.Roo. arturo@nitu.mx","sameAs":["https:\/\/nitu.mx","https:\/\/www.facebook.com\/NITUmx\/","medinacancun","https:\/\/twitter.com\/@Arturo_Medina_G"]},{"@type":"Person","@id":"https:\/\/nitu.mx\/#\/schema\/person\/afc52e313e27e660739556d421d3d6b4","name":"Mari Soto","image":{"@type":"ImageObject","inLanguage":"es-MX","@id":"https:\/\/nitu.mx\/#\/schema\/person\/image\/","url":"https:\/\/secure.gravatar.com\/avatar\/2619c282a180a20d89fcaea82a6736e2?s=96&d=mm&r=g","contentUrl":"https:\/\/secure.gravatar.com\/avatar\/2619c282a180a20d89fcaea82a6736e2?s=96&d=mm&r=g","caption":"Mari Soto"},"sameAs":["https:\/\/nitu.mx"],"url":"https:\/\/nitu.mx\/index.php\/author\/guadalupe\/"}]}},"views":258,"_links":{"self":[{"href":"https:\/\/nitu.mx\/index.php\/wp-json\/wp\/v2\/posts\/13599"}],"collection":[{"href":"https:\/\/nitu.mx\/index.php\/wp-json\/wp\/v2\/posts"}],"about":[{"href":"https:\/\/nitu.mx\/index.php\/wp-json\/wp\/v2\/types\/post"}],"author":[{"embeddable":true,"href":"https:\/\/nitu.mx\/index.php\/wp-json\/wp\/v2\/users\/5"}],"replies":[{"embeddable":true,"href":"https:\/\/nitu.mx\/index.php\/wp-json\/wp\/v2\/comments?post=13599"}],"version-history":[{"count":1,"href":"https:\/\/nitu.mx\/index.php\/wp-json\/wp\/v2\/posts\/13599\/revisions"}],"predecessor-version":[{"id":13601,"href":"https:\/\/nitu.mx\/index.php\/wp-json\/wp\/v2\/posts\/13599\/revisions\/13601"}],"wp:featuredmedia":[{"embeddable":true,"href":"https:\/\/nitu.mx\/index.php\/wp-json\/wp\/v2\/media\/13600"}],"wp:attachment":[{"href":"https:\/\/nitu.mx\/index.php\/wp-json\/wp\/v2\/media?parent=13599"}],"wp:term":[{"taxonomy":"category","embeddable":true,"href":"https:\/\/nitu.mx\/index.php\/wp-json\/wp\/v2\/categories?post=13599"},{"taxonomy":"post_tag","embeddable":true,"href":"https:\/\/nitu.mx\/index.php\/wp-json\/wp\/v2\/tags?post=13599"}],"curies":[{"name":"wp","href":"https:\/\/api.w.org\/{rel}","templated":true}]}}