{"id":13471,"date":"2017-09-27T23:43:49","date_gmt":"2017-09-28T04:43:49","guid":{"rendered":"http:\/\/www.dev.nitu.mx\/?p=13471"},"modified":"2017-09-28T00:26:14","modified_gmt":"2017-09-28T05:26:14","slug":"disminuir-la-desigualdad-objetivo-del-desarrollo-turistico-carlos-joaquin","status":"publish","type":"post","link":"https:\/\/nitu.mx\/index.php\/2017\/09\/27\/disminuir-la-desigualdad-objetivo-del-desarrollo-turistico-carlos-joaquin\/","title":{"rendered":"Disminuir la desigualdad objetivo del desarrollo tur\u00edstico: Carlos Joaqu\u00edn"},"content":{"rendered":"<p>\u201cEstamos redoblando nuestros esfuerzos para consolidar el liderazgo internacional de nuestra actividad tur\u00edstica, para disminuir la desigualdad en Quintana Roo\u201d, se\u00f1al\u00f3 el gobernador Carlos Joaqu\u00edn al celebrarse hoy el D\u00eda Mundial del Turismo, cuyo lema es \u201cEl turismo sostenible como instrumento del desarrollo\u201d.<\/p>\n<p>Al respecto, el gobernador de Quintana Roo dijo: \u201cLos quintanarroenses estamos orgullosos de nuestro mar, playas, selvas, cenotes y r\u00edos subterr\u00e1neos. Sabemos que de esas maravillas vivimos y habremos de cuidarlas para que sean perdurables&#8221;.<\/p>\n<p>Al asistir como invitado a la presentaci\u00f3n de un programa de mejoramiento de playas, realizado por el hotel Mayakoba, el gobernador Carlos Joaqu\u00edn destac\u00f3 que con el trabajo conjunto se puede tener una infraestructura moderna e innovadora, que enriquezca la oferta que brindan los destinos tur\u00edsticos del Caribe mexicano.<\/p>\n<p>\u201cCon m\u00e1s de 16 millones de turistas anuales que llegan a Quintana Roo, de acuerdo con la Secretar\u00eda Estatal de Turismo, el Caribe mexicano representa para M\u00e9xico el principal destino de turismo internacional, con un 95 por ciento de satisfacci\u00f3n y un 52 por ciento de repetici\u00f3n\u201d, indic\u00f3 el gobernador Carlos Joaqu\u00edn.<\/p>\n<p>El gobernador de Quintana Roo indic\u00f3 que la infraestructura hotelera de Quintana Roo, con casi 100 mil habitaciones distribuidas en poco menos de mil hoteles, representa 13 por ciento de la oferta del pa\u00eds.<\/p>\n<p>Actualmente, se construyen 10 mil nuevos cuartos en esta entidad, la primera del pa\u00eds con el mayor n\u00famero de establecimientos de hospedaje con categor\u00eda cinco estrellas y gran turismo.<\/p>\n<p>En el marco del D\u00eda Mundial del Turismo, en Quintana Roo se realizaron actividades simult\u00e1neas, coordinadas a trav\u00e9s de la Secretar\u00eda Estatal de Turismo, que permiten fortalecer la infraestructura tur\u00edstica en diversos municipios de la entidad, como el caso de Bacalar, donde se inaugur\u00f3 el m\u00f3dulo de WiFi en el parque central.\u00a0(<a title=\"Se firman compromisos para que el turismo sea v\u00eda del desarrollo en Quintana Roo\" href=\"http:\/\/www.dev.nitu.mx\/index.php\/2017\/09\/27\/se-firman-compromisos-para-que-el-turismo-sea-via-del-desarrollo-en-quintana-roo\/\" rel=\"bookmark\">Se firman compromisos para que el turismo sea v\u00eda del desarrollo en Quintana Roo<\/a>).<\/p>\n<p>En Canc\u00fan, se realiz\u00f3 la ceremonia oficial del D\u00eda Mundial del Turismo en la Universidad An\u00e1huac; se llev\u00f3 a cabo el XV Seminario Anual de Turismo y Sustentabilidad: Econom\u00eda Colaborativa, Innovaci\u00f3n y Tecnolog\u00eda, en la Universidad del Caribe; y el programa \u201cViajemos por Quintana Roo\u201d cubri\u00f3 la ruta Canc\u00fan- Holbox.<\/p>\n<p>En Cozumel, se llev\u00f3 a cabo el tour interactivo maya \u201cPueblo del ma\u00edz\u201d. En Tulum, se realiz\u00f3 el Foro Infantil de Turismo Sustentable en la biblioteca Jacinto Pat. En Jos\u00e9 Mar\u00eda Morelos, se inaugur\u00f3 el edificio de Turismo y Artes en la Universidad Intercultural Maya de Quintana Roo (UIMQROO), donde se sign\u00f3 el convenio UIMQROO-Amigos de Sian Ka\u2019an A.C, y se imparti\u00f3 una conferencia relacionada con la celebraci\u00f3n.<\/p>\n<p>En Mahahual, se llev\u00f3 a cabo el programa \u201cPlayas Limpias\u201d; en Chetumal, el foro Integraci\u00f3n Tur\u00edstica entre Oth\u00f3n P. Blanco y Belice; en Felipe Carrillo Puerto, el programa \u201cSelva y Chicle\u201d, en el Centro Ecotur\u00edstico Kiichpam Kaax, y la sesi\u00f3n del Consejo Consultivo de Turismo. En Isla Mujeres se realiz\u00f3 el programa de reforestaci\u00f3n \u201cPlaya Norte\u201d, y la entrega de contenedores para colillas de cigarros.<\/p>\n","protected":false},"excerpt":{"rendered":"<p>\u201cEstamos redoblando nuestros esfuerzos para consolidar el liderazgo internacional de nuestra actividad tur\u00edstica, para disminuir la desigualdad en Quintana Roo\u201d, se\u00f1al\u00f3 el gobernador Carlos Joaqu\u00edn al celebrarse hoy el D\u00eda Mundial del Turismo, cuyo lema es \u201cEl turismo sostenible como instrumento del desarrollo\u201d. Al respecto, el gobernador de Quintana Roo dijo: \u201cLos quintanarroenses estamos orgullosos [&hellip;]<\/p>\n","protected":false},"author":2,"featured_media":13475,"comment_status":"open","ping_status":"open","sticky":false,"template":"","format":"standard","meta":{"footnotes":""},"categories":[5],"tags":[261,3803,260],"yoast_head":"<!-- This site is optimized with the Yoast SEO plugin v22.2 - https:\/\/yoast.com\/wordpress\/plugins\/seo\/ -->\n<title>Disminuir la desigualdad objetivo del desarrollo tur\u00edstico: Carlos Joaqu\u00edn - Nitu - Noticias de la Industria Turistica<\/title>\n<meta name=\"description\" content=\"Estamos redoblando esfuerzos para consolidar el liderazgo internacional de nuestra actividad tur\u00edstica, y disminuir la desigualdad en QR: Carlos Joaqu\u00edn\" \/>\n<meta name=\"robots\" content=\"index, follow, max-snippet:-1, max-image-preview:large, max-video-preview:-1\" \/>\n<link rel=\"canonical\" href=\"https:\/\/nitu.mx\/index.php\/2017\/09\/27\/disminuir-la-desigualdad-objetivo-del-desarrollo-turistico-carlos-joaquin\/\" \/>\n<meta name=\"twitter:card\" content=\"summary_large_image\" \/>\n<meta name=\"twitter:title\" content=\"Disminuir la desigualdad objetivo del desarrollo tur\u00edstico: Carlos Joaqu\u00edn - Nitu - Noticias de la Industria Turistica\" \/>\n<meta name=\"twitter:description\" content=\"Estamos redoblando esfuerzos para consolidar el liderazgo internacional de nuestra actividad tur\u00edstica, y disminuir la desigualdad en QR: Carlos Joaqu\u00edn\" \/>\n<meta name=\"twitter:image\" content=\"https:\/\/nitu.mx\/wp-content\/uploads\/2017\/09\/006c9000-73a4-41c9-98c6-fa186dc2597e-1080x675.jpg\" \/>\n<meta name=\"twitter:creator\" content=\"@Arturo_Medina_G\" \/>\n<meta name=\"twitter:site\" content=\"@Arturo_Medina_G\" \/>\n<meta name=\"twitter:label1\" content=\"Escrito por\" \/>\n\t<meta name=\"twitter:data1\" content=\"Arturo Medina\" \/>\n\t<meta name=\"twitter:label2\" content=\"Tiempo de lectura\" \/>\n\t<meta name=\"twitter:data2\" content=\"3 minutos\" \/>\n<script type=\"application\/ld+json\" class=\"yoast-schema-graph\">{\"@context\":\"https:\/\/schema.org\",\"@graph\":[{\"@type\":\"Article\",\"@id\":\"https:\/\/nitu.mx\/index.php\/2017\/09\/27\/disminuir-la-desigualdad-objetivo-del-desarrollo-turistico-carlos-joaquin\/#article\",\"isPartOf\":{\"@id\":\"https:\/\/nitu.mx\/index.php\/2017\/09\/27\/disminuir-la-desigualdad-objetivo-del-desarrollo-turistico-carlos-joaquin\/\"},\"author\":{\"name\":\"Arturo Medina\",\"@id\":\"https:\/\/nitu.mx\/#\/schema\/person\/ae7a53426417292d3dd07b45a33e01bc\"},\"headline\":\"Disminuir la desigualdad objetivo del desarrollo tur\u00edstico: Carlos Joaqu\u00edn\",\"datePublished\":\"2017-09-28T04:43:49+00:00\",\"dateModified\":\"2017-09-28T05:26:14+00:00\",\"mainEntityOfPage\":{\"@id\":\"https:\/\/nitu.mx\/index.php\/2017\/09\/27\/disminuir-la-desigualdad-objetivo-del-desarrollo-turistico-carlos-joaquin\/\"},\"wordCount\":540,\"commentCount\":0,\"publisher\":{\"@id\":\"https:\/\/nitu.mx\/#\/schema\/person\/ae7a53426417292d3dd07b45a33e01bc\"},\"image\":{\"@id\":\"https:\/\/nitu.mx\/index.php\/2017\/09\/27\/disminuir-la-desigualdad-objetivo-del-desarrollo-turistico-carlos-joaquin\/#primaryimage\"},\"thumbnailUrl\":\"https:\/\/nitu.mx\/wp-content\/uploads\/2017\/09\/006c9000-73a4-41c9-98c6-fa186dc2597e-1080x675.jpg\",\"keywords\":[\"Carlos Joaqu\u00edn Gonz\u00e1lez\",\"D\u00eda Mundial del Turismo\",\"Quintana Roo\"],\"articleSection\":[\"Destinos\"],\"inLanguage\":\"es-MX\",\"potentialAction\":[{\"@type\":\"CommentAction\",\"name\":\"Comment\",\"target\":[\"https:\/\/nitu.mx\/index.php\/2017\/09\/27\/disminuir-la-desigualdad-objetivo-del-desarrollo-turistico-carlos-joaquin\/#respond\"]}]},{\"@type\":\"WebPage\",\"@id\":\"https:\/\/nitu.mx\/index.php\/2017\/09\/27\/disminuir-la-desigualdad-objetivo-del-desarrollo-turistico-carlos-joaquin\/\",\"url\":\"https:\/\/nitu.mx\/index.php\/2017\/09\/27\/disminuir-la-desigualdad-objetivo-del-desarrollo-turistico-carlos-joaquin\/\",\"name\":\"Disminuir la desigualdad objetivo del desarrollo tur\u00edstico: Carlos Joaqu\u00edn - Nitu - Noticias de la Industria Turistica\",\"isPartOf\":{\"@id\":\"https:\/\/nitu.mx\/#website\"},\"primaryImageOfPage\":{\"@id\":\"https:\/\/nitu.mx\/index.php\/2017\/09\/27\/disminuir-la-desigualdad-objetivo-del-desarrollo-turistico-carlos-joaquin\/#primaryimage\"},\"image\":{\"@id\":\"https:\/\/nitu.mx\/index.php\/2017\/09\/27\/disminuir-la-desigualdad-objetivo-del-desarrollo-turistico-carlos-joaquin\/#primaryimage\"},\"thumbnailUrl\":\"https:\/\/nitu.mx\/wp-content\/uploads\/2017\/09\/006c9000-73a4-41c9-98c6-fa186dc2597e-1080x675.jpg\",\"datePublished\":\"2017-09-28T04:43:49+00:00\",\"dateModified\":\"2017-09-28T05:26:14+00:00\",\"description\":\"Estamos redoblando esfuerzos para consolidar el liderazgo internacional de nuestra actividad tur\u00edstica, y disminuir la desigualdad en QR: Carlos Joaqu\u00edn\",\"breadcrumb\":{\"@id\":\"https:\/\/nitu.mx\/index.php\/2017\/09\/27\/disminuir-la-desigualdad-objetivo-del-desarrollo-turistico-carlos-joaquin\/#breadcrumb\"},\"inLanguage\":\"es-MX\",\"potentialAction\":[{\"@type\":\"ReadAction\",\"target\":[\"https:\/\/nitu.mx\/index.php\/2017\/09\/27\/disminuir-la-desigualdad-objetivo-del-desarrollo-turistico-carlos-joaquin\/\"]}]},{\"@type\":\"ImageObject\",\"inLanguage\":\"es-MX\",\"@id\":\"https:\/\/nitu.mx\/index.php\/2017\/09\/27\/disminuir-la-desigualdad-objetivo-del-desarrollo-turistico-carlos-joaquin\/#primaryimage\",\"url\":\"https:\/\/nitu.mx\/wp-content\/uploads\/2017\/09\/006c9000-73a4-41c9-98c6-fa186dc2597e-1080x675.jpg\",\"contentUrl\":\"https:\/\/nitu.mx\/wp-content\/uploads\/2017\/09\/006c9000-73a4-41c9-98c6-fa186dc2597e-1080x675.jpg\",\"width\":850,\"height\":480,\"caption\":\"Carlos Joaqu\u00edn\"},{\"@type\":\"BreadcrumbList\",\"@id\":\"https:\/\/nitu.mx\/index.php\/2017\/09\/27\/disminuir-la-desigualdad-objetivo-del-desarrollo-turistico-carlos-joaquin\/#breadcrumb\",\"itemListElement\":[{\"@type\":\"ListItem\",\"position\":1,\"name\":\"Inicio\",\"item\":\"https:\/\/nitu.mx\/\"},{\"@type\":\"ListItem\",\"position\":2,\"name\":\"Disminuir la desigualdad objetivo del desarrollo tur\u00edstico: Carlos Joaqu\u00edn\"}]},{\"@type\":\"WebSite\",\"@id\":\"https:\/\/nitu.mx\/#website\",\"url\":\"https:\/\/nitu.mx\/\",\"name\":\"Nitu - Noticias de la Industria Turistica\",\"description\":\"Noticias de la Industria Turistica\",\"publisher\":{\"@id\":\"https:\/\/nitu.mx\/#\/schema\/person\/ae7a53426417292d3dd07b45a33e01bc\"},\"alternateName\":\"Noticias de la Industria Turistica\",\"potentialAction\":[{\"@type\":\"SearchAction\",\"target\":{\"@type\":\"EntryPoint\",\"urlTemplate\":\"https:\/\/nitu.mx\/?s={search_term_string}\"},\"query-input\":\"required name=search_term_string\"}],\"inLanguage\":\"es-MX\"},{\"@type\":[\"Person\",\"Organization\"],\"@id\":\"https:\/\/nitu.mx\/#\/schema\/person\/ae7a53426417292d3dd07b45a33e01bc\",\"name\":\"Arturo Medina\",\"image\":{\"@type\":\"ImageObject\",\"inLanguage\":\"es-MX\",\"@id\":\"https:\/\/nitu.mx\/#\/schema\/person\/image\/\",\"url\":\"https:\/\/nitu.mx\/wp-content\/uploads\/2024\/04\/4A315622-1904-4D5C-B022-878CDC840E04-90x90-1.jpeg\",\"contentUrl\":\"https:\/\/nitu.mx\/wp-content\/uploads\/2024\/04\/4A315622-1904-4D5C-B022-878CDC840E04-90x90-1.jpeg\",\"width\":90,\"height\":90,\"caption\":\"Arturo Medina\"},\"logo\":{\"@id\":\"https:\/\/nitu.mx\/#\/schema\/person\/image\/\"},\"description\":\"Director NITU.mx, Egresado de la Escuela de Periodismo Carlos Septi\u00e9n Garc\u00eda. Periodista y analista especializado en turismo desde hace 35 a\u00f1os, radicado en Canc\u00fan Q.Roo. arturo@nitu.mx\",\"sameAs\":[\"https:\/\/nitu.mx\",\"https:\/\/www.facebook.com\/NITUmx\/\",\"medinacancun\",\"https:\/\/twitter.com\/@Arturo_Medina_G\"],\"url\":\"https:\/\/nitu.mx\/index.php\/author\/arturo-medina\/\"}]}<\/script>\n<!-- \/ Yoast SEO plugin. -->","yoast_head_json":{"title":"Disminuir la desigualdad objetivo del desarrollo tur\u00edstico: Carlos Joaqu\u00edn - Nitu - Noticias de la Industria Turistica","description":"Estamos redoblando esfuerzos para consolidar el liderazgo internacional de nuestra actividad tur\u00edstica, y disminuir la desigualdad en QR: Carlos Joaqu\u00edn","robots":{"index":"index","follow":"follow","max-snippet":"max-snippet:-1","max-image-preview":"max-image-preview:large","max-video-preview":"max-video-preview:-1"},"canonical":"https:\/\/nitu.mx\/index.php\/2017\/09\/27\/disminuir-la-desigualdad-objetivo-del-desarrollo-turistico-carlos-joaquin\/","twitter_card":"summary_large_image","twitter_title":"Disminuir la desigualdad objetivo del desarrollo tur\u00edstico: Carlos Joaqu\u00edn - Nitu - Noticias de la Industria Turistica","twitter_description":"Estamos redoblando esfuerzos para consolidar el liderazgo internacional de nuestra actividad tur\u00edstica, y disminuir la desigualdad en QR: Carlos Joaqu\u00edn","twitter_image":"https:\/\/nitu.mx\/wp-content\/uploads\/2017\/09\/006c9000-73a4-41c9-98c6-fa186dc2597e-1080x675.jpg","twitter_creator":"@Arturo_Medina_G","twitter_site":"@Arturo_Medina_G","twitter_misc":{"Escrito por":"Arturo Medina","Tiempo de lectura":"3 minutos"},"schema":{"@context":"https:\/\/schema.org","@graph":[{"@type":"Article","@id":"https:\/\/nitu.mx\/index.php\/2017\/09\/27\/disminuir-la-desigualdad-objetivo-del-desarrollo-turistico-carlos-joaquin\/#article","isPartOf":{"@id":"https:\/\/nitu.mx\/index.php\/2017\/09\/27\/disminuir-la-desigualdad-objetivo-del-desarrollo-turistico-carlos-joaquin\/"},"author":{"name":"Arturo Medina","@id":"https:\/\/nitu.mx\/#\/schema\/person\/ae7a53426417292d3dd07b45a33e01bc"},"headline":"Disminuir la desigualdad objetivo del desarrollo tur\u00edstico: Carlos Joaqu\u00edn","datePublished":"2017-09-28T04:43:49+00:00","dateModified":"2017-09-28T05:26:14+00:00","mainEntityOfPage":{"@id":"https:\/\/nitu.mx\/index.php\/2017\/09\/27\/disminuir-la-desigualdad-objetivo-del-desarrollo-turistico-carlos-joaquin\/"},"wordCount":540,"commentCount":0,"publisher":{"@id":"https:\/\/nitu.mx\/#\/schema\/person\/ae7a53426417292d3dd07b45a33e01bc"},"image":{"@id":"https:\/\/nitu.mx\/index.php\/2017\/09\/27\/disminuir-la-desigualdad-objetivo-del-desarrollo-turistico-carlos-joaquin\/#primaryimage"},"thumbnailUrl":"https:\/\/nitu.mx\/wp-content\/uploads\/2017\/09\/006c9000-73a4-41c9-98c6-fa186dc2597e-1080x675.jpg","keywords":["Carlos Joaqu\u00edn Gonz\u00e1lez","D\u00eda Mundial del Turismo","Quintana Roo"],"articleSection":["Destinos"],"inLanguage":"es-MX","potentialAction":[{"@type":"CommentAction","name":"Comment","target":["https:\/\/nitu.mx\/index.php\/2017\/09\/27\/disminuir-la-desigualdad-objetivo-del-desarrollo-turistico-carlos-joaquin\/#respond"]}]},{"@type":"WebPage","@id":"https:\/\/nitu.mx\/index.php\/2017\/09\/27\/disminuir-la-desigualdad-objetivo-del-desarrollo-turistico-carlos-joaquin\/","url":"https:\/\/nitu.mx\/index.php\/2017\/09\/27\/disminuir-la-desigualdad-objetivo-del-desarrollo-turistico-carlos-joaquin\/","name":"Disminuir la desigualdad objetivo del desarrollo tur\u00edstico: Carlos Joaqu\u00edn - Nitu - Noticias de la Industria Turistica","isPartOf":{"@id":"https:\/\/nitu.mx\/#website"},"primaryImageOfPage":{"@id":"https:\/\/nitu.mx\/index.php\/2017\/09\/27\/disminuir-la-desigualdad-objetivo-del-desarrollo-turistico-carlos-joaquin\/#primaryimage"},"image":{"@id":"https:\/\/nitu.mx\/index.php\/2017\/09\/27\/disminuir-la-desigualdad-objetivo-del-desarrollo-turistico-carlos-joaquin\/#primaryimage"},"thumbnailUrl":"https:\/\/nitu.mx\/wp-content\/uploads\/2017\/09\/006c9000-73a4-41c9-98c6-fa186dc2597e-1080x675.jpg","datePublished":"2017-09-28T04:43:49+00:00","dateModified":"2017-09-28T05:26:14+00:00","description":"Estamos redoblando esfuerzos para consolidar el liderazgo internacional de nuestra actividad tur\u00edstica, y disminuir la desigualdad en QR: Carlos Joaqu\u00edn","breadcrumb":{"@id":"https:\/\/nitu.mx\/index.php\/2017\/09\/27\/disminuir-la-desigualdad-objetivo-del-desarrollo-turistico-carlos-joaquin\/#breadcrumb"},"inLanguage":"es-MX","potentialAction":[{"@type":"ReadAction","target":["https:\/\/nitu.mx\/index.php\/2017\/09\/27\/disminuir-la-desigualdad-objetivo-del-desarrollo-turistico-carlos-joaquin\/"]}]},{"@type":"ImageObject","inLanguage":"es-MX","@id":"https:\/\/nitu.mx\/index.php\/2017\/09\/27\/disminuir-la-desigualdad-objetivo-del-desarrollo-turistico-carlos-joaquin\/#primaryimage","url":"https:\/\/nitu.mx\/wp-content\/uploads\/2017\/09\/006c9000-73a4-41c9-98c6-fa186dc2597e-1080x675.jpg","contentUrl":"https:\/\/nitu.mx\/wp-content\/uploads\/2017\/09\/006c9000-73a4-41c9-98c6-fa186dc2597e-1080x675.jpg","width":850,"height":480,"caption":"Carlos Joaqu\u00edn"},{"@type":"BreadcrumbList","@id":"https:\/\/nitu.mx\/index.php\/2017\/09\/27\/disminuir-la-desigualdad-objetivo-del-desarrollo-turistico-carlos-joaquin\/#breadcrumb","itemListElement":[{"@type":"ListItem","position":1,"name":"Inicio","item":"https:\/\/nitu.mx\/"},{"@type":"ListItem","position":2,"name":"Disminuir la desigualdad objetivo del desarrollo tur\u00edstico: Carlos Joaqu\u00edn"}]},{"@type":"WebSite","@id":"https:\/\/nitu.mx\/#website","url":"https:\/\/nitu.mx\/","name":"Nitu - Noticias de la Industria Turistica","description":"Noticias de la Industria Turistica","publisher":{"@id":"https:\/\/nitu.mx\/#\/schema\/person\/ae7a53426417292d3dd07b45a33e01bc"},"alternateName":"Noticias de la Industria Turistica","potentialAction":[{"@type":"SearchAction","target":{"@type":"EntryPoint","urlTemplate":"https:\/\/nitu.mx\/?s={search_term_string}"},"query-input":"required name=search_term_string"}],"inLanguage":"es-MX"},{"@type":["Person","Organization"],"@id":"https:\/\/nitu.mx\/#\/schema\/person\/ae7a53426417292d3dd07b45a33e01bc","name":"Arturo Medina","image":{"@type":"ImageObject","inLanguage":"es-MX","@id":"https:\/\/nitu.mx\/#\/schema\/person\/image\/","url":"https:\/\/nitu.mx\/wp-content\/uploads\/2024\/04\/4A315622-1904-4D5C-B022-878CDC840E04-90x90-1.jpeg","contentUrl":"https:\/\/nitu.mx\/wp-content\/uploads\/2024\/04\/4A315622-1904-4D5C-B022-878CDC840E04-90x90-1.jpeg","width":90,"height":90,"caption":"Arturo Medina"},"logo":{"@id":"https:\/\/nitu.mx\/#\/schema\/person\/image\/"},"description":"Director NITU.mx, Egresado de la Escuela de Periodismo Carlos Septi\u00e9n Garc\u00eda. Periodista y analista especializado en turismo desde hace 35 a\u00f1os, radicado en Canc\u00fan Q.Roo. arturo@nitu.mx","sameAs":["https:\/\/nitu.mx","https:\/\/www.facebook.com\/NITUmx\/","medinacancun","https:\/\/twitter.com\/@Arturo_Medina_G"],"url":"https:\/\/nitu.mx\/index.php\/author\/arturo-medina\/"}]}},"views":195,"_links":{"self":[{"href":"https:\/\/nitu.mx\/index.php\/wp-json\/wp\/v2\/posts\/13471"}],"collection":[{"href":"https:\/\/nitu.mx\/index.php\/wp-json\/wp\/v2\/posts"}],"about":[{"href":"https:\/\/nitu.mx\/index.php\/wp-json\/wp\/v2\/types\/post"}],"author":[{"embeddable":true,"href":"https:\/\/nitu.mx\/index.php\/wp-json\/wp\/v2\/users\/2"}],"replies":[{"embeddable":true,"href":"https:\/\/nitu.mx\/index.php\/wp-json\/wp\/v2\/comments?post=13471"}],"version-history":[{"count":5,"href":"https:\/\/nitu.mx\/index.php\/wp-json\/wp\/v2\/posts\/13471\/revisions"}],"predecessor-version":[{"id":13479,"href":"https:\/\/nitu.mx\/index.php\/wp-json\/wp\/v2\/posts\/13471\/revisions\/13479"}],"wp:featuredmedia":[{"embeddable":true,"href":"https:\/\/nitu.mx\/index.php\/wp-json\/wp\/v2\/media\/13475"}],"wp:attachment":[{"href":"https:\/\/nitu.mx\/index.php\/wp-json\/wp\/v2\/media?parent=13471"}],"wp:term":[{"taxonomy":"category","embeddable":true,"href":"https:\/\/nitu.mx\/index.php\/wp-json\/wp\/v2\/categories?post=13471"},{"taxonomy":"post_tag","embeddable":true,"href":"https:\/\/nitu.mx\/index.php\/wp-json\/wp\/v2\/tags?post=13471"}],"curies":[{"name":"wp","href":"https:\/\/api.w.org\/{rel}","templated":true}]}}