{"id":13423,"date":"2017-09-26T23:23:23","date_gmt":"2017-09-27T04:23:23","guid":{"rendered":"http:\/\/www.dev.nitu.mx\/?p=13423"},"modified":"2017-09-27T00:11:47","modified_gmt":"2017-09-27T05:11:47","slug":"piden-a-interjet-posibilidad-de-vuelo-de-saltillo-a-cdmx","status":"publish","type":"post","link":"https:\/\/nitu.mx\/index.php\/2017\/09\/26\/piden-a-interjet-posibilidad-de-vuelo-de-saltillo-a-cdmx\/","title":{"rendered":"Piden a Interjet posibilidad de vuelo de Saltillo a CDMX"},"content":{"rendered":"<p>El presidente del Comit\u00e9 de Ciudades Hermanas de Saltillo, Jes\u00fas Castilla S\u00e1nchez, a trav\u00e9s de una carta a Jos\u00e9 Luis Garza \u00c1lvarez, director ejecutivo de Interjet, hizo una petici\u00f3n formal para que la aerol\u00ednea considere la posibilidad de abrir un vuelo de Saltillo a la Ciudad de M\u00e9xico.<\/p>\n<p>En la carta, Castilla S\u00e1nchez mencionaba que Coahuila cuenta con el aeropuerto internacional \u201cPlan de Guadalupe\u201d, el cual ponen a su disposici\u00f3n para que la aerol\u00ednea realice vuelos a la regi\u00f3n, la cual cuenta con un potencial de clientes para su compa\u00f1\u00eda. \u201cSaltillo y esta regi\u00f3n cuentan principalmente con las empresas internacionales del ramo automotriz como GM, Chrysler, Mercedes Benz, Caterpillar, y Jhon Deer entre otras empresas. Y actualmente hay una gran cantidad de empresas pr\u00f3ximas a instalarse con un gran futuro\u201d, destacaba Castilla S\u00e1nchez en el documento.<\/p>\n<p>Asimismo, hacia \u00e9nfasis en las \u00e1reas de oportunidades que se estar\u00edan abriendo para la aerol\u00ednea, por tratarse de una regi\u00f3n industrial y empresarial, ya que los ejecutivos, directores, as\u00ed como trabajadores administrativos, requieren de un medio de transporte a la Ciudad de M\u00e9xico r\u00e1pido, que les brinde las facilidades tanto econ\u00f3micas como de cercan\u00eda a sus lugares de vivienda y trabajo, y con horarios que le permitan realizar el viaje redondo el mismo d\u00eda.<\/p>\n<p>En su petici\u00f3n, el presidente del comit\u00e9 se\u00f1alaba que es de vital importancia para la regi\u00f3n, contar con dicha ruta para dar m\u00e1s facilidades a los inversionistas que pr\u00f3ximamente estar\u00e1n iniciando actividades en la regi\u00f3n, la cual tendr\u00e1 un crecimiento significativo los pr\u00f3ximos a\u00f1os.<\/p>\n<p>Por \u00faltimo, le hac\u00eda una petici\u00f3n formal al directivo de Interjet para una reuni\u00f3n, con el fin de poder concretar la ruta. \u201cTenemos en consideraci\u00f3n su misi\u00f3n ya que cumple con el perfil de lo que buscamos para el servicio que necesitamos, as\u00ed como tambi\u00e9n tenemos especial inter\u00e9s en concretar la relaci\u00f3n por tratarse de una empresa 100 por ciento mexicana\u201d.\u00a0(<a title=\"Interjet une a Canc\u00fan con el Baj\u00edo\" href=\"http:\/\/www.dev.nitu.mx\/index.php\/2017\/08\/30\/interjet-une-a-cancun-con-el-bajio\/\" rel=\"bookmark\">Interjet une a Canc\u00fan con el Baj\u00edo<\/a>)<\/p>\n","protected":false},"excerpt":{"rendered":"<p>El presidente del Comit\u00e9 de Ciudades Hermanas de Saltillo, Jes\u00fas Castilla S\u00e1nchez, a trav\u00e9s de una carta a Jos\u00e9 Luis Garza \u00c1lvarez, director ejecutivo de Interjet, hizo una petici\u00f3n formal para que la aerol\u00ednea considere la posibilidad de abrir un vuelo de Saltillo a la Ciudad de M\u00e9xico. En la carta, Castilla S\u00e1nchez mencionaba que [&hellip;]<\/p>\n","protected":false},"author":17,"featured_media":10704,"comment_status":"open","ping_status":"open","sticky":false,"template":"","format":"standard","meta":{"footnotes":""},"categories":[29,6],"tags":[2070,172,6050,325,2069],"yoast_head":"<!-- This site is optimized with the Yoast SEO plugin v22.2 - https:\/\/yoast.com\/wordpress\/plugins\/seo\/ -->\n<title>Piden a Interjet posibilidad de vuelo de Saltillo a CDMX - Nitu - Noticias de la Industria Turistica<\/title>\n<meta name=\"description\" content=\"El presidente del Comit\u00e9 de Ciudades Hermanas de Saltillo hizo una petici\u00f3n formal para que la Interjet considere volar de Saltillo a la Ciudad de M\u00e9xico.\" \/>\n<meta name=\"robots\" content=\"index, follow, max-snippet:-1, max-image-preview:large, max-video-preview:-1\" \/>\n<link rel=\"canonical\" href=\"https:\/\/nitu.mx\/index.php\/2017\/09\/26\/piden-a-interjet-posibilidad-de-vuelo-de-saltillo-a-cdmx\/\" \/>\n<meta name=\"twitter:card\" content=\"summary_large_image\" \/>\n<meta name=\"twitter:title\" content=\"Piden a Interjet posibilidad de vuelo de Saltillo a CDMX - Nitu - Noticias de la Industria Turistica\" \/>\n<meta name=\"twitter:description\" content=\"El presidente del Comit\u00e9 de Ciudades Hermanas de Saltillo hizo una petici\u00f3n formal para que la Interjet considere volar de Saltillo a la Ciudad de M\u00e9xico.\" \/>\n<meta name=\"twitter:image\" content=\"https:\/\/nitu.mx\/wp-content\/uploads\/2017\/06\/Interjet-Toluca.jpg\" \/>\n<meta name=\"twitter:creator\" content=\"@NITUmx\" \/>\n<meta name=\"twitter:site\" content=\"@Arturo_Medina_G\" \/>\n<meta name=\"twitter:label1\" content=\"Escrito por\" \/>\n\t<meta name=\"twitter:data1\" content=\"Redacci\u00f3n\" \/>\n\t<meta name=\"twitter:label2\" content=\"Tiempo de lectura\" \/>\n\t<meta name=\"twitter:data2\" content=\"2 minutos\" \/>\n<script type=\"application\/ld+json\" class=\"yoast-schema-graph\">{\"@context\":\"https:\/\/schema.org\",\"@graph\":[{\"@type\":\"Article\",\"@id\":\"https:\/\/nitu.mx\/index.php\/2017\/09\/26\/piden-a-interjet-posibilidad-de-vuelo-de-saltillo-a-cdmx\/#article\",\"isPartOf\":{\"@id\":\"https:\/\/nitu.mx\/index.php\/2017\/09\/26\/piden-a-interjet-posibilidad-de-vuelo-de-saltillo-a-cdmx\/\"},\"author\":{\"name\":\"Redacci\u00f3n\",\"@id\":\"https:\/\/nitu.mx\/#\/schema\/person\/4a28fe9bd65924f7c90623773daf1b0b\"},\"headline\":\"Piden a Interjet posibilidad de vuelo de Saltillo a CDMX\",\"datePublished\":\"2017-09-27T04:23:23+00:00\",\"dateModified\":\"2017-09-27T05:11:47+00:00\",\"mainEntityOfPage\":{\"@id\":\"https:\/\/nitu.mx\/index.php\/2017\/09\/26\/piden-a-interjet-posibilidad-de-vuelo-de-saltillo-a-cdmx\/\"},\"wordCount\":372,\"commentCount\":0,\"publisher\":{\"@id\":\"https:\/\/nitu.mx\/#\/schema\/person\/ae7a53426417292d3dd07b45a33e01bc\"},\"image\":{\"@id\":\"https:\/\/nitu.mx\/index.php\/2017\/09\/26\/piden-a-interjet-posibilidad-de-vuelo-de-saltillo-a-cdmx\/#primaryimage\"},\"thumbnailUrl\":\"https:\/\/nitu.mx\/wp-content\/uploads\/2017\/06\/Interjet-Toluca.jpg\",\"keywords\":[\"Coahuila\",\"Interjet\",\"Jes\u00fas Castilla S\u00e1nchez\",\"Jos\u00e9 Luis Garza\",\"Saltillo\"],\"articleSection\":[\"Aerol\u00edneas\",\"M\u00e9xico\"],\"inLanguage\":\"es-MX\",\"potentialAction\":[{\"@type\":\"CommentAction\",\"name\":\"Comment\",\"target\":[\"https:\/\/nitu.mx\/index.php\/2017\/09\/26\/piden-a-interjet-posibilidad-de-vuelo-de-saltillo-a-cdmx\/#respond\"]}]},{\"@type\":\"WebPage\",\"@id\":\"https:\/\/nitu.mx\/index.php\/2017\/09\/26\/piden-a-interjet-posibilidad-de-vuelo-de-saltillo-a-cdmx\/\",\"url\":\"https:\/\/nitu.mx\/index.php\/2017\/09\/26\/piden-a-interjet-posibilidad-de-vuelo-de-saltillo-a-cdmx\/\",\"name\":\"Piden a Interjet posibilidad de vuelo de Saltillo a CDMX - Nitu - Noticias de la Industria Turistica\",\"isPartOf\":{\"@id\":\"https:\/\/nitu.mx\/#website\"},\"primaryImageOfPage\":{\"@id\":\"https:\/\/nitu.mx\/index.php\/2017\/09\/26\/piden-a-interjet-posibilidad-de-vuelo-de-saltillo-a-cdmx\/#primaryimage\"},\"image\":{\"@id\":\"https:\/\/nitu.mx\/index.php\/2017\/09\/26\/piden-a-interjet-posibilidad-de-vuelo-de-saltillo-a-cdmx\/#primaryimage\"},\"thumbnailUrl\":\"https:\/\/nitu.mx\/wp-content\/uploads\/2017\/06\/Interjet-Toluca.jpg\",\"datePublished\":\"2017-09-27T04:23:23+00:00\",\"dateModified\":\"2017-09-27T05:11:47+00:00\",\"description\":\"El presidente del Comit\u00e9 de Ciudades Hermanas de Saltillo hizo una petici\u00f3n formal para que la Interjet considere volar de Saltillo a la Ciudad de M\u00e9xico.\",\"breadcrumb\":{\"@id\":\"https:\/\/nitu.mx\/index.php\/2017\/09\/26\/piden-a-interjet-posibilidad-de-vuelo-de-saltillo-a-cdmx\/#breadcrumb\"},\"inLanguage\":\"es-MX\",\"potentialAction\":[{\"@type\":\"ReadAction\",\"target\":[\"https:\/\/nitu.mx\/index.php\/2017\/09\/26\/piden-a-interjet-posibilidad-de-vuelo-de-saltillo-a-cdmx\/\"]}]},{\"@type\":\"ImageObject\",\"inLanguage\":\"es-MX\",\"@id\":\"https:\/\/nitu.mx\/index.php\/2017\/09\/26\/piden-a-interjet-posibilidad-de-vuelo-de-saltillo-a-cdmx\/#primaryimage\",\"url\":\"https:\/\/nitu.mx\/wp-content\/uploads\/2017\/06\/Interjet-Toluca.jpg\",\"contentUrl\":\"https:\/\/nitu.mx\/wp-content\/uploads\/2017\/06\/Interjet-Toluca.jpg\",\"width\":850,\"height\":480,\"caption\":\"Interjet\"},{\"@type\":\"BreadcrumbList\",\"@id\":\"https:\/\/nitu.mx\/index.php\/2017\/09\/26\/piden-a-interjet-posibilidad-de-vuelo-de-saltillo-a-cdmx\/#breadcrumb\",\"itemListElement\":[{\"@type\":\"ListItem\",\"position\":1,\"name\":\"Inicio\",\"item\":\"https:\/\/nitu.mx\/\"},{\"@type\":\"ListItem\",\"position\":2,\"name\":\"Piden a Interjet posibilidad de vuelo de Saltillo a CDMX\"}]},{\"@type\":\"WebSite\",\"@id\":\"https:\/\/nitu.mx\/#website\",\"url\":\"https:\/\/nitu.mx\/\",\"name\":\"Nitu - Noticias de la Industria Turistica\",\"description\":\"Noticias de la Industria Turistica\",\"publisher\":{\"@id\":\"https:\/\/nitu.mx\/#\/schema\/person\/ae7a53426417292d3dd07b45a33e01bc\"},\"alternateName\":\"Noticias de la Industria Turistica\",\"potentialAction\":[{\"@type\":\"SearchAction\",\"target\":{\"@type\":\"EntryPoint\",\"urlTemplate\":\"https:\/\/nitu.mx\/?s={search_term_string}\"},\"query-input\":\"required name=search_term_string\"}],\"inLanguage\":\"es-MX\"},{\"@type\":[\"Person\",\"Organization\"],\"@id\":\"https:\/\/nitu.mx\/#\/schema\/person\/ae7a53426417292d3dd07b45a33e01bc\",\"name\":\"Arturo Medina\",\"image\":{\"@type\":\"ImageObject\",\"inLanguage\":\"es-MX\",\"@id\":\"https:\/\/nitu.mx\/#\/schema\/person\/image\/\",\"url\":\"https:\/\/nitu.mx\/wp-content\/uploads\/2024\/04\/4A315622-1904-4D5C-B022-878CDC840E04-90x90-1.jpeg\",\"contentUrl\":\"https:\/\/nitu.mx\/wp-content\/uploads\/2024\/04\/4A315622-1904-4D5C-B022-878CDC840E04-90x90-1.jpeg\",\"width\":90,\"height\":90,\"caption\":\"Arturo Medina\"},\"logo\":{\"@id\":\"https:\/\/nitu.mx\/#\/schema\/person\/image\/\"},\"description\":\"Director NITU.mx, Egresado de la Escuela de Periodismo Carlos Septi\u00e9n Garc\u00eda. Periodista y analista especializado en turismo desde hace 35 a\u00f1os, radicado en Canc\u00fan Q.Roo. arturo@nitu.mx\",\"sameAs\":[\"https:\/\/nitu.mx\",\"https:\/\/www.facebook.com\/NITUmx\/\",\"medinacancun\",\"https:\/\/twitter.com\/@Arturo_Medina_G\"]},{\"@type\":\"Person\",\"@id\":\"https:\/\/nitu.mx\/#\/schema\/person\/4a28fe9bd65924f7c90623773daf1b0b\",\"name\":\"Redacci\u00f3n\",\"image\":{\"@type\":\"ImageObject\",\"inLanguage\":\"es-MX\",\"@id\":\"https:\/\/nitu.mx\/#\/schema\/person\/image\/\",\"url\":\"https:\/\/secure.gravatar.com\/avatar\/5dd011c8ccfc5cd7e4c81e42252aab38?s=96&d=mm&r=g\",\"contentUrl\":\"https:\/\/secure.gravatar.com\/avatar\/5dd011c8ccfc5cd7e4c81e42252aab38?s=96&d=mm&r=g\",\"caption\":\"Redacci\u00f3n\"},\"url\":\"https:\/\/nitu.mx\/index.php\/author\/redaccion\/\"}]}<\/script>\n<!-- \/ Yoast SEO plugin. -->","yoast_head_json":{"title":"Piden a Interjet posibilidad de vuelo de Saltillo a CDMX - Nitu - Noticias de la Industria Turistica","description":"El presidente del Comit\u00e9 de Ciudades Hermanas de Saltillo hizo una petici\u00f3n formal para que la Interjet considere volar de Saltillo a la Ciudad de M\u00e9xico.","robots":{"index":"index","follow":"follow","max-snippet":"max-snippet:-1","max-image-preview":"max-image-preview:large","max-video-preview":"max-video-preview:-1"},"canonical":"https:\/\/nitu.mx\/index.php\/2017\/09\/26\/piden-a-interjet-posibilidad-de-vuelo-de-saltillo-a-cdmx\/","twitter_card":"summary_large_image","twitter_title":"Piden a Interjet posibilidad de vuelo de Saltillo a CDMX - Nitu - Noticias de la Industria Turistica","twitter_description":"El presidente del Comit\u00e9 de Ciudades Hermanas de Saltillo hizo una petici\u00f3n formal para que la Interjet considere volar de Saltillo a la Ciudad de M\u00e9xico.","twitter_image":"https:\/\/nitu.mx\/wp-content\/uploads\/2017\/06\/Interjet-Toluca.jpg","twitter_creator":"@NITUmx","twitter_site":"@Arturo_Medina_G","twitter_misc":{"Escrito por":"Redacci\u00f3n","Tiempo de lectura":"2 minutos"},"schema":{"@context":"https:\/\/schema.org","@graph":[{"@type":"Article","@id":"https:\/\/nitu.mx\/index.php\/2017\/09\/26\/piden-a-interjet-posibilidad-de-vuelo-de-saltillo-a-cdmx\/#article","isPartOf":{"@id":"https:\/\/nitu.mx\/index.php\/2017\/09\/26\/piden-a-interjet-posibilidad-de-vuelo-de-saltillo-a-cdmx\/"},"author":{"name":"Redacci\u00f3n","@id":"https:\/\/nitu.mx\/#\/schema\/person\/4a28fe9bd65924f7c90623773daf1b0b"},"headline":"Piden a Interjet posibilidad de vuelo de Saltillo a CDMX","datePublished":"2017-09-27T04:23:23+00:00","dateModified":"2017-09-27T05:11:47+00:00","mainEntityOfPage":{"@id":"https:\/\/nitu.mx\/index.php\/2017\/09\/26\/piden-a-interjet-posibilidad-de-vuelo-de-saltillo-a-cdmx\/"},"wordCount":372,"commentCount":0,"publisher":{"@id":"https:\/\/nitu.mx\/#\/schema\/person\/ae7a53426417292d3dd07b45a33e01bc"},"image":{"@id":"https:\/\/nitu.mx\/index.php\/2017\/09\/26\/piden-a-interjet-posibilidad-de-vuelo-de-saltillo-a-cdmx\/#primaryimage"},"thumbnailUrl":"https:\/\/nitu.mx\/wp-content\/uploads\/2017\/06\/Interjet-Toluca.jpg","keywords":["Coahuila","Interjet","Jes\u00fas Castilla S\u00e1nchez","Jos\u00e9 Luis Garza","Saltillo"],"articleSection":["Aerol\u00edneas","M\u00e9xico"],"inLanguage":"es-MX","potentialAction":[{"@type":"CommentAction","name":"Comment","target":["https:\/\/nitu.mx\/index.php\/2017\/09\/26\/piden-a-interjet-posibilidad-de-vuelo-de-saltillo-a-cdmx\/#respond"]}]},{"@type":"WebPage","@id":"https:\/\/nitu.mx\/index.php\/2017\/09\/26\/piden-a-interjet-posibilidad-de-vuelo-de-saltillo-a-cdmx\/","url":"https:\/\/nitu.mx\/index.php\/2017\/09\/26\/piden-a-interjet-posibilidad-de-vuelo-de-saltillo-a-cdmx\/","name":"Piden a Interjet posibilidad de vuelo de Saltillo a CDMX - Nitu - Noticias de la Industria Turistica","isPartOf":{"@id":"https:\/\/nitu.mx\/#website"},"primaryImageOfPage":{"@id":"https:\/\/nitu.mx\/index.php\/2017\/09\/26\/piden-a-interjet-posibilidad-de-vuelo-de-saltillo-a-cdmx\/#primaryimage"},"image":{"@id":"https:\/\/nitu.mx\/index.php\/2017\/09\/26\/piden-a-interjet-posibilidad-de-vuelo-de-saltillo-a-cdmx\/#primaryimage"},"thumbnailUrl":"https:\/\/nitu.mx\/wp-content\/uploads\/2017\/06\/Interjet-Toluca.jpg","datePublished":"2017-09-27T04:23:23+00:00","dateModified":"2017-09-27T05:11:47+00:00","description":"El presidente del Comit\u00e9 de Ciudades Hermanas de Saltillo hizo una petici\u00f3n formal para que la Interjet considere volar de Saltillo a la Ciudad de M\u00e9xico.","breadcrumb":{"@id":"https:\/\/nitu.mx\/index.php\/2017\/09\/26\/piden-a-interjet-posibilidad-de-vuelo-de-saltillo-a-cdmx\/#breadcrumb"},"inLanguage":"es-MX","potentialAction":[{"@type":"ReadAction","target":["https:\/\/nitu.mx\/index.php\/2017\/09\/26\/piden-a-interjet-posibilidad-de-vuelo-de-saltillo-a-cdmx\/"]}]},{"@type":"ImageObject","inLanguage":"es-MX","@id":"https:\/\/nitu.mx\/index.php\/2017\/09\/26\/piden-a-interjet-posibilidad-de-vuelo-de-saltillo-a-cdmx\/#primaryimage","url":"https:\/\/nitu.mx\/wp-content\/uploads\/2017\/06\/Interjet-Toluca.jpg","contentUrl":"https:\/\/nitu.mx\/wp-content\/uploads\/2017\/06\/Interjet-Toluca.jpg","width":850,"height":480,"caption":"Interjet"},{"@type":"BreadcrumbList","@id":"https:\/\/nitu.mx\/index.php\/2017\/09\/26\/piden-a-interjet-posibilidad-de-vuelo-de-saltillo-a-cdmx\/#breadcrumb","itemListElement":[{"@type":"ListItem","position":1,"name":"Inicio","item":"https:\/\/nitu.mx\/"},{"@type":"ListItem","position":2,"name":"Piden a Interjet posibilidad de vuelo de Saltillo a CDMX"}]},{"@type":"WebSite","@id":"https:\/\/nitu.mx\/#website","url":"https:\/\/nitu.mx\/","name":"Nitu - Noticias de la Industria Turistica","description":"Noticias de la Industria Turistica","publisher":{"@id":"https:\/\/nitu.mx\/#\/schema\/person\/ae7a53426417292d3dd07b45a33e01bc"},"alternateName":"Noticias de la Industria Turistica","potentialAction":[{"@type":"SearchAction","target":{"@type":"EntryPoint","urlTemplate":"https:\/\/nitu.mx\/?s={search_term_string}"},"query-input":"required name=search_term_string"}],"inLanguage":"es-MX"},{"@type":["Person","Organization"],"@id":"https:\/\/nitu.mx\/#\/schema\/person\/ae7a53426417292d3dd07b45a33e01bc","name":"Arturo Medina","image":{"@type":"ImageObject","inLanguage":"es-MX","@id":"https:\/\/nitu.mx\/#\/schema\/person\/image\/","url":"https:\/\/nitu.mx\/wp-content\/uploads\/2024\/04\/4A315622-1904-4D5C-B022-878CDC840E04-90x90-1.jpeg","contentUrl":"https:\/\/nitu.mx\/wp-content\/uploads\/2024\/04\/4A315622-1904-4D5C-B022-878CDC840E04-90x90-1.jpeg","width":90,"height":90,"caption":"Arturo Medina"},"logo":{"@id":"https:\/\/nitu.mx\/#\/schema\/person\/image\/"},"description":"Director NITU.mx, Egresado de la Escuela de Periodismo Carlos Septi\u00e9n Garc\u00eda. Periodista y analista especializado en turismo desde hace 35 a\u00f1os, radicado en Canc\u00fan Q.Roo. arturo@nitu.mx","sameAs":["https:\/\/nitu.mx","https:\/\/www.facebook.com\/NITUmx\/","medinacancun","https:\/\/twitter.com\/@Arturo_Medina_G"]},{"@type":"Person","@id":"https:\/\/nitu.mx\/#\/schema\/person\/4a28fe9bd65924f7c90623773daf1b0b","name":"Redacci\u00f3n","image":{"@type":"ImageObject","inLanguage":"es-MX","@id":"https:\/\/nitu.mx\/#\/schema\/person\/image\/","url":"https:\/\/secure.gravatar.com\/avatar\/5dd011c8ccfc5cd7e4c81e42252aab38?s=96&d=mm&r=g","contentUrl":"https:\/\/secure.gravatar.com\/avatar\/5dd011c8ccfc5cd7e4c81e42252aab38?s=96&d=mm&r=g","caption":"Redacci\u00f3n"},"url":"https:\/\/nitu.mx\/index.php\/author\/redaccion\/"}]}},"views":283,"_links":{"self":[{"href":"https:\/\/nitu.mx\/index.php\/wp-json\/wp\/v2\/posts\/13423"}],"collection":[{"href":"https:\/\/nitu.mx\/index.php\/wp-json\/wp\/v2\/posts"}],"about":[{"href":"https:\/\/nitu.mx\/index.php\/wp-json\/wp\/v2\/types\/post"}],"author":[{"embeddable":true,"href":"https:\/\/nitu.mx\/index.php\/wp-json\/wp\/v2\/users\/17"}],"replies":[{"embeddable":true,"href":"https:\/\/nitu.mx\/index.php\/wp-json\/wp\/v2\/comments?post=13423"}],"version-history":[{"count":3,"href":"https:\/\/nitu.mx\/index.php\/wp-json\/wp\/v2\/posts\/13423\/revisions"}],"predecessor-version":[{"id":13436,"href":"https:\/\/nitu.mx\/index.php\/wp-json\/wp\/v2\/posts\/13423\/revisions\/13436"}],"wp:featuredmedia":[{"embeddable":true,"href":"https:\/\/nitu.mx\/index.php\/wp-json\/wp\/v2\/media\/10704"}],"wp:attachment":[{"href":"https:\/\/nitu.mx\/index.php\/wp-json\/wp\/v2\/media?parent=13423"}],"wp:term":[{"taxonomy":"category","embeddable":true,"href":"https:\/\/nitu.mx\/index.php\/wp-json\/wp\/v2\/categories?post=13423"},{"taxonomy":"post_tag","embeddable":true,"href":"https:\/\/nitu.mx\/index.php\/wp-json\/wp\/v2\/tags?post=13423"}],"curies":[{"name":"wp","href":"https:\/\/api.w.org\/{rel}","templated":true}]}}