{"id":13421,"date":"2017-09-27T00:01:45","date_gmt":"2017-09-27T05:01:45","guid":{"rendered":"http:\/\/www.dev.nitu.mx\/?p=13421"},"modified":"2017-09-27T00:11:22","modified_gmt":"2017-09-27T05:11:22","slug":"secretaria-del-trabajo-se-prepara-para-migracion-por-trabajos-turisticos-al-caribe-mexicano","status":"publish","type":"post","link":"https:\/\/nitu.mx\/index.php\/2017\/09\/27\/secretaria-del-trabajo-se-prepara-para-migracion-por-trabajos-turisticos-al-caribe-mexicano\/","title":{"rendered":"Secretar\u00eda del Trabajo de QR se prepara para migraci\u00f3n por trabajos tur\u00edsticos al Caribe Mexicano"},"content":{"rendered":"<p>La titular de la Secretar\u00eda del Trabajo y Previsi\u00f3n Social de Quintana Roo, Catalina Portillo Navarro, reconoci\u00f3 que se espera, casi de inmediato, una migraci\u00f3n al estado, pero especialmente al Caribe Mexicano, de personas en busca de empleo a consecuencia de los sismos del pasado 7 y 19 de septiembre en Puebla, Oaxaca, Chiapas, Morelos y Ciudad de M\u00e9xico.<\/p>\n<p>Por su parte el sector empresarial tur\u00edstico y de otros ramos relacionados, manifest\u00f3 su preocupaci\u00f3n ya que dijeron padecer \u201cuna temporada baja\u201d, que hace a\u00f1os no se sent\u00eda, por lo que de darse este fen\u00f3meno, se incrementar\u00edan los problemas por falta de oportunidades laborales.<\/p>\n<p>De acuerdo con la autoridad, la actual tasa de desocupaci\u00f3n (que no de desempleo), se increment\u00f3, pues pas\u00f3 de 2.7 por ciento a 3.2 por ciento. Las autoridades del trabajo reconocieron que esperan una mayor migraci\u00f3n por lo atractivo que son Canc\u00fan y la Riviera Maya principalmente, aunque refieren se distribuir\u00e1 en todo el estado de Quintana Roo.<\/p>\n<p>Y aunque es un estado productivo y con alta gama de oportunidades, ya que en agosto obtuvo el primer lugar nacional con 32 mil 85 empleos generados de septiembre de 2016 a agosto de este a\u00f1o, se reconoci\u00f3 que al ser un estado con presencia de fen\u00f3menos hidrometeorol\u00f3gicos, despu\u00e9s de un tiempo este hecho asusta a sus nuevos habitantes que migran a otras localidades.<\/p>\n<p>Aunque la instancia carece de estad\u00edsticas reales de la factible demanda de empleo por venir en el estado, se dijo que se mantendr\u00e1n acciones como ferias de empleo, la vinculaci\u00f3n laboral con las empresas, orientaci\u00f3n y apoyo en obtenci\u00f3n de documentos para conseguir trabajo, y que el Servicio Estatal de Empleo concentre todas las ofertas de trabajo existentes para brindar toda la informaci\u00f3n en un solo sitio a los demandantes.\u00a0(<a title=\"Se incrementa en 10% empleo en Caribe Mexicano por temporada veraniega\" href=\"http:\/\/www.dev.nitu.mx\/index.php\/2017\/08\/02\/se-incrementa-en-10-empleo-en-caribe-mexicano-por-temporada-veraniega\/\" rel=\"bookmark\">Se incrementa en 10% empleo en Caribe Mexicano por temporada veraniega<\/a>)<\/p>\n","protected":false},"excerpt":{"rendered":"<p>La titular de la Secretar\u00eda del Trabajo y Previsi\u00f3n Social de Quintana Roo, Catalina Portillo Navarro, reconoci\u00f3 que se espera, casi de inmediato, una migraci\u00f3n al estado, pero especialmente al Caribe Mexicano, de personas en busca de empleo a consecuencia de los sismos del pasado 7 y 19 de septiembre en Puebla, Oaxaca, Chiapas, Morelos [&hellip;]<\/p>\n","protected":false},"author":3,"featured_media":13441,"comment_status":"open","ping_status":"open","sticky":false,"template":"","format":"standard","meta":{"footnotes":""},"categories":[5,6],"tags":[6049,1891,125,3120,4997,906,62,6048],"yoast_head":"<!-- This site is optimized with the Yoast SEO plugin v22.2 - https:\/\/yoast.com\/wordpress\/plugins\/seo\/ -->\n<title>Secretar\u00eda del Trabajo de QR se prepara para migraci\u00f3n por trabajos tur\u00edsticos al Caribe Mexicano - Nitu - Noticias de la Industria Turistica<\/title>\n<meta name=\"description\" content=\"La titular de la Secretar\u00eda del Trabajo y Previsi\u00f3n Social de Quintana Roo reconoci\u00f3 que se espera una migraci\u00f3n al estado, especialmente al Caribe Mexicano.\" \/>\n<meta name=\"robots\" content=\"index, follow, max-snippet:-1, max-image-preview:large, max-video-preview:-1\" \/>\n<link rel=\"canonical\" href=\"https:\/\/nitu.mx\/index.php\/2017\/09\/27\/secretaria-del-trabajo-se-prepara-para-migracion-por-trabajos-turisticos-al-caribe-mexicano\/\" \/>\n<meta name=\"twitter:card\" content=\"summary_large_image\" \/>\n<meta name=\"twitter:title\" content=\"Secretar\u00eda del Trabajo de QR se prepara para migraci\u00f3n por trabajos tur\u00edsticos al Caribe Mexicano - Nitu - Noticias de la Industria Turistica\" \/>\n<meta name=\"twitter:description\" content=\"La titular de la Secretar\u00eda del Trabajo y Previsi\u00f3n Social de Quintana Roo reconoci\u00f3 que se espera una migraci\u00f3n al estado, especialmente al Caribe Mexicano.\" \/>\n<meta name=\"twitter:image\" content=\"https:\/\/nitu.mx\/wp-content\/uploads\/2017\/09\/Secretar\u00eda-del-Trabajo-QR.jpg\" \/>\n<meta name=\"twitter:creator\" content=\"@NITUmx\" \/>\n<meta name=\"twitter:site\" content=\"@Arturo_Medina_G\" \/>\n<meta name=\"twitter:label1\" content=\"Escrito por\" \/>\n\t<meta name=\"twitter:data1\" content=\"Alejandra Moncisbays\" \/>\n\t<meta name=\"twitter:label2\" content=\"Tiempo de lectura\" \/>\n\t<meta name=\"twitter:data2\" content=\"2 minutos\" \/>\n<script type=\"application\/ld+json\" class=\"yoast-schema-graph\">{\"@context\":\"https:\/\/schema.org\",\"@graph\":[{\"@type\":\"Article\",\"@id\":\"https:\/\/nitu.mx\/index.php\/2017\/09\/27\/secretaria-del-trabajo-se-prepara-para-migracion-por-trabajos-turisticos-al-caribe-mexicano\/#article\",\"isPartOf\":{\"@id\":\"https:\/\/nitu.mx\/index.php\/2017\/09\/27\/secretaria-del-trabajo-se-prepara-para-migracion-por-trabajos-turisticos-al-caribe-mexicano\/\"},\"author\":{\"name\":\"Alejandra Moncisbays\",\"@id\":\"https:\/\/nitu.mx\/#\/schema\/person\/2ecd887b19dfd3382d1f14fc5acf24a8\"},\"headline\":\"Secretar\u00eda del Trabajo de QR se prepara para migraci\u00f3n por trabajos tur\u00edsticos al Caribe Mexicano\",\"datePublished\":\"2017-09-27T05:01:45+00:00\",\"dateModified\":\"2017-09-27T05:11:22+00:00\",\"mainEntityOfPage\":{\"@id\":\"https:\/\/nitu.mx\/index.php\/2017\/09\/27\/secretaria-del-trabajo-se-prepara-para-migracion-por-trabajos-turisticos-al-caribe-mexicano\/\"},\"wordCount\":339,\"commentCount\":0,\"publisher\":{\"@id\":\"https:\/\/nitu.mx\/#\/schema\/person\/ae7a53426417292d3dd07b45a33e01bc\"},\"image\":{\"@id\":\"https:\/\/nitu.mx\/index.php\/2017\/09\/27\/secretaria-del-trabajo-se-prepara-para-migracion-por-trabajos-turisticos-al-caribe-mexicano\/#primaryimage\"},\"thumbnailUrl\":\"https:\/\/nitu.mx\/wp-content\/uploads\/2017\/09\/Secretar\u00eda-del-Trabajo-QR.jpg\",\"keywords\":[\"Catalina Portillo Navarro\",\"Chiapas\",\"Ciudad de M\u00e9xico\",\"Migraci\u00f3n\",\"Morelos\",\"Oaxaca\",\"Puebla\",\"Secretar\u00eda del Trabajo y Previsi\u00f3n Social de Quintana Roo\"],\"articleSection\":[\"Destinos\",\"M\u00e9xico\"],\"inLanguage\":\"es-MX\",\"potentialAction\":[{\"@type\":\"CommentAction\",\"name\":\"Comment\",\"target\":[\"https:\/\/nitu.mx\/index.php\/2017\/09\/27\/secretaria-del-trabajo-se-prepara-para-migracion-por-trabajos-turisticos-al-caribe-mexicano\/#respond\"]}]},{\"@type\":\"WebPage\",\"@id\":\"https:\/\/nitu.mx\/index.php\/2017\/09\/27\/secretaria-del-trabajo-se-prepara-para-migracion-por-trabajos-turisticos-al-caribe-mexicano\/\",\"url\":\"https:\/\/nitu.mx\/index.php\/2017\/09\/27\/secretaria-del-trabajo-se-prepara-para-migracion-por-trabajos-turisticos-al-caribe-mexicano\/\",\"name\":\"Secretar\u00eda del Trabajo de QR se prepara para migraci\u00f3n por trabajos tur\u00edsticos al Caribe Mexicano - Nitu - Noticias de la Industria Turistica\",\"isPartOf\":{\"@id\":\"https:\/\/nitu.mx\/#website\"},\"primaryImageOfPage\":{\"@id\":\"https:\/\/nitu.mx\/index.php\/2017\/09\/27\/secretaria-del-trabajo-se-prepara-para-migracion-por-trabajos-turisticos-al-caribe-mexicano\/#primaryimage\"},\"image\":{\"@id\":\"https:\/\/nitu.mx\/index.php\/2017\/09\/27\/secretaria-del-trabajo-se-prepara-para-migracion-por-trabajos-turisticos-al-caribe-mexicano\/#primaryimage\"},\"thumbnailUrl\":\"https:\/\/nitu.mx\/wp-content\/uploads\/2017\/09\/Secretar\u00eda-del-Trabajo-QR.jpg\",\"datePublished\":\"2017-09-27T05:01:45+00:00\",\"dateModified\":\"2017-09-27T05:11:22+00:00\",\"description\":\"La titular de la Secretar\u00eda del Trabajo y Previsi\u00f3n Social de Quintana Roo reconoci\u00f3 que se espera una migraci\u00f3n al estado, especialmente al Caribe Mexicano.\",\"breadcrumb\":{\"@id\":\"https:\/\/nitu.mx\/index.php\/2017\/09\/27\/secretaria-del-trabajo-se-prepara-para-migracion-por-trabajos-turisticos-al-caribe-mexicano\/#breadcrumb\"},\"inLanguage\":\"es-MX\",\"potentialAction\":[{\"@type\":\"ReadAction\",\"target\":[\"https:\/\/nitu.mx\/index.php\/2017\/09\/27\/secretaria-del-trabajo-se-prepara-para-migracion-por-trabajos-turisticos-al-caribe-mexicano\/\"]}]},{\"@type\":\"ImageObject\",\"inLanguage\":\"es-MX\",\"@id\":\"https:\/\/nitu.mx\/index.php\/2017\/09\/27\/secretaria-del-trabajo-se-prepara-para-migracion-por-trabajos-turisticos-al-caribe-mexicano\/#primaryimage\",\"url\":\"https:\/\/nitu.mx\/wp-content\/uploads\/2017\/09\/Secretar\u00eda-del-Trabajo-QR.jpg\",\"contentUrl\":\"https:\/\/nitu.mx\/wp-content\/uploads\/2017\/09\/Secretar\u00eda-del-Trabajo-QR.jpg\",\"width\":850,\"height\":480,\"caption\":\"Secretar\u00eda del Trabajo\"},{\"@type\":\"BreadcrumbList\",\"@id\":\"https:\/\/nitu.mx\/index.php\/2017\/09\/27\/secretaria-del-trabajo-se-prepara-para-migracion-por-trabajos-turisticos-al-caribe-mexicano\/#breadcrumb\",\"itemListElement\":[{\"@type\":\"ListItem\",\"position\":1,\"name\":\"Inicio\",\"item\":\"https:\/\/nitu.mx\/\"},{\"@type\":\"ListItem\",\"position\":2,\"name\":\"Secretar\u00eda del Trabajo de QR se prepara para migraci\u00f3n por trabajos tur\u00edsticos al Caribe Mexicano\"}]},{\"@type\":\"WebSite\",\"@id\":\"https:\/\/nitu.mx\/#website\",\"url\":\"https:\/\/nitu.mx\/\",\"name\":\"Nitu - Noticias de la Industria Turistica\",\"description\":\"Noticias de la Industria Turistica\",\"publisher\":{\"@id\":\"https:\/\/nitu.mx\/#\/schema\/person\/ae7a53426417292d3dd07b45a33e01bc\"},\"alternateName\":\"Noticias de la Industria Turistica\",\"potentialAction\":[{\"@type\":\"SearchAction\",\"target\":{\"@type\":\"EntryPoint\",\"urlTemplate\":\"https:\/\/nitu.mx\/?s={search_term_string}\"},\"query-input\":\"required name=search_term_string\"}],\"inLanguage\":\"es-MX\"},{\"@type\":[\"Person\",\"Organization\"],\"@id\":\"https:\/\/nitu.mx\/#\/schema\/person\/ae7a53426417292d3dd07b45a33e01bc\",\"name\":\"Arturo Medina\",\"image\":{\"@type\":\"ImageObject\",\"inLanguage\":\"es-MX\",\"@id\":\"https:\/\/nitu.mx\/#\/schema\/person\/image\/\",\"url\":\"https:\/\/nitu.mx\/wp-content\/uploads\/2024\/04\/4A315622-1904-4D5C-B022-878CDC840E04-90x90-1.jpeg\",\"contentUrl\":\"https:\/\/nitu.mx\/wp-content\/uploads\/2024\/04\/4A315622-1904-4D5C-B022-878CDC840E04-90x90-1.jpeg\",\"width\":90,\"height\":90,\"caption\":\"Arturo Medina\"},\"logo\":{\"@id\":\"https:\/\/nitu.mx\/#\/schema\/person\/image\/\"},\"description\":\"Director NITU.mx, Egresado de la Escuela de Periodismo Carlos Septi\u00e9n Garc\u00eda. Periodista y analista especializado en turismo desde hace 35 a\u00f1os, radicado en Canc\u00fan Q.Roo. arturo@nitu.mx\",\"sameAs\":[\"https:\/\/nitu.mx\",\"https:\/\/www.facebook.com\/NITUmx\/\",\"medinacancun\",\"https:\/\/twitter.com\/@Arturo_Medina_G\"]},{\"@type\":\"Person\",\"@id\":\"https:\/\/nitu.mx\/#\/schema\/person\/2ecd887b19dfd3382d1f14fc5acf24a8\",\"name\":\"Alejandra Moncisbays\",\"image\":{\"@type\":\"ImageObject\",\"inLanguage\":\"es-MX\",\"@id\":\"https:\/\/nitu.mx\/#\/schema\/person\/image\/\",\"url\":\"https:\/\/secure.gravatar.com\/avatar\/e74f7af0be172b7804dacfd0bfbef787?s=96&d=mm&r=g\",\"contentUrl\":\"https:\/\/secure.gravatar.com\/avatar\/e74f7af0be172b7804dacfd0bfbef787?s=96&d=mm&r=g\",\"caption\":\"Alejandra Moncisbays\"},\"description\":\"Curs\u00e9 la carrera de Periodismo y Comunicaci\u00f3n en la Facultad de Estudios Profesionales Acatl\u00e1n. Vivo en Canc\u00fan desde hace 24 a\u00f1os. Fui reportera de La Tarde de Canc\u00fan, y Novedades de Quintana Roo, colabor\u00e9 en TVCUN, edit\u00e9 Cancun\u00edssimo y colabor\u00e9 en las revistas Latitud21, entre otras, con principal enfoque en los sectores empresarial y tur\u00edstico. Desde hace varios a\u00f1os soy Agente de Seguros con c\u00e9dula de la Comisi\u00f3n Nacional de Seguros y Fianzas. Actualmente, me desarrollo en los \u00e1mbitos del periodismo y el sector asegurador.\",\"sameAs\":[\"https:\/\/nitu.mx\"],\"url\":\"https:\/\/nitu.mx\/index.php\/author\/alejandra\/\"}]}<\/script>\n<!-- \/ Yoast SEO plugin. -->","yoast_head_json":{"title":"Secretar\u00eda del Trabajo de QR se prepara para migraci\u00f3n por trabajos tur\u00edsticos al Caribe Mexicano - Nitu - Noticias de la Industria Turistica","description":"La titular de la Secretar\u00eda del Trabajo y Previsi\u00f3n Social de Quintana Roo reconoci\u00f3 que se espera una migraci\u00f3n al estado, especialmente al Caribe Mexicano.","robots":{"index":"index","follow":"follow","max-snippet":"max-snippet:-1","max-image-preview":"max-image-preview:large","max-video-preview":"max-video-preview:-1"},"canonical":"https:\/\/nitu.mx\/index.php\/2017\/09\/27\/secretaria-del-trabajo-se-prepara-para-migracion-por-trabajos-turisticos-al-caribe-mexicano\/","twitter_card":"summary_large_image","twitter_title":"Secretar\u00eda del Trabajo de QR se prepara para migraci\u00f3n por trabajos tur\u00edsticos al Caribe Mexicano - Nitu - Noticias de la Industria Turistica","twitter_description":"La titular de la Secretar\u00eda del Trabajo y Previsi\u00f3n Social de Quintana Roo reconoci\u00f3 que se espera una migraci\u00f3n al estado, especialmente al Caribe Mexicano.","twitter_image":"https:\/\/nitu.mx\/wp-content\/uploads\/2017\/09\/Secretar\u00eda-del-Trabajo-QR.jpg","twitter_creator":"@NITUmx","twitter_site":"@Arturo_Medina_G","twitter_misc":{"Escrito por":"Alejandra Moncisbays","Tiempo de lectura":"2 minutos"},"schema":{"@context":"https:\/\/schema.org","@graph":[{"@type":"Article","@id":"https:\/\/nitu.mx\/index.php\/2017\/09\/27\/secretaria-del-trabajo-se-prepara-para-migracion-por-trabajos-turisticos-al-caribe-mexicano\/#article","isPartOf":{"@id":"https:\/\/nitu.mx\/index.php\/2017\/09\/27\/secretaria-del-trabajo-se-prepara-para-migracion-por-trabajos-turisticos-al-caribe-mexicano\/"},"author":{"name":"Alejandra Moncisbays","@id":"https:\/\/nitu.mx\/#\/schema\/person\/2ecd887b19dfd3382d1f14fc5acf24a8"},"headline":"Secretar\u00eda del Trabajo de QR se prepara para migraci\u00f3n por trabajos tur\u00edsticos al Caribe Mexicano","datePublished":"2017-09-27T05:01:45+00:00","dateModified":"2017-09-27T05:11:22+00:00","mainEntityOfPage":{"@id":"https:\/\/nitu.mx\/index.php\/2017\/09\/27\/secretaria-del-trabajo-se-prepara-para-migracion-por-trabajos-turisticos-al-caribe-mexicano\/"},"wordCount":339,"commentCount":0,"publisher":{"@id":"https:\/\/nitu.mx\/#\/schema\/person\/ae7a53426417292d3dd07b45a33e01bc"},"image":{"@id":"https:\/\/nitu.mx\/index.php\/2017\/09\/27\/secretaria-del-trabajo-se-prepara-para-migracion-por-trabajos-turisticos-al-caribe-mexicano\/#primaryimage"},"thumbnailUrl":"https:\/\/nitu.mx\/wp-content\/uploads\/2017\/09\/Secretar\u00eda-del-Trabajo-QR.jpg","keywords":["Catalina Portillo Navarro","Chiapas","Ciudad de M\u00e9xico","Migraci\u00f3n","Morelos","Oaxaca","Puebla","Secretar\u00eda del Trabajo y Previsi\u00f3n Social de Quintana Roo"],"articleSection":["Destinos","M\u00e9xico"],"inLanguage":"es-MX","potentialAction":[{"@type":"CommentAction","name":"Comment","target":["https:\/\/nitu.mx\/index.php\/2017\/09\/27\/secretaria-del-trabajo-se-prepara-para-migracion-por-trabajos-turisticos-al-caribe-mexicano\/#respond"]}]},{"@type":"WebPage","@id":"https:\/\/nitu.mx\/index.php\/2017\/09\/27\/secretaria-del-trabajo-se-prepara-para-migracion-por-trabajos-turisticos-al-caribe-mexicano\/","url":"https:\/\/nitu.mx\/index.php\/2017\/09\/27\/secretaria-del-trabajo-se-prepara-para-migracion-por-trabajos-turisticos-al-caribe-mexicano\/","name":"Secretar\u00eda del Trabajo de QR se prepara para migraci\u00f3n por trabajos tur\u00edsticos al Caribe Mexicano - Nitu - Noticias de la Industria Turistica","isPartOf":{"@id":"https:\/\/nitu.mx\/#website"},"primaryImageOfPage":{"@id":"https:\/\/nitu.mx\/index.php\/2017\/09\/27\/secretaria-del-trabajo-se-prepara-para-migracion-por-trabajos-turisticos-al-caribe-mexicano\/#primaryimage"},"image":{"@id":"https:\/\/nitu.mx\/index.php\/2017\/09\/27\/secretaria-del-trabajo-se-prepara-para-migracion-por-trabajos-turisticos-al-caribe-mexicano\/#primaryimage"},"thumbnailUrl":"https:\/\/nitu.mx\/wp-content\/uploads\/2017\/09\/Secretar\u00eda-del-Trabajo-QR.jpg","datePublished":"2017-09-27T05:01:45+00:00","dateModified":"2017-09-27T05:11:22+00:00","description":"La titular de la Secretar\u00eda del Trabajo y Previsi\u00f3n Social de Quintana Roo reconoci\u00f3 que se espera una migraci\u00f3n al estado, especialmente al Caribe Mexicano.","breadcrumb":{"@id":"https:\/\/nitu.mx\/index.php\/2017\/09\/27\/secretaria-del-trabajo-se-prepara-para-migracion-por-trabajos-turisticos-al-caribe-mexicano\/#breadcrumb"},"inLanguage":"es-MX","potentialAction":[{"@type":"ReadAction","target":["https:\/\/nitu.mx\/index.php\/2017\/09\/27\/secretaria-del-trabajo-se-prepara-para-migracion-por-trabajos-turisticos-al-caribe-mexicano\/"]}]},{"@type":"ImageObject","inLanguage":"es-MX","@id":"https:\/\/nitu.mx\/index.php\/2017\/09\/27\/secretaria-del-trabajo-se-prepara-para-migracion-por-trabajos-turisticos-al-caribe-mexicano\/#primaryimage","url":"https:\/\/nitu.mx\/wp-content\/uploads\/2017\/09\/Secretar\u00eda-del-Trabajo-QR.jpg","contentUrl":"https:\/\/nitu.mx\/wp-content\/uploads\/2017\/09\/Secretar\u00eda-del-Trabajo-QR.jpg","width":850,"height":480,"caption":"Secretar\u00eda del Trabajo"},{"@type":"BreadcrumbList","@id":"https:\/\/nitu.mx\/index.php\/2017\/09\/27\/secretaria-del-trabajo-se-prepara-para-migracion-por-trabajos-turisticos-al-caribe-mexicano\/#breadcrumb","itemListElement":[{"@type":"ListItem","position":1,"name":"Inicio","item":"https:\/\/nitu.mx\/"},{"@type":"ListItem","position":2,"name":"Secretar\u00eda del Trabajo de QR se prepara para migraci\u00f3n por trabajos tur\u00edsticos al Caribe Mexicano"}]},{"@type":"WebSite","@id":"https:\/\/nitu.mx\/#website","url":"https:\/\/nitu.mx\/","name":"Nitu - Noticias de la Industria Turistica","description":"Noticias de la Industria Turistica","publisher":{"@id":"https:\/\/nitu.mx\/#\/schema\/person\/ae7a53426417292d3dd07b45a33e01bc"},"alternateName":"Noticias de la Industria Turistica","potentialAction":[{"@type":"SearchAction","target":{"@type":"EntryPoint","urlTemplate":"https:\/\/nitu.mx\/?s={search_term_string}"},"query-input":"required name=search_term_string"}],"inLanguage":"es-MX"},{"@type":["Person","Organization"],"@id":"https:\/\/nitu.mx\/#\/schema\/person\/ae7a53426417292d3dd07b45a33e01bc","name":"Arturo Medina","image":{"@type":"ImageObject","inLanguage":"es-MX","@id":"https:\/\/nitu.mx\/#\/schema\/person\/image\/","url":"https:\/\/nitu.mx\/wp-content\/uploads\/2024\/04\/4A315622-1904-4D5C-B022-878CDC840E04-90x90-1.jpeg","contentUrl":"https:\/\/nitu.mx\/wp-content\/uploads\/2024\/04\/4A315622-1904-4D5C-B022-878CDC840E04-90x90-1.jpeg","width":90,"height":90,"caption":"Arturo Medina"},"logo":{"@id":"https:\/\/nitu.mx\/#\/schema\/person\/image\/"},"description":"Director NITU.mx, Egresado de la Escuela de Periodismo Carlos Septi\u00e9n Garc\u00eda. Periodista y analista especializado en turismo desde hace 35 a\u00f1os, radicado en Canc\u00fan Q.Roo. arturo@nitu.mx","sameAs":["https:\/\/nitu.mx","https:\/\/www.facebook.com\/NITUmx\/","medinacancun","https:\/\/twitter.com\/@Arturo_Medina_G"]},{"@type":"Person","@id":"https:\/\/nitu.mx\/#\/schema\/person\/2ecd887b19dfd3382d1f14fc5acf24a8","name":"Alejandra Moncisbays","image":{"@type":"ImageObject","inLanguage":"es-MX","@id":"https:\/\/nitu.mx\/#\/schema\/person\/image\/","url":"https:\/\/secure.gravatar.com\/avatar\/e74f7af0be172b7804dacfd0bfbef787?s=96&d=mm&r=g","contentUrl":"https:\/\/secure.gravatar.com\/avatar\/e74f7af0be172b7804dacfd0bfbef787?s=96&d=mm&r=g","caption":"Alejandra Moncisbays"},"description":"Curs\u00e9 la carrera de Periodismo y Comunicaci\u00f3n en la Facultad de Estudios Profesionales Acatl\u00e1n. Vivo en Canc\u00fan desde hace 24 a\u00f1os. Fui reportera de La Tarde de Canc\u00fan, y Novedades de Quintana Roo, colabor\u00e9 en TVCUN, edit\u00e9 Cancun\u00edssimo y colabor\u00e9 en las revistas Latitud21, entre otras, con principal enfoque en los sectores empresarial y tur\u00edstico. Desde hace varios a\u00f1os soy Agente de Seguros con c\u00e9dula de la Comisi\u00f3n Nacional de Seguros y Fianzas. Actualmente, me desarrollo en los \u00e1mbitos del periodismo y el sector asegurador.","sameAs":["https:\/\/nitu.mx"],"url":"https:\/\/nitu.mx\/index.php\/author\/alejandra\/"}]}},"views":412,"_links":{"self":[{"href":"https:\/\/nitu.mx\/index.php\/wp-json\/wp\/v2\/posts\/13421"}],"collection":[{"href":"https:\/\/nitu.mx\/index.php\/wp-json\/wp\/v2\/posts"}],"about":[{"href":"https:\/\/nitu.mx\/index.php\/wp-json\/wp\/v2\/types\/post"}],"author":[{"embeddable":true,"href":"https:\/\/nitu.mx\/index.php\/wp-json\/wp\/v2\/users\/3"}],"replies":[{"embeddable":true,"href":"https:\/\/nitu.mx\/index.php\/wp-json\/wp\/v2\/comments?post=13421"}],"version-history":[{"count":3,"href":"https:\/\/nitu.mx\/index.php\/wp-json\/wp\/v2\/posts\/13421\/revisions"}],"predecessor-version":[{"id":13442,"href":"https:\/\/nitu.mx\/index.php\/wp-json\/wp\/v2\/posts\/13421\/revisions\/13442"}],"wp:featuredmedia":[{"embeddable":true,"href":"https:\/\/nitu.mx\/index.php\/wp-json\/wp\/v2\/media\/13441"}],"wp:attachment":[{"href":"https:\/\/nitu.mx\/index.php\/wp-json\/wp\/v2\/media?parent=13421"}],"wp:term":[{"taxonomy":"category","embeddable":true,"href":"https:\/\/nitu.mx\/index.php\/wp-json\/wp\/v2\/categories?post=13421"},{"taxonomy":"post_tag","embeddable":true,"href":"https:\/\/nitu.mx\/index.php\/wp-json\/wp\/v2\/tags?post=13421"}],"curies":[{"name":"wp","href":"https:\/\/api.w.org\/{rel}","templated":true}]}}