{"id":13418,"date":"2017-09-26T23:33:36","date_gmt":"2017-09-27T04:33:36","guid":{"rendered":"http:\/\/www.dev.nitu.mx\/?p=13418"},"modified":"2017-09-27T00:11:58","modified_gmt":"2017-09-27T05:11:58","slug":"conmemora-q-roo-dia-mundial-del-turismo-sustentable","status":"publish","type":"post","link":"https:\/\/nitu.mx\/index.php\/2017\/09\/26\/conmemora-q-roo-dia-mundial-del-turismo-sustentable\/","title":{"rendered":"Conmemora Q Roo D\u00eda Mundial del Turismo Sustentable"},"content":{"rendered":"<p>Bajo la premisa que el \u201cTurismo Somos Todos\u201d, el Estado de Quintana Roo conmemora el D\u00eda Mundial del Turismo, \u201c2017, A\u00f1o del Turismo Sostenible\u201d, a trav\u00e9s de diversas acciones encaminadas a promover la inclusi\u00f3n social, el uso responsable de los recursos naturales, la protecci\u00f3n del entorno, la promoci\u00f3n de los valores culturales y el patrimonio.<\/p>\n<p>Con el apoyo de las direcciones municipales de turismo, de la iniciativa privada, as\u00ed como de universidades y la sociedad civil organizada, este mi\u00e9rcoles 27 de septiembre, se llevar\u00e1n a cabo en el estado de Quintana Roo, diversas acciones enfocadas en promover un turismo m\u00e1s responsable.\u00a0(<a title=\"Canc\u00fan segunda sede del d\u00eda Mundial del Turismo\" href=\"http:\/\/www.dev.nitu.mx\/index.php\/2017\/09\/25\/cancun-segunda-sede-del-dia-mundial-del-turismo\/\" rel=\"bookmark\">Canc\u00fan segunda sede del d\u00eda Mundial del Turismo<\/a>).<\/p>\n<p>La agenda de actividades incluye desde las primeras horas, seminarios de turismo y sustentabilidad en Benito Ju\u00e1rez, Canc\u00fan; un foro infantil de turismo sustentable en Tulum, un tour interactivo maya \u201cPueblo Maya\u201d en Cozumel; acciones de reforestaci\u00f3n y entrega de contenedores para colillas de cigarros en Isla Mujeres.<\/p>\n<p>A esto se suma la realizaci\u00f3n de una ceremonia maya en Jos\u00e9 Mar\u00eda Morelos, la inauguraci\u00f3n de un edificio de turismo y arte por parte de la Universidad Intercultural Maya de Quintana Roo, instituci\u00f3n educativa que fomenta la realizaci\u00f3n de recorridos por senderos interpretativos cultural-educativos, que buscan promover los valores culturales y el patrimonio de Quintana Roo.<\/p>\n<p>En la capital de Quintana Roo, Chetumal, se promueve la integraci\u00f3n tur\u00edstica entre el municipio de Othon P. Blanco y el vecino pa\u00eds de Belice; en Mahahual se fomenta la limpieza de playas; en el municipio de Felipe Carrillo Puerto se instalar\u00e1 el consejo consultivo de turismo, y se realizan tours de selva y chicle.<\/p>\n<p>Tambi\u00e9n en el marco del D\u00eda Mundial del Turismo Sustentable, la Secretar\u00eda de Turismo de Quintana Roo inaugurar\u00e1 el M\u00f3dulo de WIFI del Pueblo M\u00e1gico de Bacalar por lo que, gracias a la red inal\u00e1mbrica de libre acceso, este destino tur\u00edstico mejorar\u00e1 de manera significativa su competitividad.<\/p>\n<p>Por la tarde, en la Universidad del Caribe, en Canc\u00fan, la Secretar\u00eda de Turismo\u00a0estatal y diversos actores del sector, as\u00ed como autoridades de los tres niveles de Gobierno, conmemorar\u00e1n el D\u00eda Mundial del Turismo, mediante la firma de m\u00faltiples compromisos. Entre ellos, una mayor promoci\u00f3n de los productos elaborados por artesanos y productores forestales quintanarroenses, la integraci\u00f3n de acciones para el desarrollo de rutas tur\u00edsticas en el centro y sur de Quintana Roo, certificaci\u00f3n de pr\u00e1cticas tur\u00edstico-recreativas en cenotes y cavernas, promoci\u00f3n de la competitividad de empresas tur\u00edsticas a trav\u00e9s de programas y certificaciones, as\u00ed como la instalaci\u00f3n del grupo de trabajo estatal de la pol\u00edtica de fomento a la gastronom\u00eda nacional de Quintana Roo.<\/p>\n","protected":false},"excerpt":{"rendered":"<p>Bajo la premisa que el \u201cTurismo Somos Todos\u201d, el Estado de Quintana Roo conmemora el D\u00eda Mundial del Turismo, \u201c2017, A\u00f1o del Turismo Sostenible\u201d, a trav\u00e9s de diversas acciones encaminadas a promover la inclusi\u00f3n social, el uso responsable de los recursos naturales, la protecci\u00f3n del entorno, la promoci\u00f3n de los valores culturales y el patrimonio. [&hellip;]<\/p>\n","protected":false},"author":17,"featured_media":13439,"comment_status":"open","ping_status":"open","sticky":false,"template":"","format":"standard","meta":{"footnotes":""},"categories":[5,12],"tags":[1760,3803,392,1761,260,421,3856],"yoast_head":"<!-- This site is optimized with the Yoast SEO plugin v22.2 - https:\/\/yoast.com\/wordpress\/plugins\/seo\/ -->\n<title>Conmemora Q Roo D\u00eda Mundial del Turismo Sustentable - Nitu - Noticias de la Industria Turistica<\/title>\n<meta name=\"description\" content=\"Bajo la premisa que el \u201cTurismo Somos Todos\u201d, el Estado de Quintana Roo conmemora el D\u00eda Mundial del Turismo, \u201c2017, A\u00f1o del Turismo Sostenible\u201d.\" \/>\n<meta name=\"robots\" content=\"index, follow, max-snippet:-1, max-image-preview:large, max-video-preview:-1\" \/>\n<link rel=\"canonical\" href=\"https:\/\/nitu.mx\/index.php\/2017\/09\/26\/conmemora-q-roo-dia-mundial-del-turismo-sustentable\/\" \/>\n<meta name=\"twitter:card\" content=\"summary_large_image\" \/>\n<meta name=\"twitter:title\" content=\"Conmemora Q Roo D\u00eda Mundial del Turismo Sustentable - Nitu - Noticias de la Industria Turistica\" \/>\n<meta name=\"twitter:description\" content=\"Bajo la premisa que el \u201cTurismo Somos Todos\u201d, el Estado de Quintana Roo conmemora el D\u00eda Mundial del Turismo, \u201c2017, A\u00f1o del Turismo Sostenible\u201d.\" \/>\n<meta name=\"twitter:image\" content=\"https:\/\/nitu.mx\/wp-content\/uploads\/2017\/09\/limpieza-playas-mahahual.jpg\" \/>\n<meta name=\"twitter:creator\" content=\"@NITUmx\" \/>\n<meta name=\"twitter:site\" content=\"@Arturo_Medina_G\" \/>\n<meta name=\"twitter:label1\" content=\"Escrito por\" \/>\n\t<meta name=\"twitter:data1\" content=\"Redacci\u00f3n\" \/>\n\t<meta name=\"twitter:label2\" content=\"Tiempo de lectura\" \/>\n\t<meta name=\"twitter:data2\" content=\"2 minutos\" \/>\n<script type=\"application\/ld+json\" class=\"yoast-schema-graph\">{\"@context\":\"https:\/\/schema.org\",\"@graph\":[{\"@type\":\"Article\",\"@id\":\"https:\/\/nitu.mx\/index.php\/2017\/09\/26\/conmemora-q-roo-dia-mundial-del-turismo-sustentable\/#article\",\"isPartOf\":{\"@id\":\"https:\/\/nitu.mx\/index.php\/2017\/09\/26\/conmemora-q-roo-dia-mundial-del-turismo-sustentable\/\"},\"author\":{\"name\":\"Redacci\u00f3n\",\"@id\":\"https:\/\/nitu.mx\/#\/schema\/person\/4a28fe9bd65924f7c90623773daf1b0b\"},\"headline\":\"Conmemora Q Roo D\u00eda Mundial del Turismo Sustentable\",\"datePublished\":\"2017-09-27T04:33:36+00:00\",\"dateModified\":\"2017-09-27T05:11:58+00:00\",\"mainEntityOfPage\":{\"@id\":\"https:\/\/nitu.mx\/index.php\/2017\/09\/26\/conmemora-q-roo-dia-mundial-del-turismo-sustentable\/\"},\"wordCount\":485,\"commentCount\":0,\"publisher\":{\"@id\":\"https:\/\/nitu.mx\/#\/schema\/person\/ae7a53426417292d3dd07b45a33e01bc\"},\"image\":{\"@id\":\"https:\/\/nitu.mx\/index.php\/2017\/09\/26\/conmemora-q-roo-dia-mundial-del-turismo-sustentable\/#primaryimage\"},\"thumbnailUrl\":\"https:\/\/nitu.mx\/wp-content\/uploads\/2017\/09\/limpieza-playas-mahahual.jpg\",\"keywords\":[\"Bacalar\",\"D\u00eda Mundial del Turismo\",\"Estado\",\"Pueblo M\u00e1gico\",\"Quintana Roo\",\"turismo\",\"Turismo sustentable\"],\"articleSection\":[\"Destinos\",\"Marketing\"],\"inLanguage\":\"es-MX\",\"potentialAction\":[{\"@type\":\"CommentAction\",\"name\":\"Comment\",\"target\":[\"https:\/\/nitu.mx\/index.php\/2017\/09\/26\/conmemora-q-roo-dia-mundial-del-turismo-sustentable\/#respond\"]}]},{\"@type\":\"WebPage\",\"@id\":\"https:\/\/nitu.mx\/index.php\/2017\/09\/26\/conmemora-q-roo-dia-mundial-del-turismo-sustentable\/\",\"url\":\"https:\/\/nitu.mx\/index.php\/2017\/09\/26\/conmemora-q-roo-dia-mundial-del-turismo-sustentable\/\",\"name\":\"Conmemora Q Roo D\u00eda Mundial del Turismo Sustentable - Nitu - Noticias de la Industria Turistica\",\"isPartOf\":{\"@id\":\"https:\/\/nitu.mx\/#website\"},\"primaryImageOfPage\":{\"@id\":\"https:\/\/nitu.mx\/index.php\/2017\/09\/26\/conmemora-q-roo-dia-mundial-del-turismo-sustentable\/#primaryimage\"},\"image\":{\"@id\":\"https:\/\/nitu.mx\/index.php\/2017\/09\/26\/conmemora-q-roo-dia-mundial-del-turismo-sustentable\/#primaryimage\"},\"thumbnailUrl\":\"https:\/\/nitu.mx\/wp-content\/uploads\/2017\/09\/limpieza-playas-mahahual.jpg\",\"datePublished\":\"2017-09-27T04:33:36+00:00\",\"dateModified\":\"2017-09-27T05:11:58+00:00\",\"description\":\"Bajo la premisa que el \u201cTurismo Somos Todos\u201d, el Estado de Quintana Roo conmemora el D\u00eda Mundial del Turismo, \u201c2017, A\u00f1o del Turismo Sostenible\u201d.\",\"breadcrumb\":{\"@id\":\"https:\/\/nitu.mx\/index.php\/2017\/09\/26\/conmemora-q-roo-dia-mundial-del-turismo-sustentable\/#breadcrumb\"},\"inLanguage\":\"es-MX\",\"potentialAction\":[{\"@type\":\"ReadAction\",\"target\":[\"https:\/\/nitu.mx\/index.php\/2017\/09\/26\/conmemora-q-roo-dia-mundial-del-turismo-sustentable\/\"]}]},{\"@type\":\"ImageObject\",\"inLanguage\":\"es-MX\",\"@id\":\"https:\/\/nitu.mx\/index.php\/2017\/09\/26\/conmemora-q-roo-dia-mundial-del-turismo-sustentable\/#primaryimage\",\"url\":\"https:\/\/nitu.mx\/wp-content\/uploads\/2017\/09\/limpieza-playas-mahahual.jpg\",\"contentUrl\":\"https:\/\/nitu.mx\/wp-content\/uploads\/2017\/09\/limpieza-playas-mahahual.jpg\",\"width\":850,\"height\":480,\"caption\":\"limpieza playas mahahual\"},{\"@type\":\"BreadcrumbList\",\"@id\":\"https:\/\/nitu.mx\/index.php\/2017\/09\/26\/conmemora-q-roo-dia-mundial-del-turismo-sustentable\/#breadcrumb\",\"itemListElement\":[{\"@type\":\"ListItem\",\"position\":1,\"name\":\"Inicio\",\"item\":\"https:\/\/nitu.mx\/\"},{\"@type\":\"ListItem\",\"position\":2,\"name\":\"Conmemora Q Roo D\u00eda Mundial del Turismo Sustentable\"}]},{\"@type\":\"WebSite\",\"@id\":\"https:\/\/nitu.mx\/#website\",\"url\":\"https:\/\/nitu.mx\/\",\"name\":\"Nitu - Noticias de la Industria Turistica\",\"description\":\"Noticias de la Industria Turistica\",\"publisher\":{\"@id\":\"https:\/\/nitu.mx\/#\/schema\/person\/ae7a53426417292d3dd07b45a33e01bc\"},\"alternateName\":\"Noticias de la Industria Turistica\",\"potentialAction\":[{\"@type\":\"SearchAction\",\"target\":{\"@type\":\"EntryPoint\",\"urlTemplate\":\"https:\/\/nitu.mx\/?s={search_term_string}\"},\"query-input\":\"required name=search_term_string\"}],\"inLanguage\":\"es-MX\"},{\"@type\":[\"Person\",\"Organization\"],\"@id\":\"https:\/\/nitu.mx\/#\/schema\/person\/ae7a53426417292d3dd07b45a33e01bc\",\"name\":\"Arturo Medina\",\"image\":{\"@type\":\"ImageObject\",\"inLanguage\":\"es-MX\",\"@id\":\"https:\/\/nitu.mx\/#\/schema\/person\/image\/\",\"url\":\"https:\/\/nitu.mx\/wp-content\/uploads\/2024\/04\/4A315622-1904-4D5C-B022-878CDC840E04-90x90-1.jpeg\",\"contentUrl\":\"https:\/\/nitu.mx\/wp-content\/uploads\/2024\/04\/4A315622-1904-4D5C-B022-878CDC840E04-90x90-1.jpeg\",\"width\":90,\"height\":90,\"caption\":\"Arturo Medina\"},\"logo\":{\"@id\":\"https:\/\/nitu.mx\/#\/schema\/person\/image\/\"},\"description\":\"Director NITU.mx, Egresado de la Escuela de Periodismo Carlos Septi\u00e9n Garc\u00eda. Periodista y analista especializado en turismo desde hace 35 a\u00f1os, radicado en Canc\u00fan Q.Roo. arturo@nitu.mx\",\"sameAs\":[\"https:\/\/nitu.mx\",\"https:\/\/www.facebook.com\/NITUmx\/\",\"medinacancun\",\"https:\/\/twitter.com\/@Arturo_Medina_G\"]},{\"@type\":\"Person\",\"@id\":\"https:\/\/nitu.mx\/#\/schema\/person\/4a28fe9bd65924f7c90623773daf1b0b\",\"name\":\"Redacci\u00f3n\",\"image\":{\"@type\":\"ImageObject\",\"inLanguage\":\"es-MX\",\"@id\":\"https:\/\/nitu.mx\/#\/schema\/person\/image\/\",\"url\":\"https:\/\/secure.gravatar.com\/avatar\/5dd011c8ccfc5cd7e4c81e42252aab38?s=96&d=mm&r=g\",\"contentUrl\":\"https:\/\/secure.gravatar.com\/avatar\/5dd011c8ccfc5cd7e4c81e42252aab38?s=96&d=mm&r=g\",\"caption\":\"Redacci\u00f3n\"},\"url\":\"https:\/\/nitu.mx\/index.php\/author\/redaccion\/\"}]}<\/script>\n<!-- \/ Yoast SEO plugin. -->","yoast_head_json":{"title":"Conmemora Q Roo D\u00eda Mundial del Turismo Sustentable - Nitu - Noticias de la Industria Turistica","description":"Bajo la premisa que el \u201cTurismo Somos Todos\u201d, el Estado de Quintana Roo conmemora el D\u00eda Mundial del Turismo, \u201c2017, A\u00f1o del Turismo Sostenible\u201d.","robots":{"index":"index","follow":"follow","max-snippet":"max-snippet:-1","max-image-preview":"max-image-preview:large","max-video-preview":"max-video-preview:-1"},"canonical":"https:\/\/nitu.mx\/index.php\/2017\/09\/26\/conmemora-q-roo-dia-mundial-del-turismo-sustentable\/","twitter_card":"summary_large_image","twitter_title":"Conmemora Q Roo D\u00eda Mundial del Turismo Sustentable - Nitu - Noticias de la Industria Turistica","twitter_description":"Bajo la premisa que el \u201cTurismo Somos Todos\u201d, el Estado de Quintana Roo conmemora el D\u00eda Mundial del Turismo, \u201c2017, A\u00f1o del Turismo Sostenible\u201d.","twitter_image":"https:\/\/nitu.mx\/wp-content\/uploads\/2017\/09\/limpieza-playas-mahahual.jpg","twitter_creator":"@NITUmx","twitter_site":"@Arturo_Medina_G","twitter_misc":{"Escrito por":"Redacci\u00f3n","Tiempo de lectura":"2 minutos"},"schema":{"@context":"https:\/\/schema.org","@graph":[{"@type":"Article","@id":"https:\/\/nitu.mx\/index.php\/2017\/09\/26\/conmemora-q-roo-dia-mundial-del-turismo-sustentable\/#article","isPartOf":{"@id":"https:\/\/nitu.mx\/index.php\/2017\/09\/26\/conmemora-q-roo-dia-mundial-del-turismo-sustentable\/"},"author":{"name":"Redacci\u00f3n","@id":"https:\/\/nitu.mx\/#\/schema\/person\/4a28fe9bd65924f7c90623773daf1b0b"},"headline":"Conmemora Q Roo D\u00eda Mundial del Turismo Sustentable","datePublished":"2017-09-27T04:33:36+00:00","dateModified":"2017-09-27T05:11:58+00:00","mainEntityOfPage":{"@id":"https:\/\/nitu.mx\/index.php\/2017\/09\/26\/conmemora-q-roo-dia-mundial-del-turismo-sustentable\/"},"wordCount":485,"commentCount":0,"publisher":{"@id":"https:\/\/nitu.mx\/#\/schema\/person\/ae7a53426417292d3dd07b45a33e01bc"},"image":{"@id":"https:\/\/nitu.mx\/index.php\/2017\/09\/26\/conmemora-q-roo-dia-mundial-del-turismo-sustentable\/#primaryimage"},"thumbnailUrl":"https:\/\/nitu.mx\/wp-content\/uploads\/2017\/09\/limpieza-playas-mahahual.jpg","keywords":["Bacalar","D\u00eda Mundial del Turismo","Estado","Pueblo M\u00e1gico","Quintana Roo","turismo","Turismo sustentable"],"articleSection":["Destinos","Marketing"],"inLanguage":"es-MX","potentialAction":[{"@type":"CommentAction","name":"Comment","target":["https:\/\/nitu.mx\/index.php\/2017\/09\/26\/conmemora-q-roo-dia-mundial-del-turismo-sustentable\/#respond"]}]},{"@type":"WebPage","@id":"https:\/\/nitu.mx\/index.php\/2017\/09\/26\/conmemora-q-roo-dia-mundial-del-turismo-sustentable\/","url":"https:\/\/nitu.mx\/index.php\/2017\/09\/26\/conmemora-q-roo-dia-mundial-del-turismo-sustentable\/","name":"Conmemora Q Roo D\u00eda Mundial del Turismo Sustentable - Nitu - Noticias de la Industria Turistica","isPartOf":{"@id":"https:\/\/nitu.mx\/#website"},"primaryImageOfPage":{"@id":"https:\/\/nitu.mx\/index.php\/2017\/09\/26\/conmemora-q-roo-dia-mundial-del-turismo-sustentable\/#primaryimage"},"image":{"@id":"https:\/\/nitu.mx\/index.php\/2017\/09\/26\/conmemora-q-roo-dia-mundial-del-turismo-sustentable\/#primaryimage"},"thumbnailUrl":"https:\/\/nitu.mx\/wp-content\/uploads\/2017\/09\/limpieza-playas-mahahual.jpg","datePublished":"2017-09-27T04:33:36+00:00","dateModified":"2017-09-27T05:11:58+00:00","description":"Bajo la premisa que el \u201cTurismo Somos Todos\u201d, el Estado de Quintana Roo conmemora el D\u00eda Mundial del Turismo, \u201c2017, A\u00f1o del Turismo Sostenible\u201d.","breadcrumb":{"@id":"https:\/\/nitu.mx\/index.php\/2017\/09\/26\/conmemora-q-roo-dia-mundial-del-turismo-sustentable\/#breadcrumb"},"inLanguage":"es-MX","potentialAction":[{"@type":"ReadAction","target":["https:\/\/nitu.mx\/index.php\/2017\/09\/26\/conmemora-q-roo-dia-mundial-del-turismo-sustentable\/"]}]},{"@type":"ImageObject","inLanguage":"es-MX","@id":"https:\/\/nitu.mx\/index.php\/2017\/09\/26\/conmemora-q-roo-dia-mundial-del-turismo-sustentable\/#primaryimage","url":"https:\/\/nitu.mx\/wp-content\/uploads\/2017\/09\/limpieza-playas-mahahual.jpg","contentUrl":"https:\/\/nitu.mx\/wp-content\/uploads\/2017\/09\/limpieza-playas-mahahual.jpg","width":850,"height":480,"caption":"limpieza playas mahahual"},{"@type":"BreadcrumbList","@id":"https:\/\/nitu.mx\/index.php\/2017\/09\/26\/conmemora-q-roo-dia-mundial-del-turismo-sustentable\/#breadcrumb","itemListElement":[{"@type":"ListItem","position":1,"name":"Inicio","item":"https:\/\/nitu.mx\/"},{"@type":"ListItem","position":2,"name":"Conmemora Q Roo D\u00eda Mundial del Turismo Sustentable"}]},{"@type":"WebSite","@id":"https:\/\/nitu.mx\/#website","url":"https:\/\/nitu.mx\/","name":"Nitu - Noticias de la Industria Turistica","description":"Noticias de la Industria Turistica","publisher":{"@id":"https:\/\/nitu.mx\/#\/schema\/person\/ae7a53426417292d3dd07b45a33e01bc"},"alternateName":"Noticias de la Industria Turistica","potentialAction":[{"@type":"SearchAction","target":{"@type":"EntryPoint","urlTemplate":"https:\/\/nitu.mx\/?s={search_term_string}"},"query-input":"required name=search_term_string"}],"inLanguage":"es-MX"},{"@type":["Person","Organization"],"@id":"https:\/\/nitu.mx\/#\/schema\/person\/ae7a53426417292d3dd07b45a33e01bc","name":"Arturo Medina","image":{"@type":"ImageObject","inLanguage":"es-MX","@id":"https:\/\/nitu.mx\/#\/schema\/person\/image\/","url":"https:\/\/nitu.mx\/wp-content\/uploads\/2024\/04\/4A315622-1904-4D5C-B022-878CDC840E04-90x90-1.jpeg","contentUrl":"https:\/\/nitu.mx\/wp-content\/uploads\/2024\/04\/4A315622-1904-4D5C-B022-878CDC840E04-90x90-1.jpeg","width":90,"height":90,"caption":"Arturo Medina"},"logo":{"@id":"https:\/\/nitu.mx\/#\/schema\/person\/image\/"},"description":"Director NITU.mx, Egresado de la Escuela de Periodismo Carlos Septi\u00e9n Garc\u00eda. Periodista y analista especializado en turismo desde hace 35 a\u00f1os, radicado en Canc\u00fan Q.Roo. arturo@nitu.mx","sameAs":["https:\/\/nitu.mx","https:\/\/www.facebook.com\/NITUmx\/","medinacancun","https:\/\/twitter.com\/@Arturo_Medina_G"]},{"@type":"Person","@id":"https:\/\/nitu.mx\/#\/schema\/person\/4a28fe9bd65924f7c90623773daf1b0b","name":"Redacci\u00f3n","image":{"@type":"ImageObject","inLanguage":"es-MX","@id":"https:\/\/nitu.mx\/#\/schema\/person\/image\/","url":"https:\/\/secure.gravatar.com\/avatar\/5dd011c8ccfc5cd7e4c81e42252aab38?s=96&d=mm&r=g","contentUrl":"https:\/\/secure.gravatar.com\/avatar\/5dd011c8ccfc5cd7e4c81e42252aab38?s=96&d=mm&r=g","caption":"Redacci\u00f3n"},"url":"https:\/\/nitu.mx\/index.php\/author\/redaccion\/"}]}},"views":288,"_links":{"self":[{"href":"https:\/\/nitu.mx\/index.php\/wp-json\/wp\/v2\/posts\/13418"}],"collection":[{"href":"https:\/\/nitu.mx\/index.php\/wp-json\/wp\/v2\/posts"}],"about":[{"href":"https:\/\/nitu.mx\/index.php\/wp-json\/wp\/v2\/types\/post"}],"author":[{"embeddable":true,"href":"https:\/\/nitu.mx\/index.php\/wp-json\/wp\/v2\/users\/17"}],"replies":[{"embeddable":true,"href":"https:\/\/nitu.mx\/index.php\/wp-json\/wp\/v2\/comments?post=13418"}],"version-history":[{"count":4,"href":"https:\/\/nitu.mx\/index.php\/wp-json\/wp\/v2\/posts\/13418\/revisions"}],"predecessor-version":[{"id":13438,"href":"https:\/\/nitu.mx\/index.php\/wp-json\/wp\/v2\/posts\/13418\/revisions\/13438"}],"wp:featuredmedia":[{"embeddable":true,"href":"https:\/\/nitu.mx\/index.php\/wp-json\/wp\/v2\/media\/13439"}],"wp:attachment":[{"href":"https:\/\/nitu.mx\/index.php\/wp-json\/wp\/v2\/media?parent=13418"}],"wp:term":[{"taxonomy":"category","embeddable":true,"href":"https:\/\/nitu.mx\/index.php\/wp-json\/wp\/v2\/categories?post=13418"},{"taxonomy":"post_tag","embeddable":true,"href":"https:\/\/nitu.mx\/index.php\/wp-json\/wp\/v2\/tags?post=13418"}],"curies":[{"name":"wp","href":"https:\/\/api.w.org\/{rel}","templated":true}]}}