{"id":13416,"date":"2017-09-26T23:17:10","date_gmt":"2017-09-27T04:17:10","guid":{"rendered":"http:\/\/www.dev.nitu.mx\/?p=13416"},"modified":"2017-09-27T00:11:39","modified_gmt":"2017-09-27T05:11:39","slug":"danos-en-el-aicm-no-ponen-en-riesgo-seguridad-de-los-usuarios-sct","status":"publish","type":"post","link":"https:\/\/nitu.mx\/index.php\/2017\/09\/26\/danos-en-el-aicm-no-ponen-en-riesgo-seguridad-de-los-usuarios-sct\/","title":{"rendered":"Da\u00f1os en el AICM no ponen en riesgo seguridad de los usuarios: SCT"},"content":{"rendered":"<p>Al finalizar las revisiones de las dos terminales del Aeropuerto Internacional de la Ciudad de M\u00e9xico (AICM), la Secretar\u00eda de Comunicaciones y Transportes (SCT), inform\u00f3 que s\u00f3lo se registraron afectaciones en la rampa de acceso vehicular de la Terminal 2, mismas que no ponen en riesgo la seguridad de los usuarios, ni las operaciones de despegues y aterrizajes.<\/p>\n<p>La dependencia se\u00f1al\u00f3 que dicha grieta, que se origin\u00f3 por el sismo del 19 de septiembre, fue reparada de inmediato, y que la suspensi\u00f3n de labores posterior al temblor, se debi\u00f3 a la aplicaci\u00f3n de los protocolos de seguridad para revisar la infraestructura f\u00edsica y tecnol\u00f3gica que incluye las pistas, instalaciones de combustibles, radio ayudas, instalaciones el\u00e9ctricas, plataformas y edificios terminales.<\/p>\n<p>Lo aparatoso de las im\u00e1genes de la rampa de acceso, en donde un veh\u00edculo qued\u00f3 atorado, dieron la vuelta al mundo e hicieron suponer que las afectaciones del aeropuerto ser\u00edan muy serias, luego del terremoto que hasta el momento ha cobrado la vida de m\u00e1s de 300 personas. Sin embargo, la SCT enfatiza que los movimientos tel\u00faricos del 7, 19 y 23 de septiembre, no generaron da\u00f1os que afecte la operaci\u00f3n del AICM.\u00a0(<a title=\"AICM reanuda operaciones de forma paulatina tras sismo\" href=\"http:\/\/www.dev.nitu.mx\/index.php\/2017\/09\/20\/aicm-reanuda-operaciones-paulatinamente-tras-sismo\/\" rel=\"bookmark\">AICM reanuda operaciones de forma paulatina tras sismo<\/a>).<\/p>\n<p>De hecho, reiter\u00f3 la importancia que este aeropuerto como puente de ayuda, pues por aqu\u00ed han pasado m\u00e1s de 70 toneladas de ayuda humanitaria a trav\u00e9s de 19 vuelos comerciales y oficiales, equipos de rescate y salvamento, as\u00ed como 522 personas entre rescatistas, m\u00e9dicos e ingenieros expertos y 25 unidades caninas.<\/p>\n<p>Delegaciones de apoyo de 12 pa\u00edses llegaron a esta terminal, desde el pasado s\u00e1bado, mismas que a partir de este martes empezaron a emprender el regreso tras apoyar en las labores de b\u00fasqueda de cuerpos.<\/p>\n<p>Diariamente se realizan en el AICM en promedio, mil 100 operaciones a\u00e9reas entre despegues y aterrizajes; mismas que se realizan con normalidad, as\u00ed como el funcionamiento de 974 locales comerciales entre cafeter\u00edas, restaurantes, tiendas de regalos, bancos, casas de cambio, farmacias, entre otros.<\/p>\n","protected":false},"excerpt":{"rendered":"<p>Al finalizar las revisiones de las dos terminales del Aeropuerto Internacional de la Ciudad de M\u00e9xico (AICM), la Secretar\u00eda de Comunicaciones y Transportes (SCT), inform\u00f3 que s\u00f3lo se registraron afectaciones en la rampa de acceso vehicular de la Terminal 2, mismas que no ponen en riesgo la seguridad de los usuarios, ni las operaciones de [&hellip;]<\/p>\n","protected":false},"author":5,"featured_media":13433,"comment_status":"open","ping_status":"open","sticky":false,"template":"","format":"standard","meta":{"footnotes":""},"categories":[29,6],"tags":[1342,700,5990],"yoast_head":"<!-- This site is optimized with the Yoast SEO plugin v22.2 - https:\/\/yoast.com\/wordpress\/plugins\/seo\/ -->\n<title>Da\u00f1os en el AICM no ponen en riesgo seguridad de los usuarios: SCT - Nitu - Noticias de la Industria Turistica<\/title>\n<meta name=\"description\" content=\"La SCT inform\u00f3 que las afectaciones en la rampa de acceso vehicular de la Terminal 2 del AICM no ponen en riesgo la seguridad de los usuarios\" \/>\n<meta name=\"robots\" content=\"index, follow, max-snippet:-1, max-image-preview:large, max-video-preview:-1\" \/>\n<link rel=\"canonical\" href=\"https:\/\/nitu.mx\/index.php\/2017\/09\/26\/danos-en-el-aicm-no-ponen-en-riesgo-seguridad-de-los-usuarios-sct\/\" \/>\n<meta name=\"twitter:card\" content=\"summary_large_image\" \/>\n<meta name=\"twitter:title\" content=\"Da\u00f1os en el AICM no ponen en riesgo seguridad de los usuarios: SCT - Nitu - Noticias de la Industria Turistica\" \/>\n<meta name=\"twitter:description\" content=\"La SCT inform\u00f3 que las afectaciones en la rampa de acceso vehicular de la Terminal 2 del AICM no ponen en riesgo la seguridad de los usuarios\" \/>\n<meta name=\"twitter:image\" content=\"https:\/\/nitu.mx\/wp-content\/uploads\/2017\/09\/Pasillo-T2-AICM.jpg\" \/>\n<meta name=\"twitter:creator\" content=\"@NITUmx\" \/>\n<meta name=\"twitter:site\" content=\"@Arturo_Medina_G\" \/>\n<meta name=\"twitter:label1\" content=\"Escrito por\" \/>\n\t<meta name=\"twitter:data1\" content=\"Mari Soto\" \/>\n\t<meta name=\"twitter:label2\" content=\"Tiempo de lectura\" \/>\n\t<meta name=\"twitter:data2\" content=\"2 minutos\" \/>\n<script type=\"application\/ld+json\" class=\"yoast-schema-graph\">{\"@context\":\"https:\/\/schema.org\",\"@graph\":[{\"@type\":\"Article\",\"@id\":\"https:\/\/nitu.mx\/index.php\/2017\/09\/26\/danos-en-el-aicm-no-ponen-en-riesgo-seguridad-de-los-usuarios-sct\/#article\",\"isPartOf\":{\"@id\":\"https:\/\/nitu.mx\/index.php\/2017\/09\/26\/danos-en-el-aicm-no-ponen-en-riesgo-seguridad-de-los-usuarios-sct\/\"},\"author\":{\"name\":\"Mari Soto\",\"@id\":\"https:\/\/nitu.mx\/#\/schema\/person\/afc52e313e27e660739556d421d3d6b4\"},\"headline\":\"Da\u00f1os en el AICM no ponen en riesgo seguridad de los usuarios: SCT\",\"datePublished\":\"2017-09-27T04:17:10+00:00\",\"dateModified\":\"2017-09-27T05:11:39+00:00\",\"mainEntityOfPage\":{\"@id\":\"https:\/\/nitu.mx\/index.php\/2017\/09\/26\/danos-en-el-aicm-no-ponen-en-riesgo-seguridad-de-los-usuarios-sct\/\"},\"wordCount\":354,\"commentCount\":0,\"publisher\":{\"@id\":\"https:\/\/nitu.mx\/#\/schema\/person\/ae7a53426417292d3dd07b45a33e01bc\"},\"image\":{\"@id\":\"https:\/\/nitu.mx\/index.php\/2017\/09\/26\/danos-en-el-aicm-no-ponen-en-riesgo-seguridad-de-los-usuarios-sct\/#primaryimage\"},\"thumbnailUrl\":\"https:\/\/nitu.mx\/wp-content\/uploads\/2017\/09\/Pasillo-T2-AICM.jpg\",\"keywords\":[\"Aeropuerto Internacional de la Ciudad de M\u00e9xico (AICM)\",\"Secretar\u00eda de Comunicaciones y Transportes (SCT)\",\"sismo\"],\"articleSection\":[\"Aerol\u00edneas\",\"M\u00e9xico\"],\"inLanguage\":\"es-MX\",\"potentialAction\":[{\"@type\":\"CommentAction\",\"name\":\"Comment\",\"target\":[\"https:\/\/nitu.mx\/index.php\/2017\/09\/26\/danos-en-el-aicm-no-ponen-en-riesgo-seguridad-de-los-usuarios-sct\/#respond\"]}]},{\"@type\":\"WebPage\",\"@id\":\"https:\/\/nitu.mx\/index.php\/2017\/09\/26\/danos-en-el-aicm-no-ponen-en-riesgo-seguridad-de-los-usuarios-sct\/\",\"url\":\"https:\/\/nitu.mx\/index.php\/2017\/09\/26\/danos-en-el-aicm-no-ponen-en-riesgo-seguridad-de-los-usuarios-sct\/\",\"name\":\"Da\u00f1os en el AICM no ponen en riesgo seguridad de los usuarios: SCT - Nitu - Noticias de la Industria Turistica\",\"isPartOf\":{\"@id\":\"https:\/\/nitu.mx\/#website\"},\"primaryImageOfPage\":{\"@id\":\"https:\/\/nitu.mx\/index.php\/2017\/09\/26\/danos-en-el-aicm-no-ponen-en-riesgo-seguridad-de-los-usuarios-sct\/#primaryimage\"},\"image\":{\"@id\":\"https:\/\/nitu.mx\/index.php\/2017\/09\/26\/danos-en-el-aicm-no-ponen-en-riesgo-seguridad-de-los-usuarios-sct\/#primaryimage\"},\"thumbnailUrl\":\"https:\/\/nitu.mx\/wp-content\/uploads\/2017\/09\/Pasillo-T2-AICM.jpg\",\"datePublished\":\"2017-09-27T04:17:10+00:00\",\"dateModified\":\"2017-09-27T05:11:39+00:00\",\"description\":\"La SCT inform\u00f3 que las afectaciones en la rampa de acceso vehicular de la Terminal 2 del AICM no ponen en riesgo la seguridad de los usuarios\",\"breadcrumb\":{\"@id\":\"https:\/\/nitu.mx\/index.php\/2017\/09\/26\/danos-en-el-aicm-no-ponen-en-riesgo-seguridad-de-los-usuarios-sct\/#breadcrumb\"},\"inLanguage\":\"es-MX\",\"potentialAction\":[{\"@type\":\"ReadAction\",\"target\":[\"https:\/\/nitu.mx\/index.php\/2017\/09\/26\/danos-en-el-aicm-no-ponen-en-riesgo-seguridad-de-los-usuarios-sct\/\"]}]},{\"@type\":\"ImageObject\",\"inLanguage\":\"es-MX\",\"@id\":\"https:\/\/nitu.mx\/index.php\/2017\/09\/26\/danos-en-el-aicm-no-ponen-en-riesgo-seguridad-de-los-usuarios-sct\/#primaryimage\",\"url\":\"https:\/\/nitu.mx\/wp-content\/uploads\/2017\/09\/Pasillo-T2-AICM.jpg\",\"contentUrl\":\"https:\/\/nitu.mx\/wp-content\/uploads\/2017\/09\/Pasillo-T2-AICM.jpg\",\"width\":850,\"height\":480,\"caption\":\"AICM\"},{\"@type\":\"BreadcrumbList\",\"@id\":\"https:\/\/nitu.mx\/index.php\/2017\/09\/26\/danos-en-el-aicm-no-ponen-en-riesgo-seguridad-de-los-usuarios-sct\/#breadcrumb\",\"itemListElement\":[{\"@type\":\"ListItem\",\"position\":1,\"name\":\"Inicio\",\"item\":\"https:\/\/nitu.mx\/\"},{\"@type\":\"ListItem\",\"position\":2,\"name\":\"Da\u00f1os en el AICM no ponen en riesgo seguridad de los usuarios: SCT\"}]},{\"@type\":\"WebSite\",\"@id\":\"https:\/\/nitu.mx\/#website\",\"url\":\"https:\/\/nitu.mx\/\",\"name\":\"Nitu - Noticias de la Industria Turistica\",\"description\":\"Noticias de la Industria Turistica\",\"publisher\":{\"@id\":\"https:\/\/nitu.mx\/#\/schema\/person\/ae7a53426417292d3dd07b45a33e01bc\"},\"alternateName\":\"Noticias de la Industria Turistica\",\"potentialAction\":[{\"@type\":\"SearchAction\",\"target\":{\"@type\":\"EntryPoint\",\"urlTemplate\":\"https:\/\/nitu.mx\/?s={search_term_string}\"},\"query-input\":\"required name=search_term_string\"}],\"inLanguage\":\"es-MX\"},{\"@type\":[\"Person\",\"Organization\"],\"@id\":\"https:\/\/nitu.mx\/#\/schema\/person\/ae7a53426417292d3dd07b45a33e01bc\",\"name\":\"Arturo Medina\",\"image\":{\"@type\":\"ImageObject\",\"inLanguage\":\"es-MX\",\"@id\":\"https:\/\/nitu.mx\/#\/schema\/person\/image\/\",\"url\":\"https:\/\/nitu.mx\/wp-content\/uploads\/2024\/04\/4A315622-1904-4D5C-B022-878CDC840E04-90x90-1.jpeg\",\"contentUrl\":\"https:\/\/nitu.mx\/wp-content\/uploads\/2024\/04\/4A315622-1904-4D5C-B022-878CDC840E04-90x90-1.jpeg\",\"width\":90,\"height\":90,\"caption\":\"Arturo Medina\"},\"logo\":{\"@id\":\"https:\/\/nitu.mx\/#\/schema\/person\/image\/\"},\"description\":\"Director NITU.mx, Egresado de la Escuela de Periodismo Carlos Septi\u00e9n Garc\u00eda. Periodista y analista especializado en turismo desde hace 35 a\u00f1os, radicado en Canc\u00fan Q.Roo. arturo@nitu.mx\",\"sameAs\":[\"https:\/\/nitu.mx\",\"https:\/\/www.facebook.com\/NITUmx\/\",\"medinacancun\",\"https:\/\/twitter.com\/@Arturo_Medina_G\"]},{\"@type\":\"Person\",\"@id\":\"https:\/\/nitu.mx\/#\/schema\/person\/afc52e313e27e660739556d421d3d6b4\",\"name\":\"Mari Soto\",\"image\":{\"@type\":\"ImageObject\",\"inLanguage\":\"es-MX\",\"@id\":\"https:\/\/nitu.mx\/#\/schema\/person\/image\/\",\"url\":\"https:\/\/secure.gravatar.com\/avatar\/2619c282a180a20d89fcaea82a6736e2?s=96&d=mm&r=g\",\"contentUrl\":\"https:\/\/secure.gravatar.com\/avatar\/2619c282a180a20d89fcaea82a6736e2?s=96&d=mm&r=g\",\"caption\":\"Mari Soto\"},\"sameAs\":[\"https:\/\/nitu.mx\"],\"url\":\"https:\/\/nitu.mx\/index.php\/author\/guadalupe\/\"}]}<\/script>\n<!-- \/ Yoast SEO plugin. -->","yoast_head_json":{"title":"Da\u00f1os en el AICM no ponen en riesgo seguridad de los usuarios: SCT - Nitu - Noticias de la Industria Turistica","description":"La SCT inform\u00f3 que las afectaciones en la rampa de acceso vehicular de la Terminal 2 del AICM no ponen en riesgo la seguridad de los usuarios","robots":{"index":"index","follow":"follow","max-snippet":"max-snippet:-1","max-image-preview":"max-image-preview:large","max-video-preview":"max-video-preview:-1"},"canonical":"https:\/\/nitu.mx\/index.php\/2017\/09\/26\/danos-en-el-aicm-no-ponen-en-riesgo-seguridad-de-los-usuarios-sct\/","twitter_card":"summary_large_image","twitter_title":"Da\u00f1os en el AICM no ponen en riesgo seguridad de los usuarios: SCT - Nitu - Noticias de la Industria Turistica","twitter_description":"La SCT inform\u00f3 que las afectaciones en la rampa de acceso vehicular de la Terminal 2 del AICM no ponen en riesgo la seguridad de los usuarios","twitter_image":"https:\/\/nitu.mx\/wp-content\/uploads\/2017\/09\/Pasillo-T2-AICM.jpg","twitter_creator":"@NITUmx","twitter_site":"@Arturo_Medina_G","twitter_misc":{"Escrito por":"Mari Soto","Tiempo de lectura":"2 minutos"},"schema":{"@context":"https:\/\/schema.org","@graph":[{"@type":"Article","@id":"https:\/\/nitu.mx\/index.php\/2017\/09\/26\/danos-en-el-aicm-no-ponen-en-riesgo-seguridad-de-los-usuarios-sct\/#article","isPartOf":{"@id":"https:\/\/nitu.mx\/index.php\/2017\/09\/26\/danos-en-el-aicm-no-ponen-en-riesgo-seguridad-de-los-usuarios-sct\/"},"author":{"name":"Mari Soto","@id":"https:\/\/nitu.mx\/#\/schema\/person\/afc52e313e27e660739556d421d3d6b4"},"headline":"Da\u00f1os en el AICM no ponen en riesgo seguridad de los usuarios: SCT","datePublished":"2017-09-27T04:17:10+00:00","dateModified":"2017-09-27T05:11:39+00:00","mainEntityOfPage":{"@id":"https:\/\/nitu.mx\/index.php\/2017\/09\/26\/danos-en-el-aicm-no-ponen-en-riesgo-seguridad-de-los-usuarios-sct\/"},"wordCount":354,"commentCount":0,"publisher":{"@id":"https:\/\/nitu.mx\/#\/schema\/person\/ae7a53426417292d3dd07b45a33e01bc"},"image":{"@id":"https:\/\/nitu.mx\/index.php\/2017\/09\/26\/danos-en-el-aicm-no-ponen-en-riesgo-seguridad-de-los-usuarios-sct\/#primaryimage"},"thumbnailUrl":"https:\/\/nitu.mx\/wp-content\/uploads\/2017\/09\/Pasillo-T2-AICM.jpg","keywords":["Aeropuerto Internacional de la Ciudad de M\u00e9xico (AICM)","Secretar\u00eda de Comunicaciones y Transportes (SCT)","sismo"],"articleSection":["Aerol\u00edneas","M\u00e9xico"],"inLanguage":"es-MX","potentialAction":[{"@type":"CommentAction","name":"Comment","target":["https:\/\/nitu.mx\/index.php\/2017\/09\/26\/danos-en-el-aicm-no-ponen-en-riesgo-seguridad-de-los-usuarios-sct\/#respond"]}]},{"@type":"WebPage","@id":"https:\/\/nitu.mx\/index.php\/2017\/09\/26\/danos-en-el-aicm-no-ponen-en-riesgo-seguridad-de-los-usuarios-sct\/","url":"https:\/\/nitu.mx\/index.php\/2017\/09\/26\/danos-en-el-aicm-no-ponen-en-riesgo-seguridad-de-los-usuarios-sct\/","name":"Da\u00f1os en el AICM no ponen en riesgo seguridad de los usuarios: SCT - Nitu - Noticias de la Industria Turistica","isPartOf":{"@id":"https:\/\/nitu.mx\/#website"},"primaryImageOfPage":{"@id":"https:\/\/nitu.mx\/index.php\/2017\/09\/26\/danos-en-el-aicm-no-ponen-en-riesgo-seguridad-de-los-usuarios-sct\/#primaryimage"},"image":{"@id":"https:\/\/nitu.mx\/index.php\/2017\/09\/26\/danos-en-el-aicm-no-ponen-en-riesgo-seguridad-de-los-usuarios-sct\/#primaryimage"},"thumbnailUrl":"https:\/\/nitu.mx\/wp-content\/uploads\/2017\/09\/Pasillo-T2-AICM.jpg","datePublished":"2017-09-27T04:17:10+00:00","dateModified":"2017-09-27T05:11:39+00:00","description":"La SCT inform\u00f3 que las afectaciones en la rampa de acceso vehicular de la Terminal 2 del AICM no ponen en riesgo la seguridad de los usuarios","breadcrumb":{"@id":"https:\/\/nitu.mx\/index.php\/2017\/09\/26\/danos-en-el-aicm-no-ponen-en-riesgo-seguridad-de-los-usuarios-sct\/#breadcrumb"},"inLanguage":"es-MX","potentialAction":[{"@type":"ReadAction","target":["https:\/\/nitu.mx\/index.php\/2017\/09\/26\/danos-en-el-aicm-no-ponen-en-riesgo-seguridad-de-los-usuarios-sct\/"]}]},{"@type":"ImageObject","inLanguage":"es-MX","@id":"https:\/\/nitu.mx\/index.php\/2017\/09\/26\/danos-en-el-aicm-no-ponen-en-riesgo-seguridad-de-los-usuarios-sct\/#primaryimage","url":"https:\/\/nitu.mx\/wp-content\/uploads\/2017\/09\/Pasillo-T2-AICM.jpg","contentUrl":"https:\/\/nitu.mx\/wp-content\/uploads\/2017\/09\/Pasillo-T2-AICM.jpg","width":850,"height":480,"caption":"AICM"},{"@type":"BreadcrumbList","@id":"https:\/\/nitu.mx\/index.php\/2017\/09\/26\/danos-en-el-aicm-no-ponen-en-riesgo-seguridad-de-los-usuarios-sct\/#breadcrumb","itemListElement":[{"@type":"ListItem","position":1,"name":"Inicio","item":"https:\/\/nitu.mx\/"},{"@type":"ListItem","position":2,"name":"Da\u00f1os en el AICM no ponen en riesgo seguridad de los usuarios: SCT"}]},{"@type":"WebSite","@id":"https:\/\/nitu.mx\/#website","url":"https:\/\/nitu.mx\/","name":"Nitu - Noticias de la Industria Turistica","description":"Noticias de la Industria Turistica","publisher":{"@id":"https:\/\/nitu.mx\/#\/schema\/person\/ae7a53426417292d3dd07b45a33e01bc"},"alternateName":"Noticias de la Industria Turistica","potentialAction":[{"@type":"SearchAction","target":{"@type":"EntryPoint","urlTemplate":"https:\/\/nitu.mx\/?s={search_term_string}"},"query-input":"required name=search_term_string"}],"inLanguage":"es-MX"},{"@type":["Person","Organization"],"@id":"https:\/\/nitu.mx\/#\/schema\/person\/ae7a53426417292d3dd07b45a33e01bc","name":"Arturo Medina","image":{"@type":"ImageObject","inLanguage":"es-MX","@id":"https:\/\/nitu.mx\/#\/schema\/person\/image\/","url":"https:\/\/nitu.mx\/wp-content\/uploads\/2024\/04\/4A315622-1904-4D5C-B022-878CDC840E04-90x90-1.jpeg","contentUrl":"https:\/\/nitu.mx\/wp-content\/uploads\/2024\/04\/4A315622-1904-4D5C-B022-878CDC840E04-90x90-1.jpeg","width":90,"height":90,"caption":"Arturo Medina"},"logo":{"@id":"https:\/\/nitu.mx\/#\/schema\/person\/image\/"},"description":"Director NITU.mx, Egresado de la Escuela de Periodismo Carlos Septi\u00e9n Garc\u00eda. Periodista y analista especializado en turismo desde hace 35 a\u00f1os, radicado en Canc\u00fan Q.Roo. arturo@nitu.mx","sameAs":["https:\/\/nitu.mx","https:\/\/www.facebook.com\/NITUmx\/","medinacancun","https:\/\/twitter.com\/@Arturo_Medina_G"]},{"@type":"Person","@id":"https:\/\/nitu.mx\/#\/schema\/person\/afc52e313e27e660739556d421d3d6b4","name":"Mari Soto","image":{"@type":"ImageObject","inLanguage":"es-MX","@id":"https:\/\/nitu.mx\/#\/schema\/person\/image\/","url":"https:\/\/secure.gravatar.com\/avatar\/2619c282a180a20d89fcaea82a6736e2?s=96&d=mm&r=g","contentUrl":"https:\/\/secure.gravatar.com\/avatar\/2619c282a180a20d89fcaea82a6736e2?s=96&d=mm&r=g","caption":"Mari Soto"},"sameAs":["https:\/\/nitu.mx"],"url":"https:\/\/nitu.mx\/index.php\/author\/guadalupe\/"}]}},"views":269,"_links":{"self":[{"href":"https:\/\/nitu.mx\/index.php\/wp-json\/wp\/v2\/posts\/13416"}],"collection":[{"href":"https:\/\/nitu.mx\/index.php\/wp-json\/wp\/v2\/posts"}],"about":[{"href":"https:\/\/nitu.mx\/index.php\/wp-json\/wp\/v2\/types\/post"}],"author":[{"embeddable":true,"href":"https:\/\/nitu.mx\/index.php\/wp-json\/wp\/v2\/users\/5"}],"replies":[{"embeddable":true,"href":"https:\/\/nitu.mx\/index.php\/wp-json\/wp\/v2\/comments?post=13416"}],"version-history":[{"count":2,"href":"https:\/\/nitu.mx\/index.php\/wp-json\/wp\/v2\/posts\/13416\/revisions"}],"predecessor-version":[{"id":13434,"href":"https:\/\/nitu.mx\/index.php\/wp-json\/wp\/v2\/posts\/13416\/revisions\/13434"}],"wp:featuredmedia":[{"embeddable":true,"href":"https:\/\/nitu.mx\/index.php\/wp-json\/wp\/v2\/media\/13433"}],"wp:attachment":[{"href":"https:\/\/nitu.mx\/index.php\/wp-json\/wp\/v2\/media?parent=13416"}],"wp:term":[{"taxonomy":"category","embeddable":true,"href":"https:\/\/nitu.mx\/index.php\/wp-json\/wp\/v2\/categories?post=13416"},{"taxonomy":"post_tag","embeddable":true,"href":"https:\/\/nitu.mx\/index.php\/wp-json\/wp\/v2\/tags?post=13416"}],"curies":[{"name":"wp","href":"https:\/\/api.w.org\/{rel}","templated":true}]}}