{"id":13413,"date":"2017-09-26T23:11:40","date_gmt":"2017-09-27T04:11:40","guid":{"rendered":"http:\/\/www.dev.nitu.mx\/?p=13413"},"modified":"2017-09-27T00:11:31","modified_gmt":"2017-09-27T05:11:31","slug":"en-nueva-york-de-la-madrid-pide-a-los-turisteros-de-eu-no-cancelar-viajes-a-mexico","status":"publish","type":"post","link":"https:\/\/nitu.mx\/index.php\/2017\/09\/26\/en-nueva-york-de-la-madrid-pide-a-los-turisteros-de-eu-no-cancelar-viajes-a-mexico\/","title":{"rendered":"En Nueva York, De la Madrid pide a los turisteros de EU no cancelar viajes a M\u00e9xico"},"content":{"rendered":"<p><span style=\"color: #000000; font-family: Calibri;\">Este lunes en Nueva York, Enrique de la Madrid, secretario de Turismo, lanz\u00f3 la campa\u00f1a \u201cM\u00e9xico, un mundo en s\u00ed mismo\u201d en el mercado de Estados Unidos, el m\u00e1s importante para nuestro pa\u00eds.<\/span><\/p>\n<p><span style=\"color: #000000; font-family: Calibri;\">Los mexicanos estamos viviendo momentos dif\u00edciles por los recientes terremotos, dijo.<\/span><\/p>\n<p><span style=\"color: #000000; font-family: Calibri;\">Hay da\u00f1os en algunas ciudades, pero no hubo un impacto ni en la infraestructura tur\u00edstica de esos lugares, ni en ning\u00fan otro destino de M\u00e9xico, resumi\u00f3.<\/span><\/p>\n<p><span style=\"color: #000000; font-family: Calibri;\">Todos est\u00e1n abiertos, sigui\u00f3, y no hay ninguna raz\u00f3n para que los turistas modifiquen sus planes de viaje.<\/span><\/p>\n<p><span style=\"color: #000000; font-family: Calibri;\">De hecho, el turismo contribuye de forma importante a la econom\u00eda de muchas comunidades de M\u00e9xico, lo que hace todav\u00eda m\u00e1s relevante seguir promoviendo y apoyando esta importante industria, refiere dineroenimagen.<\/span><\/p>\n<p><span style=\"color: #000000; font-family: Calibri;\">Las palabras de De la Madrid fueron pronunciadas en el evento anual de Skift, una de las plataformas de informaci\u00f3n para la industria m\u00e1s relevantes de Estados Unidos.<\/span><\/p>\n<p><span style=\"color: #000000; font-family: Calibri;\">Mientras que Emmanuel Rey, director ejecutivo de Mercadotecnia del Consejo de Promoci\u00f3n Tur\u00edstica de M\u00e9xico (CPTM), destac\u00f3 la importancia de que conectar con los viajeros de una forma m\u00e1s personal.\u00a0<\/span>(<a title=\"CPTM activa manejo de crisis para evitar cancelaciones de viaje a M\u00e9xico\" href=\"http:\/\/www.dev.nitu.mx\/index.php\/2017\/09\/20\/cptm-activa-manejo-de-crisis-para-evitar-cancelaciones-de-viaje-a-mexico\/\" rel=\"bookmark\">CPTM activa manejo de crisis para evitar cancelaciones de viaje a M\u00e9xico<\/a>).<\/p>\n<p><span style=\"color: #000000; font-family: Calibri;\">La campa\u00f1a, resumi\u00f3, desafiar\u00e1 a los viajeros a vivir al m\u00e1ximo sus experiencias.<\/span><\/p>\n","protected":false},"excerpt":{"rendered":"<p>Este lunes en Nueva York, Enrique de la Madrid, secretario de Turismo, lanz\u00f3 la campa\u00f1a \u201cM\u00e9xico, un mundo en s\u00ed mismo\u201d en el mercado de Estados Unidos, el m\u00e1s importante para nuestro pa\u00eds. Los mexicanos estamos viviendo momentos dif\u00edciles por los recientes terremotos, dijo. Hay da\u00f1os en algunas ciudades, pero no hubo un impacto ni [&hellip;]<\/p>\n","protected":false},"author":17,"featured_media":13431,"comment_status":"open","ping_status":"open","sticky":false,"template":"","format":"standard","meta":{"footnotes":""},"categories":[12,6],"tags":[6046,176,100,452,175,6047],"yoast_head":"<!-- This site is optimized with the Yoast SEO plugin v22.2 - https:\/\/yoast.com\/wordpress\/plugins\/seo\/ -->\n<title>En Nueva York, De la Madrid pide a los turisteros de EU no cancelar viajes a M\u00e9xico - Nitu - Noticias de la Industria Turistica<\/title>\n<meta name=\"description\" content=\"Enrique de la Madrid lanz\u00f3 la campa\u00f1a \u201cM\u00e9xico, un mundo en s\u00ed mismo\u201d en el mercado de Estados Unidos, el m\u00e1s importante para nuestro pa\u00eds.\" \/>\n<meta name=\"robots\" content=\"index, follow, max-snippet:-1, max-image-preview:large, max-video-preview:-1\" \/>\n<link rel=\"canonical\" href=\"https:\/\/nitu.mx\/index.php\/2017\/09\/26\/en-nueva-york-de-la-madrid-pide-a-los-turisteros-de-eu-no-cancelar-viajes-a-mexico\/\" \/>\n<meta name=\"twitter:card\" content=\"summary_large_image\" \/>\n<meta name=\"twitter:title\" content=\"En Nueva York, De la Madrid pide a los turisteros de EU no cancelar viajes a M\u00e9xico - Nitu - Noticias de la Industria Turistica\" \/>\n<meta name=\"twitter:description\" content=\"Enrique de la Madrid lanz\u00f3 la campa\u00f1a \u201cM\u00e9xico, un mundo en s\u00ed mismo\u201d en el mercado de Estados Unidos, el m\u00e1s importante para nuestro pa\u00eds.\" \/>\n<meta name=\"twitter:image\" content=\"https:\/\/nitu.mx\/wp-content\/uploads\/2017\/09\/Barrancas-del-Cobre-M\u00e9xico.jpg\" \/>\n<meta name=\"twitter:creator\" content=\"@NITUmx\" \/>\n<meta name=\"twitter:site\" content=\"@Arturo_Medina_G\" \/>\n<meta name=\"twitter:label1\" content=\"Escrito por\" \/>\n\t<meta name=\"twitter:data1\" content=\"Redacci\u00f3n\" \/>\n\t<meta name=\"twitter:label2\" content=\"Tiempo de lectura\" \/>\n\t<meta name=\"twitter:data2\" content=\"1 minuto\" \/>\n<script type=\"application\/ld+json\" class=\"yoast-schema-graph\">{\"@context\":\"https:\/\/schema.org\",\"@graph\":[{\"@type\":\"Article\",\"@id\":\"https:\/\/nitu.mx\/index.php\/2017\/09\/26\/en-nueva-york-de-la-madrid-pide-a-los-turisteros-de-eu-no-cancelar-viajes-a-mexico\/#article\",\"isPartOf\":{\"@id\":\"https:\/\/nitu.mx\/index.php\/2017\/09\/26\/en-nueva-york-de-la-madrid-pide-a-los-turisteros-de-eu-no-cancelar-viajes-a-mexico\/\"},\"author\":{\"name\":\"Redacci\u00f3n\",\"@id\":\"https:\/\/nitu.mx\/#\/schema\/person\/4a28fe9bd65924f7c90623773daf1b0b\"},\"headline\":\"En Nueva York, De la Madrid pide a los turisteros de EU no cancelar viajes a M\u00e9xico\",\"datePublished\":\"2017-09-27T04:11:40+00:00\",\"dateModified\":\"2017-09-27T05:11:31+00:00\",\"mainEntityOfPage\":{\"@id\":\"https:\/\/nitu.mx\/index.php\/2017\/09\/26\/en-nueva-york-de-la-madrid-pide-a-los-turisteros-de-eu-no-cancelar-viajes-a-mexico\/\"},\"wordCount\":244,\"commentCount\":0,\"publisher\":{\"@id\":\"https:\/\/nitu.mx\/#\/schema\/person\/ae7a53426417292d3dd07b45a33e01bc\"},\"image\":{\"@id\":\"https:\/\/nitu.mx\/index.php\/2017\/09\/26\/en-nueva-york-de-la-madrid-pide-a-los-turisteros-de-eu-no-cancelar-viajes-a-mexico\/#primaryimage\"},\"thumbnailUrl\":\"https:\/\/nitu.mx\/wp-content\/uploads\/2017\/09\/Barrancas-del-Cobre-M\u00e9xico.jpg\",\"keywords\":[\"campa\u00f1a \u201cM\u00e9xico\",\"Enrique de la Madrid\",\"Estados Unidos\",\"Nueva York\",\"Secretario de Turismo\",\"un mundo en s\u00ed mismo\u201d\"],\"articleSection\":[\"Marketing\",\"M\u00e9xico\"],\"inLanguage\":\"es-MX\",\"potentialAction\":[{\"@type\":\"CommentAction\",\"name\":\"Comment\",\"target\":[\"https:\/\/nitu.mx\/index.php\/2017\/09\/26\/en-nueva-york-de-la-madrid-pide-a-los-turisteros-de-eu-no-cancelar-viajes-a-mexico\/#respond\"]}]},{\"@type\":\"WebPage\",\"@id\":\"https:\/\/nitu.mx\/index.php\/2017\/09\/26\/en-nueva-york-de-la-madrid-pide-a-los-turisteros-de-eu-no-cancelar-viajes-a-mexico\/\",\"url\":\"https:\/\/nitu.mx\/index.php\/2017\/09\/26\/en-nueva-york-de-la-madrid-pide-a-los-turisteros-de-eu-no-cancelar-viajes-a-mexico\/\",\"name\":\"En Nueva York, De la Madrid pide a los turisteros de EU no cancelar viajes a M\u00e9xico - Nitu - Noticias de la Industria Turistica\",\"isPartOf\":{\"@id\":\"https:\/\/nitu.mx\/#website\"},\"primaryImageOfPage\":{\"@id\":\"https:\/\/nitu.mx\/index.php\/2017\/09\/26\/en-nueva-york-de-la-madrid-pide-a-los-turisteros-de-eu-no-cancelar-viajes-a-mexico\/#primaryimage\"},\"image\":{\"@id\":\"https:\/\/nitu.mx\/index.php\/2017\/09\/26\/en-nueva-york-de-la-madrid-pide-a-los-turisteros-de-eu-no-cancelar-viajes-a-mexico\/#primaryimage\"},\"thumbnailUrl\":\"https:\/\/nitu.mx\/wp-content\/uploads\/2017\/09\/Barrancas-del-Cobre-M\u00e9xico.jpg\",\"datePublished\":\"2017-09-27T04:11:40+00:00\",\"dateModified\":\"2017-09-27T05:11:31+00:00\",\"description\":\"Enrique de la Madrid lanz\u00f3 la campa\u00f1a \u201cM\u00e9xico, un mundo en s\u00ed mismo\u201d en el mercado de Estados Unidos, el m\u00e1s importante para nuestro pa\u00eds.\",\"breadcrumb\":{\"@id\":\"https:\/\/nitu.mx\/index.php\/2017\/09\/26\/en-nueva-york-de-la-madrid-pide-a-los-turisteros-de-eu-no-cancelar-viajes-a-mexico\/#breadcrumb\"},\"inLanguage\":\"es-MX\",\"potentialAction\":[{\"@type\":\"ReadAction\",\"target\":[\"https:\/\/nitu.mx\/index.php\/2017\/09\/26\/en-nueva-york-de-la-madrid-pide-a-los-turisteros-de-eu-no-cancelar-viajes-a-mexico\/\"]}]},{\"@type\":\"ImageObject\",\"inLanguage\":\"es-MX\",\"@id\":\"https:\/\/nitu.mx\/index.php\/2017\/09\/26\/en-nueva-york-de-la-madrid-pide-a-los-turisteros-de-eu-no-cancelar-viajes-a-mexico\/#primaryimage\",\"url\":\"https:\/\/nitu.mx\/wp-content\/uploads\/2017\/09\/Barrancas-del-Cobre-M\u00e9xico.jpg\",\"contentUrl\":\"https:\/\/nitu.mx\/wp-content\/uploads\/2017\/09\/Barrancas-del-Cobre-M\u00e9xico.jpg\",\"width\":850,\"height\":480,\"caption\":\"De la Madrid promoci\u00f3n turistica\"},{\"@type\":\"BreadcrumbList\",\"@id\":\"https:\/\/nitu.mx\/index.php\/2017\/09\/26\/en-nueva-york-de-la-madrid-pide-a-los-turisteros-de-eu-no-cancelar-viajes-a-mexico\/#breadcrumb\",\"itemListElement\":[{\"@type\":\"ListItem\",\"position\":1,\"name\":\"Inicio\",\"item\":\"https:\/\/nitu.mx\/\"},{\"@type\":\"ListItem\",\"position\":2,\"name\":\"En Nueva York, De la Madrid pide a los turisteros de EU no cancelar viajes a M\u00e9xico\"}]},{\"@type\":\"WebSite\",\"@id\":\"https:\/\/nitu.mx\/#website\",\"url\":\"https:\/\/nitu.mx\/\",\"name\":\"Nitu - Noticias de la Industria Turistica\",\"description\":\"Noticias de la Industria Turistica\",\"publisher\":{\"@id\":\"https:\/\/nitu.mx\/#\/schema\/person\/ae7a53426417292d3dd07b45a33e01bc\"},\"alternateName\":\"Noticias de la Industria Turistica\",\"potentialAction\":[{\"@type\":\"SearchAction\",\"target\":{\"@type\":\"EntryPoint\",\"urlTemplate\":\"https:\/\/nitu.mx\/?s={search_term_string}\"},\"query-input\":\"required name=search_term_string\"}],\"inLanguage\":\"es-MX\"},{\"@type\":[\"Person\",\"Organization\"],\"@id\":\"https:\/\/nitu.mx\/#\/schema\/person\/ae7a53426417292d3dd07b45a33e01bc\",\"name\":\"Arturo Medina\",\"image\":{\"@type\":\"ImageObject\",\"inLanguage\":\"es-MX\",\"@id\":\"https:\/\/nitu.mx\/#\/schema\/person\/image\/\",\"url\":\"https:\/\/nitu.mx\/wp-content\/uploads\/2024\/04\/4A315622-1904-4D5C-B022-878CDC840E04-90x90-1.jpeg\",\"contentUrl\":\"https:\/\/nitu.mx\/wp-content\/uploads\/2024\/04\/4A315622-1904-4D5C-B022-878CDC840E04-90x90-1.jpeg\",\"width\":90,\"height\":90,\"caption\":\"Arturo Medina\"},\"logo\":{\"@id\":\"https:\/\/nitu.mx\/#\/schema\/person\/image\/\"},\"description\":\"Director NITU.mx, Egresado de la Escuela de Periodismo Carlos Septi\u00e9n Garc\u00eda. Periodista y analista especializado en turismo desde hace 35 a\u00f1os, radicado en Canc\u00fan Q.Roo. arturo@nitu.mx\",\"sameAs\":[\"https:\/\/nitu.mx\",\"https:\/\/www.facebook.com\/NITUmx\/\",\"medinacancun\",\"https:\/\/twitter.com\/@Arturo_Medina_G\"]},{\"@type\":\"Person\",\"@id\":\"https:\/\/nitu.mx\/#\/schema\/person\/4a28fe9bd65924f7c90623773daf1b0b\",\"name\":\"Redacci\u00f3n\",\"image\":{\"@type\":\"ImageObject\",\"inLanguage\":\"es-MX\",\"@id\":\"https:\/\/nitu.mx\/#\/schema\/person\/image\/\",\"url\":\"https:\/\/secure.gravatar.com\/avatar\/5dd011c8ccfc5cd7e4c81e42252aab38?s=96&d=mm&r=g\",\"contentUrl\":\"https:\/\/secure.gravatar.com\/avatar\/5dd011c8ccfc5cd7e4c81e42252aab38?s=96&d=mm&r=g\",\"caption\":\"Redacci\u00f3n\"},\"url\":\"https:\/\/nitu.mx\/index.php\/author\/redaccion\/\"}]}<\/script>\n<!-- \/ Yoast SEO plugin. -->","yoast_head_json":{"title":"En Nueva York, De la Madrid pide a los turisteros de EU no cancelar viajes a M\u00e9xico - Nitu - Noticias de la Industria Turistica","description":"Enrique de la Madrid lanz\u00f3 la campa\u00f1a \u201cM\u00e9xico, un mundo en s\u00ed mismo\u201d en el mercado de Estados Unidos, el m\u00e1s importante para nuestro pa\u00eds.","robots":{"index":"index","follow":"follow","max-snippet":"max-snippet:-1","max-image-preview":"max-image-preview:large","max-video-preview":"max-video-preview:-1"},"canonical":"https:\/\/nitu.mx\/index.php\/2017\/09\/26\/en-nueva-york-de-la-madrid-pide-a-los-turisteros-de-eu-no-cancelar-viajes-a-mexico\/","twitter_card":"summary_large_image","twitter_title":"En Nueva York, De la Madrid pide a los turisteros de EU no cancelar viajes a M\u00e9xico - Nitu - Noticias de la Industria Turistica","twitter_description":"Enrique de la Madrid lanz\u00f3 la campa\u00f1a \u201cM\u00e9xico, un mundo en s\u00ed mismo\u201d en el mercado de Estados Unidos, el m\u00e1s importante para nuestro pa\u00eds.","twitter_image":"https:\/\/nitu.mx\/wp-content\/uploads\/2017\/09\/Barrancas-del-Cobre-M\u00e9xico.jpg","twitter_creator":"@NITUmx","twitter_site":"@Arturo_Medina_G","twitter_misc":{"Escrito por":"Redacci\u00f3n","Tiempo de lectura":"1 minuto"},"schema":{"@context":"https:\/\/schema.org","@graph":[{"@type":"Article","@id":"https:\/\/nitu.mx\/index.php\/2017\/09\/26\/en-nueva-york-de-la-madrid-pide-a-los-turisteros-de-eu-no-cancelar-viajes-a-mexico\/#article","isPartOf":{"@id":"https:\/\/nitu.mx\/index.php\/2017\/09\/26\/en-nueva-york-de-la-madrid-pide-a-los-turisteros-de-eu-no-cancelar-viajes-a-mexico\/"},"author":{"name":"Redacci\u00f3n","@id":"https:\/\/nitu.mx\/#\/schema\/person\/4a28fe9bd65924f7c90623773daf1b0b"},"headline":"En Nueva York, De la Madrid pide a los turisteros de EU no cancelar viajes a M\u00e9xico","datePublished":"2017-09-27T04:11:40+00:00","dateModified":"2017-09-27T05:11:31+00:00","mainEntityOfPage":{"@id":"https:\/\/nitu.mx\/index.php\/2017\/09\/26\/en-nueva-york-de-la-madrid-pide-a-los-turisteros-de-eu-no-cancelar-viajes-a-mexico\/"},"wordCount":244,"commentCount":0,"publisher":{"@id":"https:\/\/nitu.mx\/#\/schema\/person\/ae7a53426417292d3dd07b45a33e01bc"},"image":{"@id":"https:\/\/nitu.mx\/index.php\/2017\/09\/26\/en-nueva-york-de-la-madrid-pide-a-los-turisteros-de-eu-no-cancelar-viajes-a-mexico\/#primaryimage"},"thumbnailUrl":"https:\/\/nitu.mx\/wp-content\/uploads\/2017\/09\/Barrancas-del-Cobre-M\u00e9xico.jpg","keywords":["campa\u00f1a \u201cM\u00e9xico","Enrique de la Madrid","Estados Unidos","Nueva York","Secretario de Turismo","un mundo en s\u00ed mismo\u201d"],"articleSection":["Marketing","M\u00e9xico"],"inLanguage":"es-MX","potentialAction":[{"@type":"CommentAction","name":"Comment","target":["https:\/\/nitu.mx\/index.php\/2017\/09\/26\/en-nueva-york-de-la-madrid-pide-a-los-turisteros-de-eu-no-cancelar-viajes-a-mexico\/#respond"]}]},{"@type":"WebPage","@id":"https:\/\/nitu.mx\/index.php\/2017\/09\/26\/en-nueva-york-de-la-madrid-pide-a-los-turisteros-de-eu-no-cancelar-viajes-a-mexico\/","url":"https:\/\/nitu.mx\/index.php\/2017\/09\/26\/en-nueva-york-de-la-madrid-pide-a-los-turisteros-de-eu-no-cancelar-viajes-a-mexico\/","name":"En Nueva York, De la Madrid pide a los turisteros de EU no cancelar viajes a M\u00e9xico - Nitu - Noticias de la Industria Turistica","isPartOf":{"@id":"https:\/\/nitu.mx\/#website"},"primaryImageOfPage":{"@id":"https:\/\/nitu.mx\/index.php\/2017\/09\/26\/en-nueva-york-de-la-madrid-pide-a-los-turisteros-de-eu-no-cancelar-viajes-a-mexico\/#primaryimage"},"image":{"@id":"https:\/\/nitu.mx\/index.php\/2017\/09\/26\/en-nueva-york-de-la-madrid-pide-a-los-turisteros-de-eu-no-cancelar-viajes-a-mexico\/#primaryimage"},"thumbnailUrl":"https:\/\/nitu.mx\/wp-content\/uploads\/2017\/09\/Barrancas-del-Cobre-M\u00e9xico.jpg","datePublished":"2017-09-27T04:11:40+00:00","dateModified":"2017-09-27T05:11:31+00:00","description":"Enrique de la Madrid lanz\u00f3 la campa\u00f1a \u201cM\u00e9xico, un mundo en s\u00ed mismo\u201d en el mercado de Estados Unidos, el m\u00e1s importante para nuestro pa\u00eds.","breadcrumb":{"@id":"https:\/\/nitu.mx\/index.php\/2017\/09\/26\/en-nueva-york-de-la-madrid-pide-a-los-turisteros-de-eu-no-cancelar-viajes-a-mexico\/#breadcrumb"},"inLanguage":"es-MX","potentialAction":[{"@type":"ReadAction","target":["https:\/\/nitu.mx\/index.php\/2017\/09\/26\/en-nueva-york-de-la-madrid-pide-a-los-turisteros-de-eu-no-cancelar-viajes-a-mexico\/"]}]},{"@type":"ImageObject","inLanguage":"es-MX","@id":"https:\/\/nitu.mx\/index.php\/2017\/09\/26\/en-nueva-york-de-la-madrid-pide-a-los-turisteros-de-eu-no-cancelar-viajes-a-mexico\/#primaryimage","url":"https:\/\/nitu.mx\/wp-content\/uploads\/2017\/09\/Barrancas-del-Cobre-M\u00e9xico.jpg","contentUrl":"https:\/\/nitu.mx\/wp-content\/uploads\/2017\/09\/Barrancas-del-Cobre-M\u00e9xico.jpg","width":850,"height":480,"caption":"De la Madrid promoci\u00f3n turistica"},{"@type":"BreadcrumbList","@id":"https:\/\/nitu.mx\/index.php\/2017\/09\/26\/en-nueva-york-de-la-madrid-pide-a-los-turisteros-de-eu-no-cancelar-viajes-a-mexico\/#breadcrumb","itemListElement":[{"@type":"ListItem","position":1,"name":"Inicio","item":"https:\/\/nitu.mx\/"},{"@type":"ListItem","position":2,"name":"En Nueva York, De la Madrid pide a los turisteros de EU no cancelar viajes a M\u00e9xico"}]},{"@type":"WebSite","@id":"https:\/\/nitu.mx\/#website","url":"https:\/\/nitu.mx\/","name":"Nitu - Noticias de la Industria Turistica","description":"Noticias de la Industria Turistica","publisher":{"@id":"https:\/\/nitu.mx\/#\/schema\/person\/ae7a53426417292d3dd07b45a33e01bc"},"alternateName":"Noticias de la Industria Turistica","potentialAction":[{"@type":"SearchAction","target":{"@type":"EntryPoint","urlTemplate":"https:\/\/nitu.mx\/?s={search_term_string}"},"query-input":"required name=search_term_string"}],"inLanguage":"es-MX"},{"@type":["Person","Organization"],"@id":"https:\/\/nitu.mx\/#\/schema\/person\/ae7a53426417292d3dd07b45a33e01bc","name":"Arturo Medina","image":{"@type":"ImageObject","inLanguage":"es-MX","@id":"https:\/\/nitu.mx\/#\/schema\/person\/image\/","url":"https:\/\/nitu.mx\/wp-content\/uploads\/2024\/04\/4A315622-1904-4D5C-B022-878CDC840E04-90x90-1.jpeg","contentUrl":"https:\/\/nitu.mx\/wp-content\/uploads\/2024\/04\/4A315622-1904-4D5C-B022-878CDC840E04-90x90-1.jpeg","width":90,"height":90,"caption":"Arturo Medina"},"logo":{"@id":"https:\/\/nitu.mx\/#\/schema\/person\/image\/"},"description":"Director NITU.mx, Egresado de la Escuela de Periodismo Carlos Septi\u00e9n Garc\u00eda. Periodista y analista especializado en turismo desde hace 35 a\u00f1os, radicado en Canc\u00fan Q.Roo. arturo@nitu.mx","sameAs":["https:\/\/nitu.mx","https:\/\/www.facebook.com\/NITUmx\/","medinacancun","https:\/\/twitter.com\/@Arturo_Medina_G"]},{"@type":"Person","@id":"https:\/\/nitu.mx\/#\/schema\/person\/4a28fe9bd65924f7c90623773daf1b0b","name":"Redacci\u00f3n","image":{"@type":"ImageObject","inLanguage":"es-MX","@id":"https:\/\/nitu.mx\/#\/schema\/person\/image\/","url":"https:\/\/secure.gravatar.com\/avatar\/5dd011c8ccfc5cd7e4c81e42252aab38?s=96&d=mm&r=g","contentUrl":"https:\/\/secure.gravatar.com\/avatar\/5dd011c8ccfc5cd7e4c81e42252aab38?s=96&d=mm&r=g","caption":"Redacci\u00f3n"},"url":"https:\/\/nitu.mx\/index.php\/author\/redaccion\/"}]}},"views":217,"_links":{"self":[{"href":"https:\/\/nitu.mx\/index.php\/wp-json\/wp\/v2\/posts\/13413"}],"collection":[{"href":"https:\/\/nitu.mx\/index.php\/wp-json\/wp\/v2\/posts"}],"about":[{"href":"https:\/\/nitu.mx\/index.php\/wp-json\/wp\/v2\/types\/post"}],"author":[{"embeddable":true,"href":"https:\/\/nitu.mx\/index.php\/wp-json\/wp\/v2\/users\/17"}],"replies":[{"embeddable":true,"href":"https:\/\/nitu.mx\/index.php\/wp-json\/wp\/v2\/comments?post=13413"}],"version-history":[{"count":3,"href":"https:\/\/nitu.mx\/index.php\/wp-json\/wp\/v2\/posts\/13413\/revisions"}],"predecessor-version":[{"id":13432,"href":"https:\/\/nitu.mx\/index.php\/wp-json\/wp\/v2\/posts\/13413\/revisions\/13432"}],"wp:featuredmedia":[{"embeddable":true,"href":"https:\/\/nitu.mx\/index.php\/wp-json\/wp\/v2\/media\/13431"}],"wp:attachment":[{"href":"https:\/\/nitu.mx\/index.php\/wp-json\/wp\/v2\/media?parent=13413"}],"wp:term":[{"taxonomy":"category","embeddable":true,"href":"https:\/\/nitu.mx\/index.php\/wp-json\/wp\/v2\/categories?post=13413"},{"taxonomy":"post_tag","embeddable":true,"href":"https:\/\/nitu.mx\/index.php\/wp-json\/wp\/v2\/tags?post=13413"}],"curies":[{"name":"wp","href":"https:\/\/api.w.org\/{rel}","templated":true}]}}