{"id":13383,"date":"2017-09-25T22:48:27","date_gmt":"2017-09-26T03:48:27","guid":{"rendered":"http:\/\/www.dev.nitu.mx\/?p=13383"},"modified":"2017-09-25T23:49:59","modified_gmt":"2017-09-26T04:49:59","slug":"best-day-travel-group-busca-turismo-colombiano-y-participa-en-expo-cotelco-2017","status":"publish","type":"post","link":"https:\/\/nitu.mx\/index.php\/2017\/09\/25\/best-day-travel-group-busca-turismo-colombiano-y-participa-en-expo-cotelco-2017\/","title":{"rendered":"Best Day Travel Group busca turismo colombiano y participa en Expo Cotelco 2017"},"content":{"rendered":"<p>Best Day Travel Group, el grupo tur\u00edstico m\u00e1s importante de M\u00e9xico y uno de los principales de Latinoam\u00e9rica, estuvo presente en la pasada edici\u00f3n de Expo Cotelco. En los \u00faltimos a\u00f1os, este corporativo ha ido aumentando de manera contundente su participaci\u00f3n en el mercado hotelero de Colombia, tal como lo demuestra su crecimiento de 56 por ciento en la reserva de cuartos noche y de 53 por ciento en Gross Booking, comparado con cifras del a\u00f1o 2016.<\/p>\n<p>Christian Kremers, CEO de Best Day Travel Group, comenta: \u201cEl objetivo de la participaci\u00f3n de Best Day Travel Group en Expo Cotelco 2017, es continuar creando alianzas comerciales con el sector hotelero en Colombia. Al d\u00eda de hoy, tenemos contrato directo m\u00e1s de mil hoteles de la regi\u00f3n y buscamos incrementar ese n\u00famero para mantenernos en la preferencia de los clientes. Entre nuestros destinos m\u00e1s vendidos de Colombia se encuentran Cartagena, Bogot\u00e1 y Medell\u00edn, sin dejar de lado el Caribe Colombiano con San Andr\u00e9s y Santa Marta\u201d.<\/p>\n<p>La presencia de Best Day Travel Group en Expo Cotelco 2017, es una medida que le permitir\u00e1 seguir incursionando en el sector tur\u00edstico de Colombia, ofreciendo las mejores tarifas para visitar los destinos m\u00e1s buscados y vendidos de la regi\u00f3n. Una de las estrategias que est\u00e1 llevando a cabo, es el incremento de su cartera de socios en Bucaramanga, San Gil, Eje Cafetero, Leticia y otros lugares que lideran las preferencias del turismo dom\u00e9stico colombiano.\u00a0(<a title=\"Best Day Travel Group detalla la forma de viajar de los Millennials\" href=\"http:\/\/www.dev.nitu.mx\/index.php\/2017\/09\/21\/bestday-group-detalla-la-forma-de-viajar-de-los-millenials\/\" rel=\"bookmark\">Best Day Travel Group detalla la forma de viajar de los Millennials<\/a>).<\/p>\n","protected":false},"excerpt":{"rendered":"<p>Best Day Travel Group, el grupo tur\u00edstico m\u00e1s importante de M\u00e9xico y uno de los principales de Latinoam\u00e9rica, estuvo presente en la pasada edici\u00f3n de Expo Cotelco. En los \u00faltimos a\u00f1os, este corporativo ha ido aumentando de manera contundente su participaci\u00f3n en el mercado hotelero de Colombia, tal como lo demuestra su crecimiento de 56 [&hellip;]<\/p>\n","protected":false},"author":17,"featured_media":13397,"comment_status":"open","ping_status":"open","sticky":false,"template":"","format":"standard","meta":{"footnotes":""},"categories":[3,374],"tags":[66,74,224,6034,6035,6033,69,68],"yoast_head":"<!-- This site is optimized with the Yoast SEO plugin v22.2 - https:\/\/yoast.com\/wordpress\/plugins\/seo\/ -->\n<title>Best Day Travel Group busca turismo colombiano y participa en Expo Cotelco 2017 - Nitu - Noticias de la Industria Turistica<\/title>\n<meta name=\"description\" content=\"Best Day Travel Group estuvo presente en la pasada edici\u00f3n de Expo Cotelco. Ha aumentado su participaci\u00f3n en el mercado hotelero de Colombia.\" \/>\n<meta name=\"robots\" content=\"index, follow, max-snippet:-1, max-image-preview:large, max-video-preview:-1\" \/>\n<link rel=\"canonical\" href=\"https:\/\/nitu.mx\/index.php\/2017\/09\/25\/best-day-travel-group-busca-turismo-colombiano-y-participa-en-expo-cotelco-2017\/\" \/>\n<meta name=\"twitter:card\" content=\"summary_large_image\" \/>\n<meta name=\"twitter:title\" content=\"Best Day Travel Group busca turismo colombiano y participa en Expo Cotelco 2017 - Nitu - Noticias de la Industria Turistica\" \/>\n<meta name=\"twitter:description\" content=\"Best Day Travel Group estuvo presente en la pasada edici\u00f3n de Expo Cotelco. Ha aumentado su participaci\u00f3n en el mercado hotelero de Colombia.\" \/>\n<meta name=\"twitter:image\" content=\"https:\/\/nitu.mx\/wp-content\/uploads\/2017\/09\/bogot\u00e1-best-day-travel-group.jpg\" \/>\n<meta name=\"twitter:creator\" content=\"@NITUmx\" \/>\n<meta name=\"twitter:site\" content=\"@Arturo_Medina_G\" \/>\n<meta name=\"twitter:label1\" content=\"Escrito por\" \/>\n\t<meta name=\"twitter:data1\" content=\"Redacci\u00f3n\" \/>\n\t<meta name=\"twitter:label2\" content=\"Tiempo de lectura\" \/>\n\t<meta name=\"twitter:data2\" content=\"1 minuto\" \/>\n<script type=\"application\/ld+json\" class=\"yoast-schema-graph\">{\"@context\":\"https:\/\/schema.org\",\"@graph\":[{\"@type\":\"Article\",\"@id\":\"https:\/\/nitu.mx\/index.php\/2017\/09\/25\/best-day-travel-group-busca-turismo-colombiano-y-participa-en-expo-cotelco-2017\/#article\",\"isPartOf\":{\"@id\":\"https:\/\/nitu.mx\/index.php\/2017\/09\/25\/best-day-travel-group-busca-turismo-colombiano-y-participa-en-expo-cotelco-2017\/\"},\"author\":{\"name\":\"Redacci\u00f3n\",\"@id\":\"https:\/\/nitu.mx\/#\/schema\/person\/4a28fe9bd65924f7c90623773daf1b0b\"},\"headline\":\"Best Day Travel Group busca turismo colombiano y participa en Expo Cotelco 2017\",\"datePublished\":\"2017-09-26T03:48:27+00:00\",\"dateModified\":\"2017-09-26T04:49:59+00:00\",\"mainEntityOfPage\":{\"@id\":\"https:\/\/nitu.mx\/index.php\/2017\/09\/25\/best-day-travel-group-busca-turismo-colombiano-y-participa-en-expo-cotelco-2017\/\"},\"wordCount\":278,\"commentCount\":0,\"publisher\":{\"@id\":\"https:\/\/nitu.mx\/#\/schema\/person\/ae7a53426417292d3dd07b45a33e01bc\"},\"image\":{\"@id\":\"https:\/\/nitu.mx\/index.php\/2017\/09\/25\/best-day-travel-group-busca-turismo-colombiano-y-participa-en-expo-cotelco-2017\/#primaryimage\"},\"thumbnailUrl\":\"https:\/\/nitu.mx\/wp-content\/uploads\/2017\/09\/bogot\u00e1-best-day-travel-group.jpg\",\"keywords\":[\"Best Day Travel Group\",\"Christian Kremers\",\"Colombia\",\"Expo Cotelco\",\"Gross Booking\",\"hotelero colombiano\",\"Latinoam\u00e9rica\",\"M\u00e9xico\"],\"articleSection\":[\"Agencias de Viajes\",\"Internacional\"],\"inLanguage\":\"es-MX\",\"potentialAction\":[{\"@type\":\"CommentAction\",\"name\":\"Comment\",\"target\":[\"https:\/\/nitu.mx\/index.php\/2017\/09\/25\/best-day-travel-group-busca-turismo-colombiano-y-participa-en-expo-cotelco-2017\/#respond\"]}]},{\"@type\":\"WebPage\",\"@id\":\"https:\/\/nitu.mx\/index.php\/2017\/09\/25\/best-day-travel-group-busca-turismo-colombiano-y-participa-en-expo-cotelco-2017\/\",\"url\":\"https:\/\/nitu.mx\/index.php\/2017\/09\/25\/best-day-travel-group-busca-turismo-colombiano-y-participa-en-expo-cotelco-2017\/\",\"name\":\"Best Day Travel Group busca turismo colombiano y participa en Expo Cotelco 2017 - Nitu - Noticias de la Industria Turistica\",\"isPartOf\":{\"@id\":\"https:\/\/nitu.mx\/#website\"},\"primaryImageOfPage\":{\"@id\":\"https:\/\/nitu.mx\/index.php\/2017\/09\/25\/best-day-travel-group-busca-turismo-colombiano-y-participa-en-expo-cotelco-2017\/#primaryimage\"},\"image\":{\"@id\":\"https:\/\/nitu.mx\/index.php\/2017\/09\/25\/best-day-travel-group-busca-turismo-colombiano-y-participa-en-expo-cotelco-2017\/#primaryimage\"},\"thumbnailUrl\":\"https:\/\/nitu.mx\/wp-content\/uploads\/2017\/09\/bogot\u00e1-best-day-travel-group.jpg\",\"datePublished\":\"2017-09-26T03:48:27+00:00\",\"dateModified\":\"2017-09-26T04:49:59+00:00\",\"description\":\"Best Day Travel Group estuvo presente en la pasada edici\u00f3n de Expo Cotelco. Ha aumentado su participaci\u00f3n en el mercado hotelero de Colombia.\",\"breadcrumb\":{\"@id\":\"https:\/\/nitu.mx\/index.php\/2017\/09\/25\/best-day-travel-group-busca-turismo-colombiano-y-participa-en-expo-cotelco-2017\/#breadcrumb\"},\"inLanguage\":\"es-MX\",\"potentialAction\":[{\"@type\":\"ReadAction\",\"target\":[\"https:\/\/nitu.mx\/index.php\/2017\/09\/25\/best-day-travel-group-busca-turismo-colombiano-y-participa-en-expo-cotelco-2017\/\"]}]},{\"@type\":\"ImageObject\",\"inLanguage\":\"es-MX\",\"@id\":\"https:\/\/nitu.mx\/index.php\/2017\/09\/25\/best-day-travel-group-busca-turismo-colombiano-y-participa-en-expo-cotelco-2017\/#primaryimage\",\"url\":\"https:\/\/nitu.mx\/wp-content\/uploads\/2017\/09\/bogot\u00e1-best-day-travel-group.jpg\",\"contentUrl\":\"https:\/\/nitu.mx\/wp-content\/uploads\/2017\/09\/bogot\u00e1-best-day-travel-group.jpg\",\"width\":850,\"height\":480,\"caption\":\"Expo Cotelco\"},{\"@type\":\"BreadcrumbList\",\"@id\":\"https:\/\/nitu.mx\/index.php\/2017\/09\/25\/best-day-travel-group-busca-turismo-colombiano-y-participa-en-expo-cotelco-2017\/#breadcrumb\",\"itemListElement\":[{\"@type\":\"ListItem\",\"position\":1,\"name\":\"Inicio\",\"item\":\"https:\/\/nitu.mx\/\"},{\"@type\":\"ListItem\",\"position\":2,\"name\":\"Best Day Travel Group busca turismo colombiano y participa en Expo Cotelco 2017\"}]},{\"@type\":\"WebSite\",\"@id\":\"https:\/\/nitu.mx\/#website\",\"url\":\"https:\/\/nitu.mx\/\",\"name\":\"Nitu - Noticias de la Industria Turistica\",\"description\":\"Noticias de la Industria Turistica\",\"publisher\":{\"@id\":\"https:\/\/nitu.mx\/#\/schema\/person\/ae7a53426417292d3dd07b45a33e01bc\"},\"alternateName\":\"Noticias de la Industria Turistica\",\"potentialAction\":[{\"@type\":\"SearchAction\",\"target\":{\"@type\":\"EntryPoint\",\"urlTemplate\":\"https:\/\/nitu.mx\/?s={search_term_string}\"},\"query-input\":\"required name=search_term_string\"}],\"inLanguage\":\"es-MX\"},{\"@type\":[\"Person\",\"Organization\"],\"@id\":\"https:\/\/nitu.mx\/#\/schema\/person\/ae7a53426417292d3dd07b45a33e01bc\",\"name\":\"Arturo Medina\",\"image\":{\"@type\":\"ImageObject\",\"inLanguage\":\"es-MX\",\"@id\":\"https:\/\/nitu.mx\/#\/schema\/person\/image\/\",\"url\":\"https:\/\/nitu.mx\/wp-content\/uploads\/2024\/04\/4A315622-1904-4D5C-B022-878CDC840E04-90x90-1.jpeg\",\"contentUrl\":\"https:\/\/nitu.mx\/wp-content\/uploads\/2024\/04\/4A315622-1904-4D5C-B022-878CDC840E04-90x90-1.jpeg\",\"width\":90,\"height\":90,\"caption\":\"Arturo Medina\"},\"logo\":{\"@id\":\"https:\/\/nitu.mx\/#\/schema\/person\/image\/\"},\"description\":\"Director NITU.mx, Egresado de la Escuela de Periodismo Carlos Septi\u00e9n Garc\u00eda. Periodista y analista especializado en turismo desde hace 35 a\u00f1os, radicado en Canc\u00fan Q.Roo. arturo@nitu.mx\",\"sameAs\":[\"https:\/\/nitu.mx\",\"https:\/\/www.facebook.com\/NITUmx\/\",\"medinacancun\",\"https:\/\/twitter.com\/@Arturo_Medina_G\"]},{\"@type\":\"Person\",\"@id\":\"https:\/\/nitu.mx\/#\/schema\/person\/4a28fe9bd65924f7c90623773daf1b0b\",\"name\":\"Redacci\u00f3n\",\"image\":{\"@type\":\"ImageObject\",\"inLanguage\":\"es-MX\",\"@id\":\"https:\/\/nitu.mx\/#\/schema\/person\/image\/\",\"url\":\"https:\/\/secure.gravatar.com\/avatar\/5dd011c8ccfc5cd7e4c81e42252aab38?s=96&d=mm&r=g\",\"contentUrl\":\"https:\/\/secure.gravatar.com\/avatar\/5dd011c8ccfc5cd7e4c81e42252aab38?s=96&d=mm&r=g\",\"caption\":\"Redacci\u00f3n\"},\"url\":\"https:\/\/nitu.mx\/index.php\/author\/redaccion\/\"}]}<\/script>\n<!-- \/ Yoast SEO plugin. -->","yoast_head_json":{"title":"Best Day Travel Group busca turismo colombiano y participa en Expo Cotelco 2017 - Nitu - Noticias de la Industria Turistica","description":"Best Day Travel Group estuvo presente en la pasada edici\u00f3n de Expo Cotelco. Ha aumentado su participaci\u00f3n en el mercado hotelero de Colombia.","robots":{"index":"index","follow":"follow","max-snippet":"max-snippet:-1","max-image-preview":"max-image-preview:large","max-video-preview":"max-video-preview:-1"},"canonical":"https:\/\/nitu.mx\/index.php\/2017\/09\/25\/best-day-travel-group-busca-turismo-colombiano-y-participa-en-expo-cotelco-2017\/","twitter_card":"summary_large_image","twitter_title":"Best Day Travel Group busca turismo colombiano y participa en Expo Cotelco 2017 - Nitu - Noticias de la Industria Turistica","twitter_description":"Best Day Travel Group estuvo presente en la pasada edici\u00f3n de Expo Cotelco. Ha aumentado su participaci\u00f3n en el mercado hotelero de Colombia.","twitter_image":"https:\/\/nitu.mx\/wp-content\/uploads\/2017\/09\/bogot\u00e1-best-day-travel-group.jpg","twitter_creator":"@NITUmx","twitter_site":"@Arturo_Medina_G","twitter_misc":{"Escrito por":"Redacci\u00f3n","Tiempo de lectura":"1 minuto"},"schema":{"@context":"https:\/\/schema.org","@graph":[{"@type":"Article","@id":"https:\/\/nitu.mx\/index.php\/2017\/09\/25\/best-day-travel-group-busca-turismo-colombiano-y-participa-en-expo-cotelco-2017\/#article","isPartOf":{"@id":"https:\/\/nitu.mx\/index.php\/2017\/09\/25\/best-day-travel-group-busca-turismo-colombiano-y-participa-en-expo-cotelco-2017\/"},"author":{"name":"Redacci\u00f3n","@id":"https:\/\/nitu.mx\/#\/schema\/person\/4a28fe9bd65924f7c90623773daf1b0b"},"headline":"Best Day Travel Group busca turismo colombiano y participa en Expo Cotelco 2017","datePublished":"2017-09-26T03:48:27+00:00","dateModified":"2017-09-26T04:49:59+00:00","mainEntityOfPage":{"@id":"https:\/\/nitu.mx\/index.php\/2017\/09\/25\/best-day-travel-group-busca-turismo-colombiano-y-participa-en-expo-cotelco-2017\/"},"wordCount":278,"commentCount":0,"publisher":{"@id":"https:\/\/nitu.mx\/#\/schema\/person\/ae7a53426417292d3dd07b45a33e01bc"},"image":{"@id":"https:\/\/nitu.mx\/index.php\/2017\/09\/25\/best-day-travel-group-busca-turismo-colombiano-y-participa-en-expo-cotelco-2017\/#primaryimage"},"thumbnailUrl":"https:\/\/nitu.mx\/wp-content\/uploads\/2017\/09\/bogot\u00e1-best-day-travel-group.jpg","keywords":["Best Day Travel Group","Christian Kremers","Colombia","Expo Cotelco","Gross Booking","hotelero colombiano","Latinoam\u00e9rica","M\u00e9xico"],"articleSection":["Agencias de Viajes","Internacional"],"inLanguage":"es-MX","potentialAction":[{"@type":"CommentAction","name":"Comment","target":["https:\/\/nitu.mx\/index.php\/2017\/09\/25\/best-day-travel-group-busca-turismo-colombiano-y-participa-en-expo-cotelco-2017\/#respond"]}]},{"@type":"WebPage","@id":"https:\/\/nitu.mx\/index.php\/2017\/09\/25\/best-day-travel-group-busca-turismo-colombiano-y-participa-en-expo-cotelco-2017\/","url":"https:\/\/nitu.mx\/index.php\/2017\/09\/25\/best-day-travel-group-busca-turismo-colombiano-y-participa-en-expo-cotelco-2017\/","name":"Best Day Travel Group busca turismo colombiano y participa en Expo Cotelco 2017 - Nitu - Noticias de la Industria Turistica","isPartOf":{"@id":"https:\/\/nitu.mx\/#website"},"primaryImageOfPage":{"@id":"https:\/\/nitu.mx\/index.php\/2017\/09\/25\/best-day-travel-group-busca-turismo-colombiano-y-participa-en-expo-cotelco-2017\/#primaryimage"},"image":{"@id":"https:\/\/nitu.mx\/index.php\/2017\/09\/25\/best-day-travel-group-busca-turismo-colombiano-y-participa-en-expo-cotelco-2017\/#primaryimage"},"thumbnailUrl":"https:\/\/nitu.mx\/wp-content\/uploads\/2017\/09\/bogot\u00e1-best-day-travel-group.jpg","datePublished":"2017-09-26T03:48:27+00:00","dateModified":"2017-09-26T04:49:59+00:00","description":"Best Day Travel Group estuvo presente en la pasada edici\u00f3n de Expo Cotelco. Ha aumentado su participaci\u00f3n en el mercado hotelero de Colombia.","breadcrumb":{"@id":"https:\/\/nitu.mx\/index.php\/2017\/09\/25\/best-day-travel-group-busca-turismo-colombiano-y-participa-en-expo-cotelco-2017\/#breadcrumb"},"inLanguage":"es-MX","potentialAction":[{"@type":"ReadAction","target":["https:\/\/nitu.mx\/index.php\/2017\/09\/25\/best-day-travel-group-busca-turismo-colombiano-y-participa-en-expo-cotelco-2017\/"]}]},{"@type":"ImageObject","inLanguage":"es-MX","@id":"https:\/\/nitu.mx\/index.php\/2017\/09\/25\/best-day-travel-group-busca-turismo-colombiano-y-participa-en-expo-cotelco-2017\/#primaryimage","url":"https:\/\/nitu.mx\/wp-content\/uploads\/2017\/09\/bogot\u00e1-best-day-travel-group.jpg","contentUrl":"https:\/\/nitu.mx\/wp-content\/uploads\/2017\/09\/bogot\u00e1-best-day-travel-group.jpg","width":850,"height":480,"caption":"Expo Cotelco"},{"@type":"BreadcrumbList","@id":"https:\/\/nitu.mx\/index.php\/2017\/09\/25\/best-day-travel-group-busca-turismo-colombiano-y-participa-en-expo-cotelco-2017\/#breadcrumb","itemListElement":[{"@type":"ListItem","position":1,"name":"Inicio","item":"https:\/\/nitu.mx\/"},{"@type":"ListItem","position":2,"name":"Best Day Travel Group busca turismo colombiano y participa en Expo Cotelco 2017"}]},{"@type":"WebSite","@id":"https:\/\/nitu.mx\/#website","url":"https:\/\/nitu.mx\/","name":"Nitu - Noticias de la Industria Turistica","description":"Noticias de la Industria Turistica","publisher":{"@id":"https:\/\/nitu.mx\/#\/schema\/person\/ae7a53426417292d3dd07b45a33e01bc"},"alternateName":"Noticias de la Industria Turistica","potentialAction":[{"@type":"SearchAction","target":{"@type":"EntryPoint","urlTemplate":"https:\/\/nitu.mx\/?s={search_term_string}"},"query-input":"required name=search_term_string"}],"inLanguage":"es-MX"},{"@type":["Person","Organization"],"@id":"https:\/\/nitu.mx\/#\/schema\/person\/ae7a53426417292d3dd07b45a33e01bc","name":"Arturo Medina","image":{"@type":"ImageObject","inLanguage":"es-MX","@id":"https:\/\/nitu.mx\/#\/schema\/person\/image\/","url":"https:\/\/nitu.mx\/wp-content\/uploads\/2024\/04\/4A315622-1904-4D5C-B022-878CDC840E04-90x90-1.jpeg","contentUrl":"https:\/\/nitu.mx\/wp-content\/uploads\/2024\/04\/4A315622-1904-4D5C-B022-878CDC840E04-90x90-1.jpeg","width":90,"height":90,"caption":"Arturo Medina"},"logo":{"@id":"https:\/\/nitu.mx\/#\/schema\/person\/image\/"},"description":"Director NITU.mx, Egresado de la Escuela de Periodismo Carlos Septi\u00e9n Garc\u00eda. Periodista y analista especializado en turismo desde hace 35 a\u00f1os, radicado en Canc\u00fan Q.Roo. arturo@nitu.mx","sameAs":["https:\/\/nitu.mx","https:\/\/www.facebook.com\/NITUmx\/","medinacancun","https:\/\/twitter.com\/@Arturo_Medina_G"]},{"@type":"Person","@id":"https:\/\/nitu.mx\/#\/schema\/person\/4a28fe9bd65924f7c90623773daf1b0b","name":"Redacci\u00f3n","image":{"@type":"ImageObject","inLanguage":"es-MX","@id":"https:\/\/nitu.mx\/#\/schema\/person\/image\/","url":"https:\/\/secure.gravatar.com\/avatar\/5dd011c8ccfc5cd7e4c81e42252aab38?s=96&d=mm&r=g","contentUrl":"https:\/\/secure.gravatar.com\/avatar\/5dd011c8ccfc5cd7e4c81e42252aab38?s=96&d=mm&r=g","caption":"Redacci\u00f3n"},"url":"https:\/\/nitu.mx\/index.php\/author\/redaccion\/"}]}},"views":217,"_links":{"self":[{"href":"https:\/\/nitu.mx\/index.php\/wp-json\/wp\/v2\/posts\/13383"}],"collection":[{"href":"https:\/\/nitu.mx\/index.php\/wp-json\/wp\/v2\/posts"}],"about":[{"href":"https:\/\/nitu.mx\/index.php\/wp-json\/wp\/v2\/types\/post"}],"author":[{"embeddable":true,"href":"https:\/\/nitu.mx\/index.php\/wp-json\/wp\/v2\/users\/17"}],"replies":[{"embeddable":true,"href":"https:\/\/nitu.mx\/index.php\/wp-json\/wp\/v2\/comments?post=13383"}],"version-history":[{"count":3,"href":"https:\/\/nitu.mx\/index.php\/wp-json\/wp\/v2\/posts\/13383\/revisions"}],"predecessor-version":[{"id":13396,"href":"https:\/\/nitu.mx\/index.php\/wp-json\/wp\/v2\/posts\/13383\/revisions\/13396"}],"wp:featuredmedia":[{"embeddable":true,"href":"https:\/\/nitu.mx\/index.php\/wp-json\/wp\/v2\/media\/13397"}],"wp:attachment":[{"href":"https:\/\/nitu.mx\/index.php\/wp-json\/wp\/v2\/media?parent=13383"}],"wp:term":[{"taxonomy":"category","embeddable":true,"href":"https:\/\/nitu.mx\/index.php\/wp-json\/wp\/v2\/categories?post=13383"},{"taxonomy":"post_tag","embeddable":true,"href":"https:\/\/nitu.mx\/index.php\/wp-json\/wp\/v2\/tags?post=13383"}],"curies":[{"name":"wp","href":"https:\/\/api.w.org\/{rel}","templated":true}]}}