{"id":13325,"date":"2017-09-21T23:45:30","date_gmt":"2017-09-22T04:45:30","guid":{"rendered":"http:\/\/www.dev.nitu.mx\/?p=13325"},"modified":"2017-09-22T00:08:03","modified_gmt":"2017-09-22T05:08:03","slug":"el-hotel-palace-pedregal-sufre-afectaciones","status":"publish","type":"post","link":"https:\/\/nitu.mx\/index.php\/2017\/09\/21\/el-hotel-palace-pedregal-sufre-afectaciones\/","title":{"rendered":"El hotel Palace Pedregal sufre afectaciones"},"content":{"rendered":"<p>Debido al sismo ocurrido el 19 de septiembre en Ciudad de M\u00e9xico, German Salazar, gerente general del Hotel Palace Pedregal, manifest\u00f3 que el inmueble no sufri\u00f3 afectaciones en su estructura, s\u00f3lo en algunas afectaciones menores, b\u00e1sicamente en la mamposter\u00eda de algunas \u00e1reas, por lo cual sigue operando con normalidad.<\/p>\n<p>El directivo mencion\u00f3 que la gerencia y el Comit\u00e9 de operaciones han brindado todo el apoyo a sus hu\u00e9spedes y colaboradores del hotel, para atender a sus familiares y emergencias personales, por lo cual hasta el 23 de septiembre los hu\u00e9spedes no tendr\u00e1n ning\u00fan cargo ni penalizaci\u00f3n por una eventual cancelaci\u00f3n. Ya que como menciona el director para ellos es prioridad el bienestar integral de las personas.<\/p>\n<p>Asimismo, agradeci\u00f3 el apoyo de su personal y de sus hu\u00e9spedes, y recalc\u00f3 que continuar\u00e1n con su servicio de persona a persona, priorizando la seguridad como siempre de sus hu\u00e9spedes. Por \u00faltimo, confirm\u00f3 que el hotel no ha sido evacuado salvo en el momento del sismo.\u00a0(<a title=\"Los hoteleros se unen a la ayuda de v\u00edveres tras sismo\" href=\"http:\/\/www.dev.nitu.mx\/index.php\/2017\/09\/20\/los-hoteleros-se-unen-a-la-ayuda-de-viveres-tras-sismo\/\" rel=\"bookmark\">Los hoteleros se unen a la ayuda de v\u00edveres tras sismo<\/a>).<\/p>\n","protected":false},"excerpt":{"rendered":"<p>Debido al sismo ocurrido el 19 de septiembre en Ciudad de M\u00e9xico, German Salazar, gerente general del Hotel Palace Pedregal, manifest\u00f3 que el inmueble no sufri\u00f3 afectaciones en su estructura, s\u00f3lo en algunas afectaciones menores, b\u00e1sicamente en la mamposter\u00eda de algunas \u00e1reas, por lo cual sigue operando con normalidad. El directivo mencion\u00f3 que la gerencia [&hellip;]<\/p>\n","protected":false},"author":17,"featured_media":13344,"comment_status":"open","ping_status":"open","sticky":false,"template":"","format":"standard","meta":{"footnotes":""},"categories":[2,6],"tags":[125,6009,6008],"yoast_head":"<!-- This site is optimized with the Yoast SEO plugin v22.2 - https:\/\/yoast.com\/wordpress\/plugins\/seo\/ -->\n<title>El hotel Palace Pedregal sufre afectaciones - Nitu - Noticias de la Industria Turistica<\/title>\n<meta name=\"description\" content=\"German Salazar, gerente general del Hotel Palace Pedregal, manifest\u00f3 que el inmueble no sufri\u00f3 afectaciones en su estructura.\" \/>\n<meta name=\"robots\" content=\"index, follow, max-snippet:-1, max-image-preview:large, max-video-preview:-1\" \/>\n<link rel=\"canonical\" href=\"https:\/\/nitu.mx\/index.php\/2017\/09\/21\/el-hotel-palace-pedregal-sufre-afectaciones\/\" \/>\n<meta name=\"twitter:card\" content=\"summary_large_image\" \/>\n<meta name=\"twitter:title\" content=\"El hotel Palace Pedregal sufre afectaciones - Nitu - Noticias de la Industria Turistica\" \/>\n<meta name=\"twitter:description\" content=\"German Salazar, gerente general del Hotel Palace Pedregal, manifest\u00f3 que el inmueble no sufri\u00f3 afectaciones en su estructura.\" \/>\n<meta name=\"twitter:image\" content=\"https:\/\/nitu.mx\/wp-content\/uploads\/2017\/09\/Palace-Pedregal-lobby.jpg\" \/>\n<meta name=\"twitter:creator\" content=\"@NITUmx\" \/>\n<meta name=\"twitter:site\" content=\"@Arturo_Medina_G\" \/>\n<meta name=\"twitter:label1\" content=\"Escrito por\" \/>\n\t<meta name=\"twitter:data1\" content=\"Redacci\u00f3n\" \/>\n\t<meta name=\"twitter:label2\" content=\"Tiempo de lectura\" \/>\n\t<meta name=\"twitter:data2\" content=\"1 minuto\" \/>\n<script type=\"application\/ld+json\" class=\"yoast-schema-graph\">{\"@context\":\"https:\/\/schema.org\",\"@graph\":[{\"@type\":\"Article\",\"@id\":\"https:\/\/nitu.mx\/index.php\/2017\/09\/21\/el-hotel-palace-pedregal-sufre-afectaciones\/#article\",\"isPartOf\":{\"@id\":\"https:\/\/nitu.mx\/index.php\/2017\/09\/21\/el-hotel-palace-pedregal-sufre-afectaciones\/\"},\"author\":{\"name\":\"Redacci\u00f3n\",\"@id\":\"https:\/\/nitu.mx\/#\/schema\/person\/4a28fe9bd65924f7c90623773daf1b0b\"},\"headline\":\"El hotel Palace Pedregal sufre afectaciones\",\"datePublished\":\"2017-09-22T04:45:30+00:00\",\"dateModified\":\"2017-09-22T05:08:03+00:00\",\"mainEntityOfPage\":{\"@id\":\"https:\/\/nitu.mx\/index.php\/2017\/09\/21\/el-hotel-palace-pedregal-sufre-afectaciones\/\"},\"wordCount\":191,\"commentCount\":0,\"publisher\":{\"@id\":\"https:\/\/nitu.mx\/#\/schema\/person\/ae7a53426417292d3dd07b45a33e01bc\"},\"image\":{\"@id\":\"https:\/\/nitu.mx\/index.php\/2017\/09\/21\/el-hotel-palace-pedregal-sufre-afectaciones\/#primaryimage\"},\"thumbnailUrl\":\"https:\/\/nitu.mx\/wp-content\/uploads\/2017\/09\/Palace-Pedregal-lobby.jpg\",\"keywords\":[\"Ciudad de M\u00e9xico\",\"German Salazar\",\"Hotel Palace Pedregal\"],\"articleSection\":[\"Hoteles\",\"M\u00e9xico\"],\"inLanguage\":\"es-MX\",\"potentialAction\":[{\"@type\":\"CommentAction\",\"name\":\"Comment\",\"target\":[\"https:\/\/nitu.mx\/index.php\/2017\/09\/21\/el-hotel-palace-pedregal-sufre-afectaciones\/#respond\"]}]},{\"@type\":\"WebPage\",\"@id\":\"https:\/\/nitu.mx\/index.php\/2017\/09\/21\/el-hotel-palace-pedregal-sufre-afectaciones\/\",\"url\":\"https:\/\/nitu.mx\/index.php\/2017\/09\/21\/el-hotel-palace-pedregal-sufre-afectaciones\/\",\"name\":\"El hotel Palace Pedregal sufre afectaciones - Nitu - Noticias de la Industria Turistica\",\"isPartOf\":{\"@id\":\"https:\/\/nitu.mx\/#website\"},\"primaryImageOfPage\":{\"@id\":\"https:\/\/nitu.mx\/index.php\/2017\/09\/21\/el-hotel-palace-pedregal-sufre-afectaciones\/#primaryimage\"},\"image\":{\"@id\":\"https:\/\/nitu.mx\/index.php\/2017\/09\/21\/el-hotel-palace-pedregal-sufre-afectaciones\/#primaryimage\"},\"thumbnailUrl\":\"https:\/\/nitu.mx\/wp-content\/uploads\/2017\/09\/Palace-Pedregal-lobby.jpg\",\"datePublished\":\"2017-09-22T04:45:30+00:00\",\"dateModified\":\"2017-09-22T05:08:03+00:00\",\"description\":\"German Salazar, gerente general del Hotel Palace Pedregal, manifest\u00f3 que el inmueble no sufri\u00f3 afectaciones en su estructura.\",\"breadcrumb\":{\"@id\":\"https:\/\/nitu.mx\/index.php\/2017\/09\/21\/el-hotel-palace-pedregal-sufre-afectaciones\/#breadcrumb\"},\"inLanguage\":\"es-MX\",\"potentialAction\":[{\"@type\":\"ReadAction\",\"target\":[\"https:\/\/nitu.mx\/index.php\/2017\/09\/21\/el-hotel-palace-pedregal-sufre-afectaciones\/\"]}]},{\"@type\":\"ImageObject\",\"inLanguage\":\"es-MX\",\"@id\":\"https:\/\/nitu.mx\/index.php\/2017\/09\/21\/el-hotel-palace-pedregal-sufre-afectaciones\/#primaryimage\",\"url\":\"https:\/\/nitu.mx\/wp-content\/uploads\/2017\/09\/Palace-Pedregal-lobby.jpg\",\"contentUrl\":\"https:\/\/nitu.mx\/wp-content\/uploads\/2017\/09\/Palace-Pedregal-lobby.jpg\",\"width\":850,\"height\":480,\"caption\":\"Palace Pedregal\"},{\"@type\":\"BreadcrumbList\",\"@id\":\"https:\/\/nitu.mx\/index.php\/2017\/09\/21\/el-hotel-palace-pedregal-sufre-afectaciones\/#breadcrumb\",\"itemListElement\":[{\"@type\":\"ListItem\",\"position\":1,\"name\":\"Inicio\",\"item\":\"https:\/\/nitu.mx\/\"},{\"@type\":\"ListItem\",\"position\":2,\"name\":\"El hotel Palace Pedregal sufre afectaciones\"}]},{\"@type\":\"WebSite\",\"@id\":\"https:\/\/nitu.mx\/#website\",\"url\":\"https:\/\/nitu.mx\/\",\"name\":\"Nitu - Noticias de la Industria Turistica\",\"description\":\"Noticias de la Industria Turistica\",\"publisher\":{\"@id\":\"https:\/\/nitu.mx\/#\/schema\/person\/ae7a53426417292d3dd07b45a33e01bc\"},\"alternateName\":\"Noticias de la Industria Turistica\",\"potentialAction\":[{\"@type\":\"SearchAction\",\"target\":{\"@type\":\"EntryPoint\",\"urlTemplate\":\"https:\/\/nitu.mx\/?s={search_term_string}\"},\"query-input\":\"required name=search_term_string\"}],\"inLanguage\":\"es-MX\"},{\"@type\":[\"Person\",\"Organization\"],\"@id\":\"https:\/\/nitu.mx\/#\/schema\/person\/ae7a53426417292d3dd07b45a33e01bc\",\"name\":\"Arturo Medina\",\"image\":{\"@type\":\"ImageObject\",\"inLanguage\":\"es-MX\",\"@id\":\"https:\/\/nitu.mx\/#\/schema\/person\/image\/\",\"url\":\"https:\/\/nitu.mx\/wp-content\/uploads\/2024\/04\/4A315622-1904-4D5C-B022-878CDC840E04-90x90-1.jpeg\",\"contentUrl\":\"https:\/\/nitu.mx\/wp-content\/uploads\/2024\/04\/4A315622-1904-4D5C-B022-878CDC840E04-90x90-1.jpeg\",\"width\":90,\"height\":90,\"caption\":\"Arturo Medina\"},\"logo\":{\"@id\":\"https:\/\/nitu.mx\/#\/schema\/person\/image\/\"},\"description\":\"Director NITU.mx, Egresado de la Escuela de Periodismo Carlos Septi\u00e9n Garc\u00eda. Periodista y analista especializado en turismo desde hace 35 a\u00f1os, radicado en Canc\u00fan Q.Roo. arturo@nitu.mx\",\"sameAs\":[\"https:\/\/nitu.mx\",\"https:\/\/www.facebook.com\/NITUmx\/\",\"medinacancun\",\"https:\/\/twitter.com\/@Arturo_Medina_G\"]},{\"@type\":\"Person\",\"@id\":\"https:\/\/nitu.mx\/#\/schema\/person\/4a28fe9bd65924f7c90623773daf1b0b\",\"name\":\"Redacci\u00f3n\",\"image\":{\"@type\":\"ImageObject\",\"inLanguage\":\"es-MX\",\"@id\":\"https:\/\/nitu.mx\/#\/schema\/person\/image\/\",\"url\":\"https:\/\/secure.gravatar.com\/avatar\/5dd011c8ccfc5cd7e4c81e42252aab38?s=96&d=mm&r=g\",\"contentUrl\":\"https:\/\/secure.gravatar.com\/avatar\/5dd011c8ccfc5cd7e4c81e42252aab38?s=96&d=mm&r=g\",\"caption\":\"Redacci\u00f3n\"},\"url\":\"https:\/\/nitu.mx\/index.php\/author\/redaccion\/\"}]}<\/script>\n<!-- \/ Yoast SEO plugin. -->","yoast_head_json":{"title":"El hotel Palace Pedregal sufre afectaciones - Nitu - Noticias de la Industria Turistica","description":"German Salazar, gerente general del Hotel Palace Pedregal, manifest\u00f3 que el inmueble no sufri\u00f3 afectaciones en su estructura.","robots":{"index":"index","follow":"follow","max-snippet":"max-snippet:-1","max-image-preview":"max-image-preview:large","max-video-preview":"max-video-preview:-1"},"canonical":"https:\/\/nitu.mx\/index.php\/2017\/09\/21\/el-hotel-palace-pedregal-sufre-afectaciones\/","twitter_card":"summary_large_image","twitter_title":"El hotel Palace Pedregal sufre afectaciones - Nitu - Noticias de la Industria Turistica","twitter_description":"German Salazar, gerente general del Hotel Palace Pedregal, manifest\u00f3 que el inmueble no sufri\u00f3 afectaciones en su estructura.","twitter_image":"https:\/\/nitu.mx\/wp-content\/uploads\/2017\/09\/Palace-Pedregal-lobby.jpg","twitter_creator":"@NITUmx","twitter_site":"@Arturo_Medina_G","twitter_misc":{"Escrito por":"Redacci\u00f3n","Tiempo de lectura":"1 minuto"},"schema":{"@context":"https:\/\/schema.org","@graph":[{"@type":"Article","@id":"https:\/\/nitu.mx\/index.php\/2017\/09\/21\/el-hotel-palace-pedregal-sufre-afectaciones\/#article","isPartOf":{"@id":"https:\/\/nitu.mx\/index.php\/2017\/09\/21\/el-hotel-palace-pedregal-sufre-afectaciones\/"},"author":{"name":"Redacci\u00f3n","@id":"https:\/\/nitu.mx\/#\/schema\/person\/4a28fe9bd65924f7c90623773daf1b0b"},"headline":"El hotel Palace Pedregal sufre afectaciones","datePublished":"2017-09-22T04:45:30+00:00","dateModified":"2017-09-22T05:08:03+00:00","mainEntityOfPage":{"@id":"https:\/\/nitu.mx\/index.php\/2017\/09\/21\/el-hotel-palace-pedregal-sufre-afectaciones\/"},"wordCount":191,"commentCount":0,"publisher":{"@id":"https:\/\/nitu.mx\/#\/schema\/person\/ae7a53426417292d3dd07b45a33e01bc"},"image":{"@id":"https:\/\/nitu.mx\/index.php\/2017\/09\/21\/el-hotel-palace-pedregal-sufre-afectaciones\/#primaryimage"},"thumbnailUrl":"https:\/\/nitu.mx\/wp-content\/uploads\/2017\/09\/Palace-Pedregal-lobby.jpg","keywords":["Ciudad de M\u00e9xico","German Salazar","Hotel Palace Pedregal"],"articleSection":["Hoteles","M\u00e9xico"],"inLanguage":"es-MX","potentialAction":[{"@type":"CommentAction","name":"Comment","target":["https:\/\/nitu.mx\/index.php\/2017\/09\/21\/el-hotel-palace-pedregal-sufre-afectaciones\/#respond"]}]},{"@type":"WebPage","@id":"https:\/\/nitu.mx\/index.php\/2017\/09\/21\/el-hotel-palace-pedregal-sufre-afectaciones\/","url":"https:\/\/nitu.mx\/index.php\/2017\/09\/21\/el-hotel-palace-pedregal-sufre-afectaciones\/","name":"El hotel Palace Pedregal sufre afectaciones - Nitu - Noticias de la Industria Turistica","isPartOf":{"@id":"https:\/\/nitu.mx\/#website"},"primaryImageOfPage":{"@id":"https:\/\/nitu.mx\/index.php\/2017\/09\/21\/el-hotel-palace-pedregal-sufre-afectaciones\/#primaryimage"},"image":{"@id":"https:\/\/nitu.mx\/index.php\/2017\/09\/21\/el-hotel-palace-pedregal-sufre-afectaciones\/#primaryimage"},"thumbnailUrl":"https:\/\/nitu.mx\/wp-content\/uploads\/2017\/09\/Palace-Pedregal-lobby.jpg","datePublished":"2017-09-22T04:45:30+00:00","dateModified":"2017-09-22T05:08:03+00:00","description":"German Salazar, gerente general del Hotel Palace Pedregal, manifest\u00f3 que el inmueble no sufri\u00f3 afectaciones en su estructura.","breadcrumb":{"@id":"https:\/\/nitu.mx\/index.php\/2017\/09\/21\/el-hotel-palace-pedregal-sufre-afectaciones\/#breadcrumb"},"inLanguage":"es-MX","potentialAction":[{"@type":"ReadAction","target":["https:\/\/nitu.mx\/index.php\/2017\/09\/21\/el-hotel-palace-pedregal-sufre-afectaciones\/"]}]},{"@type":"ImageObject","inLanguage":"es-MX","@id":"https:\/\/nitu.mx\/index.php\/2017\/09\/21\/el-hotel-palace-pedregal-sufre-afectaciones\/#primaryimage","url":"https:\/\/nitu.mx\/wp-content\/uploads\/2017\/09\/Palace-Pedregal-lobby.jpg","contentUrl":"https:\/\/nitu.mx\/wp-content\/uploads\/2017\/09\/Palace-Pedregal-lobby.jpg","width":850,"height":480,"caption":"Palace Pedregal"},{"@type":"BreadcrumbList","@id":"https:\/\/nitu.mx\/index.php\/2017\/09\/21\/el-hotel-palace-pedregal-sufre-afectaciones\/#breadcrumb","itemListElement":[{"@type":"ListItem","position":1,"name":"Inicio","item":"https:\/\/nitu.mx\/"},{"@type":"ListItem","position":2,"name":"El hotel Palace Pedregal sufre afectaciones"}]},{"@type":"WebSite","@id":"https:\/\/nitu.mx\/#website","url":"https:\/\/nitu.mx\/","name":"Nitu - Noticias de la Industria Turistica","description":"Noticias de la Industria Turistica","publisher":{"@id":"https:\/\/nitu.mx\/#\/schema\/person\/ae7a53426417292d3dd07b45a33e01bc"},"alternateName":"Noticias de la Industria Turistica","potentialAction":[{"@type":"SearchAction","target":{"@type":"EntryPoint","urlTemplate":"https:\/\/nitu.mx\/?s={search_term_string}"},"query-input":"required name=search_term_string"}],"inLanguage":"es-MX"},{"@type":["Person","Organization"],"@id":"https:\/\/nitu.mx\/#\/schema\/person\/ae7a53426417292d3dd07b45a33e01bc","name":"Arturo Medina","image":{"@type":"ImageObject","inLanguage":"es-MX","@id":"https:\/\/nitu.mx\/#\/schema\/person\/image\/","url":"https:\/\/nitu.mx\/wp-content\/uploads\/2024\/04\/4A315622-1904-4D5C-B022-878CDC840E04-90x90-1.jpeg","contentUrl":"https:\/\/nitu.mx\/wp-content\/uploads\/2024\/04\/4A315622-1904-4D5C-B022-878CDC840E04-90x90-1.jpeg","width":90,"height":90,"caption":"Arturo Medina"},"logo":{"@id":"https:\/\/nitu.mx\/#\/schema\/person\/image\/"},"description":"Director NITU.mx, Egresado de la Escuela de Periodismo Carlos Septi\u00e9n Garc\u00eda. Periodista y analista especializado en turismo desde hace 35 a\u00f1os, radicado en Canc\u00fan Q.Roo. arturo@nitu.mx","sameAs":["https:\/\/nitu.mx","https:\/\/www.facebook.com\/NITUmx\/","medinacancun","https:\/\/twitter.com\/@Arturo_Medina_G"]},{"@type":"Person","@id":"https:\/\/nitu.mx\/#\/schema\/person\/4a28fe9bd65924f7c90623773daf1b0b","name":"Redacci\u00f3n","image":{"@type":"ImageObject","inLanguage":"es-MX","@id":"https:\/\/nitu.mx\/#\/schema\/person\/image\/","url":"https:\/\/secure.gravatar.com\/avatar\/5dd011c8ccfc5cd7e4c81e42252aab38?s=96&d=mm&r=g","contentUrl":"https:\/\/secure.gravatar.com\/avatar\/5dd011c8ccfc5cd7e4c81e42252aab38?s=96&d=mm&r=g","caption":"Redacci\u00f3n"},"url":"https:\/\/nitu.mx\/index.php\/author\/redaccion\/"}]}},"views":228,"_links":{"self":[{"href":"https:\/\/nitu.mx\/index.php\/wp-json\/wp\/v2\/posts\/13325"}],"collection":[{"href":"https:\/\/nitu.mx\/index.php\/wp-json\/wp\/v2\/posts"}],"about":[{"href":"https:\/\/nitu.mx\/index.php\/wp-json\/wp\/v2\/types\/post"}],"author":[{"embeddable":true,"href":"https:\/\/nitu.mx\/index.php\/wp-json\/wp\/v2\/users\/17"}],"replies":[{"embeddable":true,"href":"https:\/\/nitu.mx\/index.php\/wp-json\/wp\/v2\/comments?post=13325"}],"version-history":[{"count":4,"href":"https:\/\/nitu.mx\/index.php\/wp-json\/wp\/v2\/posts\/13325\/revisions"}],"predecessor-version":[{"id":13345,"href":"https:\/\/nitu.mx\/index.php\/wp-json\/wp\/v2\/posts\/13325\/revisions\/13345"}],"wp:featuredmedia":[{"embeddable":true,"href":"https:\/\/nitu.mx\/index.php\/wp-json\/wp\/v2\/media\/13344"}],"wp:attachment":[{"href":"https:\/\/nitu.mx\/index.php\/wp-json\/wp\/v2\/media?parent=13325"}],"wp:term":[{"taxonomy":"category","embeddable":true,"href":"https:\/\/nitu.mx\/index.php\/wp-json\/wp\/v2\/categories?post=13325"},{"taxonomy":"post_tag","embeddable":true,"href":"https:\/\/nitu.mx\/index.php\/wp-json\/wp\/v2\/tags?post=13325"}],"curies":[{"name":"wp","href":"https:\/\/api.w.org\/{rel}","templated":true}]}}