{"id":13295,"date":"2017-09-20T22:42:27","date_gmt":"2017-09-21T03:42:27","guid":{"rendered":"http:\/\/www.dev.nitu.mx\/?p=13295"},"modified":"2017-09-20T23:45:16","modified_gmt":"2017-09-21T04:45:16","slug":"cptm-activa-manejo-de-crisis-para-evitar-cancelaciones-de-viaje-a-mexico","status":"publish","type":"post","link":"https:\/\/nitu.mx\/index.php\/2017\/09\/20\/cptm-activa-manejo-de-crisis-para-evitar-cancelaciones-de-viaje-a-mexico\/","title":{"rendered":"CPTM activa manejo de crisis para evitar cancelaciones de viaje a M\u00e9xico"},"content":{"rendered":"<p>Con el objetivo de dimensionar los sitios en d\u00f3nde ocurrieron los lamentables hechos del pasado 19 de septiembre, y evitar la cancelaci\u00f3n de viajes al pa\u00eds, el Consejo de Promoci\u00f3n Tur\u00edstica de M\u00e9xico (CPTM), inici\u00f3 la distribuci\u00f3n de un comunicado internacional respecto a la situaci\u00f3n actual y zonas afectadas.<\/p>\n<p>Como informara <em><strong>NITU.mx<\/strong><\/em> la conclusi\u00f3n de los procesos licitatorios de los contratos de publicidad, creatividad, comunicaci\u00f3n y relaciones p\u00fablicas de los mercados nacional e internacional del CPTM, se dieron a conocer hace apenas unos d\u00edas. Para el mercado internacional, el contrato de comunicaci\u00f3n integral para la promoci\u00f3n tur\u00edstica lo tiene la empresa multinacional neoyorquina MSL Group, que representa en M\u00e9xico Josh Shapiro.\u00a0(<a title=\"CPTM presenta a sus agencias de RP, creatividad, publicidad y comunicaci\u00f3n\" href=\"http:\/\/www.dev.nitu.mx\/index.php\/2017\/09\/17\/cptm-presenta-a-sus-agencias-de-rp-creatividad-publicidad-y-comunicacion\/\" rel=\"bookmark\">CPTM presenta a sus agencias de RP, creatividad, publicidad y comunicaci\u00f3n<\/a>).<\/p>\n<p>As\u00ed, la empresa debi\u00f3 hacer frente a su primer trabajo, tras el sismo de 7.1 grados Richter que sacudi\u00f3 CDMX, Morelos y Puebla, por ello se emiti\u00f3 un comunicado dirigido a los agentes de viajes de Estados Unidos y en ingl\u00e9s, en el que se resalta su solidaridad con los afectados y los hechos ocurridos en la capital del pa\u00eds y estado aleda\u00f1os.<\/p>\n<p>Asimismo, se destaca que los tres \u00f3rdenes de gobierno han activado planes de respuesta para apoyar a las personas afectadas y para evaluar los da\u00f1os. \u201cSeg\u00fan la informaci\u00f3n m\u00e1s reciente, se han reportado da\u00f1os en partes de Puebla, Morelos y Ciudad de M\u00e9xico. Las atracciones tur\u00edsticas permanecen abiertas y funcionando en estos destinos. Mientras que los aeropuertos internacionales de M\u00e9xico y Puebla suspendieron las operaciones como medida de precauci\u00f3n est\u00e1ndar ayer, ambos aeropuertos reabrieron en cuatro horas, y ahora est\u00e1n operando completamente\u201d, se se\u00f1ala.\u00a0(<a title=\"OTA\u00b4s cancunenses apoyan ante la emergencia del sismo en CDMX y Puebla\" href=\"http:\/\/www.dev.nitu.mx\/index.php\/2017\/09\/20\/otas-cancunenses-se-unen-para-apoyar-en-la-emergencia-de-cdmex-y-puebla\/\" rel=\"bookmark\">OTA\u00b4s cancunenses apoyan ante la emergencia del sismo en CDMX y Puebla<\/a>).<\/p>\n<p>Adicionalmente, se asevera que est\u00e1n agradecidos de reportar que ning\u00fan otro destino tur\u00edstico internacional en M\u00e9xico se ha visto afectado por lo que las actividades de esto transcurren con normalidad.<\/p>\n<p>\u201cDado estos hechos, no hay raz\u00f3n para que los visitantes cancelen sus planes de viaje a M\u00e9xico\u201d, refiere.<\/p>\n<p>Asimismo, el CPTM enfatiza que dicha instancia y toda la industria tur\u00edstica est\u00e1n enfocadas a asegurar que los visitantes, en los destinos afectados reciban cualquier ayuda necesaria mientras contin\u00faan con sus planes de viaje existentes.<\/p>\n<p>Finalmente, anuncia que estar\u00e1n otorgando reportes constantes en torno a la situaci\u00f3n de las entidades afectadas.<\/p>\n","protected":false},"excerpt":{"rendered":"<p>Con el objetivo de dimensionar los sitios en d\u00f3nde ocurrieron los lamentables hechos del pasado 19 de septiembre, y evitar la cancelaci\u00f3n de viajes al pa\u00eds, el Consejo de Promoci\u00f3n Tur\u00edstica de M\u00e9xico (CPTM), inici\u00f3 la distribuci\u00f3n de un comunicado internacional respecto a la situaci\u00f3n actual y zonas afectadas. Como informara NITU.mx la conclusi\u00f3n de [&hellip;]<\/p>\n","protected":false},"author":3,"featured_media":9643,"comment_status":"open","ping_status":"open","sticky":false,"template":"","format":"standard","meta":{"footnotes":""},"categories":[12,6],"tags":[1110,2041,68,5955],"yoast_head":"<!-- This site is optimized with the Yoast SEO plugin v22.2 - https:\/\/yoast.com\/wordpress\/plugins\/seo\/ -->\n<title>CPTM activa manejo de crisis para evitar cancelaciones de viaje a M\u00e9xico - Nitu - Noticias de la Industria Turistica<\/title>\n<meta name=\"description\" content=\"El Consejo de Promoci\u00f3n Tur\u00edstica de M\u00e9xico (CPTM), inici\u00f3 la distribuci\u00f3n de un comunicado internacional respecto a la situaci\u00f3n actual y zonas afectadas.\" \/>\n<meta name=\"robots\" content=\"index, follow, max-snippet:-1, max-image-preview:large, max-video-preview:-1\" \/>\n<link rel=\"canonical\" href=\"https:\/\/nitu.mx\/index.php\/2017\/09\/20\/cptm-activa-manejo-de-crisis-para-evitar-cancelaciones-de-viaje-a-mexico\/\" \/>\n<meta name=\"twitter:card\" content=\"summary_large_image\" \/>\n<meta name=\"twitter:title\" content=\"CPTM activa manejo de crisis para evitar cancelaciones de viaje a M\u00e9xico - Nitu - Noticias de la Industria Turistica\" \/>\n<meta name=\"twitter:description\" content=\"El Consejo de Promoci\u00f3n Tur\u00edstica de M\u00e9xico (CPTM), inici\u00f3 la distribuci\u00f3n de un comunicado internacional respecto a la situaci\u00f3n actual y zonas afectadas.\" \/>\n<meta name=\"twitter:image\" content=\"https:\/\/nitu.mx\/wp-content\/uploads\/2017\/05\/Pib-turistico-2.jpg\" \/>\n<meta name=\"twitter:creator\" content=\"@NITUmx\" \/>\n<meta name=\"twitter:site\" content=\"@Arturo_Medina_G\" \/>\n<meta name=\"twitter:label1\" content=\"Escrito por\" \/>\n\t<meta name=\"twitter:data1\" content=\"Alejandra Moncisbays\" \/>\n\t<meta name=\"twitter:label2\" content=\"Tiempo de lectura\" \/>\n\t<meta name=\"twitter:data2\" content=\"2 minutos\" \/>\n<script type=\"application\/ld+json\" class=\"yoast-schema-graph\">{\"@context\":\"https:\/\/schema.org\",\"@graph\":[{\"@type\":\"Article\",\"@id\":\"https:\/\/nitu.mx\/index.php\/2017\/09\/20\/cptm-activa-manejo-de-crisis-para-evitar-cancelaciones-de-viaje-a-mexico\/#article\",\"isPartOf\":{\"@id\":\"https:\/\/nitu.mx\/index.php\/2017\/09\/20\/cptm-activa-manejo-de-crisis-para-evitar-cancelaciones-de-viaje-a-mexico\/\"},\"author\":{\"name\":\"Alejandra Moncisbays\",\"@id\":\"https:\/\/nitu.mx\/#\/schema\/person\/2ecd887b19dfd3382d1f14fc5acf24a8\"},\"headline\":\"CPTM activa manejo de crisis para evitar cancelaciones de viaje a M\u00e9xico\",\"datePublished\":\"2017-09-21T03:42:27+00:00\",\"dateModified\":\"2017-09-21T04:45:16+00:00\",\"mainEntityOfPage\":{\"@id\":\"https:\/\/nitu.mx\/index.php\/2017\/09\/20\/cptm-activa-manejo-de-crisis-para-evitar-cancelaciones-de-viaje-a-mexico\/\"},\"wordCount\":436,\"commentCount\":0,\"publisher\":{\"@id\":\"https:\/\/nitu.mx\/#\/schema\/person\/ae7a53426417292d3dd07b45a33e01bc\"},\"image\":{\"@id\":\"https:\/\/nitu.mx\/index.php\/2017\/09\/20\/cptm-activa-manejo-de-crisis-para-evitar-cancelaciones-de-viaje-a-mexico\/#primaryimage\"},\"thumbnailUrl\":\"https:\/\/nitu.mx\/wp-content\/uploads\/2017\/05\/Pib-turistico-2.jpg\",\"keywords\":[\"Consejo de Promoci\u00f3n Tur\u00edstica de M\u00e9xico (CPTM)\",\"Josh Shapiro\",\"M\u00e9xico\",\"MSL Group\"],\"articleSection\":[\"Marketing\",\"M\u00e9xico\"],\"inLanguage\":\"es-MX\",\"potentialAction\":[{\"@type\":\"CommentAction\",\"name\":\"Comment\",\"target\":[\"https:\/\/nitu.mx\/index.php\/2017\/09\/20\/cptm-activa-manejo-de-crisis-para-evitar-cancelaciones-de-viaje-a-mexico\/#respond\"]}]},{\"@type\":\"WebPage\",\"@id\":\"https:\/\/nitu.mx\/index.php\/2017\/09\/20\/cptm-activa-manejo-de-crisis-para-evitar-cancelaciones-de-viaje-a-mexico\/\",\"url\":\"https:\/\/nitu.mx\/index.php\/2017\/09\/20\/cptm-activa-manejo-de-crisis-para-evitar-cancelaciones-de-viaje-a-mexico\/\",\"name\":\"CPTM activa manejo de crisis para evitar cancelaciones de viaje a M\u00e9xico - Nitu - Noticias de la Industria Turistica\",\"isPartOf\":{\"@id\":\"https:\/\/nitu.mx\/#website\"},\"primaryImageOfPage\":{\"@id\":\"https:\/\/nitu.mx\/index.php\/2017\/09\/20\/cptm-activa-manejo-de-crisis-para-evitar-cancelaciones-de-viaje-a-mexico\/#primaryimage\"},\"image\":{\"@id\":\"https:\/\/nitu.mx\/index.php\/2017\/09\/20\/cptm-activa-manejo-de-crisis-para-evitar-cancelaciones-de-viaje-a-mexico\/#primaryimage\"},\"thumbnailUrl\":\"https:\/\/nitu.mx\/wp-content\/uploads\/2017\/05\/Pib-turistico-2.jpg\",\"datePublished\":\"2017-09-21T03:42:27+00:00\",\"dateModified\":\"2017-09-21T04:45:16+00:00\",\"description\":\"El Consejo de Promoci\u00f3n Tur\u00edstica de M\u00e9xico (CPTM), inici\u00f3 la distribuci\u00f3n de un comunicado internacional respecto a la situaci\u00f3n actual y zonas afectadas.\",\"breadcrumb\":{\"@id\":\"https:\/\/nitu.mx\/index.php\/2017\/09\/20\/cptm-activa-manejo-de-crisis-para-evitar-cancelaciones-de-viaje-a-mexico\/#breadcrumb\"},\"inLanguage\":\"es-MX\",\"potentialAction\":[{\"@type\":\"ReadAction\",\"target\":[\"https:\/\/nitu.mx\/index.php\/2017\/09\/20\/cptm-activa-manejo-de-crisis-para-evitar-cancelaciones-de-viaje-a-mexico\/\"]}]},{\"@type\":\"ImageObject\",\"inLanguage\":\"es-MX\",\"@id\":\"https:\/\/nitu.mx\/index.php\/2017\/09\/20\/cptm-activa-manejo-de-crisis-para-evitar-cancelaciones-de-viaje-a-mexico\/#primaryimage\",\"url\":\"https:\/\/nitu.mx\/wp-content\/uploads\/2017\/05\/Pib-turistico-2.jpg\",\"contentUrl\":\"https:\/\/nitu.mx\/wp-content\/uploads\/2017\/05\/Pib-turistico-2.jpg\",\"width\":850,\"height\":480,\"caption\":\"Pib cptm destinos nacionales cptqroo\"},{\"@type\":\"BreadcrumbList\",\"@id\":\"https:\/\/nitu.mx\/index.php\/2017\/09\/20\/cptm-activa-manejo-de-crisis-para-evitar-cancelaciones-de-viaje-a-mexico\/#breadcrumb\",\"itemListElement\":[{\"@type\":\"ListItem\",\"position\":1,\"name\":\"Inicio\",\"item\":\"https:\/\/nitu.mx\/\"},{\"@type\":\"ListItem\",\"position\":2,\"name\":\"CPTM activa manejo de crisis para evitar cancelaciones de viaje a M\u00e9xico\"}]},{\"@type\":\"WebSite\",\"@id\":\"https:\/\/nitu.mx\/#website\",\"url\":\"https:\/\/nitu.mx\/\",\"name\":\"Nitu - Noticias de la Industria Turistica\",\"description\":\"Noticias de la Industria Turistica\",\"publisher\":{\"@id\":\"https:\/\/nitu.mx\/#\/schema\/person\/ae7a53426417292d3dd07b45a33e01bc\"},\"alternateName\":\"Noticias de la Industria Turistica\",\"potentialAction\":[{\"@type\":\"SearchAction\",\"target\":{\"@type\":\"EntryPoint\",\"urlTemplate\":\"https:\/\/nitu.mx\/?s={search_term_string}\"},\"query-input\":\"required name=search_term_string\"}],\"inLanguage\":\"es-MX\"},{\"@type\":[\"Person\",\"Organization\"],\"@id\":\"https:\/\/nitu.mx\/#\/schema\/person\/ae7a53426417292d3dd07b45a33e01bc\",\"name\":\"Arturo Medina\",\"image\":{\"@type\":\"ImageObject\",\"inLanguage\":\"es-MX\",\"@id\":\"https:\/\/nitu.mx\/#\/schema\/person\/image\/\",\"url\":\"https:\/\/nitu.mx\/wp-content\/uploads\/2024\/04\/4A315622-1904-4D5C-B022-878CDC840E04-90x90-1.jpeg\",\"contentUrl\":\"https:\/\/nitu.mx\/wp-content\/uploads\/2024\/04\/4A315622-1904-4D5C-B022-878CDC840E04-90x90-1.jpeg\",\"width\":90,\"height\":90,\"caption\":\"Arturo Medina\"},\"logo\":{\"@id\":\"https:\/\/nitu.mx\/#\/schema\/person\/image\/\"},\"description\":\"Director NITU.mx, Egresado de la Escuela de Periodismo Carlos Septi\u00e9n Garc\u00eda. Periodista y analista especializado en turismo desde hace 35 a\u00f1os, radicado en Canc\u00fan Q.Roo. arturo@nitu.mx\",\"sameAs\":[\"https:\/\/nitu.mx\",\"https:\/\/www.facebook.com\/NITUmx\/\",\"medinacancun\",\"https:\/\/twitter.com\/@Arturo_Medina_G\"]},{\"@type\":\"Person\",\"@id\":\"https:\/\/nitu.mx\/#\/schema\/person\/2ecd887b19dfd3382d1f14fc5acf24a8\",\"name\":\"Alejandra Moncisbays\",\"image\":{\"@type\":\"ImageObject\",\"inLanguage\":\"es-MX\",\"@id\":\"https:\/\/nitu.mx\/#\/schema\/person\/image\/\",\"url\":\"https:\/\/secure.gravatar.com\/avatar\/e74f7af0be172b7804dacfd0bfbef787?s=96&d=mm&r=g\",\"contentUrl\":\"https:\/\/secure.gravatar.com\/avatar\/e74f7af0be172b7804dacfd0bfbef787?s=96&d=mm&r=g\",\"caption\":\"Alejandra Moncisbays\"},\"description\":\"Curs\u00e9 la carrera de Periodismo y Comunicaci\u00f3n en la Facultad de Estudios Profesionales Acatl\u00e1n. Vivo en Canc\u00fan desde hace 24 a\u00f1os. Fui reportera de La Tarde de Canc\u00fan, y Novedades de Quintana Roo, colabor\u00e9 en TVCUN, edit\u00e9 Cancun\u00edssimo y colabor\u00e9 en las revistas Latitud21, entre otras, con principal enfoque en los sectores empresarial y tur\u00edstico. Desde hace varios a\u00f1os soy Agente de Seguros con c\u00e9dula de la Comisi\u00f3n Nacional de Seguros y Fianzas. Actualmente, me desarrollo en los \u00e1mbitos del periodismo y el sector asegurador.\",\"sameAs\":[\"https:\/\/nitu.mx\"],\"url\":\"https:\/\/nitu.mx\/index.php\/author\/alejandra\/\"}]}<\/script>\n<!-- \/ Yoast SEO plugin. -->","yoast_head_json":{"title":"CPTM activa manejo de crisis para evitar cancelaciones de viaje a M\u00e9xico - Nitu - Noticias de la Industria Turistica","description":"El Consejo de Promoci\u00f3n Tur\u00edstica de M\u00e9xico (CPTM), inici\u00f3 la distribuci\u00f3n de un comunicado internacional respecto a la situaci\u00f3n actual y zonas afectadas.","robots":{"index":"index","follow":"follow","max-snippet":"max-snippet:-1","max-image-preview":"max-image-preview:large","max-video-preview":"max-video-preview:-1"},"canonical":"https:\/\/nitu.mx\/index.php\/2017\/09\/20\/cptm-activa-manejo-de-crisis-para-evitar-cancelaciones-de-viaje-a-mexico\/","twitter_card":"summary_large_image","twitter_title":"CPTM activa manejo de crisis para evitar cancelaciones de viaje a M\u00e9xico - Nitu - Noticias de la Industria Turistica","twitter_description":"El Consejo de Promoci\u00f3n Tur\u00edstica de M\u00e9xico (CPTM), inici\u00f3 la distribuci\u00f3n de un comunicado internacional respecto a la situaci\u00f3n actual y zonas afectadas.","twitter_image":"https:\/\/nitu.mx\/wp-content\/uploads\/2017\/05\/Pib-turistico-2.jpg","twitter_creator":"@NITUmx","twitter_site":"@Arturo_Medina_G","twitter_misc":{"Escrito por":"Alejandra Moncisbays","Tiempo de lectura":"2 minutos"},"schema":{"@context":"https:\/\/schema.org","@graph":[{"@type":"Article","@id":"https:\/\/nitu.mx\/index.php\/2017\/09\/20\/cptm-activa-manejo-de-crisis-para-evitar-cancelaciones-de-viaje-a-mexico\/#article","isPartOf":{"@id":"https:\/\/nitu.mx\/index.php\/2017\/09\/20\/cptm-activa-manejo-de-crisis-para-evitar-cancelaciones-de-viaje-a-mexico\/"},"author":{"name":"Alejandra Moncisbays","@id":"https:\/\/nitu.mx\/#\/schema\/person\/2ecd887b19dfd3382d1f14fc5acf24a8"},"headline":"CPTM activa manejo de crisis para evitar cancelaciones de viaje a M\u00e9xico","datePublished":"2017-09-21T03:42:27+00:00","dateModified":"2017-09-21T04:45:16+00:00","mainEntityOfPage":{"@id":"https:\/\/nitu.mx\/index.php\/2017\/09\/20\/cptm-activa-manejo-de-crisis-para-evitar-cancelaciones-de-viaje-a-mexico\/"},"wordCount":436,"commentCount":0,"publisher":{"@id":"https:\/\/nitu.mx\/#\/schema\/person\/ae7a53426417292d3dd07b45a33e01bc"},"image":{"@id":"https:\/\/nitu.mx\/index.php\/2017\/09\/20\/cptm-activa-manejo-de-crisis-para-evitar-cancelaciones-de-viaje-a-mexico\/#primaryimage"},"thumbnailUrl":"https:\/\/nitu.mx\/wp-content\/uploads\/2017\/05\/Pib-turistico-2.jpg","keywords":["Consejo de Promoci\u00f3n Tur\u00edstica de M\u00e9xico (CPTM)","Josh Shapiro","M\u00e9xico","MSL Group"],"articleSection":["Marketing","M\u00e9xico"],"inLanguage":"es-MX","potentialAction":[{"@type":"CommentAction","name":"Comment","target":["https:\/\/nitu.mx\/index.php\/2017\/09\/20\/cptm-activa-manejo-de-crisis-para-evitar-cancelaciones-de-viaje-a-mexico\/#respond"]}]},{"@type":"WebPage","@id":"https:\/\/nitu.mx\/index.php\/2017\/09\/20\/cptm-activa-manejo-de-crisis-para-evitar-cancelaciones-de-viaje-a-mexico\/","url":"https:\/\/nitu.mx\/index.php\/2017\/09\/20\/cptm-activa-manejo-de-crisis-para-evitar-cancelaciones-de-viaje-a-mexico\/","name":"CPTM activa manejo de crisis para evitar cancelaciones de viaje a M\u00e9xico - Nitu - Noticias de la Industria Turistica","isPartOf":{"@id":"https:\/\/nitu.mx\/#website"},"primaryImageOfPage":{"@id":"https:\/\/nitu.mx\/index.php\/2017\/09\/20\/cptm-activa-manejo-de-crisis-para-evitar-cancelaciones-de-viaje-a-mexico\/#primaryimage"},"image":{"@id":"https:\/\/nitu.mx\/index.php\/2017\/09\/20\/cptm-activa-manejo-de-crisis-para-evitar-cancelaciones-de-viaje-a-mexico\/#primaryimage"},"thumbnailUrl":"https:\/\/nitu.mx\/wp-content\/uploads\/2017\/05\/Pib-turistico-2.jpg","datePublished":"2017-09-21T03:42:27+00:00","dateModified":"2017-09-21T04:45:16+00:00","description":"El Consejo de Promoci\u00f3n Tur\u00edstica de M\u00e9xico (CPTM), inici\u00f3 la distribuci\u00f3n de un comunicado internacional respecto a la situaci\u00f3n actual y zonas afectadas.","breadcrumb":{"@id":"https:\/\/nitu.mx\/index.php\/2017\/09\/20\/cptm-activa-manejo-de-crisis-para-evitar-cancelaciones-de-viaje-a-mexico\/#breadcrumb"},"inLanguage":"es-MX","potentialAction":[{"@type":"ReadAction","target":["https:\/\/nitu.mx\/index.php\/2017\/09\/20\/cptm-activa-manejo-de-crisis-para-evitar-cancelaciones-de-viaje-a-mexico\/"]}]},{"@type":"ImageObject","inLanguage":"es-MX","@id":"https:\/\/nitu.mx\/index.php\/2017\/09\/20\/cptm-activa-manejo-de-crisis-para-evitar-cancelaciones-de-viaje-a-mexico\/#primaryimage","url":"https:\/\/nitu.mx\/wp-content\/uploads\/2017\/05\/Pib-turistico-2.jpg","contentUrl":"https:\/\/nitu.mx\/wp-content\/uploads\/2017\/05\/Pib-turistico-2.jpg","width":850,"height":480,"caption":"Pib cptm destinos nacionales cptqroo"},{"@type":"BreadcrumbList","@id":"https:\/\/nitu.mx\/index.php\/2017\/09\/20\/cptm-activa-manejo-de-crisis-para-evitar-cancelaciones-de-viaje-a-mexico\/#breadcrumb","itemListElement":[{"@type":"ListItem","position":1,"name":"Inicio","item":"https:\/\/nitu.mx\/"},{"@type":"ListItem","position":2,"name":"CPTM activa manejo de crisis para evitar cancelaciones de viaje a M\u00e9xico"}]},{"@type":"WebSite","@id":"https:\/\/nitu.mx\/#website","url":"https:\/\/nitu.mx\/","name":"Nitu - Noticias de la Industria Turistica","description":"Noticias de la Industria Turistica","publisher":{"@id":"https:\/\/nitu.mx\/#\/schema\/person\/ae7a53426417292d3dd07b45a33e01bc"},"alternateName":"Noticias de la Industria Turistica","potentialAction":[{"@type":"SearchAction","target":{"@type":"EntryPoint","urlTemplate":"https:\/\/nitu.mx\/?s={search_term_string}"},"query-input":"required name=search_term_string"}],"inLanguage":"es-MX"},{"@type":["Person","Organization"],"@id":"https:\/\/nitu.mx\/#\/schema\/person\/ae7a53426417292d3dd07b45a33e01bc","name":"Arturo Medina","image":{"@type":"ImageObject","inLanguage":"es-MX","@id":"https:\/\/nitu.mx\/#\/schema\/person\/image\/","url":"https:\/\/nitu.mx\/wp-content\/uploads\/2024\/04\/4A315622-1904-4D5C-B022-878CDC840E04-90x90-1.jpeg","contentUrl":"https:\/\/nitu.mx\/wp-content\/uploads\/2024\/04\/4A315622-1904-4D5C-B022-878CDC840E04-90x90-1.jpeg","width":90,"height":90,"caption":"Arturo Medina"},"logo":{"@id":"https:\/\/nitu.mx\/#\/schema\/person\/image\/"},"description":"Director NITU.mx, Egresado de la Escuela de Periodismo Carlos Septi\u00e9n Garc\u00eda. Periodista y analista especializado en turismo desde hace 35 a\u00f1os, radicado en Canc\u00fan Q.Roo. arturo@nitu.mx","sameAs":["https:\/\/nitu.mx","https:\/\/www.facebook.com\/NITUmx\/","medinacancun","https:\/\/twitter.com\/@Arturo_Medina_G"]},{"@type":"Person","@id":"https:\/\/nitu.mx\/#\/schema\/person\/2ecd887b19dfd3382d1f14fc5acf24a8","name":"Alejandra Moncisbays","image":{"@type":"ImageObject","inLanguage":"es-MX","@id":"https:\/\/nitu.mx\/#\/schema\/person\/image\/","url":"https:\/\/secure.gravatar.com\/avatar\/e74f7af0be172b7804dacfd0bfbef787?s=96&d=mm&r=g","contentUrl":"https:\/\/secure.gravatar.com\/avatar\/e74f7af0be172b7804dacfd0bfbef787?s=96&d=mm&r=g","caption":"Alejandra Moncisbays"},"description":"Curs\u00e9 la carrera de Periodismo y Comunicaci\u00f3n en la Facultad de Estudios Profesionales Acatl\u00e1n. Vivo en Canc\u00fan desde hace 24 a\u00f1os. Fui reportera de La Tarde de Canc\u00fan, y Novedades de Quintana Roo, colabor\u00e9 en TVCUN, edit\u00e9 Cancun\u00edssimo y colabor\u00e9 en las revistas Latitud21, entre otras, con principal enfoque en los sectores empresarial y tur\u00edstico. Desde hace varios a\u00f1os soy Agente de Seguros con c\u00e9dula de la Comisi\u00f3n Nacional de Seguros y Fianzas. Actualmente, me desarrollo en los \u00e1mbitos del periodismo y el sector asegurador.","sameAs":["https:\/\/nitu.mx"],"url":"https:\/\/nitu.mx\/index.php\/author\/alejandra\/"}]}},"views":261,"_links":{"self":[{"href":"https:\/\/nitu.mx\/index.php\/wp-json\/wp\/v2\/posts\/13295"}],"collection":[{"href":"https:\/\/nitu.mx\/index.php\/wp-json\/wp\/v2\/posts"}],"about":[{"href":"https:\/\/nitu.mx\/index.php\/wp-json\/wp\/v2\/types\/post"}],"author":[{"embeddable":true,"href":"https:\/\/nitu.mx\/index.php\/wp-json\/wp\/v2\/users\/3"}],"replies":[{"embeddable":true,"href":"https:\/\/nitu.mx\/index.php\/wp-json\/wp\/v2\/comments?post=13295"}],"version-history":[{"count":4,"href":"https:\/\/nitu.mx\/index.php\/wp-json\/wp\/v2\/posts\/13295\/revisions"}],"predecessor-version":[{"id":13302,"href":"https:\/\/nitu.mx\/index.php\/wp-json\/wp\/v2\/posts\/13295\/revisions\/13302"}],"wp:featuredmedia":[{"embeddable":true,"href":"https:\/\/nitu.mx\/index.php\/wp-json\/wp\/v2\/media\/9643"}],"wp:attachment":[{"href":"https:\/\/nitu.mx\/index.php\/wp-json\/wp\/v2\/media?parent=13295"}],"wp:term":[{"taxonomy":"category","embeddable":true,"href":"https:\/\/nitu.mx\/index.php\/wp-json\/wp\/v2\/categories?post=13295"},{"taxonomy":"post_tag","embeddable":true,"href":"https:\/\/nitu.mx\/index.php\/wp-json\/wp\/v2\/tags?post=13295"}],"curies":[{"name":"wp","href":"https:\/\/api.w.org\/{rel}","templated":true}]}}