{"id":13042,"date":"2017-09-12T00:44:13","date_gmt":"2017-09-12T05:44:13","guid":{"rendered":"http:\/\/www.dev.nitu.mx\/?p=13042"},"modified":"2017-09-12T01:13:19","modified_gmt":"2017-09-12T06:13:19","slug":"apoyara-sectur-la-profesionalizacion-del-sector-con-cruzada-de-capacitacion","status":"publish","type":"post","link":"https:\/\/nitu.mx\/index.php\/2017\/09\/12\/apoyara-sectur-la-profesionalizacion-del-sector-con-cruzada-de-capacitacion\/","title":{"rendered":"Apoyar\u00e1 Sectur la capacitaci\u00f3n del sector con nuevo programa"},"content":{"rendered":"<p>La secretaria de Turismo (Sectur) federal, anunci\u00f3 la puesta en marcha de la Cruzada por la Capacitaci\u00f3n Tur\u00edstica, cuyo prop\u00f3sito es coordinar esfuerzos entre las dependencias del gobierno federal, los sectores empresarial y acad\u00e9mico, para impulsar una estrategia que atienda las necesidades de profesionalizaci\u00f3n de la actividad tur\u00edstica en M\u00e9xico.<\/p>\n<p>En el evento\u00a0realizado en el Centro Hist\u00f3rico Cultural Juan de Dios B\u00e1tiz del IPN, se firmaron tres acuerdos entre la Sectur y el Instituto Polit\u00e9cnico Nacional.\u00a0A nombre del secretario de Turismo, Enrique de la Madrid Cordero, la subsecretaria de Planeaci\u00f3n y Pol\u00edtica Tur\u00edstica de la Sectur, Teresa Sol\u00eds Trejo, destac\u00f3 con base en un estudio de la Universidad An\u00e1huac si M\u00e9xico no tuviera turismo, se perder\u00eda el 8.7 por ciento de su econom\u00eda.<\/p>\n<p>\u201cPor eso el turismo en M\u00e9xico es ejemplo de que predecir el futuro es construirlo, y el secretario Enrique de la Madrid nos ha encargado poner atenci\u00f3n especial en la capacitaci\u00f3n a los j\u00f3venes, a quienes les va a tocar un mundo diferente. La \u00fanica manera de que un amplio n\u00famero de j\u00f3venes sea una ventaja y no un lastre es que los eduquemos y les demos empleos productivos\u201d, recalc\u00f3.<\/p>\n<p>Sol\u00eds Trejo record\u00f3 que esta Cruzada por la Capacitaci\u00f3n en el Turismo busca aprovechar las capacidades, el talento y la voluntad del sector educativo y de otros aliados p\u00fablicos y privados con una misma causa: \u201cSe quiere ser una cruzada para hacer un ejercicio vigoroso en el que el enemigo a vencer sea la incompetencia\u201d.<\/p>\n<p>Por su parte, el director general del Instituto Polit\u00e9cnico Nacional (IPN), Enrique Fern\u00e1ndez Fassnacht, se\u00f1al\u00f3 que con este convenio se fortalecer\u00e1 al sector tur\u00edstico, el cual realiza una aportaci\u00f3n importante a la econom\u00eda nacional y ha contribuido al fortalecimiento de la competitividad en el escenario mundial.<\/p>\n<p>Pablo Azc\u00e1rraga Andrade, Presidente del Consejo Nacional Empresarial Tur\u00edstico (CNET), indic\u00f3 que hoy en d\u00eda las empresas tienen que ir m\u00e1s all\u00e1 de generar estudiantes con enfoque operativo.<\/p>\n<p>\u201cHoy requerimos un mayor volumen de estudiantes que vengan con especializaciones enfocadas en la comercializaci\u00f3n, la administraci\u00f3n, la tecnolog\u00eda, entre otras \u00e1reas que hacen que M\u00e9xico pueda dar ese brinco de los 35 millones de turistas que tenemos hoy, a los 50 millones\u00a0 que deber\u00edamos de tener y que no los tenemos por la falta de infraestructura tur\u00edstica que requiere el pa\u00eds\u201d, dijo el dirigente del CNET.<\/p>\n","protected":false},"excerpt":{"rendered":"<p>La secretaria de Turismo (Sectur) federal, anunci\u00f3 la puesta en marcha de la Cruzada por la Capacitaci\u00f3n Tur\u00edstica, cuyo prop\u00f3sito es coordinar esfuerzos entre las dependencias del gobierno federal, los sectores empresarial y acad\u00e9mico, para impulsar una estrategia que atienda las necesidades de profesionalizaci\u00f3n de la actividad tur\u00edstica en M\u00e9xico. En el evento\u00a0realizado en el [&hellip;]<\/p>\n","protected":false},"author":5,"featured_media":13051,"comment_status":"open","ping_status":"open","sticky":false,"template":"","format":"standard","meta":{"footnotes":""},"categories":[12],"tags":[834,5886,835,93,3804],"yoast_head":"<!-- This site is optimized with the Yoast SEO plugin v22.2 - https:\/\/yoast.com\/wordpress\/plugins\/seo\/ -->\n<title>Apoyar\u00e1 Sectur la capacitaci\u00f3n del sector con nuevo programa - Nitu - Noticias de la Industria Turistica<\/title>\n<meta name=\"description\" content=\"Sectur firma convenios con instituciones educativas para promover la capacitaci\u00f3n y profesionalizaci\u00f3n de los participantes de la industria tur\u00edstica.\" \/>\n<meta name=\"robots\" content=\"index, follow, max-snippet:-1, max-image-preview:large, max-video-preview:-1\" \/>\n<link rel=\"canonical\" href=\"https:\/\/nitu.mx\/index.php\/2017\/09\/12\/apoyara-sectur-la-profesionalizacion-del-sector-con-cruzada-de-capacitacion\/\" \/>\n<meta name=\"twitter:card\" content=\"summary_large_image\" \/>\n<meta name=\"twitter:title\" content=\"Apoyar\u00e1 Sectur la capacitaci\u00f3n del sector con nuevo programa - Nitu - Noticias de la Industria Turistica\" \/>\n<meta name=\"twitter:description\" content=\"Sectur firma convenios con instituciones educativas para promover la capacitaci\u00f3n y profesionalizaci\u00f3n de los participantes de la industria tur\u00edstica.\" \/>\n<meta name=\"twitter:image\" content=\"https:\/\/nitu.mx\/wp-content\/uploads\/2017\/09\/sectur-tere-solis.jpg\" \/>\n<meta name=\"twitter:creator\" content=\"@NITUmx\" \/>\n<meta name=\"twitter:site\" content=\"@Arturo_Medina_G\" \/>\n<meta name=\"twitter:label1\" content=\"Escrito por\" \/>\n\t<meta name=\"twitter:data1\" content=\"Mari Soto\" \/>\n\t<meta name=\"twitter:label2\" content=\"Tiempo de lectura\" \/>\n\t<meta name=\"twitter:data2\" content=\"2 minutos\" \/>\n<script type=\"application\/ld+json\" class=\"yoast-schema-graph\">{\"@context\":\"https:\/\/schema.org\",\"@graph\":[{\"@type\":\"Article\",\"@id\":\"https:\/\/nitu.mx\/index.php\/2017\/09\/12\/apoyara-sectur-la-profesionalizacion-del-sector-con-cruzada-de-capacitacion\/#article\",\"isPartOf\":{\"@id\":\"https:\/\/nitu.mx\/index.php\/2017\/09\/12\/apoyara-sectur-la-profesionalizacion-del-sector-con-cruzada-de-capacitacion\/\"},\"author\":{\"name\":\"Mari Soto\",\"@id\":\"https:\/\/nitu.mx\/#\/schema\/person\/afc52e313e27e660739556d421d3d6b4\"},\"headline\":\"Apoyar\u00e1 Sectur la capacitaci\u00f3n del sector con nuevo programa\",\"datePublished\":\"2017-09-12T05:44:13+00:00\",\"dateModified\":\"2017-09-12T06:13:19+00:00\",\"mainEntityOfPage\":{\"@id\":\"https:\/\/nitu.mx\/index.php\/2017\/09\/12\/apoyara-sectur-la-profesionalizacion-del-sector-con-cruzada-de-capacitacion\/\"},\"wordCount\":442,\"commentCount\":0,\"publisher\":{\"@id\":\"https:\/\/nitu.mx\/#\/schema\/person\/ae7a53426417292d3dd07b45a33e01bc\"},\"image\":{\"@id\":\"https:\/\/nitu.mx\/index.php\/2017\/09\/12\/apoyara-sectur-la-profesionalizacion-del-sector-con-cruzada-de-capacitacion\/#primaryimage\"},\"thumbnailUrl\":\"https:\/\/nitu.mx\/wp-content\/uploads\/2017\/09\/sectur-tere-solis.jpg\",\"keywords\":[\"CNET\",\"Enrique Fern\u00e1ndez Fassnacht\",\"Pablo Azc\u00e1rraga\",\"Sectur\",\"Tere Sol\u00eds\"],\"articleSection\":[\"Marketing\"],\"inLanguage\":\"es-MX\",\"potentialAction\":[{\"@type\":\"CommentAction\",\"name\":\"Comment\",\"target\":[\"https:\/\/nitu.mx\/index.php\/2017\/09\/12\/apoyara-sectur-la-profesionalizacion-del-sector-con-cruzada-de-capacitacion\/#respond\"]}]},{\"@type\":\"WebPage\",\"@id\":\"https:\/\/nitu.mx\/index.php\/2017\/09\/12\/apoyara-sectur-la-profesionalizacion-del-sector-con-cruzada-de-capacitacion\/\",\"url\":\"https:\/\/nitu.mx\/index.php\/2017\/09\/12\/apoyara-sectur-la-profesionalizacion-del-sector-con-cruzada-de-capacitacion\/\",\"name\":\"Apoyar\u00e1 Sectur la capacitaci\u00f3n del sector con nuevo programa - Nitu - Noticias de la Industria Turistica\",\"isPartOf\":{\"@id\":\"https:\/\/nitu.mx\/#website\"},\"primaryImageOfPage\":{\"@id\":\"https:\/\/nitu.mx\/index.php\/2017\/09\/12\/apoyara-sectur-la-profesionalizacion-del-sector-con-cruzada-de-capacitacion\/#primaryimage\"},\"image\":{\"@id\":\"https:\/\/nitu.mx\/index.php\/2017\/09\/12\/apoyara-sectur-la-profesionalizacion-del-sector-con-cruzada-de-capacitacion\/#primaryimage\"},\"thumbnailUrl\":\"https:\/\/nitu.mx\/wp-content\/uploads\/2017\/09\/sectur-tere-solis.jpg\",\"datePublished\":\"2017-09-12T05:44:13+00:00\",\"dateModified\":\"2017-09-12T06:13:19+00:00\",\"description\":\"Sectur firma convenios con instituciones educativas para promover la capacitaci\u00f3n y profesionalizaci\u00f3n de los participantes de la industria tur\u00edstica.\",\"breadcrumb\":{\"@id\":\"https:\/\/nitu.mx\/index.php\/2017\/09\/12\/apoyara-sectur-la-profesionalizacion-del-sector-con-cruzada-de-capacitacion\/#breadcrumb\"},\"inLanguage\":\"es-MX\",\"potentialAction\":[{\"@type\":\"ReadAction\",\"target\":[\"https:\/\/nitu.mx\/index.php\/2017\/09\/12\/apoyara-sectur-la-profesionalizacion-del-sector-con-cruzada-de-capacitacion\/\"]}]},{\"@type\":\"ImageObject\",\"inLanguage\":\"es-MX\",\"@id\":\"https:\/\/nitu.mx\/index.php\/2017\/09\/12\/apoyara-sectur-la-profesionalizacion-del-sector-con-cruzada-de-capacitacion\/#primaryimage\",\"url\":\"https:\/\/nitu.mx\/wp-content\/uploads\/2017\/09\/sectur-tere-solis.jpg\",\"contentUrl\":\"https:\/\/nitu.mx\/wp-content\/uploads\/2017\/09\/sectur-tere-solis.jpg\",\"width\":850,\"height\":480,\"caption\":\"sectur tere solis\"},{\"@type\":\"BreadcrumbList\",\"@id\":\"https:\/\/nitu.mx\/index.php\/2017\/09\/12\/apoyara-sectur-la-profesionalizacion-del-sector-con-cruzada-de-capacitacion\/#breadcrumb\",\"itemListElement\":[{\"@type\":\"ListItem\",\"position\":1,\"name\":\"Inicio\",\"item\":\"https:\/\/nitu.mx\/\"},{\"@type\":\"ListItem\",\"position\":2,\"name\":\"Apoyar\u00e1 Sectur la capacitaci\u00f3n del sector con nuevo programa\"}]},{\"@type\":\"WebSite\",\"@id\":\"https:\/\/nitu.mx\/#website\",\"url\":\"https:\/\/nitu.mx\/\",\"name\":\"Nitu - Noticias de la Industria Turistica\",\"description\":\"Noticias de la Industria Turistica\",\"publisher\":{\"@id\":\"https:\/\/nitu.mx\/#\/schema\/person\/ae7a53426417292d3dd07b45a33e01bc\"},\"alternateName\":\"Noticias de la Industria Turistica\",\"potentialAction\":[{\"@type\":\"SearchAction\",\"target\":{\"@type\":\"EntryPoint\",\"urlTemplate\":\"https:\/\/nitu.mx\/?s={search_term_string}\"},\"query-input\":\"required name=search_term_string\"}],\"inLanguage\":\"es-MX\"},{\"@type\":[\"Person\",\"Organization\"],\"@id\":\"https:\/\/nitu.mx\/#\/schema\/person\/ae7a53426417292d3dd07b45a33e01bc\",\"name\":\"Arturo Medina\",\"image\":{\"@type\":\"ImageObject\",\"inLanguage\":\"es-MX\",\"@id\":\"https:\/\/nitu.mx\/#\/schema\/person\/image\/\",\"url\":\"https:\/\/nitu.mx\/wp-content\/uploads\/2024\/04\/4A315622-1904-4D5C-B022-878CDC840E04-90x90-1.jpeg\",\"contentUrl\":\"https:\/\/nitu.mx\/wp-content\/uploads\/2024\/04\/4A315622-1904-4D5C-B022-878CDC840E04-90x90-1.jpeg\",\"width\":90,\"height\":90,\"caption\":\"Arturo Medina\"},\"logo\":{\"@id\":\"https:\/\/nitu.mx\/#\/schema\/person\/image\/\"},\"description\":\"Director NITU.mx, Egresado de la Escuela de Periodismo Carlos Septi\u00e9n Garc\u00eda. Periodista y analista especializado en turismo desde hace 35 a\u00f1os, radicado en Canc\u00fan Q.Roo. arturo@nitu.mx\",\"sameAs\":[\"https:\/\/nitu.mx\",\"https:\/\/www.facebook.com\/NITUmx\/\",\"medinacancun\",\"https:\/\/twitter.com\/@Arturo_Medina_G\"]},{\"@type\":\"Person\",\"@id\":\"https:\/\/nitu.mx\/#\/schema\/person\/afc52e313e27e660739556d421d3d6b4\",\"name\":\"Mari Soto\",\"image\":{\"@type\":\"ImageObject\",\"inLanguage\":\"es-MX\",\"@id\":\"https:\/\/nitu.mx\/#\/schema\/person\/image\/\",\"url\":\"https:\/\/secure.gravatar.com\/avatar\/2619c282a180a20d89fcaea82a6736e2?s=96&d=mm&r=g\",\"contentUrl\":\"https:\/\/secure.gravatar.com\/avatar\/2619c282a180a20d89fcaea82a6736e2?s=96&d=mm&r=g\",\"caption\":\"Mari Soto\"},\"sameAs\":[\"https:\/\/nitu.mx\"],\"url\":\"https:\/\/nitu.mx\/index.php\/author\/guadalupe\/\"}]}<\/script>\n<!-- \/ Yoast SEO plugin. -->","yoast_head_json":{"title":"Apoyar\u00e1 Sectur la capacitaci\u00f3n del sector con nuevo programa - Nitu - Noticias de la Industria Turistica","description":"Sectur firma convenios con instituciones educativas para promover la capacitaci\u00f3n y profesionalizaci\u00f3n de los participantes de la industria tur\u00edstica.","robots":{"index":"index","follow":"follow","max-snippet":"max-snippet:-1","max-image-preview":"max-image-preview:large","max-video-preview":"max-video-preview:-1"},"canonical":"https:\/\/nitu.mx\/index.php\/2017\/09\/12\/apoyara-sectur-la-profesionalizacion-del-sector-con-cruzada-de-capacitacion\/","twitter_card":"summary_large_image","twitter_title":"Apoyar\u00e1 Sectur la capacitaci\u00f3n del sector con nuevo programa - Nitu - Noticias de la Industria Turistica","twitter_description":"Sectur firma convenios con instituciones educativas para promover la capacitaci\u00f3n y profesionalizaci\u00f3n de los participantes de la industria tur\u00edstica.","twitter_image":"https:\/\/nitu.mx\/wp-content\/uploads\/2017\/09\/sectur-tere-solis.jpg","twitter_creator":"@NITUmx","twitter_site":"@Arturo_Medina_G","twitter_misc":{"Escrito por":"Mari Soto","Tiempo de lectura":"2 minutos"},"schema":{"@context":"https:\/\/schema.org","@graph":[{"@type":"Article","@id":"https:\/\/nitu.mx\/index.php\/2017\/09\/12\/apoyara-sectur-la-profesionalizacion-del-sector-con-cruzada-de-capacitacion\/#article","isPartOf":{"@id":"https:\/\/nitu.mx\/index.php\/2017\/09\/12\/apoyara-sectur-la-profesionalizacion-del-sector-con-cruzada-de-capacitacion\/"},"author":{"name":"Mari Soto","@id":"https:\/\/nitu.mx\/#\/schema\/person\/afc52e313e27e660739556d421d3d6b4"},"headline":"Apoyar\u00e1 Sectur la capacitaci\u00f3n del sector con nuevo programa","datePublished":"2017-09-12T05:44:13+00:00","dateModified":"2017-09-12T06:13:19+00:00","mainEntityOfPage":{"@id":"https:\/\/nitu.mx\/index.php\/2017\/09\/12\/apoyara-sectur-la-profesionalizacion-del-sector-con-cruzada-de-capacitacion\/"},"wordCount":442,"commentCount":0,"publisher":{"@id":"https:\/\/nitu.mx\/#\/schema\/person\/ae7a53426417292d3dd07b45a33e01bc"},"image":{"@id":"https:\/\/nitu.mx\/index.php\/2017\/09\/12\/apoyara-sectur-la-profesionalizacion-del-sector-con-cruzada-de-capacitacion\/#primaryimage"},"thumbnailUrl":"https:\/\/nitu.mx\/wp-content\/uploads\/2017\/09\/sectur-tere-solis.jpg","keywords":["CNET","Enrique Fern\u00e1ndez Fassnacht","Pablo Azc\u00e1rraga","Sectur","Tere Sol\u00eds"],"articleSection":["Marketing"],"inLanguage":"es-MX","potentialAction":[{"@type":"CommentAction","name":"Comment","target":["https:\/\/nitu.mx\/index.php\/2017\/09\/12\/apoyara-sectur-la-profesionalizacion-del-sector-con-cruzada-de-capacitacion\/#respond"]}]},{"@type":"WebPage","@id":"https:\/\/nitu.mx\/index.php\/2017\/09\/12\/apoyara-sectur-la-profesionalizacion-del-sector-con-cruzada-de-capacitacion\/","url":"https:\/\/nitu.mx\/index.php\/2017\/09\/12\/apoyara-sectur-la-profesionalizacion-del-sector-con-cruzada-de-capacitacion\/","name":"Apoyar\u00e1 Sectur la capacitaci\u00f3n del sector con nuevo programa - Nitu - Noticias de la Industria Turistica","isPartOf":{"@id":"https:\/\/nitu.mx\/#website"},"primaryImageOfPage":{"@id":"https:\/\/nitu.mx\/index.php\/2017\/09\/12\/apoyara-sectur-la-profesionalizacion-del-sector-con-cruzada-de-capacitacion\/#primaryimage"},"image":{"@id":"https:\/\/nitu.mx\/index.php\/2017\/09\/12\/apoyara-sectur-la-profesionalizacion-del-sector-con-cruzada-de-capacitacion\/#primaryimage"},"thumbnailUrl":"https:\/\/nitu.mx\/wp-content\/uploads\/2017\/09\/sectur-tere-solis.jpg","datePublished":"2017-09-12T05:44:13+00:00","dateModified":"2017-09-12T06:13:19+00:00","description":"Sectur firma convenios con instituciones educativas para promover la capacitaci\u00f3n y profesionalizaci\u00f3n de los participantes de la industria tur\u00edstica.","breadcrumb":{"@id":"https:\/\/nitu.mx\/index.php\/2017\/09\/12\/apoyara-sectur-la-profesionalizacion-del-sector-con-cruzada-de-capacitacion\/#breadcrumb"},"inLanguage":"es-MX","potentialAction":[{"@type":"ReadAction","target":["https:\/\/nitu.mx\/index.php\/2017\/09\/12\/apoyara-sectur-la-profesionalizacion-del-sector-con-cruzada-de-capacitacion\/"]}]},{"@type":"ImageObject","inLanguage":"es-MX","@id":"https:\/\/nitu.mx\/index.php\/2017\/09\/12\/apoyara-sectur-la-profesionalizacion-del-sector-con-cruzada-de-capacitacion\/#primaryimage","url":"https:\/\/nitu.mx\/wp-content\/uploads\/2017\/09\/sectur-tere-solis.jpg","contentUrl":"https:\/\/nitu.mx\/wp-content\/uploads\/2017\/09\/sectur-tere-solis.jpg","width":850,"height":480,"caption":"sectur tere solis"},{"@type":"BreadcrumbList","@id":"https:\/\/nitu.mx\/index.php\/2017\/09\/12\/apoyara-sectur-la-profesionalizacion-del-sector-con-cruzada-de-capacitacion\/#breadcrumb","itemListElement":[{"@type":"ListItem","position":1,"name":"Inicio","item":"https:\/\/nitu.mx\/"},{"@type":"ListItem","position":2,"name":"Apoyar\u00e1 Sectur la capacitaci\u00f3n del sector con nuevo programa"}]},{"@type":"WebSite","@id":"https:\/\/nitu.mx\/#website","url":"https:\/\/nitu.mx\/","name":"Nitu - Noticias de la Industria Turistica","description":"Noticias de la Industria Turistica","publisher":{"@id":"https:\/\/nitu.mx\/#\/schema\/person\/ae7a53426417292d3dd07b45a33e01bc"},"alternateName":"Noticias de la Industria Turistica","potentialAction":[{"@type":"SearchAction","target":{"@type":"EntryPoint","urlTemplate":"https:\/\/nitu.mx\/?s={search_term_string}"},"query-input":"required name=search_term_string"}],"inLanguage":"es-MX"},{"@type":["Person","Organization"],"@id":"https:\/\/nitu.mx\/#\/schema\/person\/ae7a53426417292d3dd07b45a33e01bc","name":"Arturo Medina","image":{"@type":"ImageObject","inLanguage":"es-MX","@id":"https:\/\/nitu.mx\/#\/schema\/person\/image\/","url":"https:\/\/nitu.mx\/wp-content\/uploads\/2024\/04\/4A315622-1904-4D5C-B022-878CDC840E04-90x90-1.jpeg","contentUrl":"https:\/\/nitu.mx\/wp-content\/uploads\/2024\/04\/4A315622-1904-4D5C-B022-878CDC840E04-90x90-1.jpeg","width":90,"height":90,"caption":"Arturo Medina"},"logo":{"@id":"https:\/\/nitu.mx\/#\/schema\/person\/image\/"},"description":"Director NITU.mx, Egresado de la Escuela de Periodismo Carlos Septi\u00e9n Garc\u00eda. Periodista y analista especializado en turismo desde hace 35 a\u00f1os, radicado en Canc\u00fan Q.Roo. arturo@nitu.mx","sameAs":["https:\/\/nitu.mx","https:\/\/www.facebook.com\/NITUmx\/","medinacancun","https:\/\/twitter.com\/@Arturo_Medina_G"]},{"@type":"Person","@id":"https:\/\/nitu.mx\/#\/schema\/person\/afc52e313e27e660739556d421d3d6b4","name":"Mari Soto","image":{"@type":"ImageObject","inLanguage":"es-MX","@id":"https:\/\/nitu.mx\/#\/schema\/person\/image\/","url":"https:\/\/secure.gravatar.com\/avatar\/2619c282a180a20d89fcaea82a6736e2?s=96&d=mm&r=g","contentUrl":"https:\/\/secure.gravatar.com\/avatar\/2619c282a180a20d89fcaea82a6736e2?s=96&d=mm&r=g","caption":"Mari Soto"},"sameAs":["https:\/\/nitu.mx"],"url":"https:\/\/nitu.mx\/index.php\/author\/guadalupe\/"}]}},"views":339,"_links":{"self":[{"href":"https:\/\/nitu.mx\/index.php\/wp-json\/wp\/v2\/posts\/13042"}],"collection":[{"href":"https:\/\/nitu.mx\/index.php\/wp-json\/wp\/v2\/posts"}],"about":[{"href":"https:\/\/nitu.mx\/index.php\/wp-json\/wp\/v2\/types\/post"}],"author":[{"embeddable":true,"href":"https:\/\/nitu.mx\/index.php\/wp-json\/wp\/v2\/users\/5"}],"replies":[{"embeddable":true,"href":"https:\/\/nitu.mx\/index.php\/wp-json\/wp\/v2\/comments?post=13042"}],"version-history":[{"count":4,"href":"https:\/\/nitu.mx\/index.php\/wp-json\/wp\/v2\/posts\/13042\/revisions"}],"predecessor-version":[{"id":13063,"href":"https:\/\/nitu.mx\/index.php\/wp-json\/wp\/v2\/posts\/13042\/revisions\/13063"}],"wp:featuredmedia":[{"embeddable":true,"href":"https:\/\/nitu.mx\/index.php\/wp-json\/wp\/v2\/media\/13051"}],"wp:attachment":[{"href":"https:\/\/nitu.mx\/index.php\/wp-json\/wp\/v2\/media?parent=13042"}],"wp:term":[{"taxonomy":"category","embeddable":true,"href":"https:\/\/nitu.mx\/index.php\/wp-json\/wp\/v2\/categories?post=13042"},{"taxonomy":"post_tag","embeddable":true,"href":"https:\/\/nitu.mx\/index.php\/wp-json\/wp\/v2\/tags?post=13042"}],"curies":[{"name":"wp","href":"https:\/\/api.w.org\/{rel}","templated":true}]}}