{"id":12901,"date":"2017-09-07T00:06:24","date_gmt":"2017-09-07T05:06:24","guid":{"rendered":"http:\/\/www.dev.nitu.mx\/?p=12901"},"modified":"2017-09-07T00:18:41","modified_gmt":"2017-09-07T05:18:41","slug":"aerolineas-cancelan-vuelos-al-caribe-y-eu-por-huracan-irma","status":"publish","type":"post","link":"https:\/\/nitu.mx\/index.php\/2017\/09\/07\/aerolineas-cancelan-vuelos-al-caribe-y-eu-por-huracan-irma\/","title":{"rendered":"Aerol\u00edneas cancelan vuelos al Caribe y EU por hurac\u00e1n Irma"},"content":{"rendered":"<p>La compa\u00f1\u00eda mexicana Volaris, inform\u00f3 que como parte de las medidas de seguridad tomadas ante el paso del hurac\u00e1n Irma, que avanza sobre el Caribe con categor\u00eda 5, ha decidido cancelar vuelos hacia Puerto Rico, Orlando y Miami.<\/p>\n<p>Los vuelos cancelados para este mi\u00e9rcoles 6 de septiembre ser\u00e1n el 308 entre Canc\u00fan y San Juan (Puerto Rico), y el 309 entre San Juan y Canc\u00fan.<\/p>\n<p>Para el 09 de septiembre, estar\u00e1n cancelados los vuelos 976 y 977 , Guadalajara &#8211; Orlando y Orlando &#8211; Guadalajara.<\/p>\n<p>Mientras que para el 10 de septiembre, quedaron cancelados los vuelos 980 y 981 M\u00e9xico-Orlando, Orlando-M\u00e9xico, los 997 y 996 correspondientes a Guadalajara- Miami y Miami-Guadalajara. Adem\u00e1s del 994 y 995 Ciudad de M\u00e9xico-Miami y Miami-Ciudad de M\u00e9xico.<\/p>\n<p>&#8220;Derivado del pron\u00f3stico del rumbo del hurac\u00e1n, algunos vuelos y destinos cercanos podr\u00edan sufrir afectaciones adicionales, por lo que recomendamos estar pendientes de posibles cambios de ruta, retrasos y\/o cancelaciones\u201d, dijo la empresa.<\/p>\n<p>Por su parte, Aerom\u00e9xico inform\u00f3 que debido a la contingencia por el Hurac\u00e1n Irma, que podr\u00eda afectar a los pasajeros que viajen hacia La Habana, Cuba, y Santo Domingo, Rep\u00fablica Dominicana; la empresa no cobrar\u00e1 el cargo por cambio de fecha de salida, regreso o vuelo, siempre y cuando se solicite entre el 6 de agosto y el 9 de septiembre. Con periodo de viaje hasta el 12 de septiembre.<\/p>\n<p>La empresa mexicana a\u00fan no cancela oficialmente los vuelos hacia esos dos destinos, por lo que pidi\u00f3 a sus pasajeros est\u00e1n al pendiente en los canales oficiales de Aerom\u00e9xico.<\/p>\n<p>Interjet, por su parte informo que por lo pronto cancelo los vuelos a y desde Miami de los d\u00edas 9 y 10 de septiembre, 2 en cada v\u00eda.\u00a0Ante la situaci\u00f3n antes mencionada Interjet apoyara a todos los pasajeros que resultaron afectados por las cancelaciones ofreciendo las siguientes opciones:<\/p>\n<p>Otorgar la protecci\u00f3n en el siguiente vuelo disponible, condonando los cargos por cambio y diferencia de tarifa del 10 al 30 de Septiembre del 2017, considerando que el cambio no debe de superar la vigencia del boleto.<\/p>\n<p>Los cambios solicitados posteriores al 30 de Septiembre de 2017, aplicara cobrando \u00fanicamente la diferencia de tarifa en caso de existir.<\/p>\n<p>Brindar cambio de ruta, solo cobrando la diferencia de tarifa.<\/p>\n<p>En caso de que el pasajero no cuente con alguna fecha de vuelo se podr\u00e1 programar a la \u00faltima fecha publicada en el itinerario, \u00a0siempre y cuando no supere la vigencia del boleto; sin aplicar el cargo por cambio pero cobrando la diferencia de tarifa en caso de existir; los cambios posteriores se aplicaran con todos los cargos correspondientes<\/p>\n<p>No proceden reembolsos, a excepci\u00f3n de pasajeros con tarifa Priority.<\/p>\n<p>Para mayor informaci\u00f3n, Interjet\u00a0 pone a su disposici\u00f3n su p\u00e1gina <a href=\"http:\/\/mediaglobal.us10.list-manage.com\/track\/click?u=206060087a9b4f30bb31f87aa&amp;id=2f804784b0&amp;e=45d946ecc9\">www.interjet.com.mx\/estatus-de vuelo.aspx<\/a> en la que podr\u00e1 conocer las actualizaciones respecto a posibles afectaciones a su vuelo, as\u00ed como su Centro de Atenci\u00f3n Telef\u00f3nica: n\u00famero 1102-5555 en la ciudad de M\u00e9xico y 01-800-01-12345 desde el Interior de la Rep\u00fablica.\u00a0(<a title=\"Interjet, Volaris y Aerom\u00e9xico cancelan vuelos por Harvey\" href=\"http:\/\/www.dev.nitu.mx\/index.php\/2017\/08\/29\/interjet-volaris-y-aeromexico-cancelan-vuelos-por-harvey\/\" rel=\"bookmark\">Interjet, Volaris y Aerom\u00e9xico cancelan vuelos por Harvey<\/a>)<\/p>\n","protected":false},"excerpt":{"rendered":"<p>La compa\u00f1\u00eda mexicana Volaris, inform\u00f3 que como parte de las medidas de seguridad tomadas ante el paso del hurac\u00e1n Irma, que avanza sobre el Caribe con categor\u00eda 5, ha decidido cancelar vuelos hacia Puerto Rico, Orlando y Miami. Los vuelos cancelados para este mi\u00e9rcoles 6 de septiembre ser\u00e1n el 308 entre Canc\u00fan y San Juan [&hellip;]<\/p>\n","protected":false},"author":17,"featured_media":12922,"comment_status":"open","ping_status":"open","sticky":false,"template":"","format":"standard","meta":{"footnotes":""},"categories":[29,5],"tags":[30,43,404,5824,172,154,956,1383,131],"yoast_head":"<!-- This site is optimized with the Yoast SEO plugin v22.2 - https:\/\/yoast.com\/wordpress\/plugins\/seo\/ -->\n<title>Aerol\u00edneas cancelan vuelos al Caribe y EU por hurac\u00e1n Irma - Nitu - Noticias de la Industria Turistica<\/title>\n<meta name=\"description\" content=\"Volaris inform\u00f3 que ante el paso del hurac\u00e1n Irma, categor\u00eda 5, ha decidido cancelar vuelos hacia Puerto Rico, Orlando y Miami.\" \/>\n<meta name=\"robots\" content=\"index, follow, max-snippet:-1, max-image-preview:large, max-video-preview:-1\" \/>\n<link rel=\"canonical\" href=\"https:\/\/nitu.mx\/index.php\/2017\/09\/07\/aerolineas-cancelan-vuelos-al-caribe-y-eu-por-huracan-irma\/\" \/>\n<meta name=\"twitter:card\" content=\"summary_large_image\" \/>\n<meta name=\"twitter:title\" content=\"Aerol\u00edneas cancelan vuelos al Caribe y EU por hurac\u00e1n Irma - Nitu - Noticias de la Industria Turistica\" \/>\n<meta name=\"twitter:description\" content=\"Volaris inform\u00f3 que ante el paso del hurac\u00e1n Irma, categor\u00eda 5, ha decidido cancelar vuelos hacia Puerto Rico, Orlando y Miami.\" \/>\n<meta name=\"twitter:image\" content=\"https:\/\/nitu.mx\/wp-content\/uploads\/2017\/09\/Aeropuerto-San-Juan-Puerto-Rico-lluvia.jpg\" \/>\n<meta name=\"twitter:creator\" content=\"@NITUmx\" \/>\n<meta name=\"twitter:site\" content=\"@Arturo_Medina_G\" \/>\n<meta name=\"twitter:label1\" content=\"Escrito por\" \/>\n\t<meta name=\"twitter:data1\" content=\"Redacci\u00f3n\" \/>\n\t<meta name=\"twitter:label2\" content=\"Tiempo de lectura\" \/>\n\t<meta name=\"twitter:data2\" content=\"3 minutos\" \/>\n<script type=\"application\/ld+json\" class=\"yoast-schema-graph\">{\"@context\":\"https:\/\/schema.org\",\"@graph\":[{\"@type\":\"Article\",\"@id\":\"https:\/\/nitu.mx\/index.php\/2017\/09\/07\/aerolineas-cancelan-vuelos-al-caribe-y-eu-por-huracan-irma\/#article\",\"isPartOf\":{\"@id\":\"https:\/\/nitu.mx\/index.php\/2017\/09\/07\/aerolineas-cancelan-vuelos-al-caribe-y-eu-por-huracan-irma\/\"},\"author\":{\"name\":\"Redacci\u00f3n\",\"@id\":\"https:\/\/nitu.mx\/#\/schema\/person\/4a28fe9bd65924f7c90623773daf1b0b\"},\"headline\":\"Aerol\u00edneas cancelan vuelos al Caribe y EU por hurac\u00e1n Irma\",\"datePublished\":\"2017-09-07T05:06:24+00:00\",\"dateModified\":\"2017-09-07T05:18:41+00:00\",\"mainEntityOfPage\":{\"@id\":\"https:\/\/nitu.mx\/index.php\/2017\/09\/07\/aerolineas-cancelan-vuelos-al-caribe-y-eu-por-huracan-irma\/\"},\"wordCount\":528,\"commentCount\":0,\"publisher\":{\"@id\":\"https:\/\/nitu.mx\/#\/schema\/person\/ae7a53426417292d3dd07b45a33e01bc\"},\"image\":{\"@id\":\"https:\/\/nitu.mx\/index.php\/2017\/09\/07\/aerolineas-cancelan-vuelos-al-caribe-y-eu-por-huracan-irma\/#primaryimage\"},\"thumbnailUrl\":\"https:\/\/nitu.mx\/wp-content\/uploads\/2017\/09\/Aeropuerto-San-Juan-Puerto-Rico-lluvia.jpg\",\"keywords\":[\"Aerom\u00e9xico\",\"Canc\u00fan\",\"Caribe\",\"hurac\u00e1n Irma\",\"Interjet\",\"Miami\",\"Orlando\",\"Puerto Rico\",\"Volaris\"],\"articleSection\":[\"Aerol\u00edneas\",\"Destinos\"],\"inLanguage\":\"es-MX\",\"potentialAction\":[{\"@type\":\"CommentAction\",\"name\":\"Comment\",\"target\":[\"https:\/\/nitu.mx\/index.php\/2017\/09\/07\/aerolineas-cancelan-vuelos-al-caribe-y-eu-por-huracan-irma\/#respond\"]}]},{\"@type\":\"WebPage\",\"@id\":\"https:\/\/nitu.mx\/index.php\/2017\/09\/07\/aerolineas-cancelan-vuelos-al-caribe-y-eu-por-huracan-irma\/\",\"url\":\"https:\/\/nitu.mx\/index.php\/2017\/09\/07\/aerolineas-cancelan-vuelos-al-caribe-y-eu-por-huracan-irma\/\",\"name\":\"Aerol\u00edneas cancelan vuelos al Caribe y EU por hurac\u00e1n Irma - Nitu - Noticias de la Industria Turistica\",\"isPartOf\":{\"@id\":\"https:\/\/nitu.mx\/#website\"},\"primaryImageOfPage\":{\"@id\":\"https:\/\/nitu.mx\/index.php\/2017\/09\/07\/aerolineas-cancelan-vuelos-al-caribe-y-eu-por-huracan-irma\/#primaryimage\"},\"image\":{\"@id\":\"https:\/\/nitu.mx\/index.php\/2017\/09\/07\/aerolineas-cancelan-vuelos-al-caribe-y-eu-por-huracan-irma\/#primaryimage\"},\"thumbnailUrl\":\"https:\/\/nitu.mx\/wp-content\/uploads\/2017\/09\/Aeropuerto-San-Juan-Puerto-Rico-lluvia.jpg\",\"datePublished\":\"2017-09-07T05:06:24+00:00\",\"dateModified\":\"2017-09-07T05:18:41+00:00\",\"description\":\"Volaris inform\u00f3 que ante el paso del hurac\u00e1n Irma, categor\u00eda 5, ha decidido cancelar vuelos hacia Puerto Rico, Orlando y Miami.\",\"breadcrumb\":{\"@id\":\"https:\/\/nitu.mx\/index.php\/2017\/09\/07\/aerolineas-cancelan-vuelos-al-caribe-y-eu-por-huracan-irma\/#breadcrumb\"},\"inLanguage\":\"es-MX\",\"potentialAction\":[{\"@type\":\"ReadAction\",\"target\":[\"https:\/\/nitu.mx\/index.php\/2017\/09\/07\/aerolineas-cancelan-vuelos-al-caribe-y-eu-por-huracan-irma\/\"]}]},{\"@type\":\"ImageObject\",\"inLanguage\":\"es-MX\",\"@id\":\"https:\/\/nitu.mx\/index.php\/2017\/09\/07\/aerolineas-cancelan-vuelos-al-caribe-y-eu-por-huracan-irma\/#primaryimage\",\"url\":\"https:\/\/nitu.mx\/wp-content\/uploads\/2017\/09\/Aeropuerto-San-Juan-Puerto-Rico-lluvia.jpg\",\"contentUrl\":\"https:\/\/nitu.mx\/wp-content\/uploads\/2017\/09\/Aeropuerto-San-Juan-Puerto-Rico-lluvia.jpg\",\"width\":850,\"height\":480,\"caption\":\"hurac\u00e1n irma\"},{\"@type\":\"BreadcrumbList\",\"@id\":\"https:\/\/nitu.mx\/index.php\/2017\/09\/07\/aerolineas-cancelan-vuelos-al-caribe-y-eu-por-huracan-irma\/#breadcrumb\",\"itemListElement\":[{\"@type\":\"ListItem\",\"position\":1,\"name\":\"Inicio\",\"item\":\"https:\/\/nitu.mx\/\"},{\"@type\":\"ListItem\",\"position\":2,\"name\":\"Aerol\u00edneas cancelan vuelos al Caribe y EU por hurac\u00e1n Irma\"}]},{\"@type\":\"WebSite\",\"@id\":\"https:\/\/nitu.mx\/#website\",\"url\":\"https:\/\/nitu.mx\/\",\"name\":\"Nitu - Noticias de la Industria Turistica\",\"description\":\"Noticias de la Industria Turistica\",\"publisher\":{\"@id\":\"https:\/\/nitu.mx\/#\/schema\/person\/ae7a53426417292d3dd07b45a33e01bc\"},\"alternateName\":\"Noticias de la Industria Turistica\",\"potentialAction\":[{\"@type\":\"SearchAction\",\"target\":{\"@type\":\"EntryPoint\",\"urlTemplate\":\"https:\/\/nitu.mx\/?s={search_term_string}\"},\"query-input\":\"required name=search_term_string\"}],\"inLanguage\":\"es-MX\"},{\"@type\":[\"Person\",\"Organization\"],\"@id\":\"https:\/\/nitu.mx\/#\/schema\/person\/ae7a53426417292d3dd07b45a33e01bc\",\"name\":\"Arturo Medina\",\"image\":{\"@type\":\"ImageObject\",\"inLanguage\":\"es-MX\",\"@id\":\"https:\/\/nitu.mx\/#\/schema\/person\/image\/\",\"url\":\"https:\/\/nitu.mx\/wp-content\/uploads\/2024\/04\/4A315622-1904-4D5C-B022-878CDC840E04-90x90-1.jpeg\",\"contentUrl\":\"https:\/\/nitu.mx\/wp-content\/uploads\/2024\/04\/4A315622-1904-4D5C-B022-878CDC840E04-90x90-1.jpeg\",\"width\":90,\"height\":90,\"caption\":\"Arturo Medina\"},\"logo\":{\"@id\":\"https:\/\/nitu.mx\/#\/schema\/person\/image\/\"},\"description\":\"Director NITU.mx, Egresado de la Escuela de Periodismo Carlos Septi\u00e9n Garc\u00eda. Periodista y analista especializado en turismo desde hace 35 a\u00f1os, radicado en Canc\u00fan Q.Roo. arturo@nitu.mx\",\"sameAs\":[\"https:\/\/nitu.mx\",\"https:\/\/www.facebook.com\/NITUmx\/\",\"medinacancun\",\"https:\/\/twitter.com\/@Arturo_Medina_G\"]},{\"@type\":\"Person\",\"@id\":\"https:\/\/nitu.mx\/#\/schema\/person\/4a28fe9bd65924f7c90623773daf1b0b\",\"name\":\"Redacci\u00f3n\",\"image\":{\"@type\":\"ImageObject\",\"inLanguage\":\"es-MX\",\"@id\":\"https:\/\/nitu.mx\/#\/schema\/person\/image\/\",\"url\":\"https:\/\/secure.gravatar.com\/avatar\/5dd011c8ccfc5cd7e4c81e42252aab38?s=96&d=mm&r=g\",\"contentUrl\":\"https:\/\/secure.gravatar.com\/avatar\/5dd011c8ccfc5cd7e4c81e42252aab38?s=96&d=mm&r=g\",\"caption\":\"Redacci\u00f3n\"},\"url\":\"https:\/\/nitu.mx\/index.php\/author\/redaccion\/\"}]}<\/script>\n<!-- \/ Yoast SEO plugin. -->","yoast_head_json":{"title":"Aerol\u00edneas cancelan vuelos al Caribe y EU por hurac\u00e1n Irma - Nitu - Noticias de la Industria Turistica","description":"Volaris inform\u00f3 que ante el paso del hurac\u00e1n Irma, categor\u00eda 5, ha decidido cancelar vuelos hacia Puerto Rico, Orlando y Miami.","robots":{"index":"index","follow":"follow","max-snippet":"max-snippet:-1","max-image-preview":"max-image-preview:large","max-video-preview":"max-video-preview:-1"},"canonical":"https:\/\/nitu.mx\/index.php\/2017\/09\/07\/aerolineas-cancelan-vuelos-al-caribe-y-eu-por-huracan-irma\/","twitter_card":"summary_large_image","twitter_title":"Aerol\u00edneas cancelan vuelos al Caribe y EU por hurac\u00e1n Irma - Nitu - Noticias de la Industria Turistica","twitter_description":"Volaris inform\u00f3 que ante el paso del hurac\u00e1n Irma, categor\u00eda 5, ha decidido cancelar vuelos hacia Puerto Rico, Orlando y Miami.","twitter_image":"https:\/\/nitu.mx\/wp-content\/uploads\/2017\/09\/Aeropuerto-San-Juan-Puerto-Rico-lluvia.jpg","twitter_creator":"@NITUmx","twitter_site":"@Arturo_Medina_G","twitter_misc":{"Escrito por":"Redacci\u00f3n","Tiempo de lectura":"3 minutos"},"schema":{"@context":"https:\/\/schema.org","@graph":[{"@type":"Article","@id":"https:\/\/nitu.mx\/index.php\/2017\/09\/07\/aerolineas-cancelan-vuelos-al-caribe-y-eu-por-huracan-irma\/#article","isPartOf":{"@id":"https:\/\/nitu.mx\/index.php\/2017\/09\/07\/aerolineas-cancelan-vuelos-al-caribe-y-eu-por-huracan-irma\/"},"author":{"name":"Redacci\u00f3n","@id":"https:\/\/nitu.mx\/#\/schema\/person\/4a28fe9bd65924f7c90623773daf1b0b"},"headline":"Aerol\u00edneas cancelan vuelos al Caribe y EU por hurac\u00e1n Irma","datePublished":"2017-09-07T05:06:24+00:00","dateModified":"2017-09-07T05:18:41+00:00","mainEntityOfPage":{"@id":"https:\/\/nitu.mx\/index.php\/2017\/09\/07\/aerolineas-cancelan-vuelos-al-caribe-y-eu-por-huracan-irma\/"},"wordCount":528,"commentCount":0,"publisher":{"@id":"https:\/\/nitu.mx\/#\/schema\/person\/ae7a53426417292d3dd07b45a33e01bc"},"image":{"@id":"https:\/\/nitu.mx\/index.php\/2017\/09\/07\/aerolineas-cancelan-vuelos-al-caribe-y-eu-por-huracan-irma\/#primaryimage"},"thumbnailUrl":"https:\/\/nitu.mx\/wp-content\/uploads\/2017\/09\/Aeropuerto-San-Juan-Puerto-Rico-lluvia.jpg","keywords":["Aerom\u00e9xico","Canc\u00fan","Caribe","hurac\u00e1n Irma","Interjet","Miami","Orlando","Puerto Rico","Volaris"],"articleSection":["Aerol\u00edneas","Destinos"],"inLanguage":"es-MX","potentialAction":[{"@type":"CommentAction","name":"Comment","target":["https:\/\/nitu.mx\/index.php\/2017\/09\/07\/aerolineas-cancelan-vuelos-al-caribe-y-eu-por-huracan-irma\/#respond"]}]},{"@type":"WebPage","@id":"https:\/\/nitu.mx\/index.php\/2017\/09\/07\/aerolineas-cancelan-vuelos-al-caribe-y-eu-por-huracan-irma\/","url":"https:\/\/nitu.mx\/index.php\/2017\/09\/07\/aerolineas-cancelan-vuelos-al-caribe-y-eu-por-huracan-irma\/","name":"Aerol\u00edneas cancelan vuelos al Caribe y EU por hurac\u00e1n Irma - Nitu - Noticias de la Industria Turistica","isPartOf":{"@id":"https:\/\/nitu.mx\/#website"},"primaryImageOfPage":{"@id":"https:\/\/nitu.mx\/index.php\/2017\/09\/07\/aerolineas-cancelan-vuelos-al-caribe-y-eu-por-huracan-irma\/#primaryimage"},"image":{"@id":"https:\/\/nitu.mx\/index.php\/2017\/09\/07\/aerolineas-cancelan-vuelos-al-caribe-y-eu-por-huracan-irma\/#primaryimage"},"thumbnailUrl":"https:\/\/nitu.mx\/wp-content\/uploads\/2017\/09\/Aeropuerto-San-Juan-Puerto-Rico-lluvia.jpg","datePublished":"2017-09-07T05:06:24+00:00","dateModified":"2017-09-07T05:18:41+00:00","description":"Volaris inform\u00f3 que ante el paso del hurac\u00e1n Irma, categor\u00eda 5, ha decidido cancelar vuelos hacia Puerto Rico, Orlando y Miami.","breadcrumb":{"@id":"https:\/\/nitu.mx\/index.php\/2017\/09\/07\/aerolineas-cancelan-vuelos-al-caribe-y-eu-por-huracan-irma\/#breadcrumb"},"inLanguage":"es-MX","potentialAction":[{"@type":"ReadAction","target":["https:\/\/nitu.mx\/index.php\/2017\/09\/07\/aerolineas-cancelan-vuelos-al-caribe-y-eu-por-huracan-irma\/"]}]},{"@type":"ImageObject","inLanguage":"es-MX","@id":"https:\/\/nitu.mx\/index.php\/2017\/09\/07\/aerolineas-cancelan-vuelos-al-caribe-y-eu-por-huracan-irma\/#primaryimage","url":"https:\/\/nitu.mx\/wp-content\/uploads\/2017\/09\/Aeropuerto-San-Juan-Puerto-Rico-lluvia.jpg","contentUrl":"https:\/\/nitu.mx\/wp-content\/uploads\/2017\/09\/Aeropuerto-San-Juan-Puerto-Rico-lluvia.jpg","width":850,"height":480,"caption":"hurac\u00e1n irma"},{"@type":"BreadcrumbList","@id":"https:\/\/nitu.mx\/index.php\/2017\/09\/07\/aerolineas-cancelan-vuelos-al-caribe-y-eu-por-huracan-irma\/#breadcrumb","itemListElement":[{"@type":"ListItem","position":1,"name":"Inicio","item":"https:\/\/nitu.mx\/"},{"@type":"ListItem","position":2,"name":"Aerol\u00edneas cancelan vuelos al Caribe y EU por hurac\u00e1n Irma"}]},{"@type":"WebSite","@id":"https:\/\/nitu.mx\/#website","url":"https:\/\/nitu.mx\/","name":"Nitu - Noticias de la Industria Turistica","description":"Noticias de la Industria Turistica","publisher":{"@id":"https:\/\/nitu.mx\/#\/schema\/person\/ae7a53426417292d3dd07b45a33e01bc"},"alternateName":"Noticias de la Industria Turistica","potentialAction":[{"@type":"SearchAction","target":{"@type":"EntryPoint","urlTemplate":"https:\/\/nitu.mx\/?s={search_term_string}"},"query-input":"required name=search_term_string"}],"inLanguage":"es-MX"},{"@type":["Person","Organization"],"@id":"https:\/\/nitu.mx\/#\/schema\/person\/ae7a53426417292d3dd07b45a33e01bc","name":"Arturo Medina","image":{"@type":"ImageObject","inLanguage":"es-MX","@id":"https:\/\/nitu.mx\/#\/schema\/person\/image\/","url":"https:\/\/nitu.mx\/wp-content\/uploads\/2024\/04\/4A315622-1904-4D5C-B022-878CDC840E04-90x90-1.jpeg","contentUrl":"https:\/\/nitu.mx\/wp-content\/uploads\/2024\/04\/4A315622-1904-4D5C-B022-878CDC840E04-90x90-1.jpeg","width":90,"height":90,"caption":"Arturo Medina"},"logo":{"@id":"https:\/\/nitu.mx\/#\/schema\/person\/image\/"},"description":"Director NITU.mx, Egresado de la Escuela de Periodismo Carlos Septi\u00e9n Garc\u00eda. Periodista y analista especializado en turismo desde hace 35 a\u00f1os, radicado en Canc\u00fan Q.Roo. arturo@nitu.mx","sameAs":["https:\/\/nitu.mx","https:\/\/www.facebook.com\/NITUmx\/","medinacancun","https:\/\/twitter.com\/@Arturo_Medina_G"]},{"@type":"Person","@id":"https:\/\/nitu.mx\/#\/schema\/person\/4a28fe9bd65924f7c90623773daf1b0b","name":"Redacci\u00f3n","image":{"@type":"ImageObject","inLanguage":"es-MX","@id":"https:\/\/nitu.mx\/#\/schema\/person\/image\/","url":"https:\/\/secure.gravatar.com\/avatar\/5dd011c8ccfc5cd7e4c81e42252aab38?s=96&d=mm&r=g","contentUrl":"https:\/\/secure.gravatar.com\/avatar\/5dd011c8ccfc5cd7e4c81e42252aab38?s=96&d=mm&r=g","caption":"Redacci\u00f3n"},"url":"https:\/\/nitu.mx\/index.php\/author\/redaccion\/"}]}},"views":288,"_links":{"self":[{"href":"https:\/\/nitu.mx\/index.php\/wp-json\/wp\/v2\/posts\/12901"}],"collection":[{"href":"https:\/\/nitu.mx\/index.php\/wp-json\/wp\/v2\/posts"}],"about":[{"href":"https:\/\/nitu.mx\/index.php\/wp-json\/wp\/v2\/types\/post"}],"author":[{"embeddable":true,"href":"https:\/\/nitu.mx\/index.php\/wp-json\/wp\/v2\/users\/17"}],"replies":[{"embeddable":true,"href":"https:\/\/nitu.mx\/index.php\/wp-json\/wp\/v2\/comments?post=12901"}],"version-history":[{"count":5,"href":"https:\/\/nitu.mx\/index.php\/wp-json\/wp\/v2\/posts\/12901\/revisions"}],"predecessor-version":[{"id":12942,"href":"https:\/\/nitu.mx\/index.php\/wp-json\/wp\/v2\/posts\/12901\/revisions\/12942"}],"wp:featuredmedia":[{"embeddable":true,"href":"https:\/\/nitu.mx\/index.php\/wp-json\/wp\/v2\/media\/12922"}],"wp:attachment":[{"href":"https:\/\/nitu.mx\/index.php\/wp-json\/wp\/v2\/media?parent=12901"}],"wp:term":[{"taxonomy":"category","embeddable":true,"href":"https:\/\/nitu.mx\/index.php\/wp-json\/wp\/v2\/categories?post=12901"},{"taxonomy":"post_tag","embeddable":true,"href":"https:\/\/nitu.mx\/index.php\/wp-json\/wp\/v2\/tags?post=12901"}],"curies":[{"name":"wp","href":"https:\/\/api.w.org\/{rel}","templated":true}]}}