{"id":12899,"date":"2017-09-06T22:21:06","date_gmt":"2017-09-07T03:21:06","guid":{"rendered":"http:\/\/www.dev.nitu.mx\/?p=12899"},"modified":"2017-09-07T00:06:59","modified_gmt":"2017-09-07T05:06:59","slug":"suspenden-provisionalmente-proyecto-del-riu-en-cancun","status":"publish","type":"post","link":"https:\/\/nitu.mx\/index.php\/2017\/09\/06\/suspenden-provisionalmente-proyecto-del-riu-en-cancun\/","title":{"rendered":"Suspenden provisionalmente proyecto del RIU en Canc\u00fan"},"content":{"rendered":"<p>Por segunda ocasi\u00f3n, la construcci\u00f3n del hotel RIU Riviera-Canc\u00fan ha sido detenida, esta vez al menos de manera provisional, a consecuencia de un amparo contra los permisos otorgados por autoridades municipales y federales, para erigir este centro de hospedaje de 530 habitaciones, con una inversi\u00f3n de 96.5 millones de d\u00f3lares, cuyos terrenos a impactar se encuentran entre dos \u00c1reas Naturales Protegidas de la zona hotelera.<\/p>\n<p>Karim de la Rosa, abogado promovente del amparo, inform\u00f3 que el Juzgado Cuarto de Distrito concedi\u00f3 este martes la suspensi\u00f3n provisional de las obras de ejecuci\u00f3n del proyecto espa\u00f1ol, lo cual incluye la suspensi\u00f3n de la licencia de construcci\u00f3n otorgada por el ayuntamiento de Benito Ju\u00e1rez, la suspensi\u00f3n de la autorizaci\u00f3n de impacto ambiental otorgada por la Secretar\u00eda de Medio Ambiente y Recursos Naturales (Semarnat), as\u00ed como de los permisos de chapeo y desmonte de los terrenos ubicados en la tercera secci\u00f3n de la zona hotelera de Canc\u00fan.<\/p>\n<p>Aunque el principal argumento del recurso de amparo es la defensa a un medio ambiente sano, explic\u00f3 que se est\u00e1n argumentando tambi\u00e9n diversas irregularidades, como la falta de compatibilidad urban\u00edstica del proyecto y la falta de evaluaci\u00f3n ambiental, por parte del Instituto de Impacto y Riesgo Ambiental del gobierno estatal, adem\u00e1s que incluso el propio director de la Comisi\u00f3n de Agua Potable y Alcantarillado a nivel estatal, Gerardo Mora Vallejo, dio a conocer que el ayuntamiento de Benito Ju\u00e1rez nunca les consult\u00f3 si exist\u00eda la capacidad de suministro de agua potable, para otorgar la licencia de construcci\u00f3n al proyecto.<\/p>\n<p>Adelant\u00f3 que la suspensi\u00f3n provisional a\u00fan est\u00e1 sujeta a que la revise un Tribunal Colegiado, pero no tomar\u00e1 mucho tiempo para conocer si se ratifica o se desecha, se\u00f1ala El Economista.\u00a0(<a title=\"RIU defiende su concepto y mantiene obras de su proyecto en Punta Nizuc\" href=\"http:\/\/www.dev.nitu.mx\/index.php\/2017\/08\/30\/riu-defiende-concepto-mantiene-obras-proyecto-punta-nizuc\/\" rel=\"bookmark\">RIU defiende su concepto y mantiene obras de su proyecto en Punta Nizuc<\/a>).<\/p>\n","protected":false},"excerpt":{"rendered":"<p>Por segunda ocasi\u00f3n, la construcci\u00f3n del hotel RIU Riviera-Canc\u00fan ha sido detenida, esta vez al menos de manera provisional, a consecuencia de un amparo contra los permisos otorgados por autoridades municipales y federales, para erigir este centro de hospedaje de 530 habitaciones, con una inversi\u00f3n de 96.5 millones de d\u00f3lares, cuyos terrenos a impactar se [&hellip;]<\/p>\n","protected":false},"author":17,"featured_media":12472,"comment_status":"open","ping_status":"open","sticky":false,"template":"","format":"standard","meta":{"footnotes":""},"categories":[5,2],"tags":[43,5822,5820,5823,5821,260],"yoast_head":"<!-- This site is optimized with the Yoast SEO plugin v22.2 - https:\/\/yoast.com\/wordpress\/plugins\/seo\/ -->\n<title>Suspenden provisionalmente proyecto del RIU en Canc\u00fan - Nitu - Noticias de la Industria Turistica<\/title>\n<meta name=\"description\" content=\"La construcci\u00f3n del hotel RIU Riviera-Canc\u00fan ha sido detenida, esta vez al menos de manera provisional, a consecuencia de un amparo.\" \/>\n<meta name=\"robots\" content=\"index, follow, max-snippet:-1, max-image-preview:large, max-video-preview:-1\" \/>\n<link rel=\"canonical\" href=\"https:\/\/nitu.mx\/index.php\/2017\/09\/06\/suspenden-provisionalmente-proyecto-del-riu-en-cancun\/\" \/>\n<meta name=\"twitter:card\" content=\"summary_large_image\" \/>\n<meta name=\"twitter:title\" content=\"Suspenden provisionalmente proyecto del RIU en Canc\u00fan - Nitu - Noticias de la Industria Turistica\" \/>\n<meta name=\"twitter:description\" content=\"La construcci\u00f3n del hotel RIU Riviera-Canc\u00fan ha sido detenida, esta vez al menos de manera provisional, a consecuencia de un amparo.\" \/>\n<meta name=\"twitter:image\" content=\"https:\/\/nitu.mx\/wp-content\/uploads\/2017\/08\/Punta-Nizuc.jpg\" \/>\n<meta name=\"twitter:creator\" content=\"@NITUmx\" \/>\n<meta name=\"twitter:site\" content=\"@Arturo_Medina_G\" \/>\n<meta name=\"twitter:label1\" content=\"Escrito por\" \/>\n\t<meta name=\"twitter:data1\" content=\"Redacci\u00f3n\" \/>\n\t<meta name=\"twitter:label2\" content=\"Tiempo de lectura\" \/>\n\t<meta name=\"twitter:data2\" content=\"2 minutos\" \/>\n<script type=\"application\/ld+json\" class=\"yoast-schema-graph\">{\"@context\":\"https:\/\/schema.org\",\"@graph\":[{\"@type\":\"Article\",\"@id\":\"https:\/\/nitu.mx\/index.php\/2017\/09\/06\/suspenden-provisionalmente-proyecto-del-riu-en-cancun\/#article\",\"isPartOf\":{\"@id\":\"https:\/\/nitu.mx\/index.php\/2017\/09\/06\/suspenden-provisionalmente-proyecto-del-riu-en-cancun\/\"},\"author\":{\"name\":\"Redacci\u00f3n\",\"@id\":\"https:\/\/nitu.mx\/#\/schema\/person\/4a28fe9bd65924f7c90623773daf1b0b\"},\"headline\":\"Suspenden provisionalmente proyecto del RIU en Canc\u00fan\",\"datePublished\":\"2017-09-07T03:21:06+00:00\",\"dateModified\":\"2017-09-07T05:06:59+00:00\",\"mainEntityOfPage\":{\"@id\":\"https:\/\/nitu.mx\/index.php\/2017\/09\/06\/suspenden-provisionalmente-proyecto-del-riu-en-cancun\/\"},\"wordCount\":330,\"commentCount\":0,\"publisher\":{\"@id\":\"https:\/\/nitu.mx\/#\/schema\/person\/ae7a53426417292d3dd07b45a33e01bc\"},\"image\":{\"@id\":\"https:\/\/nitu.mx\/index.php\/2017\/09\/06\/suspenden-provisionalmente-proyecto-del-riu-en-cancun\/#primaryimage\"},\"thumbnailUrl\":\"https:\/\/nitu.mx\/wp-content\/uploads\/2017\/08\/Punta-Nizuc.jpg\",\"keywords\":[\"Canc\u00fan\",\"evaluaci\u00f3n ambiental\",\"hotel RIU\",\"Programas De Desarrollo Urbano\",\"proyecto\",\"Quintana Roo\"],\"articleSection\":[\"Destinos\",\"Hoteles\"],\"inLanguage\":\"es-MX\",\"potentialAction\":[{\"@type\":\"CommentAction\",\"name\":\"Comment\",\"target\":[\"https:\/\/nitu.mx\/index.php\/2017\/09\/06\/suspenden-provisionalmente-proyecto-del-riu-en-cancun\/#respond\"]}]},{\"@type\":\"WebPage\",\"@id\":\"https:\/\/nitu.mx\/index.php\/2017\/09\/06\/suspenden-provisionalmente-proyecto-del-riu-en-cancun\/\",\"url\":\"https:\/\/nitu.mx\/index.php\/2017\/09\/06\/suspenden-provisionalmente-proyecto-del-riu-en-cancun\/\",\"name\":\"Suspenden provisionalmente proyecto del RIU en Canc\u00fan - Nitu - Noticias de la Industria Turistica\",\"isPartOf\":{\"@id\":\"https:\/\/nitu.mx\/#website\"},\"primaryImageOfPage\":{\"@id\":\"https:\/\/nitu.mx\/index.php\/2017\/09\/06\/suspenden-provisionalmente-proyecto-del-riu-en-cancun\/#primaryimage\"},\"image\":{\"@id\":\"https:\/\/nitu.mx\/index.php\/2017\/09\/06\/suspenden-provisionalmente-proyecto-del-riu-en-cancun\/#primaryimage\"},\"thumbnailUrl\":\"https:\/\/nitu.mx\/wp-content\/uploads\/2017\/08\/Punta-Nizuc.jpg\",\"datePublished\":\"2017-09-07T03:21:06+00:00\",\"dateModified\":\"2017-09-07T05:06:59+00:00\",\"description\":\"La construcci\u00f3n del hotel RIU Riviera-Canc\u00fan ha sido detenida, esta vez al menos de manera provisional, a consecuencia de un amparo.\",\"breadcrumb\":{\"@id\":\"https:\/\/nitu.mx\/index.php\/2017\/09\/06\/suspenden-provisionalmente-proyecto-del-riu-en-cancun\/#breadcrumb\"},\"inLanguage\":\"es-MX\",\"potentialAction\":[{\"@type\":\"ReadAction\",\"target\":[\"https:\/\/nitu.mx\/index.php\/2017\/09\/06\/suspenden-provisionalmente-proyecto-del-riu-en-cancun\/\"]}]},{\"@type\":\"ImageObject\",\"inLanguage\":\"es-MX\",\"@id\":\"https:\/\/nitu.mx\/index.php\/2017\/09\/06\/suspenden-provisionalmente-proyecto-del-riu-en-cancun\/#primaryimage\",\"url\":\"https:\/\/nitu.mx\/wp-content\/uploads\/2017\/08\/Punta-Nizuc.jpg\",\"contentUrl\":\"https:\/\/nitu.mx\/wp-content\/uploads\/2017\/08\/Punta-Nizuc.jpg\",\"width\":850,\"height\":480,\"caption\":\"Riu Punta Nizuc\"},{\"@type\":\"BreadcrumbList\",\"@id\":\"https:\/\/nitu.mx\/index.php\/2017\/09\/06\/suspenden-provisionalmente-proyecto-del-riu-en-cancun\/#breadcrumb\",\"itemListElement\":[{\"@type\":\"ListItem\",\"position\":1,\"name\":\"Inicio\",\"item\":\"https:\/\/nitu.mx\/\"},{\"@type\":\"ListItem\",\"position\":2,\"name\":\"Suspenden provisionalmente proyecto del RIU en Canc\u00fan\"}]},{\"@type\":\"WebSite\",\"@id\":\"https:\/\/nitu.mx\/#website\",\"url\":\"https:\/\/nitu.mx\/\",\"name\":\"Nitu - Noticias de la Industria Turistica\",\"description\":\"Noticias de la Industria Turistica\",\"publisher\":{\"@id\":\"https:\/\/nitu.mx\/#\/schema\/person\/ae7a53426417292d3dd07b45a33e01bc\"},\"alternateName\":\"Noticias de la Industria Turistica\",\"potentialAction\":[{\"@type\":\"SearchAction\",\"target\":{\"@type\":\"EntryPoint\",\"urlTemplate\":\"https:\/\/nitu.mx\/?s={search_term_string}\"},\"query-input\":\"required name=search_term_string\"}],\"inLanguage\":\"es-MX\"},{\"@type\":[\"Person\",\"Organization\"],\"@id\":\"https:\/\/nitu.mx\/#\/schema\/person\/ae7a53426417292d3dd07b45a33e01bc\",\"name\":\"Arturo Medina\",\"image\":{\"@type\":\"ImageObject\",\"inLanguage\":\"es-MX\",\"@id\":\"https:\/\/nitu.mx\/#\/schema\/person\/image\/\",\"url\":\"https:\/\/nitu.mx\/wp-content\/uploads\/2024\/04\/4A315622-1904-4D5C-B022-878CDC840E04-90x90-1.jpeg\",\"contentUrl\":\"https:\/\/nitu.mx\/wp-content\/uploads\/2024\/04\/4A315622-1904-4D5C-B022-878CDC840E04-90x90-1.jpeg\",\"width\":90,\"height\":90,\"caption\":\"Arturo Medina\"},\"logo\":{\"@id\":\"https:\/\/nitu.mx\/#\/schema\/person\/image\/\"},\"description\":\"Director NITU.mx, Egresado de la Escuela de Periodismo Carlos Septi\u00e9n Garc\u00eda. Periodista y analista especializado en turismo desde hace 35 a\u00f1os, radicado en Canc\u00fan Q.Roo. arturo@nitu.mx\",\"sameAs\":[\"https:\/\/nitu.mx\",\"https:\/\/www.facebook.com\/NITUmx\/\",\"medinacancun\",\"https:\/\/twitter.com\/@Arturo_Medina_G\"]},{\"@type\":\"Person\",\"@id\":\"https:\/\/nitu.mx\/#\/schema\/person\/4a28fe9bd65924f7c90623773daf1b0b\",\"name\":\"Redacci\u00f3n\",\"image\":{\"@type\":\"ImageObject\",\"inLanguage\":\"es-MX\",\"@id\":\"https:\/\/nitu.mx\/#\/schema\/person\/image\/\",\"url\":\"https:\/\/secure.gravatar.com\/avatar\/5dd011c8ccfc5cd7e4c81e42252aab38?s=96&d=mm&r=g\",\"contentUrl\":\"https:\/\/secure.gravatar.com\/avatar\/5dd011c8ccfc5cd7e4c81e42252aab38?s=96&d=mm&r=g\",\"caption\":\"Redacci\u00f3n\"},\"url\":\"https:\/\/nitu.mx\/index.php\/author\/redaccion\/\"}]}<\/script>\n<!-- \/ Yoast SEO plugin. -->","yoast_head_json":{"title":"Suspenden provisionalmente proyecto del RIU en Canc\u00fan - Nitu - Noticias de la Industria Turistica","description":"La construcci\u00f3n del hotel RIU Riviera-Canc\u00fan ha sido detenida, esta vez al menos de manera provisional, a consecuencia de un amparo.","robots":{"index":"index","follow":"follow","max-snippet":"max-snippet:-1","max-image-preview":"max-image-preview:large","max-video-preview":"max-video-preview:-1"},"canonical":"https:\/\/nitu.mx\/index.php\/2017\/09\/06\/suspenden-provisionalmente-proyecto-del-riu-en-cancun\/","twitter_card":"summary_large_image","twitter_title":"Suspenden provisionalmente proyecto del RIU en Canc\u00fan - Nitu - Noticias de la Industria Turistica","twitter_description":"La construcci\u00f3n del hotel RIU Riviera-Canc\u00fan ha sido detenida, esta vez al menos de manera provisional, a consecuencia de un amparo.","twitter_image":"https:\/\/nitu.mx\/wp-content\/uploads\/2017\/08\/Punta-Nizuc.jpg","twitter_creator":"@NITUmx","twitter_site":"@Arturo_Medina_G","twitter_misc":{"Escrito por":"Redacci\u00f3n","Tiempo de lectura":"2 minutos"},"schema":{"@context":"https:\/\/schema.org","@graph":[{"@type":"Article","@id":"https:\/\/nitu.mx\/index.php\/2017\/09\/06\/suspenden-provisionalmente-proyecto-del-riu-en-cancun\/#article","isPartOf":{"@id":"https:\/\/nitu.mx\/index.php\/2017\/09\/06\/suspenden-provisionalmente-proyecto-del-riu-en-cancun\/"},"author":{"name":"Redacci\u00f3n","@id":"https:\/\/nitu.mx\/#\/schema\/person\/4a28fe9bd65924f7c90623773daf1b0b"},"headline":"Suspenden provisionalmente proyecto del RIU en Canc\u00fan","datePublished":"2017-09-07T03:21:06+00:00","dateModified":"2017-09-07T05:06:59+00:00","mainEntityOfPage":{"@id":"https:\/\/nitu.mx\/index.php\/2017\/09\/06\/suspenden-provisionalmente-proyecto-del-riu-en-cancun\/"},"wordCount":330,"commentCount":0,"publisher":{"@id":"https:\/\/nitu.mx\/#\/schema\/person\/ae7a53426417292d3dd07b45a33e01bc"},"image":{"@id":"https:\/\/nitu.mx\/index.php\/2017\/09\/06\/suspenden-provisionalmente-proyecto-del-riu-en-cancun\/#primaryimage"},"thumbnailUrl":"https:\/\/nitu.mx\/wp-content\/uploads\/2017\/08\/Punta-Nizuc.jpg","keywords":["Canc\u00fan","evaluaci\u00f3n ambiental","hotel RIU","Programas De Desarrollo Urbano","proyecto","Quintana Roo"],"articleSection":["Destinos","Hoteles"],"inLanguage":"es-MX","potentialAction":[{"@type":"CommentAction","name":"Comment","target":["https:\/\/nitu.mx\/index.php\/2017\/09\/06\/suspenden-provisionalmente-proyecto-del-riu-en-cancun\/#respond"]}]},{"@type":"WebPage","@id":"https:\/\/nitu.mx\/index.php\/2017\/09\/06\/suspenden-provisionalmente-proyecto-del-riu-en-cancun\/","url":"https:\/\/nitu.mx\/index.php\/2017\/09\/06\/suspenden-provisionalmente-proyecto-del-riu-en-cancun\/","name":"Suspenden provisionalmente proyecto del RIU en Canc\u00fan - Nitu - Noticias de la Industria Turistica","isPartOf":{"@id":"https:\/\/nitu.mx\/#website"},"primaryImageOfPage":{"@id":"https:\/\/nitu.mx\/index.php\/2017\/09\/06\/suspenden-provisionalmente-proyecto-del-riu-en-cancun\/#primaryimage"},"image":{"@id":"https:\/\/nitu.mx\/index.php\/2017\/09\/06\/suspenden-provisionalmente-proyecto-del-riu-en-cancun\/#primaryimage"},"thumbnailUrl":"https:\/\/nitu.mx\/wp-content\/uploads\/2017\/08\/Punta-Nizuc.jpg","datePublished":"2017-09-07T03:21:06+00:00","dateModified":"2017-09-07T05:06:59+00:00","description":"La construcci\u00f3n del hotel RIU Riviera-Canc\u00fan ha sido detenida, esta vez al menos de manera provisional, a consecuencia de un amparo.","breadcrumb":{"@id":"https:\/\/nitu.mx\/index.php\/2017\/09\/06\/suspenden-provisionalmente-proyecto-del-riu-en-cancun\/#breadcrumb"},"inLanguage":"es-MX","potentialAction":[{"@type":"ReadAction","target":["https:\/\/nitu.mx\/index.php\/2017\/09\/06\/suspenden-provisionalmente-proyecto-del-riu-en-cancun\/"]}]},{"@type":"ImageObject","inLanguage":"es-MX","@id":"https:\/\/nitu.mx\/index.php\/2017\/09\/06\/suspenden-provisionalmente-proyecto-del-riu-en-cancun\/#primaryimage","url":"https:\/\/nitu.mx\/wp-content\/uploads\/2017\/08\/Punta-Nizuc.jpg","contentUrl":"https:\/\/nitu.mx\/wp-content\/uploads\/2017\/08\/Punta-Nizuc.jpg","width":850,"height":480,"caption":"Riu Punta Nizuc"},{"@type":"BreadcrumbList","@id":"https:\/\/nitu.mx\/index.php\/2017\/09\/06\/suspenden-provisionalmente-proyecto-del-riu-en-cancun\/#breadcrumb","itemListElement":[{"@type":"ListItem","position":1,"name":"Inicio","item":"https:\/\/nitu.mx\/"},{"@type":"ListItem","position":2,"name":"Suspenden provisionalmente proyecto del RIU en Canc\u00fan"}]},{"@type":"WebSite","@id":"https:\/\/nitu.mx\/#website","url":"https:\/\/nitu.mx\/","name":"Nitu - Noticias de la Industria Turistica","description":"Noticias de la Industria Turistica","publisher":{"@id":"https:\/\/nitu.mx\/#\/schema\/person\/ae7a53426417292d3dd07b45a33e01bc"},"alternateName":"Noticias de la Industria Turistica","potentialAction":[{"@type":"SearchAction","target":{"@type":"EntryPoint","urlTemplate":"https:\/\/nitu.mx\/?s={search_term_string}"},"query-input":"required name=search_term_string"}],"inLanguage":"es-MX"},{"@type":["Person","Organization"],"@id":"https:\/\/nitu.mx\/#\/schema\/person\/ae7a53426417292d3dd07b45a33e01bc","name":"Arturo Medina","image":{"@type":"ImageObject","inLanguage":"es-MX","@id":"https:\/\/nitu.mx\/#\/schema\/person\/image\/","url":"https:\/\/nitu.mx\/wp-content\/uploads\/2024\/04\/4A315622-1904-4D5C-B022-878CDC840E04-90x90-1.jpeg","contentUrl":"https:\/\/nitu.mx\/wp-content\/uploads\/2024\/04\/4A315622-1904-4D5C-B022-878CDC840E04-90x90-1.jpeg","width":90,"height":90,"caption":"Arturo Medina"},"logo":{"@id":"https:\/\/nitu.mx\/#\/schema\/person\/image\/"},"description":"Director NITU.mx, Egresado de la Escuela de Periodismo Carlos Septi\u00e9n Garc\u00eda. Periodista y analista especializado en turismo desde hace 35 a\u00f1os, radicado en Canc\u00fan Q.Roo. arturo@nitu.mx","sameAs":["https:\/\/nitu.mx","https:\/\/www.facebook.com\/NITUmx\/","medinacancun","https:\/\/twitter.com\/@Arturo_Medina_G"]},{"@type":"Person","@id":"https:\/\/nitu.mx\/#\/schema\/person\/4a28fe9bd65924f7c90623773daf1b0b","name":"Redacci\u00f3n","image":{"@type":"ImageObject","inLanguage":"es-MX","@id":"https:\/\/nitu.mx\/#\/schema\/person\/image\/","url":"https:\/\/secure.gravatar.com\/avatar\/5dd011c8ccfc5cd7e4c81e42252aab38?s=96&d=mm&r=g","contentUrl":"https:\/\/secure.gravatar.com\/avatar\/5dd011c8ccfc5cd7e4c81e42252aab38?s=96&d=mm&r=g","caption":"Redacci\u00f3n"},"url":"https:\/\/nitu.mx\/index.php\/author\/redaccion\/"}]}},"views":245,"_links":{"self":[{"href":"https:\/\/nitu.mx\/index.php\/wp-json\/wp\/v2\/posts\/12899"}],"collection":[{"href":"https:\/\/nitu.mx\/index.php\/wp-json\/wp\/v2\/posts"}],"about":[{"href":"https:\/\/nitu.mx\/index.php\/wp-json\/wp\/v2\/types\/post"}],"author":[{"embeddable":true,"href":"https:\/\/nitu.mx\/index.php\/wp-json\/wp\/v2\/users\/17"}],"replies":[{"embeddable":true,"href":"https:\/\/nitu.mx\/index.php\/wp-json\/wp\/v2\/comments?post=12899"}],"version-history":[{"count":3,"href":"https:\/\/nitu.mx\/index.php\/wp-json\/wp\/v2\/posts\/12899\/revisions"}],"predecessor-version":[{"id":12918,"href":"https:\/\/nitu.mx\/index.php\/wp-json\/wp\/v2\/posts\/12899\/revisions\/12918"}],"wp:featuredmedia":[{"embeddable":true,"href":"https:\/\/nitu.mx\/index.php\/wp-json\/wp\/v2\/media\/12472"}],"wp:attachment":[{"href":"https:\/\/nitu.mx\/index.php\/wp-json\/wp\/v2\/media?parent=12899"}],"wp:term":[{"taxonomy":"category","embeddable":true,"href":"https:\/\/nitu.mx\/index.php\/wp-json\/wp\/v2\/categories?post=12899"},{"taxonomy":"post_tag","embeddable":true,"href":"https:\/\/nitu.mx\/index.php\/wp-json\/wp\/v2\/tags?post=12899"}],"curies":[{"name":"wp","href":"https:\/\/api.w.org\/{rel}","templated":true}]}}