{"id":12760,"date":"2017-08-31T23:55:50","date_gmt":"2017-09-01T04:55:50","guid":{"rendered":"http:\/\/www.dev.nitu.mx\/?p=12760"},"modified":"2017-09-01T00:11:52","modified_gmt":"2017-09-01T05:11:52","slug":"airbnb-primer-patrocinador-platino-para-la-conferencia-global-de-turismo","status":"publish","type":"post","link":"https:\/\/nitu.mx\/index.php\/2017\/08\/31\/airbnb-primer-patrocinador-platino-para-la-conferencia-global-de-turismo\/","title":{"rendered":"Airbnb primer patrocinador platino para la Conferencia Global de Turismo"},"content":{"rendered":"<p>Airbnb, estar\u00e1 asignando 65 mil d\u00f3lares al gobierno de Jamaica para patrocinar la Conferencia sobre Empleo y Crecimiento Inclusivo: Alianzas para el Turismo Sostenible, de la Organizaci\u00f3n Mundial del Turismo (OMT), el Gobierno de Jamaica y el Grupo Banco Mundial.<\/p>\n<p>El gigante tecnol\u00f3gico se convierte en el primer patrocinador platino de la conferencia, que tendr\u00e1 lugar del 27 al 29 de noviembre de 2017, en el Centro de Convenciones de Montego Bay, en St. James, Jamaica.\u00a0(<a title=\"La OMT llega por primera vez al Caribe y tendr\u00e1 como embajador a Usain Bolt\" href=\"http:\/\/www.dev.nitu.mx\/index.php\/2017\/08\/20\/la-omt-llega-por-primera-vez-al-caribe-y-tendra-como-embajador-a-usain-bolt\/\" rel=\"bookmark\">La OMT llega por primera vez al Caribe y tendr\u00e1 como embajador a Usain Bolt<\/a>).<\/p>\n<p>El Ministro de Turismo de la isla, Edmund Bartlett, manifest\u00f3 su benepl\u00e1cito por este patrocinio el cual fortalecer\u00e1 el impacto que la conferencia tendr\u00e1 sobre el futuro del sector tur\u00edstico de Jamaica.<\/p>\n<p>\u201cEsta conferencia no s\u00f3lo ser\u00e1 el mayor evento internacional de turismo que haya tenido lugar en Jamaica, sino que ser\u00e1 uno de los eventos m\u00e1s importantes en la historia del pa\u00eds. Estoy muy contento de contar con Airbnb como parte del equipo y esperamos con ansia comenzar a trabajar con ellos en diversos proyectos, que estoy seguro, beneficiar\u00e1n al pueblo de Jamaica en el futuro cercano\u201d, dijo el Ministro Bartlett.<\/p>\n<p>Shawn Sullivan, el director Regional para Centro Am\u00e9rica y el Caribe de Airbnb, quien contrajo el compromiso ante el Ministro Bartlett durante una reuni\u00f3n en las oficinas centrales de la compa\u00f1\u00eda en California, dijo que este es un gran paso para solidificar y hacer m\u00e1s prominente la relaci\u00f3n con el Gobierno de Jamaica. Airbnb considera a Jamaica como uno de los destinos m\u00e1s importantes del Caribe y del mundo.<\/p>\n<p>El mercado para Airbnb en Jamaica est\u00e1 creciendo r\u00e1pidamente y es muy lucrativo. Su sitio web cuenta actualmente con cientos de hospedadores activos y listados locales activos.<\/p>\n<p>Tan solo el a\u00f1o pasado, la isla recibi\u00f3 m\u00e1s de 32 mil visitantes a trav\u00e9s de Airbnb, lo que benefici\u00f3 a muchas comunidades alrededor de la isla, incluyendo Trench Town, en Kingston y generando ingresos para muchos due\u00f1os de casas.<\/p>\n","protected":false},"excerpt":{"rendered":"<p>Airbnb, estar\u00e1 asignando 65 mil d\u00f3lares al gobierno de Jamaica para patrocinar la Conferencia sobre Empleo y Crecimiento Inclusivo: Alianzas para el Turismo Sostenible, de la Organizaci\u00f3n Mundial del Turismo (OMT), el Gobierno de Jamaica y el Grupo Banco Mundial. El gigante tecnol\u00f3gico se convierte en el primer patrocinador platino de la conferencia, que tendr\u00e1 [&hellip;]<\/p>\n","protected":false},"author":17,"featured_media":12775,"comment_status":"open","ping_status":"open","sticky":false,"template":"","format":"standard","meta":{"footnotes":""},"categories":[374,12],"tags":[1253,5762,5763,5761,1391,5765,1960,5764],"yoast_head":"<!-- This site is optimized with the Yoast SEO plugin v22.2 - https:\/\/yoast.com\/wordpress\/plugins\/seo\/ -->\n<title>Airbnb primer patrocinador platino para la Conferencia Global de Turismo - Nitu - Noticias de la Industria Turistica<\/title>\n<meta name=\"description\" content=\"Airbnb estar\u00e1 asignando 65 mil d\u00f3lares al gobierno de Jamaica para patrocinar la Conferencia Global de Turismo de la OMT.\" \/>\n<meta name=\"robots\" content=\"index, follow, max-snippet:-1, max-image-preview:large, max-video-preview:-1\" \/>\n<link rel=\"canonical\" href=\"https:\/\/nitu.mx\/index.php\/2017\/08\/31\/airbnb-primer-patrocinador-platino-para-la-conferencia-global-de-turismo\/\" \/>\n<meta name=\"twitter:card\" content=\"summary_large_image\" \/>\n<meta name=\"twitter:title\" content=\"Airbnb primer patrocinador platino para la Conferencia Global de Turismo - Nitu - Noticias de la Industria Turistica\" \/>\n<meta name=\"twitter:description\" content=\"Airbnb estar\u00e1 asignando 65 mil d\u00f3lares al gobierno de Jamaica para patrocinar la Conferencia Global de Turismo de la OMT.\" \/>\n<meta name=\"twitter:image\" content=\"https:\/\/nitu.mx\/wp-content\/uploads\/2017\/08\/HMBartlett_Airbnb1.jpg\" \/>\n<meta name=\"twitter:creator\" content=\"@NITUmx\" \/>\n<meta name=\"twitter:site\" content=\"@Arturo_Medina_G\" \/>\n<meta name=\"twitter:label1\" content=\"Escrito por\" \/>\n\t<meta name=\"twitter:data1\" content=\"Redacci\u00f3n\" \/>\n\t<meta name=\"twitter:label2\" content=\"Tiempo de lectura\" \/>\n\t<meta name=\"twitter:data2\" content=\"2 minutos\" \/>\n<script type=\"application\/ld+json\" class=\"yoast-schema-graph\">{\"@context\":\"https:\/\/schema.org\",\"@graph\":[{\"@type\":\"Article\",\"@id\":\"https:\/\/nitu.mx\/index.php\/2017\/08\/31\/airbnb-primer-patrocinador-platino-para-la-conferencia-global-de-turismo\/#article\",\"isPartOf\":{\"@id\":\"https:\/\/nitu.mx\/index.php\/2017\/08\/31\/airbnb-primer-patrocinador-platino-para-la-conferencia-global-de-turismo\/\"},\"author\":{\"name\":\"Redacci\u00f3n\",\"@id\":\"https:\/\/nitu.mx\/#\/schema\/person\/4a28fe9bd65924f7c90623773daf1b0b\"},\"headline\":\"Airbnb primer patrocinador platino para la Conferencia Global de Turismo\",\"datePublished\":\"2017-09-01T04:55:50+00:00\",\"dateModified\":\"2017-09-01T05:11:52+00:00\",\"mainEntityOfPage\":{\"@id\":\"https:\/\/nitu.mx\/index.php\/2017\/08\/31\/airbnb-primer-patrocinador-platino-para-la-conferencia-global-de-turismo\/\"},\"wordCount\":354,\"commentCount\":0,\"publisher\":{\"@id\":\"https:\/\/nitu.mx\/#\/schema\/person\/ae7a53426417292d3dd07b45a33e01bc\"},\"image\":{\"@id\":\"https:\/\/nitu.mx\/index.php\/2017\/08\/31\/airbnb-primer-patrocinador-platino-para-la-conferencia-global-de-turismo\/#primaryimage\"},\"thumbnailUrl\":\"https:\/\/nitu.mx\/wp-content\/uploads\/2017\/08\/HMBartlett_Airbnb1.jpg\",\"keywords\":[\"Airbnb\",\"Centro de Convenciones de Montego Bay\",\"Edmund Bartlett\",\"Grupo Banco Mundial\",\"Jamaica\",\"Kingston\",\"OMT\",\"Shawn Sullivan\"],\"articleSection\":[\"Internacional\",\"Marketing\"],\"inLanguage\":\"es-MX\",\"potentialAction\":[{\"@type\":\"CommentAction\",\"name\":\"Comment\",\"target\":[\"https:\/\/nitu.mx\/index.php\/2017\/08\/31\/airbnb-primer-patrocinador-platino-para-la-conferencia-global-de-turismo\/#respond\"]}]},{\"@type\":\"WebPage\",\"@id\":\"https:\/\/nitu.mx\/index.php\/2017\/08\/31\/airbnb-primer-patrocinador-platino-para-la-conferencia-global-de-turismo\/\",\"url\":\"https:\/\/nitu.mx\/index.php\/2017\/08\/31\/airbnb-primer-patrocinador-platino-para-la-conferencia-global-de-turismo\/\",\"name\":\"Airbnb primer patrocinador platino para la Conferencia Global de Turismo - Nitu - Noticias de la Industria Turistica\",\"isPartOf\":{\"@id\":\"https:\/\/nitu.mx\/#website\"},\"primaryImageOfPage\":{\"@id\":\"https:\/\/nitu.mx\/index.php\/2017\/08\/31\/airbnb-primer-patrocinador-platino-para-la-conferencia-global-de-turismo\/#primaryimage\"},\"image\":{\"@id\":\"https:\/\/nitu.mx\/index.php\/2017\/08\/31\/airbnb-primer-patrocinador-platino-para-la-conferencia-global-de-turismo\/#primaryimage\"},\"thumbnailUrl\":\"https:\/\/nitu.mx\/wp-content\/uploads\/2017\/08\/HMBartlett_Airbnb1.jpg\",\"datePublished\":\"2017-09-01T04:55:50+00:00\",\"dateModified\":\"2017-09-01T05:11:52+00:00\",\"description\":\"Airbnb estar\u00e1 asignando 65 mil d\u00f3lares al gobierno de Jamaica para patrocinar la Conferencia Global de Turismo de la OMT.\",\"breadcrumb\":{\"@id\":\"https:\/\/nitu.mx\/index.php\/2017\/08\/31\/airbnb-primer-patrocinador-platino-para-la-conferencia-global-de-turismo\/#breadcrumb\"},\"inLanguage\":\"es-MX\",\"potentialAction\":[{\"@type\":\"ReadAction\",\"target\":[\"https:\/\/nitu.mx\/index.php\/2017\/08\/31\/airbnb-primer-patrocinador-platino-para-la-conferencia-global-de-turismo\/\"]}]},{\"@type\":\"ImageObject\",\"inLanguage\":\"es-MX\",\"@id\":\"https:\/\/nitu.mx\/index.php\/2017\/08\/31\/airbnb-primer-patrocinador-platino-para-la-conferencia-global-de-turismo\/#primaryimage\",\"url\":\"https:\/\/nitu.mx\/wp-content\/uploads\/2017\/08\/HMBartlett_Airbnb1.jpg\",\"contentUrl\":\"https:\/\/nitu.mx\/wp-content\/uploads\/2017\/08\/HMBartlett_Airbnb1.jpg\",\"width\":850,\"height\":480,\"caption\":\"Airbnb\"},{\"@type\":\"BreadcrumbList\",\"@id\":\"https:\/\/nitu.mx\/index.php\/2017\/08\/31\/airbnb-primer-patrocinador-platino-para-la-conferencia-global-de-turismo\/#breadcrumb\",\"itemListElement\":[{\"@type\":\"ListItem\",\"position\":1,\"name\":\"Inicio\",\"item\":\"https:\/\/nitu.mx\/\"},{\"@type\":\"ListItem\",\"position\":2,\"name\":\"Airbnb primer patrocinador platino para la Conferencia Global de Turismo\"}]},{\"@type\":\"WebSite\",\"@id\":\"https:\/\/nitu.mx\/#website\",\"url\":\"https:\/\/nitu.mx\/\",\"name\":\"Nitu - Noticias de la Industria Turistica\",\"description\":\"Noticias de la Industria Turistica\",\"publisher\":{\"@id\":\"https:\/\/nitu.mx\/#\/schema\/person\/ae7a53426417292d3dd07b45a33e01bc\"},\"alternateName\":\"Noticias de la Industria Turistica\",\"potentialAction\":[{\"@type\":\"SearchAction\",\"target\":{\"@type\":\"EntryPoint\",\"urlTemplate\":\"https:\/\/nitu.mx\/?s={search_term_string}\"},\"query-input\":\"required name=search_term_string\"}],\"inLanguage\":\"es-MX\"},{\"@type\":[\"Person\",\"Organization\"],\"@id\":\"https:\/\/nitu.mx\/#\/schema\/person\/ae7a53426417292d3dd07b45a33e01bc\",\"name\":\"Arturo Medina\",\"image\":{\"@type\":\"ImageObject\",\"inLanguage\":\"es-MX\",\"@id\":\"https:\/\/nitu.mx\/#\/schema\/person\/image\/\",\"url\":\"https:\/\/nitu.mx\/wp-content\/uploads\/2024\/04\/4A315622-1904-4D5C-B022-878CDC840E04-90x90-1.jpeg\",\"contentUrl\":\"https:\/\/nitu.mx\/wp-content\/uploads\/2024\/04\/4A315622-1904-4D5C-B022-878CDC840E04-90x90-1.jpeg\",\"width\":90,\"height\":90,\"caption\":\"Arturo Medina\"},\"logo\":{\"@id\":\"https:\/\/nitu.mx\/#\/schema\/person\/image\/\"},\"description\":\"Director NITU.mx, Egresado de la Escuela de Periodismo Carlos Septi\u00e9n Garc\u00eda. Periodista y analista especializado en turismo desde hace 35 a\u00f1os, radicado en Canc\u00fan Q.Roo. arturo@nitu.mx\",\"sameAs\":[\"https:\/\/nitu.mx\",\"https:\/\/www.facebook.com\/NITUmx\/\",\"medinacancun\",\"https:\/\/twitter.com\/@Arturo_Medina_G\"]},{\"@type\":\"Person\",\"@id\":\"https:\/\/nitu.mx\/#\/schema\/person\/4a28fe9bd65924f7c90623773daf1b0b\",\"name\":\"Redacci\u00f3n\",\"image\":{\"@type\":\"ImageObject\",\"inLanguage\":\"es-MX\",\"@id\":\"https:\/\/nitu.mx\/#\/schema\/person\/image\/\",\"url\":\"https:\/\/secure.gravatar.com\/avatar\/5dd011c8ccfc5cd7e4c81e42252aab38?s=96&d=mm&r=g\",\"contentUrl\":\"https:\/\/secure.gravatar.com\/avatar\/5dd011c8ccfc5cd7e4c81e42252aab38?s=96&d=mm&r=g\",\"caption\":\"Redacci\u00f3n\"},\"url\":\"https:\/\/nitu.mx\/index.php\/author\/redaccion\/\"}]}<\/script>\n<!-- \/ Yoast SEO plugin. -->","yoast_head_json":{"title":"Airbnb primer patrocinador platino para la Conferencia Global de Turismo - Nitu - Noticias de la Industria Turistica","description":"Airbnb estar\u00e1 asignando 65 mil d\u00f3lares al gobierno de Jamaica para patrocinar la Conferencia Global de Turismo de la OMT.","robots":{"index":"index","follow":"follow","max-snippet":"max-snippet:-1","max-image-preview":"max-image-preview:large","max-video-preview":"max-video-preview:-1"},"canonical":"https:\/\/nitu.mx\/index.php\/2017\/08\/31\/airbnb-primer-patrocinador-platino-para-la-conferencia-global-de-turismo\/","twitter_card":"summary_large_image","twitter_title":"Airbnb primer patrocinador platino para la Conferencia Global de Turismo - Nitu - Noticias de la Industria Turistica","twitter_description":"Airbnb estar\u00e1 asignando 65 mil d\u00f3lares al gobierno de Jamaica para patrocinar la Conferencia Global de Turismo de la OMT.","twitter_image":"https:\/\/nitu.mx\/wp-content\/uploads\/2017\/08\/HMBartlett_Airbnb1.jpg","twitter_creator":"@NITUmx","twitter_site":"@Arturo_Medina_G","twitter_misc":{"Escrito por":"Redacci\u00f3n","Tiempo de lectura":"2 minutos"},"schema":{"@context":"https:\/\/schema.org","@graph":[{"@type":"Article","@id":"https:\/\/nitu.mx\/index.php\/2017\/08\/31\/airbnb-primer-patrocinador-platino-para-la-conferencia-global-de-turismo\/#article","isPartOf":{"@id":"https:\/\/nitu.mx\/index.php\/2017\/08\/31\/airbnb-primer-patrocinador-platino-para-la-conferencia-global-de-turismo\/"},"author":{"name":"Redacci\u00f3n","@id":"https:\/\/nitu.mx\/#\/schema\/person\/4a28fe9bd65924f7c90623773daf1b0b"},"headline":"Airbnb primer patrocinador platino para la Conferencia Global de Turismo","datePublished":"2017-09-01T04:55:50+00:00","dateModified":"2017-09-01T05:11:52+00:00","mainEntityOfPage":{"@id":"https:\/\/nitu.mx\/index.php\/2017\/08\/31\/airbnb-primer-patrocinador-platino-para-la-conferencia-global-de-turismo\/"},"wordCount":354,"commentCount":0,"publisher":{"@id":"https:\/\/nitu.mx\/#\/schema\/person\/ae7a53426417292d3dd07b45a33e01bc"},"image":{"@id":"https:\/\/nitu.mx\/index.php\/2017\/08\/31\/airbnb-primer-patrocinador-platino-para-la-conferencia-global-de-turismo\/#primaryimage"},"thumbnailUrl":"https:\/\/nitu.mx\/wp-content\/uploads\/2017\/08\/HMBartlett_Airbnb1.jpg","keywords":["Airbnb","Centro de Convenciones de Montego Bay","Edmund Bartlett","Grupo Banco Mundial","Jamaica","Kingston","OMT","Shawn Sullivan"],"articleSection":["Internacional","Marketing"],"inLanguage":"es-MX","potentialAction":[{"@type":"CommentAction","name":"Comment","target":["https:\/\/nitu.mx\/index.php\/2017\/08\/31\/airbnb-primer-patrocinador-platino-para-la-conferencia-global-de-turismo\/#respond"]}]},{"@type":"WebPage","@id":"https:\/\/nitu.mx\/index.php\/2017\/08\/31\/airbnb-primer-patrocinador-platino-para-la-conferencia-global-de-turismo\/","url":"https:\/\/nitu.mx\/index.php\/2017\/08\/31\/airbnb-primer-patrocinador-platino-para-la-conferencia-global-de-turismo\/","name":"Airbnb primer patrocinador platino para la Conferencia Global de Turismo - Nitu - Noticias de la Industria Turistica","isPartOf":{"@id":"https:\/\/nitu.mx\/#website"},"primaryImageOfPage":{"@id":"https:\/\/nitu.mx\/index.php\/2017\/08\/31\/airbnb-primer-patrocinador-platino-para-la-conferencia-global-de-turismo\/#primaryimage"},"image":{"@id":"https:\/\/nitu.mx\/index.php\/2017\/08\/31\/airbnb-primer-patrocinador-platino-para-la-conferencia-global-de-turismo\/#primaryimage"},"thumbnailUrl":"https:\/\/nitu.mx\/wp-content\/uploads\/2017\/08\/HMBartlett_Airbnb1.jpg","datePublished":"2017-09-01T04:55:50+00:00","dateModified":"2017-09-01T05:11:52+00:00","description":"Airbnb estar\u00e1 asignando 65 mil d\u00f3lares al gobierno de Jamaica para patrocinar la Conferencia Global de Turismo de la OMT.","breadcrumb":{"@id":"https:\/\/nitu.mx\/index.php\/2017\/08\/31\/airbnb-primer-patrocinador-platino-para-la-conferencia-global-de-turismo\/#breadcrumb"},"inLanguage":"es-MX","potentialAction":[{"@type":"ReadAction","target":["https:\/\/nitu.mx\/index.php\/2017\/08\/31\/airbnb-primer-patrocinador-platino-para-la-conferencia-global-de-turismo\/"]}]},{"@type":"ImageObject","inLanguage":"es-MX","@id":"https:\/\/nitu.mx\/index.php\/2017\/08\/31\/airbnb-primer-patrocinador-platino-para-la-conferencia-global-de-turismo\/#primaryimage","url":"https:\/\/nitu.mx\/wp-content\/uploads\/2017\/08\/HMBartlett_Airbnb1.jpg","contentUrl":"https:\/\/nitu.mx\/wp-content\/uploads\/2017\/08\/HMBartlett_Airbnb1.jpg","width":850,"height":480,"caption":"Airbnb"},{"@type":"BreadcrumbList","@id":"https:\/\/nitu.mx\/index.php\/2017\/08\/31\/airbnb-primer-patrocinador-platino-para-la-conferencia-global-de-turismo\/#breadcrumb","itemListElement":[{"@type":"ListItem","position":1,"name":"Inicio","item":"https:\/\/nitu.mx\/"},{"@type":"ListItem","position":2,"name":"Airbnb primer patrocinador platino para la Conferencia Global de Turismo"}]},{"@type":"WebSite","@id":"https:\/\/nitu.mx\/#website","url":"https:\/\/nitu.mx\/","name":"Nitu - Noticias de la Industria Turistica","description":"Noticias de la Industria Turistica","publisher":{"@id":"https:\/\/nitu.mx\/#\/schema\/person\/ae7a53426417292d3dd07b45a33e01bc"},"alternateName":"Noticias de la Industria Turistica","potentialAction":[{"@type":"SearchAction","target":{"@type":"EntryPoint","urlTemplate":"https:\/\/nitu.mx\/?s={search_term_string}"},"query-input":"required name=search_term_string"}],"inLanguage":"es-MX"},{"@type":["Person","Organization"],"@id":"https:\/\/nitu.mx\/#\/schema\/person\/ae7a53426417292d3dd07b45a33e01bc","name":"Arturo Medina","image":{"@type":"ImageObject","inLanguage":"es-MX","@id":"https:\/\/nitu.mx\/#\/schema\/person\/image\/","url":"https:\/\/nitu.mx\/wp-content\/uploads\/2024\/04\/4A315622-1904-4D5C-B022-878CDC840E04-90x90-1.jpeg","contentUrl":"https:\/\/nitu.mx\/wp-content\/uploads\/2024\/04\/4A315622-1904-4D5C-B022-878CDC840E04-90x90-1.jpeg","width":90,"height":90,"caption":"Arturo Medina"},"logo":{"@id":"https:\/\/nitu.mx\/#\/schema\/person\/image\/"},"description":"Director NITU.mx, Egresado de la Escuela de Periodismo Carlos Septi\u00e9n Garc\u00eda. Periodista y analista especializado en turismo desde hace 35 a\u00f1os, radicado en Canc\u00fan Q.Roo. arturo@nitu.mx","sameAs":["https:\/\/nitu.mx","https:\/\/www.facebook.com\/NITUmx\/","medinacancun","https:\/\/twitter.com\/@Arturo_Medina_G"]},{"@type":"Person","@id":"https:\/\/nitu.mx\/#\/schema\/person\/4a28fe9bd65924f7c90623773daf1b0b","name":"Redacci\u00f3n","image":{"@type":"ImageObject","inLanguage":"es-MX","@id":"https:\/\/nitu.mx\/#\/schema\/person\/image\/","url":"https:\/\/secure.gravatar.com\/avatar\/5dd011c8ccfc5cd7e4c81e42252aab38?s=96&d=mm&r=g","contentUrl":"https:\/\/secure.gravatar.com\/avatar\/5dd011c8ccfc5cd7e4c81e42252aab38?s=96&d=mm&r=g","caption":"Redacci\u00f3n"},"url":"https:\/\/nitu.mx\/index.php\/author\/redaccion\/"}]}},"views":270,"_links":{"self":[{"href":"https:\/\/nitu.mx\/index.php\/wp-json\/wp\/v2\/posts\/12760"}],"collection":[{"href":"https:\/\/nitu.mx\/index.php\/wp-json\/wp\/v2\/posts"}],"about":[{"href":"https:\/\/nitu.mx\/index.php\/wp-json\/wp\/v2\/types\/post"}],"author":[{"embeddable":true,"href":"https:\/\/nitu.mx\/index.php\/wp-json\/wp\/v2\/users\/17"}],"replies":[{"embeddable":true,"href":"https:\/\/nitu.mx\/index.php\/wp-json\/wp\/v2\/comments?post=12760"}],"version-history":[{"count":3,"href":"https:\/\/nitu.mx\/index.php\/wp-json\/wp\/v2\/posts\/12760\/revisions"}],"predecessor-version":[{"id":12776,"href":"https:\/\/nitu.mx\/index.php\/wp-json\/wp\/v2\/posts\/12760\/revisions\/12776"}],"wp:featuredmedia":[{"embeddable":true,"href":"https:\/\/nitu.mx\/index.php\/wp-json\/wp\/v2\/media\/12775"}],"wp:attachment":[{"href":"https:\/\/nitu.mx\/index.php\/wp-json\/wp\/v2\/media?parent=12760"}],"wp:term":[{"taxonomy":"category","embeddable":true,"href":"https:\/\/nitu.mx\/index.php\/wp-json\/wp\/v2\/categories?post=12760"},{"taxonomy":"post_tag","embeddable":true,"href":"https:\/\/nitu.mx\/index.php\/wp-json\/wp\/v2\/tags?post=12760"}],"curies":[{"name":"wp","href":"https:\/\/api.w.org\/{rel}","templated":true}]}}