{"id":12745,"date":"2017-08-31T12:29:15","date_gmt":"2017-08-31T17:29:15","guid":{"rendered":"http:\/\/www.dev.nitu.mx\/?p=12745"},"modified":"2017-08-31T12:34:08","modified_gmt":"2017-08-31T17:34:08","slug":"aicm-recupera-practicamente-la-normalidad-tras-lluvias-ayer","status":"publish","type":"post","link":"https:\/\/nitu.mx\/index.php\/2017\/08\/31\/aicm-recupera-practicamente-la-normalidad-tras-lluvias-ayer\/","title":{"rendered":"AICM recupera pr\u00e1cticamente la normalidad tras lluvias de ayer"},"content":{"rendered":"<p>Las operaciones en el Aeropuerto Internacional de la Ciudad de M\u00e9xico (AICM) retomaron la normalidad luego de que fueron suspendidas la tarde ayer mi\u00e9rcoles por las fuertes lluvias que se registraron en la zona oriente de la Ciudad de M\u00e9xico.<\/p>\n<p>El \u00faltimo registro indica que los vuelos programados para estas horas del jueves, tanto de llegadas como de salidas, ya siguen su marcha regular; como se puede comprobar en las pantallas de la terminal a\u00e9rea.<\/p>\n<p>Fueron aproximadamente cinco horas las que el AICM detuvo operaciones, y a partir de las 23:30 empezaron a normalizarse. Sin embargo, para esta hora ya hab\u00edan sido desviados m\u00e1s de 50 vuelos hacia otras terminales del pa\u00eds como Toluca, Baj\u00edo, Guadalajara, Morelia, entre otros. Adem\u00e1s, varios vuelos que ten\u00edan como salida o destino la capital mexicana tuvieron que ser cancelados, lo que gener\u00f3 una afectaci\u00f3n aproximada de 250 vuelos.<\/p>\n<p>De acuerdo con los reportes, los pasajeros m\u00e1s afectados son los que ten\u00edan programados vuelos de conexi\u00f3n a destinos internacionales para las primeras horas de este jueves, quienes deb\u00edan llegar de alg\u00fan punto del pa\u00eds.<\/p>\n<p>Aunque las operaciones ya est\u00e1n recuperando su ritmo normal, se aconseja a los viajeros que se dirigen al AICM tomar suficiente anticipaci\u00f3n, pues las lluvias tambi\u00e9n afectaron las principales v\u00edas de acceso como Calzada Ignacio Zaragoza, Boulevard Puerto A\u00e9reo, as\u00ed como la l\u00ednea 5 del metro, que pasa por las dos terminales del AICM. El nivel del agua ha ido descendiendo, sin embargo las afectaciones viales son considerables, tanto para llegar como para salir de la terminal a\u00e9rea.<\/p>\n","protected":false},"excerpt":{"rendered":"<p>Las operaciones en el Aeropuerto Internacional de la Ciudad de M\u00e9xico (AICM) retomaron la normalidad luego de que fueron suspendidas la tarde ayer mi\u00e9rcoles por las fuertes lluvias que se registraron en la zona oriente de la Ciudad de M\u00e9xico. El \u00faltimo registro indica que los vuelos programados para estas horas del jueves, tanto de [&hellip;]<\/p>\n","protected":false},"author":5,"featured_media":12746,"comment_status":"open","ping_status":"open","sticky":false,"template":"","format":"standard","meta":{"footnotes":""},"categories":[29],"tags":[1342,587,5749],"yoast_head":"<!-- This site is optimized with the Yoast SEO plugin v22.2 - https:\/\/yoast.com\/wordpress\/plugins\/seo\/ -->\n<title>AICM recupera pr\u00e1cticamente la normalidad tras lluvias de ayer - Nitu - Noticias de la Industria Turistica<\/title>\n<meta name=\"description\" content=\"Las operaciones en el AICM retomaron la normalidad luego de que fueron suspendidas la tarde ayer mi\u00e9rcoles por las fuertes lluvias\" \/>\n<meta name=\"robots\" content=\"index, follow, max-snippet:-1, max-image-preview:large, max-video-preview:-1\" \/>\n<link rel=\"canonical\" href=\"https:\/\/nitu.mx\/index.php\/2017\/08\/31\/aicm-recupera-practicamente-la-normalidad-tras-lluvias-ayer\/\" \/>\n<meta name=\"twitter:card\" content=\"summary_large_image\" \/>\n<meta name=\"twitter:title\" content=\"AICM recupera pr\u00e1cticamente la normalidad tras lluvias de ayer - Nitu - Noticias de la Industria Turistica\" \/>\n<meta name=\"twitter:description\" content=\"Las operaciones en el AICM retomaron la normalidad luego de que fueron suspendidas la tarde ayer mi\u00e9rcoles por las fuertes lluvias\" \/>\n<meta name=\"twitter:image\" content=\"https:\/\/nitu.mx\/wp-content\/uploads\/2017\/08\/aicm-inundaci\u00f3n.jpg\" \/>\n<meta name=\"twitter:creator\" content=\"@NITUmx\" \/>\n<meta name=\"twitter:site\" content=\"@Arturo_Medina_G\" \/>\n<meta name=\"twitter:label1\" content=\"Escrito por\" \/>\n\t<meta name=\"twitter:data1\" content=\"Mari Soto\" \/>\n\t<meta name=\"twitter:label2\" content=\"Tiempo de lectura\" \/>\n\t<meta name=\"twitter:data2\" content=\"1 minuto\" \/>\n<script type=\"application\/ld+json\" class=\"yoast-schema-graph\">{\"@context\":\"https:\/\/schema.org\",\"@graph\":[{\"@type\":\"Article\",\"@id\":\"https:\/\/nitu.mx\/index.php\/2017\/08\/31\/aicm-recupera-practicamente-la-normalidad-tras-lluvias-ayer\/#article\",\"isPartOf\":{\"@id\":\"https:\/\/nitu.mx\/index.php\/2017\/08\/31\/aicm-recupera-practicamente-la-normalidad-tras-lluvias-ayer\/\"},\"author\":{\"name\":\"Mari Soto\",\"@id\":\"https:\/\/nitu.mx\/#\/schema\/person\/afc52e313e27e660739556d421d3d6b4\"},\"headline\":\"AICM recupera pr\u00e1cticamente la normalidad tras lluvias de ayer\",\"datePublished\":\"2017-08-31T17:29:15+00:00\",\"dateModified\":\"2017-08-31T17:34:08+00:00\",\"mainEntityOfPage\":{\"@id\":\"https:\/\/nitu.mx\/index.php\/2017\/08\/31\/aicm-recupera-practicamente-la-normalidad-tras-lluvias-ayer\/\"},\"wordCount\":287,\"commentCount\":0,\"publisher\":{\"@id\":\"https:\/\/nitu.mx\/#\/schema\/person\/ae7a53426417292d3dd07b45a33e01bc\"},\"image\":{\"@id\":\"https:\/\/nitu.mx\/index.php\/2017\/08\/31\/aicm-recupera-practicamente-la-normalidad-tras-lluvias-ayer\/#primaryimage\"},\"thumbnailUrl\":\"https:\/\/nitu.mx\/wp-content\/uploads\/2017\/08\/aicm-inundaci\u00f3n.jpg\",\"keywords\":[\"Aeropuerto Internacional de la Ciudad de M\u00e9xico (AICM)\",\"CDMX\",\"lluvias\"],\"articleSection\":[\"Aerol\u00edneas\"],\"inLanguage\":\"es-MX\",\"potentialAction\":[{\"@type\":\"CommentAction\",\"name\":\"Comment\",\"target\":[\"https:\/\/nitu.mx\/index.php\/2017\/08\/31\/aicm-recupera-practicamente-la-normalidad-tras-lluvias-ayer\/#respond\"]}]},{\"@type\":\"WebPage\",\"@id\":\"https:\/\/nitu.mx\/index.php\/2017\/08\/31\/aicm-recupera-practicamente-la-normalidad-tras-lluvias-ayer\/\",\"url\":\"https:\/\/nitu.mx\/index.php\/2017\/08\/31\/aicm-recupera-practicamente-la-normalidad-tras-lluvias-ayer\/\",\"name\":\"AICM recupera pr\u00e1cticamente la normalidad tras lluvias de ayer - Nitu - Noticias de la Industria Turistica\",\"isPartOf\":{\"@id\":\"https:\/\/nitu.mx\/#website\"},\"primaryImageOfPage\":{\"@id\":\"https:\/\/nitu.mx\/index.php\/2017\/08\/31\/aicm-recupera-practicamente-la-normalidad-tras-lluvias-ayer\/#primaryimage\"},\"image\":{\"@id\":\"https:\/\/nitu.mx\/index.php\/2017\/08\/31\/aicm-recupera-practicamente-la-normalidad-tras-lluvias-ayer\/#primaryimage\"},\"thumbnailUrl\":\"https:\/\/nitu.mx\/wp-content\/uploads\/2017\/08\/aicm-inundaci\u00f3n.jpg\",\"datePublished\":\"2017-08-31T17:29:15+00:00\",\"dateModified\":\"2017-08-31T17:34:08+00:00\",\"description\":\"Las operaciones en el AICM retomaron la normalidad luego de que fueron suspendidas la tarde ayer mi\u00e9rcoles por las fuertes lluvias\",\"breadcrumb\":{\"@id\":\"https:\/\/nitu.mx\/index.php\/2017\/08\/31\/aicm-recupera-practicamente-la-normalidad-tras-lluvias-ayer\/#breadcrumb\"},\"inLanguage\":\"es-MX\",\"potentialAction\":[{\"@type\":\"ReadAction\",\"target\":[\"https:\/\/nitu.mx\/index.php\/2017\/08\/31\/aicm-recupera-practicamente-la-normalidad-tras-lluvias-ayer\/\"]}]},{\"@type\":\"ImageObject\",\"inLanguage\":\"es-MX\",\"@id\":\"https:\/\/nitu.mx\/index.php\/2017\/08\/31\/aicm-recupera-practicamente-la-normalidad-tras-lluvias-ayer\/#primaryimage\",\"url\":\"https:\/\/nitu.mx\/wp-content\/uploads\/2017\/08\/aicm-inundaci\u00f3n.jpg\",\"contentUrl\":\"https:\/\/nitu.mx\/wp-content\/uploads\/2017\/08\/aicm-inundaci\u00f3n.jpg\",\"width\":850,\"height\":480,\"caption\":\"aicm\"},{\"@type\":\"BreadcrumbList\",\"@id\":\"https:\/\/nitu.mx\/index.php\/2017\/08\/31\/aicm-recupera-practicamente-la-normalidad-tras-lluvias-ayer\/#breadcrumb\",\"itemListElement\":[{\"@type\":\"ListItem\",\"position\":1,\"name\":\"Inicio\",\"item\":\"https:\/\/nitu.mx\/\"},{\"@type\":\"ListItem\",\"position\":2,\"name\":\"AICM recupera pr\u00e1cticamente la normalidad tras lluvias de ayer\"}]},{\"@type\":\"WebSite\",\"@id\":\"https:\/\/nitu.mx\/#website\",\"url\":\"https:\/\/nitu.mx\/\",\"name\":\"Nitu - Noticias de la Industria Turistica\",\"description\":\"Noticias de la Industria Turistica\",\"publisher\":{\"@id\":\"https:\/\/nitu.mx\/#\/schema\/person\/ae7a53426417292d3dd07b45a33e01bc\"},\"alternateName\":\"Noticias de la Industria Turistica\",\"potentialAction\":[{\"@type\":\"SearchAction\",\"target\":{\"@type\":\"EntryPoint\",\"urlTemplate\":\"https:\/\/nitu.mx\/?s={search_term_string}\"},\"query-input\":\"required name=search_term_string\"}],\"inLanguage\":\"es-MX\"},{\"@type\":[\"Person\",\"Organization\"],\"@id\":\"https:\/\/nitu.mx\/#\/schema\/person\/ae7a53426417292d3dd07b45a33e01bc\",\"name\":\"Arturo Medina\",\"image\":{\"@type\":\"ImageObject\",\"inLanguage\":\"es-MX\",\"@id\":\"https:\/\/nitu.mx\/#\/schema\/person\/image\/\",\"url\":\"https:\/\/nitu.mx\/wp-content\/uploads\/2024\/04\/4A315622-1904-4D5C-B022-878CDC840E04-90x90-1.jpeg\",\"contentUrl\":\"https:\/\/nitu.mx\/wp-content\/uploads\/2024\/04\/4A315622-1904-4D5C-B022-878CDC840E04-90x90-1.jpeg\",\"width\":90,\"height\":90,\"caption\":\"Arturo Medina\"},\"logo\":{\"@id\":\"https:\/\/nitu.mx\/#\/schema\/person\/image\/\"},\"description\":\"Director NITU.mx, Egresado de la Escuela de Periodismo Carlos Septi\u00e9n Garc\u00eda. Periodista y analista especializado en turismo desde hace 35 a\u00f1os, radicado en Canc\u00fan Q.Roo. arturo@nitu.mx\",\"sameAs\":[\"https:\/\/nitu.mx\",\"https:\/\/www.facebook.com\/NITUmx\/\",\"medinacancun\",\"https:\/\/twitter.com\/@Arturo_Medina_G\"]},{\"@type\":\"Person\",\"@id\":\"https:\/\/nitu.mx\/#\/schema\/person\/afc52e313e27e660739556d421d3d6b4\",\"name\":\"Mari Soto\",\"image\":{\"@type\":\"ImageObject\",\"inLanguage\":\"es-MX\",\"@id\":\"https:\/\/nitu.mx\/#\/schema\/person\/image\/\",\"url\":\"https:\/\/secure.gravatar.com\/avatar\/2619c282a180a20d89fcaea82a6736e2?s=96&d=mm&r=g\",\"contentUrl\":\"https:\/\/secure.gravatar.com\/avatar\/2619c282a180a20d89fcaea82a6736e2?s=96&d=mm&r=g\",\"caption\":\"Mari Soto\"},\"sameAs\":[\"https:\/\/nitu.mx\"],\"url\":\"https:\/\/nitu.mx\/index.php\/author\/guadalupe\/\"}]}<\/script>\n<!-- \/ Yoast SEO plugin. -->","yoast_head_json":{"title":"AICM recupera pr\u00e1cticamente la normalidad tras lluvias de ayer - Nitu - Noticias de la Industria Turistica","description":"Las operaciones en el AICM retomaron la normalidad luego de que fueron suspendidas la tarde ayer mi\u00e9rcoles por las fuertes lluvias","robots":{"index":"index","follow":"follow","max-snippet":"max-snippet:-1","max-image-preview":"max-image-preview:large","max-video-preview":"max-video-preview:-1"},"canonical":"https:\/\/nitu.mx\/index.php\/2017\/08\/31\/aicm-recupera-practicamente-la-normalidad-tras-lluvias-ayer\/","twitter_card":"summary_large_image","twitter_title":"AICM recupera pr\u00e1cticamente la normalidad tras lluvias de ayer - Nitu - Noticias de la Industria Turistica","twitter_description":"Las operaciones en el AICM retomaron la normalidad luego de que fueron suspendidas la tarde ayer mi\u00e9rcoles por las fuertes lluvias","twitter_image":"https:\/\/nitu.mx\/wp-content\/uploads\/2017\/08\/aicm-inundaci\u00f3n.jpg","twitter_creator":"@NITUmx","twitter_site":"@Arturo_Medina_G","twitter_misc":{"Escrito por":"Mari Soto","Tiempo de lectura":"1 minuto"},"schema":{"@context":"https:\/\/schema.org","@graph":[{"@type":"Article","@id":"https:\/\/nitu.mx\/index.php\/2017\/08\/31\/aicm-recupera-practicamente-la-normalidad-tras-lluvias-ayer\/#article","isPartOf":{"@id":"https:\/\/nitu.mx\/index.php\/2017\/08\/31\/aicm-recupera-practicamente-la-normalidad-tras-lluvias-ayer\/"},"author":{"name":"Mari Soto","@id":"https:\/\/nitu.mx\/#\/schema\/person\/afc52e313e27e660739556d421d3d6b4"},"headline":"AICM recupera pr\u00e1cticamente la normalidad tras lluvias de ayer","datePublished":"2017-08-31T17:29:15+00:00","dateModified":"2017-08-31T17:34:08+00:00","mainEntityOfPage":{"@id":"https:\/\/nitu.mx\/index.php\/2017\/08\/31\/aicm-recupera-practicamente-la-normalidad-tras-lluvias-ayer\/"},"wordCount":287,"commentCount":0,"publisher":{"@id":"https:\/\/nitu.mx\/#\/schema\/person\/ae7a53426417292d3dd07b45a33e01bc"},"image":{"@id":"https:\/\/nitu.mx\/index.php\/2017\/08\/31\/aicm-recupera-practicamente-la-normalidad-tras-lluvias-ayer\/#primaryimage"},"thumbnailUrl":"https:\/\/nitu.mx\/wp-content\/uploads\/2017\/08\/aicm-inundaci\u00f3n.jpg","keywords":["Aeropuerto Internacional de la Ciudad de M\u00e9xico (AICM)","CDMX","lluvias"],"articleSection":["Aerol\u00edneas"],"inLanguage":"es-MX","potentialAction":[{"@type":"CommentAction","name":"Comment","target":["https:\/\/nitu.mx\/index.php\/2017\/08\/31\/aicm-recupera-practicamente-la-normalidad-tras-lluvias-ayer\/#respond"]}]},{"@type":"WebPage","@id":"https:\/\/nitu.mx\/index.php\/2017\/08\/31\/aicm-recupera-practicamente-la-normalidad-tras-lluvias-ayer\/","url":"https:\/\/nitu.mx\/index.php\/2017\/08\/31\/aicm-recupera-practicamente-la-normalidad-tras-lluvias-ayer\/","name":"AICM recupera pr\u00e1cticamente la normalidad tras lluvias de ayer - Nitu - Noticias de la Industria Turistica","isPartOf":{"@id":"https:\/\/nitu.mx\/#website"},"primaryImageOfPage":{"@id":"https:\/\/nitu.mx\/index.php\/2017\/08\/31\/aicm-recupera-practicamente-la-normalidad-tras-lluvias-ayer\/#primaryimage"},"image":{"@id":"https:\/\/nitu.mx\/index.php\/2017\/08\/31\/aicm-recupera-practicamente-la-normalidad-tras-lluvias-ayer\/#primaryimage"},"thumbnailUrl":"https:\/\/nitu.mx\/wp-content\/uploads\/2017\/08\/aicm-inundaci\u00f3n.jpg","datePublished":"2017-08-31T17:29:15+00:00","dateModified":"2017-08-31T17:34:08+00:00","description":"Las operaciones en el AICM retomaron la normalidad luego de que fueron suspendidas la tarde ayer mi\u00e9rcoles por las fuertes lluvias","breadcrumb":{"@id":"https:\/\/nitu.mx\/index.php\/2017\/08\/31\/aicm-recupera-practicamente-la-normalidad-tras-lluvias-ayer\/#breadcrumb"},"inLanguage":"es-MX","potentialAction":[{"@type":"ReadAction","target":["https:\/\/nitu.mx\/index.php\/2017\/08\/31\/aicm-recupera-practicamente-la-normalidad-tras-lluvias-ayer\/"]}]},{"@type":"ImageObject","inLanguage":"es-MX","@id":"https:\/\/nitu.mx\/index.php\/2017\/08\/31\/aicm-recupera-practicamente-la-normalidad-tras-lluvias-ayer\/#primaryimage","url":"https:\/\/nitu.mx\/wp-content\/uploads\/2017\/08\/aicm-inundaci\u00f3n.jpg","contentUrl":"https:\/\/nitu.mx\/wp-content\/uploads\/2017\/08\/aicm-inundaci\u00f3n.jpg","width":850,"height":480,"caption":"aicm"},{"@type":"BreadcrumbList","@id":"https:\/\/nitu.mx\/index.php\/2017\/08\/31\/aicm-recupera-practicamente-la-normalidad-tras-lluvias-ayer\/#breadcrumb","itemListElement":[{"@type":"ListItem","position":1,"name":"Inicio","item":"https:\/\/nitu.mx\/"},{"@type":"ListItem","position":2,"name":"AICM recupera pr\u00e1cticamente la normalidad tras lluvias de ayer"}]},{"@type":"WebSite","@id":"https:\/\/nitu.mx\/#website","url":"https:\/\/nitu.mx\/","name":"Nitu - Noticias de la Industria Turistica","description":"Noticias de la Industria Turistica","publisher":{"@id":"https:\/\/nitu.mx\/#\/schema\/person\/ae7a53426417292d3dd07b45a33e01bc"},"alternateName":"Noticias de la Industria Turistica","potentialAction":[{"@type":"SearchAction","target":{"@type":"EntryPoint","urlTemplate":"https:\/\/nitu.mx\/?s={search_term_string}"},"query-input":"required name=search_term_string"}],"inLanguage":"es-MX"},{"@type":["Person","Organization"],"@id":"https:\/\/nitu.mx\/#\/schema\/person\/ae7a53426417292d3dd07b45a33e01bc","name":"Arturo Medina","image":{"@type":"ImageObject","inLanguage":"es-MX","@id":"https:\/\/nitu.mx\/#\/schema\/person\/image\/","url":"https:\/\/nitu.mx\/wp-content\/uploads\/2024\/04\/4A315622-1904-4D5C-B022-878CDC840E04-90x90-1.jpeg","contentUrl":"https:\/\/nitu.mx\/wp-content\/uploads\/2024\/04\/4A315622-1904-4D5C-B022-878CDC840E04-90x90-1.jpeg","width":90,"height":90,"caption":"Arturo Medina"},"logo":{"@id":"https:\/\/nitu.mx\/#\/schema\/person\/image\/"},"description":"Director NITU.mx, Egresado de la Escuela de Periodismo Carlos Septi\u00e9n Garc\u00eda. Periodista y analista especializado en turismo desde hace 35 a\u00f1os, radicado en Canc\u00fan Q.Roo. arturo@nitu.mx","sameAs":["https:\/\/nitu.mx","https:\/\/www.facebook.com\/NITUmx\/","medinacancun","https:\/\/twitter.com\/@Arturo_Medina_G"]},{"@type":"Person","@id":"https:\/\/nitu.mx\/#\/schema\/person\/afc52e313e27e660739556d421d3d6b4","name":"Mari Soto","image":{"@type":"ImageObject","inLanguage":"es-MX","@id":"https:\/\/nitu.mx\/#\/schema\/person\/image\/","url":"https:\/\/secure.gravatar.com\/avatar\/2619c282a180a20d89fcaea82a6736e2?s=96&d=mm&r=g","contentUrl":"https:\/\/secure.gravatar.com\/avatar\/2619c282a180a20d89fcaea82a6736e2?s=96&d=mm&r=g","caption":"Mari Soto"},"sameAs":["https:\/\/nitu.mx"],"url":"https:\/\/nitu.mx\/index.php\/author\/guadalupe\/"}]}},"views":255,"_links":{"self":[{"href":"https:\/\/nitu.mx\/index.php\/wp-json\/wp\/v2\/posts\/12745"}],"collection":[{"href":"https:\/\/nitu.mx\/index.php\/wp-json\/wp\/v2\/posts"}],"about":[{"href":"https:\/\/nitu.mx\/index.php\/wp-json\/wp\/v2\/types\/post"}],"author":[{"embeddable":true,"href":"https:\/\/nitu.mx\/index.php\/wp-json\/wp\/v2\/users\/5"}],"replies":[{"embeddable":true,"href":"https:\/\/nitu.mx\/index.php\/wp-json\/wp\/v2\/comments?post=12745"}],"version-history":[{"count":3,"href":"https:\/\/nitu.mx\/index.php\/wp-json\/wp\/v2\/posts\/12745\/revisions"}],"predecessor-version":[{"id":12749,"href":"https:\/\/nitu.mx\/index.php\/wp-json\/wp\/v2\/posts\/12745\/revisions\/12749"}],"wp:featuredmedia":[{"embeddable":true,"href":"https:\/\/nitu.mx\/index.php\/wp-json\/wp\/v2\/media\/12746"}],"wp:attachment":[{"href":"https:\/\/nitu.mx\/index.php\/wp-json\/wp\/v2\/media?parent=12745"}],"wp:term":[{"taxonomy":"category","embeddable":true,"href":"https:\/\/nitu.mx\/index.php\/wp-json\/wp\/v2\/categories?post=12745"},{"taxonomy":"post_tag","embeddable":true,"href":"https:\/\/nitu.mx\/index.php\/wp-json\/wp\/v2\/tags?post=12745"}],"curies":[{"name":"wp","href":"https:\/\/api.w.org\/{rel}","templated":true}]}}