{"id":12623,"date":"2017-08-28T22:52:57","date_gmt":"2017-08-29T03:52:57","guid":{"rendered":"http:\/\/www.dev.nitu.mx\/?p=12623"},"modified":"2017-08-29T00:20:47","modified_gmt":"2017-08-29T05:20:47","slug":"dara-khosrowshahi-de-expedia-a-uber","status":"publish","type":"post","link":"https:\/\/nitu.mx\/index.php\/2017\/08\/28\/dara-khosrowshahi-de-expedia-a-uber\/","title":{"rendered":"Dara Khosrowshahi de Expedia a Uber"},"content":{"rendered":"<p>Dara Khosrowshahi, que dirig\u00eda la empresa de viajes Expedia, fue elegido como el nuevo presidente ejecutivo de Uber Technologies, seg\u00fan dos fuentes con conocimiento de asunto, asumiendo el reto de sacar a la empresa de una crisis que se ha prolongado por casi un a\u00f1o.<\/p>\n<p>Khosrowshahi, de 48 a\u00f1os, asumir\u00e1 la tarea de enmendar la imagen de Uber, reparar las relaciones con los inversores, reconstruir la moral de los empleados y crear un negocio rentable, tras siete a\u00f1os de p\u00e9rdidas.<\/p>\n<p>Con Khosrowshahi, el directorio de Uber ha elegido a un ejecutivo con antecedentes de lograr crecimiento mientras reparte dividendos, precisamente lo que la compa\u00f1\u00eda &#8211; que no es rentable &#8211; necesita para satisfacer a sus inversores. Tambi\u00e9n ha demostrado ser capaz de convertir a Expedia en el l\u00edder en otra industria llena de competencia: los viajes online.\u00a0(<a title=\"Concepto de paquetear ha cambiado con las OTA\u2019s: Expedia\" href=\"http:\/\/www.dev.nitu.mx\/index.php\/2017\/05\/26\/concepto-paquetear-ha-cambiado-las-ota-expedia\/\" rel=\"bookmark\">Concepto de paquetear ha cambiado con las OTA\u2019s: Expedia<\/a>).<\/p>\n<p>Sin embargo, Khosrowshahi tendr\u00e1 que lidiar con el legado de Travis Kalanick, el cofundador de Uber, que fue removido de la presidencia ejecutiva en junio, despu\u00e9s de que los accionistas que suponen cerca de 50 por ciento de los votos de la empresa, firmaran una carta pidi\u00e9ndole que dimitiera, en medio de crecientes dudas sobre su comportamiento y el de sus altos ejecutivos, revela Expansion.<\/p>\n","protected":false},"excerpt":{"rendered":"<p>Dara Khosrowshahi, que dirig\u00eda la empresa de viajes Expedia, fue elegido como el nuevo presidente ejecutivo de Uber Technologies, seg\u00fan dos fuentes con conocimiento de asunto, asumiendo el reto de sacar a la empresa de una crisis que se ha prolongado por casi un a\u00f1o. Khosrowshahi, de 48 a\u00f1os, asumir\u00e1 la tarea de enmendar la [&hellip;]<\/p>\n","protected":false},"author":17,"featured_media":12641,"comment_status":"open","ping_status":"open","sticky":false,"template":"","format":"standard","meta":{"footnotes":""},"categories":[374,12],"tags":[2158,280,1642,288],"yoast_head":"<!-- This site is optimized with the Yoast SEO plugin v22.2 - https:\/\/yoast.com\/wordpress\/plugins\/seo\/ -->\n<title>Dara Khosrowshahi de Expedia a Uber - Nitu - Noticias de la Industria Turistica<\/title>\n<meta name=\"description\" content=\"Dara Khosrowshahi, que dirig\u00eda la empresa de viajes Expedia, fue elegido como el nuevo presidente ejecutivo de Uber Technologies.\" \/>\n<meta name=\"robots\" content=\"index, follow, max-snippet:-1, max-image-preview:large, max-video-preview:-1\" \/>\n<link rel=\"canonical\" href=\"https:\/\/nitu.mx\/index.php\/2017\/08\/28\/dara-khosrowshahi-de-expedia-a-uber\/\" \/>\n<meta name=\"twitter:card\" content=\"summary_large_image\" \/>\n<meta name=\"twitter:title\" content=\"Dara Khosrowshahi de Expedia a Uber - Nitu - Noticias de la Industria Turistica\" \/>\n<meta name=\"twitter:description\" content=\"Dara Khosrowshahi, que dirig\u00eda la empresa de viajes Expedia, fue elegido como el nuevo presidente ejecutivo de Uber Technologies.\" \/>\n<meta name=\"twitter:image\" content=\"https:\/\/nitu.mx\/wp-content\/uploads\/2017\/08\/Dara-Khosrowshahi.jpg\" \/>\n<meta name=\"twitter:creator\" content=\"@NITUmx\" \/>\n<meta name=\"twitter:site\" content=\"@Arturo_Medina_G\" \/>\n<meta name=\"twitter:label1\" content=\"Escrito por\" \/>\n\t<meta name=\"twitter:data1\" content=\"Redacci\u00f3n\" \/>\n\t<meta name=\"twitter:label2\" content=\"Tiempo de lectura\" \/>\n\t<meta name=\"twitter:data2\" content=\"1 minuto\" \/>\n<script type=\"application\/ld+json\" class=\"yoast-schema-graph\">{\"@context\":\"https:\/\/schema.org\",\"@graph\":[{\"@type\":\"Article\",\"@id\":\"https:\/\/nitu.mx\/index.php\/2017\/08\/28\/dara-khosrowshahi-de-expedia-a-uber\/#article\",\"isPartOf\":{\"@id\":\"https:\/\/nitu.mx\/index.php\/2017\/08\/28\/dara-khosrowshahi-de-expedia-a-uber\/\"},\"author\":{\"name\":\"Redacci\u00f3n\",\"@id\":\"https:\/\/nitu.mx\/#\/schema\/person\/4a28fe9bd65924f7c90623773daf1b0b\"},\"headline\":\"Dara Khosrowshahi de Expedia a Uber\",\"datePublished\":\"2017-08-29T03:52:57+00:00\",\"dateModified\":\"2017-08-29T05:20:47+00:00\",\"mainEntityOfPage\":{\"@id\":\"https:\/\/nitu.mx\/index.php\/2017\/08\/28\/dara-khosrowshahi-de-expedia-a-uber\/\"},\"wordCount\":227,\"commentCount\":0,\"publisher\":{\"@id\":\"https:\/\/nitu.mx\/#\/schema\/person\/ae7a53426417292d3dd07b45a33e01bc\"},\"image\":{\"@id\":\"https:\/\/nitu.mx\/index.php\/2017\/08\/28\/dara-khosrowshahi-de-expedia-a-uber\/#primaryimage\"},\"thumbnailUrl\":\"https:\/\/nitu.mx\/wp-content\/uploads\/2017\/08\/Dara-Khosrowshahi.jpg\",\"keywords\":[\"Dara Khosrowshahi\",\"Expedia\",\"Presidente Ejecutivo\",\"Uber\"],\"articleSection\":[\"Internacional\",\"Marketing\"],\"inLanguage\":\"es-MX\",\"potentialAction\":[{\"@type\":\"CommentAction\",\"name\":\"Comment\",\"target\":[\"https:\/\/nitu.mx\/index.php\/2017\/08\/28\/dara-khosrowshahi-de-expedia-a-uber\/#respond\"]}]},{\"@type\":\"WebPage\",\"@id\":\"https:\/\/nitu.mx\/index.php\/2017\/08\/28\/dara-khosrowshahi-de-expedia-a-uber\/\",\"url\":\"https:\/\/nitu.mx\/index.php\/2017\/08\/28\/dara-khosrowshahi-de-expedia-a-uber\/\",\"name\":\"Dara Khosrowshahi de Expedia a Uber - Nitu - Noticias de la Industria Turistica\",\"isPartOf\":{\"@id\":\"https:\/\/nitu.mx\/#website\"},\"primaryImageOfPage\":{\"@id\":\"https:\/\/nitu.mx\/index.php\/2017\/08\/28\/dara-khosrowshahi-de-expedia-a-uber\/#primaryimage\"},\"image\":{\"@id\":\"https:\/\/nitu.mx\/index.php\/2017\/08\/28\/dara-khosrowshahi-de-expedia-a-uber\/#primaryimage\"},\"thumbnailUrl\":\"https:\/\/nitu.mx\/wp-content\/uploads\/2017\/08\/Dara-Khosrowshahi.jpg\",\"datePublished\":\"2017-08-29T03:52:57+00:00\",\"dateModified\":\"2017-08-29T05:20:47+00:00\",\"description\":\"Dara Khosrowshahi, que dirig\u00eda la empresa de viajes Expedia, fue elegido como el nuevo presidente ejecutivo de Uber Technologies.\",\"breadcrumb\":{\"@id\":\"https:\/\/nitu.mx\/index.php\/2017\/08\/28\/dara-khosrowshahi-de-expedia-a-uber\/#breadcrumb\"},\"inLanguage\":\"es-MX\",\"potentialAction\":[{\"@type\":\"ReadAction\",\"target\":[\"https:\/\/nitu.mx\/index.php\/2017\/08\/28\/dara-khosrowshahi-de-expedia-a-uber\/\"]}]},{\"@type\":\"ImageObject\",\"inLanguage\":\"es-MX\",\"@id\":\"https:\/\/nitu.mx\/index.php\/2017\/08\/28\/dara-khosrowshahi-de-expedia-a-uber\/#primaryimage\",\"url\":\"https:\/\/nitu.mx\/wp-content\/uploads\/2017\/08\/Dara-Khosrowshahi.jpg\",\"contentUrl\":\"https:\/\/nitu.mx\/wp-content\/uploads\/2017\/08\/Dara-Khosrowshahi.jpg\",\"width\":850,\"height\":480,\"caption\":\"Dara Khosrowshahi\"},{\"@type\":\"BreadcrumbList\",\"@id\":\"https:\/\/nitu.mx\/index.php\/2017\/08\/28\/dara-khosrowshahi-de-expedia-a-uber\/#breadcrumb\",\"itemListElement\":[{\"@type\":\"ListItem\",\"position\":1,\"name\":\"Inicio\",\"item\":\"https:\/\/nitu.mx\/\"},{\"@type\":\"ListItem\",\"position\":2,\"name\":\"Dara Khosrowshahi de Expedia a Uber\"}]},{\"@type\":\"WebSite\",\"@id\":\"https:\/\/nitu.mx\/#website\",\"url\":\"https:\/\/nitu.mx\/\",\"name\":\"Nitu - Noticias de la Industria Turistica\",\"description\":\"Noticias de la Industria Turistica\",\"publisher\":{\"@id\":\"https:\/\/nitu.mx\/#\/schema\/person\/ae7a53426417292d3dd07b45a33e01bc\"},\"alternateName\":\"Noticias de la Industria Turistica\",\"potentialAction\":[{\"@type\":\"SearchAction\",\"target\":{\"@type\":\"EntryPoint\",\"urlTemplate\":\"https:\/\/nitu.mx\/?s={search_term_string}\"},\"query-input\":\"required name=search_term_string\"}],\"inLanguage\":\"es-MX\"},{\"@type\":[\"Person\",\"Organization\"],\"@id\":\"https:\/\/nitu.mx\/#\/schema\/person\/ae7a53426417292d3dd07b45a33e01bc\",\"name\":\"Arturo Medina\",\"image\":{\"@type\":\"ImageObject\",\"inLanguage\":\"es-MX\",\"@id\":\"https:\/\/nitu.mx\/#\/schema\/person\/image\/\",\"url\":\"https:\/\/nitu.mx\/wp-content\/uploads\/2024\/04\/4A315622-1904-4D5C-B022-878CDC840E04-90x90-1.jpeg\",\"contentUrl\":\"https:\/\/nitu.mx\/wp-content\/uploads\/2024\/04\/4A315622-1904-4D5C-B022-878CDC840E04-90x90-1.jpeg\",\"width\":90,\"height\":90,\"caption\":\"Arturo Medina\"},\"logo\":{\"@id\":\"https:\/\/nitu.mx\/#\/schema\/person\/image\/\"},\"description\":\"Director NITU.mx, Egresado de la Escuela de Periodismo Carlos Septi\u00e9n Garc\u00eda. Periodista y analista especializado en turismo desde hace 35 a\u00f1os, radicado en Canc\u00fan Q.Roo. arturo@nitu.mx\",\"sameAs\":[\"https:\/\/nitu.mx\",\"https:\/\/www.facebook.com\/NITUmx\/\",\"medinacancun\",\"https:\/\/twitter.com\/@Arturo_Medina_G\"]},{\"@type\":\"Person\",\"@id\":\"https:\/\/nitu.mx\/#\/schema\/person\/4a28fe9bd65924f7c90623773daf1b0b\",\"name\":\"Redacci\u00f3n\",\"image\":{\"@type\":\"ImageObject\",\"inLanguage\":\"es-MX\",\"@id\":\"https:\/\/nitu.mx\/#\/schema\/person\/image\/\",\"url\":\"https:\/\/secure.gravatar.com\/avatar\/5dd011c8ccfc5cd7e4c81e42252aab38?s=96&d=mm&r=g\",\"contentUrl\":\"https:\/\/secure.gravatar.com\/avatar\/5dd011c8ccfc5cd7e4c81e42252aab38?s=96&d=mm&r=g\",\"caption\":\"Redacci\u00f3n\"},\"url\":\"https:\/\/nitu.mx\/index.php\/author\/redaccion\/\"}]}<\/script>\n<!-- \/ Yoast SEO plugin. -->","yoast_head_json":{"title":"Dara Khosrowshahi de Expedia a Uber - Nitu - Noticias de la Industria Turistica","description":"Dara Khosrowshahi, que dirig\u00eda la empresa de viajes Expedia, fue elegido como el nuevo presidente ejecutivo de Uber Technologies.","robots":{"index":"index","follow":"follow","max-snippet":"max-snippet:-1","max-image-preview":"max-image-preview:large","max-video-preview":"max-video-preview:-1"},"canonical":"https:\/\/nitu.mx\/index.php\/2017\/08\/28\/dara-khosrowshahi-de-expedia-a-uber\/","twitter_card":"summary_large_image","twitter_title":"Dara Khosrowshahi de Expedia a Uber - Nitu - Noticias de la Industria Turistica","twitter_description":"Dara Khosrowshahi, que dirig\u00eda la empresa de viajes Expedia, fue elegido como el nuevo presidente ejecutivo de Uber Technologies.","twitter_image":"https:\/\/nitu.mx\/wp-content\/uploads\/2017\/08\/Dara-Khosrowshahi.jpg","twitter_creator":"@NITUmx","twitter_site":"@Arturo_Medina_G","twitter_misc":{"Escrito por":"Redacci\u00f3n","Tiempo de lectura":"1 minuto"},"schema":{"@context":"https:\/\/schema.org","@graph":[{"@type":"Article","@id":"https:\/\/nitu.mx\/index.php\/2017\/08\/28\/dara-khosrowshahi-de-expedia-a-uber\/#article","isPartOf":{"@id":"https:\/\/nitu.mx\/index.php\/2017\/08\/28\/dara-khosrowshahi-de-expedia-a-uber\/"},"author":{"name":"Redacci\u00f3n","@id":"https:\/\/nitu.mx\/#\/schema\/person\/4a28fe9bd65924f7c90623773daf1b0b"},"headline":"Dara Khosrowshahi de Expedia a Uber","datePublished":"2017-08-29T03:52:57+00:00","dateModified":"2017-08-29T05:20:47+00:00","mainEntityOfPage":{"@id":"https:\/\/nitu.mx\/index.php\/2017\/08\/28\/dara-khosrowshahi-de-expedia-a-uber\/"},"wordCount":227,"commentCount":0,"publisher":{"@id":"https:\/\/nitu.mx\/#\/schema\/person\/ae7a53426417292d3dd07b45a33e01bc"},"image":{"@id":"https:\/\/nitu.mx\/index.php\/2017\/08\/28\/dara-khosrowshahi-de-expedia-a-uber\/#primaryimage"},"thumbnailUrl":"https:\/\/nitu.mx\/wp-content\/uploads\/2017\/08\/Dara-Khosrowshahi.jpg","keywords":["Dara Khosrowshahi","Expedia","Presidente Ejecutivo","Uber"],"articleSection":["Internacional","Marketing"],"inLanguage":"es-MX","potentialAction":[{"@type":"CommentAction","name":"Comment","target":["https:\/\/nitu.mx\/index.php\/2017\/08\/28\/dara-khosrowshahi-de-expedia-a-uber\/#respond"]}]},{"@type":"WebPage","@id":"https:\/\/nitu.mx\/index.php\/2017\/08\/28\/dara-khosrowshahi-de-expedia-a-uber\/","url":"https:\/\/nitu.mx\/index.php\/2017\/08\/28\/dara-khosrowshahi-de-expedia-a-uber\/","name":"Dara Khosrowshahi de Expedia a Uber - Nitu - Noticias de la Industria Turistica","isPartOf":{"@id":"https:\/\/nitu.mx\/#website"},"primaryImageOfPage":{"@id":"https:\/\/nitu.mx\/index.php\/2017\/08\/28\/dara-khosrowshahi-de-expedia-a-uber\/#primaryimage"},"image":{"@id":"https:\/\/nitu.mx\/index.php\/2017\/08\/28\/dara-khosrowshahi-de-expedia-a-uber\/#primaryimage"},"thumbnailUrl":"https:\/\/nitu.mx\/wp-content\/uploads\/2017\/08\/Dara-Khosrowshahi.jpg","datePublished":"2017-08-29T03:52:57+00:00","dateModified":"2017-08-29T05:20:47+00:00","description":"Dara Khosrowshahi, que dirig\u00eda la empresa de viajes Expedia, fue elegido como el nuevo presidente ejecutivo de Uber Technologies.","breadcrumb":{"@id":"https:\/\/nitu.mx\/index.php\/2017\/08\/28\/dara-khosrowshahi-de-expedia-a-uber\/#breadcrumb"},"inLanguage":"es-MX","potentialAction":[{"@type":"ReadAction","target":["https:\/\/nitu.mx\/index.php\/2017\/08\/28\/dara-khosrowshahi-de-expedia-a-uber\/"]}]},{"@type":"ImageObject","inLanguage":"es-MX","@id":"https:\/\/nitu.mx\/index.php\/2017\/08\/28\/dara-khosrowshahi-de-expedia-a-uber\/#primaryimage","url":"https:\/\/nitu.mx\/wp-content\/uploads\/2017\/08\/Dara-Khosrowshahi.jpg","contentUrl":"https:\/\/nitu.mx\/wp-content\/uploads\/2017\/08\/Dara-Khosrowshahi.jpg","width":850,"height":480,"caption":"Dara Khosrowshahi"},{"@type":"BreadcrumbList","@id":"https:\/\/nitu.mx\/index.php\/2017\/08\/28\/dara-khosrowshahi-de-expedia-a-uber\/#breadcrumb","itemListElement":[{"@type":"ListItem","position":1,"name":"Inicio","item":"https:\/\/nitu.mx\/"},{"@type":"ListItem","position":2,"name":"Dara Khosrowshahi de Expedia a Uber"}]},{"@type":"WebSite","@id":"https:\/\/nitu.mx\/#website","url":"https:\/\/nitu.mx\/","name":"Nitu - Noticias de la Industria Turistica","description":"Noticias de la Industria Turistica","publisher":{"@id":"https:\/\/nitu.mx\/#\/schema\/person\/ae7a53426417292d3dd07b45a33e01bc"},"alternateName":"Noticias de la Industria Turistica","potentialAction":[{"@type":"SearchAction","target":{"@type":"EntryPoint","urlTemplate":"https:\/\/nitu.mx\/?s={search_term_string}"},"query-input":"required name=search_term_string"}],"inLanguage":"es-MX"},{"@type":["Person","Organization"],"@id":"https:\/\/nitu.mx\/#\/schema\/person\/ae7a53426417292d3dd07b45a33e01bc","name":"Arturo Medina","image":{"@type":"ImageObject","inLanguage":"es-MX","@id":"https:\/\/nitu.mx\/#\/schema\/person\/image\/","url":"https:\/\/nitu.mx\/wp-content\/uploads\/2024\/04\/4A315622-1904-4D5C-B022-878CDC840E04-90x90-1.jpeg","contentUrl":"https:\/\/nitu.mx\/wp-content\/uploads\/2024\/04\/4A315622-1904-4D5C-B022-878CDC840E04-90x90-1.jpeg","width":90,"height":90,"caption":"Arturo Medina"},"logo":{"@id":"https:\/\/nitu.mx\/#\/schema\/person\/image\/"},"description":"Director NITU.mx, Egresado de la Escuela de Periodismo Carlos Septi\u00e9n Garc\u00eda. Periodista y analista especializado en turismo desde hace 35 a\u00f1os, radicado en Canc\u00fan Q.Roo. arturo@nitu.mx","sameAs":["https:\/\/nitu.mx","https:\/\/www.facebook.com\/NITUmx\/","medinacancun","https:\/\/twitter.com\/@Arturo_Medina_G"]},{"@type":"Person","@id":"https:\/\/nitu.mx\/#\/schema\/person\/4a28fe9bd65924f7c90623773daf1b0b","name":"Redacci\u00f3n","image":{"@type":"ImageObject","inLanguage":"es-MX","@id":"https:\/\/nitu.mx\/#\/schema\/person\/image\/","url":"https:\/\/secure.gravatar.com\/avatar\/5dd011c8ccfc5cd7e4c81e42252aab38?s=96&d=mm&r=g","contentUrl":"https:\/\/secure.gravatar.com\/avatar\/5dd011c8ccfc5cd7e4c81e42252aab38?s=96&d=mm&r=g","caption":"Redacci\u00f3n"},"url":"https:\/\/nitu.mx\/index.php\/author\/redaccion\/"}]}},"views":240,"_links":{"self":[{"href":"https:\/\/nitu.mx\/index.php\/wp-json\/wp\/v2\/posts\/12623"}],"collection":[{"href":"https:\/\/nitu.mx\/index.php\/wp-json\/wp\/v2\/posts"}],"about":[{"href":"https:\/\/nitu.mx\/index.php\/wp-json\/wp\/v2\/types\/post"}],"author":[{"embeddable":true,"href":"https:\/\/nitu.mx\/index.php\/wp-json\/wp\/v2\/users\/17"}],"replies":[{"embeddable":true,"href":"https:\/\/nitu.mx\/index.php\/wp-json\/wp\/v2\/comments?post=12623"}],"version-history":[{"count":3,"href":"https:\/\/nitu.mx\/index.php\/wp-json\/wp\/v2\/posts\/12623\/revisions"}],"predecessor-version":[{"id":12642,"href":"https:\/\/nitu.mx\/index.php\/wp-json\/wp\/v2\/posts\/12623\/revisions\/12642"}],"wp:featuredmedia":[{"embeddable":true,"href":"https:\/\/nitu.mx\/index.php\/wp-json\/wp\/v2\/media\/12641"}],"wp:attachment":[{"href":"https:\/\/nitu.mx\/index.php\/wp-json\/wp\/v2\/media?parent=12623"}],"wp:term":[{"taxonomy":"category","embeddable":true,"href":"https:\/\/nitu.mx\/index.php\/wp-json\/wp\/v2\/categories?post=12623"},{"taxonomy":"post_tag","embeddable":true,"href":"https:\/\/nitu.mx\/index.php\/wp-json\/wp\/v2\/tags?post=12623"}],"curies":[{"name":"wp","href":"https:\/\/api.w.org\/{rel}","templated":true}]}}