{"id":12511,"date":"2017-08-24T00:01:21","date_gmt":"2017-08-24T05:01:21","guid":{"rendered":"http:\/\/www.dev.nitu.mx\/?p=12511"},"modified":"2017-08-24T17:54:47","modified_gmt":"2017-08-24T22:54:47","slug":"riviera-maya-ocupacion-del-85-pese-a-todo-direccion-de-turismo","status":"publish","type":"post","link":"https:\/\/nitu.mx\/index.php\/2017\/08\/24\/riviera-maya-ocupacion-del-85-pese-a-todo-direccion-de-turismo\/","title":{"rendered":"Riviera Maya ocupaci\u00f3n de 85% pese a todo: Direcci\u00f3n de Turismo"},"content":{"rendered":"<p>No obstante que se han dado diversas situaciones violentas en plena Quinta Avenida, la zona de mayor fama de Playa del Carmen, de acuerdo con la directora de turismo de la entidad Roc\u00edo Ocampo, esto no ha afectado a la Riviera Maya que acaba de tener una ocupaci\u00f3n de 85 por ciento en esta temporada de verano.<\/p>\n<p>Como refiriera\u00a0<strong><em>NITU.mx<\/em><\/strong>\u00a0el Departamento de Estado de los Estados Unidos actualiz\u00f3 su alerta de viaje, y en esta ocasi\u00f3n advierte a los ciudadanos estadounidenses sobre el riesgo de viajar a ciertas partes de M\u00e9xico e incluy\u00f3 los principales destinos del Caribe Mexicano: Canc\u00fan, Cozumel, Playa del Carmen, Riviera Maya y Tulum. (<a href=\"http:\/\/www.dev.nitu.mx\/index.php\/2017\/08\/22\/sedetur-advertencia-eu-causada-subdeclaracion-homicidios-2016\/\">Sedetur: Advertencia de EU causada por subdeclaraci\u00f3n de homicidios en 2015<\/a>).<\/p>\n<p>Esto porque \u201cel estado de Quintana Roo experiment\u00f3 un aumento en las tasas de homicidio en comparaci\u00f3n con 2016\u201d. Aunque Ocampo dijo que se trata de una situaci\u00f3n de mucha desventaja, asegur\u00f3 que no tiene ning\u00fan reporte adicional de afectaci\u00f3n.<\/p>\n<p>La funcionaria asegur\u00f3 que el problema est\u00e1 contenido y que ya se trabaja con la polic\u00eda para atender la zona que se reforz\u00f3 con seguridad extra.<\/p>\n<p>Dijo que a la fecha no se ten\u00edan reportes de cancelaciones de vacaciones a Playa del Carmen por este tema y que el destino segu\u00eda con gran afluencia tur\u00edstica.<\/p>\n","protected":false},"excerpt":{"rendered":"<p>No obstante que se han dado diversas situaciones violentas en plena Quinta Avenida, la zona de mayor fama de Playa del Carmen, de acuerdo con la directora de turismo de la entidad Roc\u00edo Ocampo, esto no ha afectado a la Riviera Maya que acaba de tener una ocupaci\u00f3n de 85 por ciento en esta temporada [&hellip;]<\/p>\n","protected":false},"author":3,"featured_media":10104,"comment_status":"open","ping_status":"open","sticky":false,"template":"","format":"standard","meta":{"footnotes":""},"categories":[5,6],"tags":[5644,110,5614,68,405,5587,80,5643,390],"yoast_head":"<!-- This site is optimized with the Yoast SEO plugin v22.2 - https:\/\/yoast.com\/wordpress\/plugins\/seo\/ -->\n<title>Riviera Maya ocupaci\u00f3n de 85% pese a todo: Direcci\u00f3n de Turismo - Nitu - Noticias de la Industria Turistica<\/title>\n<meta name=\"description\" content=\"El Departamento de Estado de EU actualiz\u00f3 su alerta de viaje e incluy\u00f3 a los destinos mexicanos: Canc\u00fan, Cozumel, Playa del Carmen, Riviera Maya y Tulum.\" \/>\n<meta name=\"robots\" content=\"index, follow, max-snippet:-1, max-image-preview:large, max-video-preview:-1\" \/>\n<link rel=\"canonical\" href=\"https:\/\/nitu.mx\/index.php\/2017\/08\/24\/riviera-maya-ocupacion-del-85-pese-a-todo-direccion-de-turismo\/\" \/>\n<meta name=\"twitter:card\" content=\"summary_large_image\" \/>\n<meta name=\"twitter:title\" content=\"Riviera Maya ocupaci\u00f3n de 85% pese a todo: Direcci\u00f3n de Turismo - Nitu - Noticias de la Industria Turistica\" \/>\n<meta name=\"twitter:description\" content=\"El Departamento de Estado de EU actualiz\u00f3 su alerta de viaje e incluy\u00f3 a los destinos mexicanos: Canc\u00fan, Cozumel, Playa del Carmen, Riviera Maya y Tulum.\" \/>\n<meta name=\"twitter:image\" content=\"https:\/\/nitu.mx\/wp-content\/uploads\/2017\/05\/Tulum-Riviera-Maya.jpg\" \/>\n<meta name=\"twitter:creator\" content=\"@NITUmx\" \/>\n<meta name=\"twitter:site\" content=\"@Arturo_Medina_G\" \/>\n<meta name=\"twitter:label1\" content=\"Escrito por\" \/>\n\t<meta name=\"twitter:data1\" content=\"Alejandra Moncisbays\" \/>\n\t<meta name=\"twitter:label2\" content=\"Tiempo de lectura\" \/>\n\t<meta name=\"twitter:data2\" content=\"1 minuto\" \/>\n<script type=\"application\/ld+json\" class=\"yoast-schema-graph\">{\"@context\":\"https:\/\/schema.org\",\"@graph\":[{\"@type\":\"Article\",\"@id\":\"https:\/\/nitu.mx\/index.php\/2017\/08\/24\/riviera-maya-ocupacion-del-85-pese-a-todo-direccion-de-turismo\/#article\",\"isPartOf\":{\"@id\":\"https:\/\/nitu.mx\/index.php\/2017\/08\/24\/riviera-maya-ocupacion-del-85-pese-a-todo-direccion-de-turismo\/\"},\"author\":{\"name\":\"Alejandra Moncisbays\",\"@id\":\"https:\/\/nitu.mx\/#\/schema\/person\/2ecd887b19dfd3382d1f14fc5acf24a8\"},\"headline\":\"Riviera Maya ocupaci\u00f3n de 85% pese a todo: Direcci\u00f3n de Turismo\",\"datePublished\":\"2017-08-24T05:01:21+00:00\",\"dateModified\":\"2017-08-24T22:54:47+00:00\",\"mainEntityOfPage\":{\"@id\":\"https:\/\/nitu.mx\/index.php\/2017\/08\/24\/riviera-maya-ocupacion-del-85-pese-a-todo-direccion-de-turismo\/\"},\"wordCount\":239,\"commentCount\":0,\"publisher\":{\"@id\":\"https:\/\/nitu.mx\/#\/schema\/person\/ae7a53426417292d3dd07b45a33e01bc\"},\"image\":{\"@id\":\"https:\/\/nitu.mx\/index.php\/2017\/08\/24\/riviera-maya-ocupacion-del-85-pese-a-todo-direccion-de-turismo\/#primaryimage\"},\"thumbnailUrl\":\"https:\/\/nitu.mx\/wp-content\/uploads\/2017\/05\/Tulum-Riviera-Maya.jpg\",\"keywords\":[\"Caribe Mexicano: Canc\u00fan\",\"Cozumel\",\"Departamento de Estado de los Estados Unidos\",\"M\u00e9xico\",\"Playa del Carmen\",\"Quinta Avenida\",\"Riviera Maya\",\"Roc\u00edo Ocampo\",\"Tulum\"],\"articleSection\":[\"Destinos\",\"M\u00e9xico\"],\"inLanguage\":\"es-MX\",\"potentialAction\":[{\"@type\":\"CommentAction\",\"name\":\"Comment\",\"target\":[\"https:\/\/nitu.mx\/index.php\/2017\/08\/24\/riviera-maya-ocupacion-del-85-pese-a-todo-direccion-de-turismo\/#respond\"]}]},{\"@type\":\"WebPage\",\"@id\":\"https:\/\/nitu.mx\/index.php\/2017\/08\/24\/riviera-maya-ocupacion-del-85-pese-a-todo-direccion-de-turismo\/\",\"url\":\"https:\/\/nitu.mx\/index.php\/2017\/08\/24\/riviera-maya-ocupacion-del-85-pese-a-todo-direccion-de-turismo\/\",\"name\":\"Riviera Maya ocupaci\u00f3n de 85% pese a todo: Direcci\u00f3n de Turismo - Nitu - Noticias de la Industria Turistica\",\"isPartOf\":{\"@id\":\"https:\/\/nitu.mx\/#website\"},\"primaryImageOfPage\":{\"@id\":\"https:\/\/nitu.mx\/index.php\/2017\/08\/24\/riviera-maya-ocupacion-del-85-pese-a-todo-direccion-de-turismo\/#primaryimage\"},\"image\":{\"@id\":\"https:\/\/nitu.mx\/index.php\/2017\/08\/24\/riviera-maya-ocupacion-del-85-pese-a-todo-direccion-de-turismo\/#primaryimage\"},\"thumbnailUrl\":\"https:\/\/nitu.mx\/wp-content\/uploads\/2017\/05\/Tulum-Riviera-Maya.jpg\",\"datePublished\":\"2017-08-24T05:01:21+00:00\",\"dateModified\":\"2017-08-24T22:54:47+00:00\",\"description\":\"El Departamento de Estado de EU actualiz\u00f3 su alerta de viaje e incluy\u00f3 a los destinos mexicanos: Canc\u00fan, Cozumel, Playa del Carmen, Riviera Maya y Tulum.\",\"breadcrumb\":{\"@id\":\"https:\/\/nitu.mx\/index.php\/2017\/08\/24\/riviera-maya-ocupacion-del-85-pese-a-todo-direccion-de-turismo\/#breadcrumb\"},\"inLanguage\":\"es-MX\",\"potentialAction\":[{\"@type\":\"ReadAction\",\"target\":[\"https:\/\/nitu.mx\/index.php\/2017\/08\/24\/riviera-maya-ocupacion-del-85-pese-a-todo-direccion-de-turismo\/\"]}]},{\"@type\":\"ImageObject\",\"inLanguage\":\"es-MX\",\"@id\":\"https:\/\/nitu.mx\/index.php\/2017\/08\/24\/riviera-maya-ocupacion-del-85-pese-a-todo-direccion-de-turismo\/#primaryimage\",\"url\":\"https:\/\/nitu.mx\/wp-content\/uploads\/2017\/05\/Tulum-Riviera-Maya.jpg\",\"contentUrl\":\"https:\/\/nitu.mx\/wp-content\/uploads\/2017\/05\/Tulum-Riviera-Maya.jpg\",\"width\":850,\"height\":480,\"caption\":\"coloso riviera maya tulum\"},{\"@type\":\"BreadcrumbList\",\"@id\":\"https:\/\/nitu.mx\/index.php\/2017\/08\/24\/riviera-maya-ocupacion-del-85-pese-a-todo-direccion-de-turismo\/#breadcrumb\",\"itemListElement\":[{\"@type\":\"ListItem\",\"position\":1,\"name\":\"Inicio\",\"item\":\"https:\/\/nitu.mx\/\"},{\"@type\":\"ListItem\",\"position\":2,\"name\":\"Riviera Maya ocupaci\u00f3n de 85% pese a todo: Direcci\u00f3n de Turismo\"}]},{\"@type\":\"WebSite\",\"@id\":\"https:\/\/nitu.mx\/#website\",\"url\":\"https:\/\/nitu.mx\/\",\"name\":\"Nitu - Noticias de la Industria Turistica\",\"description\":\"Noticias de la Industria Turistica\",\"publisher\":{\"@id\":\"https:\/\/nitu.mx\/#\/schema\/person\/ae7a53426417292d3dd07b45a33e01bc\"},\"alternateName\":\"Noticias de la Industria Turistica\",\"potentialAction\":[{\"@type\":\"SearchAction\",\"target\":{\"@type\":\"EntryPoint\",\"urlTemplate\":\"https:\/\/nitu.mx\/?s={search_term_string}\"},\"query-input\":\"required name=search_term_string\"}],\"inLanguage\":\"es-MX\"},{\"@type\":[\"Person\",\"Organization\"],\"@id\":\"https:\/\/nitu.mx\/#\/schema\/person\/ae7a53426417292d3dd07b45a33e01bc\",\"name\":\"Arturo Medina\",\"image\":{\"@type\":\"ImageObject\",\"inLanguage\":\"es-MX\",\"@id\":\"https:\/\/nitu.mx\/#\/schema\/person\/image\/\",\"url\":\"https:\/\/nitu.mx\/wp-content\/uploads\/2024\/04\/4A315622-1904-4D5C-B022-878CDC840E04-90x90-1.jpeg\",\"contentUrl\":\"https:\/\/nitu.mx\/wp-content\/uploads\/2024\/04\/4A315622-1904-4D5C-B022-878CDC840E04-90x90-1.jpeg\",\"width\":90,\"height\":90,\"caption\":\"Arturo Medina\"},\"logo\":{\"@id\":\"https:\/\/nitu.mx\/#\/schema\/person\/image\/\"},\"description\":\"Director NITU.mx, Egresado de la Escuela de Periodismo Carlos Septi\u00e9n Garc\u00eda. Periodista y analista especializado en turismo desde hace 35 a\u00f1os, radicado en Canc\u00fan Q.Roo. arturo@nitu.mx\",\"sameAs\":[\"https:\/\/nitu.mx\",\"https:\/\/www.facebook.com\/NITUmx\/\",\"medinacancun\",\"https:\/\/twitter.com\/@Arturo_Medina_G\"]},{\"@type\":\"Person\",\"@id\":\"https:\/\/nitu.mx\/#\/schema\/person\/2ecd887b19dfd3382d1f14fc5acf24a8\",\"name\":\"Alejandra Moncisbays\",\"image\":{\"@type\":\"ImageObject\",\"inLanguage\":\"es-MX\",\"@id\":\"https:\/\/nitu.mx\/#\/schema\/person\/image\/\",\"url\":\"https:\/\/secure.gravatar.com\/avatar\/e74f7af0be172b7804dacfd0bfbef787?s=96&d=mm&r=g\",\"contentUrl\":\"https:\/\/secure.gravatar.com\/avatar\/e74f7af0be172b7804dacfd0bfbef787?s=96&d=mm&r=g\",\"caption\":\"Alejandra Moncisbays\"},\"description\":\"Curs\u00e9 la carrera de Periodismo y Comunicaci\u00f3n en la Facultad de Estudios Profesionales Acatl\u00e1n. Vivo en Canc\u00fan desde hace 24 a\u00f1os. Fui reportera de La Tarde de Canc\u00fan, y Novedades de Quintana Roo, colabor\u00e9 en TVCUN, edit\u00e9 Cancun\u00edssimo y colabor\u00e9 en las revistas Latitud21, entre otras, con principal enfoque en los sectores empresarial y tur\u00edstico. Desde hace varios a\u00f1os soy Agente de Seguros con c\u00e9dula de la Comisi\u00f3n Nacional de Seguros y Fianzas. Actualmente, me desarrollo en los \u00e1mbitos del periodismo y el sector asegurador.\",\"sameAs\":[\"https:\/\/nitu.mx\"],\"url\":\"https:\/\/nitu.mx\/index.php\/author\/alejandra\/\"}]}<\/script>\n<!-- \/ Yoast SEO plugin. -->","yoast_head_json":{"title":"Riviera Maya ocupaci\u00f3n de 85% pese a todo: Direcci\u00f3n de Turismo - Nitu - Noticias de la Industria Turistica","description":"El Departamento de Estado de EU actualiz\u00f3 su alerta de viaje e incluy\u00f3 a los destinos mexicanos: Canc\u00fan, Cozumel, Playa del Carmen, Riviera Maya y Tulum.","robots":{"index":"index","follow":"follow","max-snippet":"max-snippet:-1","max-image-preview":"max-image-preview:large","max-video-preview":"max-video-preview:-1"},"canonical":"https:\/\/nitu.mx\/index.php\/2017\/08\/24\/riviera-maya-ocupacion-del-85-pese-a-todo-direccion-de-turismo\/","twitter_card":"summary_large_image","twitter_title":"Riviera Maya ocupaci\u00f3n de 85% pese a todo: Direcci\u00f3n de Turismo - Nitu - Noticias de la Industria Turistica","twitter_description":"El Departamento de Estado de EU actualiz\u00f3 su alerta de viaje e incluy\u00f3 a los destinos mexicanos: Canc\u00fan, Cozumel, Playa del Carmen, Riviera Maya y Tulum.","twitter_image":"https:\/\/nitu.mx\/wp-content\/uploads\/2017\/05\/Tulum-Riviera-Maya.jpg","twitter_creator":"@NITUmx","twitter_site":"@Arturo_Medina_G","twitter_misc":{"Escrito por":"Alejandra Moncisbays","Tiempo de lectura":"1 minuto"},"schema":{"@context":"https:\/\/schema.org","@graph":[{"@type":"Article","@id":"https:\/\/nitu.mx\/index.php\/2017\/08\/24\/riviera-maya-ocupacion-del-85-pese-a-todo-direccion-de-turismo\/#article","isPartOf":{"@id":"https:\/\/nitu.mx\/index.php\/2017\/08\/24\/riviera-maya-ocupacion-del-85-pese-a-todo-direccion-de-turismo\/"},"author":{"name":"Alejandra Moncisbays","@id":"https:\/\/nitu.mx\/#\/schema\/person\/2ecd887b19dfd3382d1f14fc5acf24a8"},"headline":"Riviera Maya ocupaci\u00f3n de 85% pese a todo: Direcci\u00f3n de Turismo","datePublished":"2017-08-24T05:01:21+00:00","dateModified":"2017-08-24T22:54:47+00:00","mainEntityOfPage":{"@id":"https:\/\/nitu.mx\/index.php\/2017\/08\/24\/riviera-maya-ocupacion-del-85-pese-a-todo-direccion-de-turismo\/"},"wordCount":239,"commentCount":0,"publisher":{"@id":"https:\/\/nitu.mx\/#\/schema\/person\/ae7a53426417292d3dd07b45a33e01bc"},"image":{"@id":"https:\/\/nitu.mx\/index.php\/2017\/08\/24\/riviera-maya-ocupacion-del-85-pese-a-todo-direccion-de-turismo\/#primaryimage"},"thumbnailUrl":"https:\/\/nitu.mx\/wp-content\/uploads\/2017\/05\/Tulum-Riviera-Maya.jpg","keywords":["Caribe Mexicano: Canc\u00fan","Cozumel","Departamento de Estado de los Estados Unidos","M\u00e9xico","Playa del Carmen","Quinta Avenida","Riviera Maya","Roc\u00edo Ocampo","Tulum"],"articleSection":["Destinos","M\u00e9xico"],"inLanguage":"es-MX","potentialAction":[{"@type":"CommentAction","name":"Comment","target":["https:\/\/nitu.mx\/index.php\/2017\/08\/24\/riviera-maya-ocupacion-del-85-pese-a-todo-direccion-de-turismo\/#respond"]}]},{"@type":"WebPage","@id":"https:\/\/nitu.mx\/index.php\/2017\/08\/24\/riviera-maya-ocupacion-del-85-pese-a-todo-direccion-de-turismo\/","url":"https:\/\/nitu.mx\/index.php\/2017\/08\/24\/riviera-maya-ocupacion-del-85-pese-a-todo-direccion-de-turismo\/","name":"Riviera Maya ocupaci\u00f3n de 85% pese a todo: Direcci\u00f3n de Turismo - Nitu - Noticias de la Industria Turistica","isPartOf":{"@id":"https:\/\/nitu.mx\/#website"},"primaryImageOfPage":{"@id":"https:\/\/nitu.mx\/index.php\/2017\/08\/24\/riviera-maya-ocupacion-del-85-pese-a-todo-direccion-de-turismo\/#primaryimage"},"image":{"@id":"https:\/\/nitu.mx\/index.php\/2017\/08\/24\/riviera-maya-ocupacion-del-85-pese-a-todo-direccion-de-turismo\/#primaryimage"},"thumbnailUrl":"https:\/\/nitu.mx\/wp-content\/uploads\/2017\/05\/Tulum-Riviera-Maya.jpg","datePublished":"2017-08-24T05:01:21+00:00","dateModified":"2017-08-24T22:54:47+00:00","description":"El Departamento de Estado de EU actualiz\u00f3 su alerta de viaje e incluy\u00f3 a los destinos mexicanos: Canc\u00fan, Cozumel, Playa del Carmen, Riviera Maya y Tulum.","breadcrumb":{"@id":"https:\/\/nitu.mx\/index.php\/2017\/08\/24\/riviera-maya-ocupacion-del-85-pese-a-todo-direccion-de-turismo\/#breadcrumb"},"inLanguage":"es-MX","potentialAction":[{"@type":"ReadAction","target":["https:\/\/nitu.mx\/index.php\/2017\/08\/24\/riviera-maya-ocupacion-del-85-pese-a-todo-direccion-de-turismo\/"]}]},{"@type":"ImageObject","inLanguage":"es-MX","@id":"https:\/\/nitu.mx\/index.php\/2017\/08\/24\/riviera-maya-ocupacion-del-85-pese-a-todo-direccion-de-turismo\/#primaryimage","url":"https:\/\/nitu.mx\/wp-content\/uploads\/2017\/05\/Tulum-Riviera-Maya.jpg","contentUrl":"https:\/\/nitu.mx\/wp-content\/uploads\/2017\/05\/Tulum-Riviera-Maya.jpg","width":850,"height":480,"caption":"coloso riviera maya tulum"},{"@type":"BreadcrumbList","@id":"https:\/\/nitu.mx\/index.php\/2017\/08\/24\/riviera-maya-ocupacion-del-85-pese-a-todo-direccion-de-turismo\/#breadcrumb","itemListElement":[{"@type":"ListItem","position":1,"name":"Inicio","item":"https:\/\/nitu.mx\/"},{"@type":"ListItem","position":2,"name":"Riviera Maya ocupaci\u00f3n de 85% pese a todo: Direcci\u00f3n de Turismo"}]},{"@type":"WebSite","@id":"https:\/\/nitu.mx\/#website","url":"https:\/\/nitu.mx\/","name":"Nitu - Noticias de la Industria Turistica","description":"Noticias de la Industria Turistica","publisher":{"@id":"https:\/\/nitu.mx\/#\/schema\/person\/ae7a53426417292d3dd07b45a33e01bc"},"alternateName":"Noticias de la Industria Turistica","potentialAction":[{"@type":"SearchAction","target":{"@type":"EntryPoint","urlTemplate":"https:\/\/nitu.mx\/?s={search_term_string}"},"query-input":"required name=search_term_string"}],"inLanguage":"es-MX"},{"@type":["Person","Organization"],"@id":"https:\/\/nitu.mx\/#\/schema\/person\/ae7a53426417292d3dd07b45a33e01bc","name":"Arturo Medina","image":{"@type":"ImageObject","inLanguage":"es-MX","@id":"https:\/\/nitu.mx\/#\/schema\/person\/image\/","url":"https:\/\/nitu.mx\/wp-content\/uploads\/2024\/04\/4A315622-1904-4D5C-B022-878CDC840E04-90x90-1.jpeg","contentUrl":"https:\/\/nitu.mx\/wp-content\/uploads\/2024\/04\/4A315622-1904-4D5C-B022-878CDC840E04-90x90-1.jpeg","width":90,"height":90,"caption":"Arturo Medina"},"logo":{"@id":"https:\/\/nitu.mx\/#\/schema\/person\/image\/"},"description":"Director NITU.mx, Egresado de la Escuela de Periodismo Carlos Septi\u00e9n Garc\u00eda. Periodista y analista especializado en turismo desde hace 35 a\u00f1os, radicado en Canc\u00fan Q.Roo. arturo@nitu.mx","sameAs":["https:\/\/nitu.mx","https:\/\/www.facebook.com\/NITUmx\/","medinacancun","https:\/\/twitter.com\/@Arturo_Medina_G"]},{"@type":"Person","@id":"https:\/\/nitu.mx\/#\/schema\/person\/2ecd887b19dfd3382d1f14fc5acf24a8","name":"Alejandra Moncisbays","image":{"@type":"ImageObject","inLanguage":"es-MX","@id":"https:\/\/nitu.mx\/#\/schema\/person\/image\/","url":"https:\/\/secure.gravatar.com\/avatar\/e74f7af0be172b7804dacfd0bfbef787?s=96&d=mm&r=g","contentUrl":"https:\/\/secure.gravatar.com\/avatar\/e74f7af0be172b7804dacfd0bfbef787?s=96&d=mm&r=g","caption":"Alejandra Moncisbays"},"description":"Curs\u00e9 la carrera de Periodismo y Comunicaci\u00f3n en la Facultad de Estudios Profesionales Acatl\u00e1n. Vivo en Canc\u00fan desde hace 24 a\u00f1os. Fui reportera de La Tarde de Canc\u00fan, y Novedades de Quintana Roo, colabor\u00e9 en TVCUN, edit\u00e9 Cancun\u00edssimo y colabor\u00e9 en las revistas Latitud21, entre otras, con principal enfoque en los sectores empresarial y tur\u00edstico. Desde hace varios a\u00f1os soy Agente de Seguros con c\u00e9dula de la Comisi\u00f3n Nacional de Seguros y Fianzas. Actualmente, me desarrollo en los \u00e1mbitos del periodismo y el sector asegurador.","sameAs":["https:\/\/nitu.mx"],"url":"https:\/\/nitu.mx\/index.php\/author\/alejandra\/"}]}},"views":303,"_links":{"self":[{"href":"https:\/\/nitu.mx\/index.php\/wp-json\/wp\/v2\/posts\/12511"}],"collection":[{"href":"https:\/\/nitu.mx\/index.php\/wp-json\/wp\/v2\/posts"}],"about":[{"href":"https:\/\/nitu.mx\/index.php\/wp-json\/wp\/v2\/types\/post"}],"author":[{"embeddable":true,"href":"https:\/\/nitu.mx\/index.php\/wp-json\/wp\/v2\/users\/3"}],"replies":[{"embeddable":true,"href":"https:\/\/nitu.mx\/index.php\/wp-json\/wp\/v2\/comments?post=12511"}],"version-history":[{"count":9,"href":"https:\/\/nitu.mx\/index.php\/wp-json\/wp\/v2\/posts\/12511\/revisions"}],"predecessor-version":[{"id":12554,"href":"https:\/\/nitu.mx\/index.php\/wp-json\/wp\/v2\/posts\/12511\/revisions\/12554"}],"wp:featuredmedia":[{"embeddable":true,"href":"https:\/\/nitu.mx\/index.php\/wp-json\/wp\/v2\/media\/10104"}],"wp:attachment":[{"href":"https:\/\/nitu.mx\/index.php\/wp-json\/wp\/v2\/media?parent=12511"}],"wp:term":[{"taxonomy":"category","embeddable":true,"href":"https:\/\/nitu.mx\/index.php\/wp-json\/wp\/v2\/categories?post=12511"},{"taxonomy":"post_tag","embeddable":true,"href":"https:\/\/nitu.mx\/index.php\/wp-json\/wp\/v2\/tags?post=12511"}],"curies":[{"name":"wp","href":"https:\/\/api.w.org\/{rel}","templated":true}]}}