{"id":12499,"date":"2017-08-24T01:02:54","date_gmt":"2017-08-24T06:02:54","guid":{"rendered":"http:\/\/www.dev.nitu.mx\/?p=12499"},"modified":"2017-08-24T01:16:45","modified_gmt":"2017-08-24T06:16:45","slug":"selina-la-panamena-que-quiere-hospedar-a-los-millennials","status":"publish","type":"post","link":"https:\/\/nitu.mx\/index.php\/2017\/08\/24\/selina-la-panamena-que-quiere-hospedar-a-los-millennials\/","title":{"rendered":"Selina, la paname\u00f1a que quiere hospedar a los millennials en M\u00e9xico"},"content":{"rendered":"<p>Debido al crecimiento del turismo en M\u00e9xico, la firma de origen paname\u00f1o Selina, planea invertir alrededor de 45 millones de d\u00f3lares para abrir cerca de 35 hoteles y hostales en el pa\u00eds para el cierre de 2019, inform\u00f3 en entrevista con El Financiero, Rafael Museri, director general de la empresa.<\/p>\n<p>Para este a\u00f1o, la firma espera abrir 10 locaciones y durante 2018 otras 25 unidades.<\/p>\n<p>\u201cNo s\u00f3lo es para el mercado de millennials, sino para nuevas generaciones. Planeamos invertir con Selina unos 45 millones de d\u00f3lares en el futuro, porque M\u00e9xico tiene una combinaci\u00f3n de destinos atractivos, desarrollo digital, valor de moneda y buenas experiencias\u201d, coment\u00f3 Museri en entrevista.<\/p>\n<p>Selina, que cuenta con su propia plataforma online para reservas, espera ofrecer sus primeras habitaciones en la Ciudad de M\u00e9xico, Canc\u00fan, Playa del Carmen, Tulum, M\u00e9rida, San Crist\u00f3bal de las Casas, Oaxaca, Puerto Escondido, Puebla e Isla Mujeres.<\/p>\n<p>Para el siguiente a\u00f1o espera llegar a Palenque, San Miguel de Allende, Zihuatanejo, Guadalajara, Puerto Vallarta, Cabo San Lucas, Holbox, Sayulita, Monterrey y Los Santos.<\/p>\n<p>Adem\u00e1s de llegar a Guanajuato, Mazatl\u00e1n, Quer\u00e9taro, Barra Navidad, Tepoztl\u00e1n, Puerto Pe\u00f1asco, Zipolite, Bacalar, Mazunte y Huatulco.<\/p>\n<p>Estos hoteles y hostales tienen la caracter\u00edstica de que ninguna de sus habitaciones cuenta con televisi\u00f3n.<\/p>\n","protected":false},"excerpt":{"rendered":"<p>Debido al crecimiento del turismo en M\u00e9xico, la firma de origen paname\u00f1o Selina, planea invertir alrededor de 45 millones de d\u00f3lares para abrir cerca de 35 hoteles y hostales en el pa\u00eds para el cierre de 2019, inform\u00f3 en entrevista con El Financiero, Rafael Museri, director general de la empresa. Para este a\u00f1o, la firma [&hellip;]<\/p>\n","protected":false},"author":17,"featured_media":12533,"comment_status":"open","ping_status":"open","sticky":false,"template":"","format":"standard","meta":{"footnotes":""},"categories":[2,6],"tags":[3591,4757,1260,5636,5635],"yoast_head":"<!-- This site is optimized with the Yoast SEO plugin v22.2 - https:\/\/yoast.com\/wordpress\/plugins\/seo\/ -->\n<title>Selina, la paname\u00f1a que quiere hospedar a los millennials en M\u00e9xico - Nitu - Noticias de la Industria Turistica<\/title>\n<meta name=\"description\" content=\"La firma de origen paname\u00f1o Selina, planea invertir alrededor de 45 millones de d\u00f3lares para abrir cerca de 35 hoteles y hostales en M\u00e9xico.\" \/>\n<meta name=\"robots\" content=\"index, follow, max-snippet:-1, max-image-preview:large, max-video-preview:-1\" \/>\n<link rel=\"canonical\" href=\"https:\/\/nitu.mx\/index.php\/2017\/08\/24\/selina-la-panamena-que-quiere-hospedar-a-los-millennials\/\" \/>\n<meta name=\"twitter:card\" content=\"summary_large_image\" \/>\n<meta name=\"twitter:title\" content=\"Selina, la paname\u00f1a que quiere hospedar a los millennials en M\u00e9xico - Nitu - Noticias de la Industria Turistica\" \/>\n<meta name=\"twitter:description\" content=\"La firma de origen paname\u00f1o Selina, planea invertir alrededor de 45 millones de d\u00f3lares para abrir cerca de 35 hoteles y hostales en M\u00e9xico.\" \/>\n<meta name=\"twitter:image\" content=\"https:\/\/nitu.mx\/wp-content\/uploads\/2017\/08\/Selina-Panam\u00e1.jpg\" \/>\n<meta name=\"twitter:creator\" content=\"@NITUmx\" \/>\n<meta name=\"twitter:site\" content=\"@Arturo_Medina_G\" \/>\n<meta name=\"twitter:label1\" content=\"Escrito por\" \/>\n\t<meta name=\"twitter:data1\" content=\"Redacci\u00f3n\" \/>\n\t<meta name=\"twitter:label2\" content=\"Tiempo de lectura\" \/>\n\t<meta name=\"twitter:data2\" content=\"1 minuto\" \/>\n<script type=\"application\/ld+json\" class=\"yoast-schema-graph\">{\"@context\":\"https:\/\/schema.org\",\"@graph\":[{\"@type\":\"Article\",\"@id\":\"https:\/\/nitu.mx\/index.php\/2017\/08\/24\/selina-la-panamena-que-quiere-hospedar-a-los-millennials\/#article\",\"isPartOf\":{\"@id\":\"https:\/\/nitu.mx\/index.php\/2017\/08\/24\/selina-la-panamena-que-quiere-hospedar-a-los-millennials\/\"},\"author\":{\"name\":\"Redacci\u00f3n\",\"@id\":\"https:\/\/nitu.mx\/#\/schema\/person\/4a28fe9bd65924f7c90623773daf1b0b\"},\"headline\":\"Selina, la paname\u00f1a que quiere hospedar a los millennials en M\u00e9xico\",\"datePublished\":\"2017-08-24T06:02:54+00:00\",\"dateModified\":\"2017-08-24T06:16:45+00:00\",\"mainEntityOfPage\":{\"@id\":\"https:\/\/nitu.mx\/index.php\/2017\/08\/24\/selina-la-panamena-que-quiere-hospedar-a-los-millennials\/\"},\"wordCount\":232,\"commentCount\":0,\"publisher\":{\"@id\":\"https:\/\/nitu.mx\/#\/schema\/person\/ae7a53426417292d3dd07b45a33e01bc\"},\"image\":{\"@id\":\"https:\/\/nitu.mx\/index.php\/2017\/08\/24\/selina-la-panamena-que-quiere-hospedar-a-los-millennials\/#primaryimage\"},\"thumbnailUrl\":\"https:\/\/nitu.mx\/wp-content\/uploads\/2017\/08\/Selina-Panam\u00e1.jpg\",\"keywords\":[\"Hoteles\",\"millennials\",\"Panam\u00e1\",\"Rafael Museri\",\"Selina\"],\"articleSection\":[\"Hoteles\",\"M\u00e9xico\"],\"inLanguage\":\"es-MX\",\"potentialAction\":[{\"@type\":\"CommentAction\",\"name\":\"Comment\",\"target\":[\"https:\/\/nitu.mx\/index.php\/2017\/08\/24\/selina-la-panamena-que-quiere-hospedar-a-los-millennials\/#respond\"]}]},{\"@type\":\"WebPage\",\"@id\":\"https:\/\/nitu.mx\/index.php\/2017\/08\/24\/selina-la-panamena-que-quiere-hospedar-a-los-millennials\/\",\"url\":\"https:\/\/nitu.mx\/index.php\/2017\/08\/24\/selina-la-panamena-que-quiere-hospedar-a-los-millennials\/\",\"name\":\"Selina, la paname\u00f1a que quiere hospedar a los millennials en M\u00e9xico - Nitu - Noticias de la Industria Turistica\",\"isPartOf\":{\"@id\":\"https:\/\/nitu.mx\/#website\"},\"primaryImageOfPage\":{\"@id\":\"https:\/\/nitu.mx\/index.php\/2017\/08\/24\/selina-la-panamena-que-quiere-hospedar-a-los-millennials\/#primaryimage\"},\"image\":{\"@id\":\"https:\/\/nitu.mx\/index.php\/2017\/08\/24\/selina-la-panamena-que-quiere-hospedar-a-los-millennials\/#primaryimage\"},\"thumbnailUrl\":\"https:\/\/nitu.mx\/wp-content\/uploads\/2017\/08\/Selina-Panam\u00e1.jpg\",\"datePublished\":\"2017-08-24T06:02:54+00:00\",\"dateModified\":\"2017-08-24T06:16:45+00:00\",\"description\":\"La firma de origen paname\u00f1o Selina, planea invertir alrededor de 45 millones de d\u00f3lares para abrir cerca de 35 hoteles y hostales en M\u00e9xico.\",\"breadcrumb\":{\"@id\":\"https:\/\/nitu.mx\/index.php\/2017\/08\/24\/selina-la-panamena-que-quiere-hospedar-a-los-millennials\/#breadcrumb\"},\"inLanguage\":\"es-MX\",\"potentialAction\":[{\"@type\":\"ReadAction\",\"target\":[\"https:\/\/nitu.mx\/index.php\/2017\/08\/24\/selina-la-panamena-que-quiere-hospedar-a-los-millennials\/\"]}]},{\"@type\":\"ImageObject\",\"inLanguage\":\"es-MX\",\"@id\":\"https:\/\/nitu.mx\/index.php\/2017\/08\/24\/selina-la-panamena-que-quiere-hospedar-a-los-millennials\/#primaryimage\",\"url\":\"https:\/\/nitu.mx\/wp-content\/uploads\/2017\/08\/Selina-Panam\u00e1.jpg\",\"contentUrl\":\"https:\/\/nitu.mx\/wp-content\/uploads\/2017\/08\/Selina-Panam\u00e1.jpg\",\"width\":850,\"height\":480,\"caption\":\"Selina\"},{\"@type\":\"BreadcrumbList\",\"@id\":\"https:\/\/nitu.mx\/index.php\/2017\/08\/24\/selina-la-panamena-que-quiere-hospedar-a-los-millennials\/#breadcrumb\",\"itemListElement\":[{\"@type\":\"ListItem\",\"position\":1,\"name\":\"Inicio\",\"item\":\"https:\/\/nitu.mx\/\"},{\"@type\":\"ListItem\",\"position\":2,\"name\":\"Selina, la paname\u00f1a que quiere hospedar a los millennials en M\u00e9xico\"}]},{\"@type\":\"WebSite\",\"@id\":\"https:\/\/nitu.mx\/#website\",\"url\":\"https:\/\/nitu.mx\/\",\"name\":\"Nitu - Noticias de la Industria Turistica\",\"description\":\"Noticias de la Industria Turistica\",\"publisher\":{\"@id\":\"https:\/\/nitu.mx\/#\/schema\/person\/ae7a53426417292d3dd07b45a33e01bc\"},\"alternateName\":\"Noticias de la Industria Turistica\",\"potentialAction\":[{\"@type\":\"SearchAction\",\"target\":{\"@type\":\"EntryPoint\",\"urlTemplate\":\"https:\/\/nitu.mx\/?s={search_term_string}\"},\"query-input\":\"required name=search_term_string\"}],\"inLanguage\":\"es-MX\"},{\"@type\":[\"Person\",\"Organization\"],\"@id\":\"https:\/\/nitu.mx\/#\/schema\/person\/ae7a53426417292d3dd07b45a33e01bc\",\"name\":\"Arturo Medina\",\"image\":{\"@type\":\"ImageObject\",\"inLanguage\":\"es-MX\",\"@id\":\"https:\/\/nitu.mx\/#\/schema\/person\/image\/\",\"url\":\"https:\/\/nitu.mx\/wp-content\/uploads\/2024\/04\/4A315622-1904-4D5C-B022-878CDC840E04-90x90-1.jpeg\",\"contentUrl\":\"https:\/\/nitu.mx\/wp-content\/uploads\/2024\/04\/4A315622-1904-4D5C-B022-878CDC840E04-90x90-1.jpeg\",\"width\":90,\"height\":90,\"caption\":\"Arturo Medina\"},\"logo\":{\"@id\":\"https:\/\/nitu.mx\/#\/schema\/person\/image\/\"},\"description\":\"Director NITU.mx, Egresado de la Escuela de Periodismo Carlos Septi\u00e9n Garc\u00eda. Periodista y analista especializado en turismo desde hace 35 a\u00f1os, radicado en Canc\u00fan Q.Roo. arturo@nitu.mx\",\"sameAs\":[\"https:\/\/nitu.mx\",\"https:\/\/www.facebook.com\/NITUmx\/\",\"medinacancun\",\"https:\/\/twitter.com\/@Arturo_Medina_G\"]},{\"@type\":\"Person\",\"@id\":\"https:\/\/nitu.mx\/#\/schema\/person\/4a28fe9bd65924f7c90623773daf1b0b\",\"name\":\"Redacci\u00f3n\",\"image\":{\"@type\":\"ImageObject\",\"inLanguage\":\"es-MX\",\"@id\":\"https:\/\/nitu.mx\/#\/schema\/person\/image\/\",\"url\":\"https:\/\/secure.gravatar.com\/avatar\/5dd011c8ccfc5cd7e4c81e42252aab38?s=96&d=mm&r=g\",\"contentUrl\":\"https:\/\/secure.gravatar.com\/avatar\/5dd011c8ccfc5cd7e4c81e42252aab38?s=96&d=mm&r=g\",\"caption\":\"Redacci\u00f3n\"},\"url\":\"https:\/\/nitu.mx\/index.php\/author\/redaccion\/\"}]}<\/script>\n<!-- \/ Yoast SEO plugin. -->","yoast_head_json":{"title":"Selina, la paname\u00f1a que quiere hospedar a los millennials en M\u00e9xico - Nitu - Noticias de la Industria Turistica","description":"La firma de origen paname\u00f1o Selina, planea invertir alrededor de 45 millones de d\u00f3lares para abrir cerca de 35 hoteles y hostales en M\u00e9xico.","robots":{"index":"index","follow":"follow","max-snippet":"max-snippet:-1","max-image-preview":"max-image-preview:large","max-video-preview":"max-video-preview:-1"},"canonical":"https:\/\/nitu.mx\/index.php\/2017\/08\/24\/selina-la-panamena-que-quiere-hospedar-a-los-millennials\/","twitter_card":"summary_large_image","twitter_title":"Selina, la paname\u00f1a que quiere hospedar a los millennials en M\u00e9xico - Nitu - Noticias de la Industria Turistica","twitter_description":"La firma de origen paname\u00f1o Selina, planea invertir alrededor de 45 millones de d\u00f3lares para abrir cerca de 35 hoteles y hostales en M\u00e9xico.","twitter_image":"https:\/\/nitu.mx\/wp-content\/uploads\/2017\/08\/Selina-Panam\u00e1.jpg","twitter_creator":"@NITUmx","twitter_site":"@Arturo_Medina_G","twitter_misc":{"Escrito por":"Redacci\u00f3n","Tiempo de lectura":"1 minuto"},"schema":{"@context":"https:\/\/schema.org","@graph":[{"@type":"Article","@id":"https:\/\/nitu.mx\/index.php\/2017\/08\/24\/selina-la-panamena-que-quiere-hospedar-a-los-millennials\/#article","isPartOf":{"@id":"https:\/\/nitu.mx\/index.php\/2017\/08\/24\/selina-la-panamena-que-quiere-hospedar-a-los-millennials\/"},"author":{"name":"Redacci\u00f3n","@id":"https:\/\/nitu.mx\/#\/schema\/person\/4a28fe9bd65924f7c90623773daf1b0b"},"headline":"Selina, la paname\u00f1a que quiere hospedar a los millennials en M\u00e9xico","datePublished":"2017-08-24T06:02:54+00:00","dateModified":"2017-08-24T06:16:45+00:00","mainEntityOfPage":{"@id":"https:\/\/nitu.mx\/index.php\/2017\/08\/24\/selina-la-panamena-que-quiere-hospedar-a-los-millennials\/"},"wordCount":232,"commentCount":0,"publisher":{"@id":"https:\/\/nitu.mx\/#\/schema\/person\/ae7a53426417292d3dd07b45a33e01bc"},"image":{"@id":"https:\/\/nitu.mx\/index.php\/2017\/08\/24\/selina-la-panamena-que-quiere-hospedar-a-los-millennials\/#primaryimage"},"thumbnailUrl":"https:\/\/nitu.mx\/wp-content\/uploads\/2017\/08\/Selina-Panam\u00e1.jpg","keywords":["Hoteles","millennials","Panam\u00e1","Rafael Museri","Selina"],"articleSection":["Hoteles","M\u00e9xico"],"inLanguage":"es-MX","potentialAction":[{"@type":"CommentAction","name":"Comment","target":["https:\/\/nitu.mx\/index.php\/2017\/08\/24\/selina-la-panamena-que-quiere-hospedar-a-los-millennials\/#respond"]}]},{"@type":"WebPage","@id":"https:\/\/nitu.mx\/index.php\/2017\/08\/24\/selina-la-panamena-que-quiere-hospedar-a-los-millennials\/","url":"https:\/\/nitu.mx\/index.php\/2017\/08\/24\/selina-la-panamena-que-quiere-hospedar-a-los-millennials\/","name":"Selina, la paname\u00f1a que quiere hospedar a los millennials en M\u00e9xico - Nitu - Noticias de la Industria Turistica","isPartOf":{"@id":"https:\/\/nitu.mx\/#website"},"primaryImageOfPage":{"@id":"https:\/\/nitu.mx\/index.php\/2017\/08\/24\/selina-la-panamena-que-quiere-hospedar-a-los-millennials\/#primaryimage"},"image":{"@id":"https:\/\/nitu.mx\/index.php\/2017\/08\/24\/selina-la-panamena-que-quiere-hospedar-a-los-millennials\/#primaryimage"},"thumbnailUrl":"https:\/\/nitu.mx\/wp-content\/uploads\/2017\/08\/Selina-Panam\u00e1.jpg","datePublished":"2017-08-24T06:02:54+00:00","dateModified":"2017-08-24T06:16:45+00:00","description":"La firma de origen paname\u00f1o Selina, planea invertir alrededor de 45 millones de d\u00f3lares para abrir cerca de 35 hoteles y hostales en M\u00e9xico.","breadcrumb":{"@id":"https:\/\/nitu.mx\/index.php\/2017\/08\/24\/selina-la-panamena-que-quiere-hospedar-a-los-millennials\/#breadcrumb"},"inLanguage":"es-MX","potentialAction":[{"@type":"ReadAction","target":["https:\/\/nitu.mx\/index.php\/2017\/08\/24\/selina-la-panamena-que-quiere-hospedar-a-los-millennials\/"]}]},{"@type":"ImageObject","inLanguage":"es-MX","@id":"https:\/\/nitu.mx\/index.php\/2017\/08\/24\/selina-la-panamena-que-quiere-hospedar-a-los-millennials\/#primaryimage","url":"https:\/\/nitu.mx\/wp-content\/uploads\/2017\/08\/Selina-Panam\u00e1.jpg","contentUrl":"https:\/\/nitu.mx\/wp-content\/uploads\/2017\/08\/Selina-Panam\u00e1.jpg","width":850,"height":480,"caption":"Selina"},{"@type":"BreadcrumbList","@id":"https:\/\/nitu.mx\/index.php\/2017\/08\/24\/selina-la-panamena-que-quiere-hospedar-a-los-millennials\/#breadcrumb","itemListElement":[{"@type":"ListItem","position":1,"name":"Inicio","item":"https:\/\/nitu.mx\/"},{"@type":"ListItem","position":2,"name":"Selina, la paname\u00f1a que quiere hospedar a los millennials en M\u00e9xico"}]},{"@type":"WebSite","@id":"https:\/\/nitu.mx\/#website","url":"https:\/\/nitu.mx\/","name":"Nitu - Noticias de la Industria Turistica","description":"Noticias de la Industria Turistica","publisher":{"@id":"https:\/\/nitu.mx\/#\/schema\/person\/ae7a53426417292d3dd07b45a33e01bc"},"alternateName":"Noticias de la Industria Turistica","potentialAction":[{"@type":"SearchAction","target":{"@type":"EntryPoint","urlTemplate":"https:\/\/nitu.mx\/?s={search_term_string}"},"query-input":"required name=search_term_string"}],"inLanguage":"es-MX"},{"@type":["Person","Organization"],"@id":"https:\/\/nitu.mx\/#\/schema\/person\/ae7a53426417292d3dd07b45a33e01bc","name":"Arturo Medina","image":{"@type":"ImageObject","inLanguage":"es-MX","@id":"https:\/\/nitu.mx\/#\/schema\/person\/image\/","url":"https:\/\/nitu.mx\/wp-content\/uploads\/2024\/04\/4A315622-1904-4D5C-B022-878CDC840E04-90x90-1.jpeg","contentUrl":"https:\/\/nitu.mx\/wp-content\/uploads\/2024\/04\/4A315622-1904-4D5C-B022-878CDC840E04-90x90-1.jpeg","width":90,"height":90,"caption":"Arturo Medina"},"logo":{"@id":"https:\/\/nitu.mx\/#\/schema\/person\/image\/"},"description":"Director NITU.mx, Egresado de la Escuela de Periodismo Carlos Septi\u00e9n Garc\u00eda. Periodista y analista especializado en turismo desde hace 35 a\u00f1os, radicado en Canc\u00fan Q.Roo. arturo@nitu.mx","sameAs":["https:\/\/nitu.mx","https:\/\/www.facebook.com\/NITUmx\/","medinacancun","https:\/\/twitter.com\/@Arturo_Medina_G"]},{"@type":"Person","@id":"https:\/\/nitu.mx\/#\/schema\/person\/4a28fe9bd65924f7c90623773daf1b0b","name":"Redacci\u00f3n","image":{"@type":"ImageObject","inLanguage":"es-MX","@id":"https:\/\/nitu.mx\/#\/schema\/person\/image\/","url":"https:\/\/secure.gravatar.com\/avatar\/5dd011c8ccfc5cd7e4c81e42252aab38?s=96&d=mm&r=g","contentUrl":"https:\/\/secure.gravatar.com\/avatar\/5dd011c8ccfc5cd7e4c81e42252aab38?s=96&d=mm&r=g","caption":"Redacci\u00f3n"},"url":"https:\/\/nitu.mx\/index.php\/author\/redaccion\/"}]}},"views":268,"_links":{"self":[{"href":"https:\/\/nitu.mx\/index.php\/wp-json\/wp\/v2\/posts\/12499"}],"collection":[{"href":"https:\/\/nitu.mx\/index.php\/wp-json\/wp\/v2\/posts"}],"about":[{"href":"https:\/\/nitu.mx\/index.php\/wp-json\/wp\/v2\/types\/post"}],"author":[{"embeddable":true,"href":"https:\/\/nitu.mx\/index.php\/wp-json\/wp\/v2\/users\/17"}],"replies":[{"embeddable":true,"href":"https:\/\/nitu.mx\/index.php\/wp-json\/wp\/v2\/comments?post=12499"}],"version-history":[{"count":3,"href":"https:\/\/nitu.mx\/index.php\/wp-json\/wp\/v2\/posts\/12499\/revisions"}],"predecessor-version":[{"id":12534,"href":"https:\/\/nitu.mx\/index.php\/wp-json\/wp\/v2\/posts\/12499\/revisions\/12534"}],"wp:featuredmedia":[{"embeddable":true,"href":"https:\/\/nitu.mx\/index.php\/wp-json\/wp\/v2\/media\/12533"}],"wp:attachment":[{"href":"https:\/\/nitu.mx\/index.php\/wp-json\/wp\/v2\/media?parent=12499"}],"wp:term":[{"taxonomy":"category","embeddable":true,"href":"https:\/\/nitu.mx\/index.php\/wp-json\/wp\/v2\/categories?post=12499"},{"taxonomy":"post_tag","embeddable":true,"href":"https:\/\/nitu.mx\/index.php\/wp-json\/wp\/v2\/tags?post=12499"}],"curies":[{"name":"wp","href":"https:\/\/api.w.org\/{rel}","templated":true}]}}