{"id":12497,"date":"2017-08-24T01:03:37","date_gmt":"2017-08-24T06:03:37","guid":{"rendered":"http:\/\/www.dev.nitu.mx\/?p=12497"},"modified":"2017-08-24T01:23:51","modified_gmt":"2017-08-24T06:23:51","slug":"cada-vez-menos-mexicanos-viajan-a-estados-unidos","status":"publish","type":"post","link":"https:\/\/nitu.mx\/index.php\/2017\/08\/24\/cada-vez-menos-mexicanos-viajan-a-estados-unidos\/","title":{"rendered":"Cada vez menos mexicanos viajan a Estados Unidos\u00a0\u00a0\u00a0\u00a0\u00a0\u00a0\u00a0"},"content":{"rendered":"<p>La cantidad de turistas mexicanos que llegaron a Estados Unidos el \u00faltimo a\u00f1o se desplom\u00f3, seg\u00fan informaci\u00f3n de la Oficina Nacional de Viajes y Turismo de Estados Unidos (NTTO por su siglas en ingl\u00e9s).<\/p>\n<p>Seg\u00fan esa entidad, la cantidad de mexicanos que llegaron a la Uni\u00f3n Americana en marzo de 2017 fue de 1.2 millones, un 16.2 por ciento menos respecto al mismo mes de 2016, cuando hubo 1.4 millones de turistas mexicanos en su vecino del norte.<\/p>\n<p>En total, durante los primeros tres meses de 2017 llegaron 3.9 millones de turistas mexicanos a Estados Unidos, un 7.1 por ciento menos que el mismo periodo de 2016 cuando llegaron 4.2 millones de mexicanos.<\/p>\n<p>M\u00e9xico es el segundo pa\u00eds del que m\u00e1s turistas llegan a Estados Unidos despu\u00e9s de Canad\u00e1, pa\u00eds del que s\u00f3lo en el primer trimestre de 2017 aport\u00f3 4.6 millones de turistas a ese pa\u00eds, se\u00f1ala Expansion.mx<\/p>\n<p>CNN en Espa\u00f1ol se comunic\u00f3 con la Secretar\u00eda de Turismo de M\u00e9xico y con la Federaci\u00f3n Mexicana de Asociaciones Tur\u00edsticas y con la Asociaci\u00f3n Mexicana de Agencias de Viajes para obtener un comentario sobre estas cifras, pero no ha sido posible una respuesta hasta el momento.<\/p>\n<p>La ret\u00f3rica del presidente Trump y sus pol\u00edticas contra viajes le dan a los viajeros extranjeros la sensaci\u00f3n de que Estados Unidos est\u00e1 cerrando sus puertas, dicen expertos.\u00a0(<a title=\"Baja 9.1% viajes de mexicanos al exterior en primer semestre: Banxico\" href=\"http:\/\/www.dev.nitu.mx\/index.php\/2017\/08\/14\/baja-9-1-viajes-de-mexicanos-al-exterior-en-primer-semestre-bdem\/\" rel=\"bookmark\">Baja 9.1% viajes de mexicanos al exterior en primer semestre: Banxico<\/a>).<\/p>\n<p>Ese es un gran problema, dado que los visitantes extranjeros gastan cientos de miles de millones de d\u00f3lares en Estados Unidos cada a\u00f1o.<\/p>\n<p>La Asociaci\u00f3n Global de Viajes de Negocios estima que Estados Unidos perder\u00e1 mil 300 millones de d\u00f3lares en gastos relacionados con viajes en 2017, tomando en cuenta hoteles, alimentos, renta de autos y compras. La organizaci\u00f3n cree que m\u00e1s de 4 mil 200 empleos se perder\u00e1n como resultado de esto.<\/p>\n<p>Un reporte de ForwardKeys publicado en junio de este a\u00f1o encontr\u00f3 que Estados Unidos es el \u00fanico pa\u00eds grande en el que los viajes en verano se reducen a\u00f1o con a\u00f1o. Las reservaciones a\u00e9reas para junio, julio y agosto cayeron en un 3.5 por ciento respecto a 2016.<\/p>\n","protected":false},"excerpt":{"rendered":"<p>La cantidad de turistas mexicanos que llegaron a Estados Unidos el \u00faltimo a\u00f1o se desplom\u00f3, seg\u00fan informaci\u00f3n de la Oficina Nacional de Viajes y Turismo de Estados Unidos (NTTO por su siglas en ingl\u00e9s). Seg\u00fan esa entidad, la cantidad de mexicanos que llegaron a la Uni\u00f3n Americana en marzo de 2017 fue de 1.2 millones, [&hellip;]<\/p>\n","protected":false},"author":17,"featured_media":6592,"comment_status":"open","ping_status":"open","sticky":false,"template":"","format":"standard","meta":{"footnotes":""},"categories":[7,6],"tags":[100,68,4460],"yoast_head":"<!-- This site is optimized with the Yoast SEO plugin v22.2 - https:\/\/yoast.com\/wordpress\/plugins\/seo\/ -->\n<title>Cada vez menos mexicanos viajan a Estados Unidos\u00a0\u00a0\u00a0\u00a0\u00a0\u00a0\u00a0 - Nitu - Noticias de la Industria Turistica<\/title>\n<meta name=\"description\" content=\"La cantidad de turistas mexicanos que llegaron a Estados Unidos el \u00faltimo a\u00f1o se desplom\u00f3, seg\u00fan la Oficina Nacional de Viajes y Turismo de Estados Unidos.\" \/>\n<meta name=\"robots\" content=\"index, follow, max-snippet:-1, max-image-preview:large, max-video-preview:-1\" \/>\n<link rel=\"canonical\" href=\"https:\/\/nitu.mx\/index.php\/2017\/08\/24\/cada-vez-menos-mexicanos-viajan-a-estados-unidos\/\" \/>\n<meta name=\"twitter:card\" content=\"summary_large_image\" \/>\n<meta name=\"twitter:title\" content=\"Cada vez menos mexicanos viajan a Estados Unidos\u00a0\u00a0\u00a0\u00a0\u00a0\u00a0\u00a0 - Nitu - Noticias de la Industria Turistica\" \/>\n<meta name=\"twitter:description\" content=\"La cantidad de turistas mexicanos que llegaron a Estados Unidos el \u00faltimo a\u00f1o se desplom\u00f3, seg\u00fan la Oficina Nacional de Viajes y Turismo de Estados Unidos.\" \/>\n<meta name=\"twitter:image\" content=\"https:\/\/nitu.mx\/wp-content\/uploads\/2017\/02\/turistas-estados-unidos.jpg\" \/>\n<meta name=\"twitter:creator\" content=\"@NITUmx\" \/>\n<meta name=\"twitter:site\" content=\"@Arturo_Medina_G\" \/>\n<meta name=\"twitter:label1\" content=\"Escrito por\" \/>\n\t<meta name=\"twitter:data1\" content=\"Redacci\u00f3n\" \/>\n\t<meta name=\"twitter:label2\" content=\"Tiempo de lectura\" \/>\n\t<meta name=\"twitter:data2\" content=\"2 minutos\" \/>\n<script type=\"application\/ld+json\" class=\"yoast-schema-graph\">{\"@context\":\"https:\/\/schema.org\",\"@graph\":[{\"@type\":\"Article\",\"@id\":\"https:\/\/nitu.mx\/index.php\/2017\/08\/24\/cada-vez-menos-mexicanos-viajan-a-estados-unidos\/#article\",\"isPartOf\":{\"@id\":\"https:\/\/nitu.mx\/index.php\/2017\/08\/24\/cada-vez-menos-mexicanos-viajan-a-estados-unidos\/\"},\"author\":{\"name\":\"Redacci\u00f3n\",\"@id\":\"https:\/\/nitu.mx\/#\/schema\/person\/4a28fe9bd65924f7c90623773daf1b0b\"},\"headline\":\"Cada vez menos mexicanos viajan a Estados Unidos\u00a0\u00a0\u00a0\u00a0\u00a0\u00a0\u00a0\",\"datePublished\":\"2017-08-24T06:03:37+00:00\",\"dateModified\":\"2017-08-24T06:23:51+00:00\",\"mainEntityOfPage\":{\"@id\":\"https:\/\/nitu.mx\/index.php\/2017\/08\/24\/cada-vez-menos-mexicanos-viajan-a-estados-unidos\/\"},\"wordCount\":380,\"commentCount\":0,\"publisher\":{\"@id\":\"https:\/\/nitu.mx\/#\/schema\/person\/ae7a53426417292d3dd07b45a33e01bc\"},\"image\":{\"@id\":\"https:\/\/nitu.mx\/index.php\/2017\/08\/24\/cada-vez-menos-mexicanos-viajan-a-estados-unidos\/#primaryimage\"},\"thumbnailUrl\":\"https:\/\/nitu.mx\/wp-content\/uploads\/2017\/02\/turistas-estados-unidos.jpg\",\"keywords\":[\"Estados Unidos\",\"M\u00e9xico\",\"turistas\"],\"articleSection\":[\"Estados Unidos\",\"M\u00e9xico\"],\"inLanguage\":\"es-MX\",\"potentialAction\":[{\"@type\":\"CommentAction\",\"name\":\"Comment\",\"target\":[\"https:\/\/nitu.mx\/index.php\/2017\/08\/24\/cada-vez-menos-mexicanos-viajan-a-estados-unidos\/#respond\"]}]},{\"@type\":\"WebPage\",\"@id\":\"https:\/\/nitu.mx\/index.php\/2017\/08\/24\/cada-vez-menos-mexicanos-viajan-a-estados-unidos\/\",\"url\":\"https:\/\/nitu.mx\/index.php\/2017\/08\/24\/cada-vez-menos-mexicanos-viajan-a-estados-unidos\/\",\"name\":\"Cada vez menos mexicanos viajan a Estados Unidos\u00a0\u00a0\u00a0\u00a0\u00a0\u00a0\u00a0 - Nitu - Noticias de la Industria Turistica\",\"isPartOf\":{\"@id\":\"https:\/\/nitu.mx\/#website\"},\"primaryImageOfPage\":{\"@id\":\"https:\/\/nitu.mx\/index.php\/2017\/08\/24\/cada-vez-menos-mexicanos-viajan-a-estados-unidos\/#primaryimage\"},\"image\":{\"@id\":\"https:\/\/nitu.mx\/index.php\/2017\/08\/24\/cada-vez-menos-mexicanos-viajan-a-estados-unidos\/#primaryimage\"},\"thumbnailUrl\":\"https:\/\/nitu.mx\/wp-content\/uploads\/2017\/02\/turistas-estados-unidos.jpg\",\"datePublished\":\"2017-08-24T06:03:37+00:00\",\"dateModified\":\"2017-08-24T06:23:51+00:00\",\"description\":\"La cantidad de turistas mexicanos que llegaron a Estados Unidos el \u00faltimo a\u00f1o se desplom\u00f3, seg\u00fan la Oficina Nacional de Viajes y Turismo de Estados Unidos.\",\"breadcrumb\":{\"@id\":\"https:\/\/nitu.mx\/index.php\/2017\/08\/24\/cada-vez-menos-mexicanos-viajan-a-estados-unidos\/#breadcrumb\"},\"inLanguage\":\"es-MX\",\"potentialAction\":[{\"@type\":\"ReadAction\",\"target\":[\"https:\/\/nitu.mx\/index.php\/2017\/08\/24\/cada-vez-menos-mexicanos-viajan-a-estados-unidos\/\"]}]},{\"@type\":\"ImageObject\",\"inLanguage\":\"es-MX\",\"@id\":\"https:\/\/nitu.mx\/index.php\/2017\/08\/24\/cada-vez-menos-mexicanos-viajan-a-estados-unidos\/#primaryimage\",\"url\":\"https:\/\/nitu.mx\/wp-content\/uploads\/2017\/02\/turistas-estados-unidos.jpg\",\"contentUrl\":\"https:\/\/nitu.mx\/wp-content\/uploads\/2017\/02\/turistas-estados-unidos.jpg\",\"width\":850,\"height\":480,\"caption\":\"mexicanos estados unidos\"},{\"@type\":\"BreadcrumbList\",\"@id\":\"https:\/\/nitu.mx\/index.php\/2017\/08\/24\/cada-vez-menos-mexicanos-viajan-a-estados-unidos\/#breadcrumb\",\"itemListElement\":[{\"@type\":\"ListItem\",\"position\":1,\"name\":\"Inicio\",\"item\":\"https:\/\/nitu.mx\/\"},{\"@type\":\"ListItem\",\"position\":2,\"name\":\"Cada vez menos mexicanos viajan a Estados Unidos\u00a0\u00a0\u00a0\u00a0\u00a0\u00a0\u00a0\"}]},{\"@type\":\"WebSite\",\"@id\":\"https:\/\/nitu.mx\/#website\",\"url\":\"https:\/\/nitu.mx\/\",\"name\":\"Nitu - Noticias de la Industria Turistica\",\"description\":\"Noticias de la Industria Turistica\",\"publisher\":{\"@id\":\"https:\/\/nitu.mx\/#\/schema\/person\/ae7a53426417292d3dd07b45a33e01bc\"},\"alternateName\":\"Noticias de la Industria Turistica\",\"potentialAction\":[{\"@type\":\"SearchAction\",\"target\":{\"@type\":\"EntryPoint\",\"urlTemplate\":\"https:\/\/nitu.mx\/?s={search_term_string}\"},\"query-input\":\"required name=search_term_string\"}],\"inLanguage\":\"es-MX\"},{\"@type\":[\"Person\",\"Organization\"],\"@id\":\"https:\/\/nitu.mx\/#\/schema\/person\/ae7a53426417292d3dd07b45a33e01bc\",\"name\":\"Arturo Medina\",\"image\":{\"@type\":\"ImageObject\",\"inLanguage\":\"es-MX\",\"@id\":\"https:\/\/nitu.mx\/#\/schema\/person\/image\/\",\"url\":\"https:\/\/nitu.mx\/wp-content\/uploads\/2024\/04\/4A315622-1904-4D5C-B022-878CDC840E04-90x90-1.jpeg\",\"contentUrl\":\"https:\/\/nitu.mx\/wp-content\/uploads\/2024\/04\/4A315622-1904-4D5C-B022-878CDC840E04-90x90-1.jpeg\",\"width\":90,\"height\":90,\"caption\":\"Arturo Medina\"},\"logo\":{\"@id\":\"https:\/\/nitu.mx\/#\/schema\/person\/image\/\"},\"description\":\"Director NITU.mx, Egresado de la Escuela de Periodismo Carlos Septi\u00e9n Garc\u00eda. Periodista y analista especializado en turismo desde hace 35 a\u00f1os, radicado en Canc\u00fan Q.Roo. arturo@nitu.mx\",\"sameAs\":[\"https:\/\/nitu.mx\",\"https:\/\/www.facebook.com\/NITUmx\/\",\"medinacancun\",\"https:\/\/twitter.com\/@Arturo_Medina_G\"]},{\"@type\":\"Person\",\"@id\":\"https:\/\/nitu.mx\/#\/schema\/person\/4a28fe9bd65924f7c90623773daf1b0b\",\"name\":\"Redacci\u00f3n\",\"image\":{\"@type\":\"ImageObject\",\"inLanguage\":\"es-MX\",\"@id\":\"https:\/\/nitu.mx\/#\/schema\/person\/image\/\",\"url\":\"https:\/\/secure.gravatar.com\/avatar\/5dd011c8ccfc5cd7e4c81e42252aab38?s=96&d=mm&r=g\",\"contentUrl\":\"https:\/\/secure.gravatar.com\/avatar\/5dd011c8ccfc5cd7e4c81e42252aab38?s=96&d=mm&r=g\",\"caption\":\"Redacci\u00f3n\"},\"url\":\"https:\/\/nitu.mx\/index.php\/author\/redaccion\/\"}]}<\/script>\n<!-- \/ Yoast SEO plugin. -->","yoast_head_json":{"title":"Cada vez menos mexicanos viajan a Estados Unidos\u00a0\u00a0\u00a0\u00a0\u00a0\u00a0\u00a0 - Nitu - Noticias de la Industria Turistica","description":"La cantidad de turistas mexicanos que llegaron a Estados Unidos el \u00faltimo a\u00f1o se desplom\u00f3, seg\u00fan la Oficina Nacional de Viajes y Turismo de Estados Unidos.","robots":{"index":"index","follow":"follow","max-snippet":"max-snippet:-1","max-image-preview":"max-image-preview:large","max-video-preview":"max-video-preview:-1"},"canonical":"https:\/\/nitu.mx\/index.php\/2017\/08\/24\/cada-vez-menos-mexicanos-viajan-a-estados-unidos\/","twitter_card":"summary_large_image","twitter_title":"Cada vez menos mexicanos viajan a Estados Unidos\u00a0\u00a0\u00a0\u00a0\u00a0\u00a0\u00a0 - Nitu - Noticias de la Industria Turistica","twitter_description":"La cantidad de turistas mexicanos que llegaron a Estados Unidos el \u00faltimo a\u00f1o se desplom\u00f3, seg\u00fan la Oficina Nacional de Viajes y Turismo de Estados Unidos.","twitter_image":"https:\/\/nitu.mx\/wp-content\/uploads\/2017\/02\/turistas-estados-unidos.jpg","twitter_creator":"@NITUmx","twitter_site":"@Arturo_Medina_G","twitter_misc":{"Escrito por":"Redacci\u00f3n","Tiempo de lectura":"2 minutos"},"schema":{"@context":"https:\/\/schema.org","@graph":[{"@type":"Article","@id":"https:\/\/nitu.mx\/index.php\/2017\/08\/24\/cada-vez-menos-mexicanos-viajan-a-estados-unidos\/#article","isPartOf":{"@id":"https:\/\/nitu.mx\/index.php\/2017\/08\/24\/cada-vez-menos-mexicanos-viajan-a-estados-unidos\/"},"author":{"name":"Redacci\u00f3n","@id":"https:\/\/nitu.mx\/#\/schema\/person\/4a28fe9bd65924f7c90623773daf1b0b"},"headline":"Cada vez menos mexicanos viajan a Estados Unidos\u00a0\u00a0\u00a0\u00a0\u00a0\u00a0\u00a0","datePublished":"2017-08-24T06:03:37+00:00","dateModified":"2017-08-24T06:23:51+00:00","mainEntityOfPage":{"@id":"https:\/\/nitu.mx\/index.php\/2017\/08\/24\/cada-vez-menos-mexicanos-viajan-a-estados-unidos\/"},"wordCount":380,"commentCount":0,"publisher":{"@id":"https:\/\/nitu.mx\/#\/schema\/person\/ae7a53426417292d3dd07b45a33e01bc"},"image":{"@id":"https:\/\/nitu.mx\/index.php\/2017\/08\/24\/cada-vez-menos-mexicanos-viajan-a-estados-unidos\/#primaryimage"},"thumbnailUrl":"https:\/\/nitu.mx\/wp-content\/uploads\/2017\/02\/turistas-estados-unidos.jpg","keywords":["Estados Unidos","M\u00e9xico","turistas"],"articleSection":["Estados Unidos","M\u00e9xico"],"inLanguage":"es-MX","potentialAction":[{"@type":"CommentAction","name":"Comment","target":["https:\/\/nitu.mx\/index.php\/2017\/08\/24\/cada-vez-menos-mexicanos-viajan-a-estados-unidos\/#respond"]}]},{"@type":"WebPage","@id":"https:\/\/nitu.mx\/index.php\/2017\/08\/24\/cada-vez-menos-mexicanos-viajan-a-estados-unidos\/","url":"https:\/\/nitu.mx\/index.php\/2017\/08\/24\/cada-vez-menos-mexicanos-viajan-a-estados-unidos\/","name":"Cada vez menos mexicanos viajan a Estados Unidos\u00a0\u00a0\u00a0\u00a0\u00a0\u00a0\u00a0 - Nitu - Noticias de la Industria Turistica","isPartOf":{"@id":"https:\/\/nitu.mx\/#website"},"primaryImageOfPage":{"@id":"https:\/\/nitu.mx\/index.php\/2017\/08\/24\/cada-vez-menos-mexicanos-viajan-a-estados-unidos\/#primaryimage"},"image":{"@id":"https:\/\/nitu.mx\/index.php\/2017\/08\/24\/cada-vez-menos-mexicanos-viajan-a-estados-unidos\/#primaryimage"},"thumbnailUrl":"https:\/\/nitu.mx\/wp-content\/uploads\/2017\/02\/turistas-estados-unidos.jpg","datePublished":"2017-08-24T06:03:37+00:00","dateModified":"2017-08-24T06:23:51+00:00","description":"La cantidad de turistas mexicanos que llegaron a Estados Unidos el \u00faltimo a\u00f1o se desplom\u00f3, seg\u00fan la Oficina Nacional de Viajes y Turismo de Estados Unidos.","breadcrumb":{"@id":"https:\/\/nitu.mx\/index.php\/2017\/08\/24\/cada-vez-menos-mexicanos-viajan-a-estados-unidos\/#breadcrumb"},"inLanguage":"es-MX","potentialAction":[{"@type":"ReadAction","target":["https:\/\/nitu.mx\/index.php\/2017\/08\/24\/cada-vez-menos-mexicanos-viajan-a-estados-unidos\/"]}]},{"@type":"ImageObject","inLanguage":"es-MX","@id":"https:\/\/nitu.mx\/index.php\/2017\/08\/24\/cada-vez-menos-mexicanos-viajan-a-estados-unidos\/#primaryimage","url":"https:\/\/nitu.mx\/wp-content\/uploads\/2017\/02\/turistas-estados-unidos.jpg","contentUrl":"https:\/\/nitu.mx\/wp-content\/uploads\/2017\/02\/turistas-estados-unidos.jpg","width":850,"height":480,"caption":"mexicanos estados unidos"},{"@type":"BreadcrumbList","@id":"https:\/\/nitu.mx\/index.php\/2017\/08\/24\/cada-vez-menos-mexicanos-viajan-a-estados-unidos\/#breadcrumb","itemListElement":[{"@type":"ListItem","position":1,"name":"Inicio","item":"https:\/\/nitu.mx\/"},{"@type":"ListItem","position":2,"name":"Cada vez menos mexicanos viajan a Estados Unidos\u00a0\u00a0\u00a0\u00a0\u00a0\u00a0\u00a0"}]},{"@type":"WebSite","@id":"https:\/\/nitu.mx\/#website","url":"https:\/\/nitu.mx\/","name":"Nitu - Noticias de la Industria Turistica","description":"Noticias de la Industria Turistica","publisher":{"@id":"https:\/\/nitu.mx\/#\/schema\/person\/ae7a53426417292d3dd07b45a33e01bc"},"alternateName":"Noticias de la Industria Turistica","potentialAction":[{"@type":"SearchAction","target":{"@type":"EntryPoint","urlTemplate":"https:\/\/nitu.mx\/?s={search_term_string}"},"query-input":"required name=search_term_string"}],"inLanguage":"es-MX"},{"@type":["Person","Organization"],"@id":"https:\/\/nitu.mx\/#\/schema\/person\/ae7a53426417292d3dd07b45a33e01bc","name":"Arturo Medina","image":{"@type":"ImageObject","inLanguage":"es-MX","@id":"https:\/\/nitu.mx\/#\/schema\/person\/image\/","url":"https:\/\/nitu.mx\/wp-content\/uploads\/2024\/04\/4A315622-1904-4D5C-B022-878CDC840E04-90x90-1.jpeg","contentUrl":"https:\/\/nitu.mx\/wp-content\/uploads\/2024\/04\/4A315622-1904-4D5C-B022-878CDC840E04-90x90-1.jpeg","width":90,"height":90,"caption":"Arturo Medina"},"logo":{"@id":"https:\/\/nitu.mx\/#\/schema\/person\/image\/"},"description":"Director NITU.mx, Egresado de la Escuela de Periodismo Carlos Septi\u00e9n Garc\u00eda. Periodista y analista especializado en turismo desde hace 35 a\u00f1os, radicado en Canc\u00fan Q.Roo. arturo@nitu.mx","sameAs":["https:\/\/nitu.mx","https:\/\/www.facebook.com\/NITUmx\/","medinacancun","https:\/\/twitter.com\/@Arturo_Medina_G"]},{"@type":"Person","@id":"https:\/\/nitu.mx\/#\/schema\/person\/4a28fe9bd65924f7c90623773daf1b0b","name":"Redacci\u00f3n","image":{"@type":"ImageObject","inLanguage":"es-MX","@id":"https:\/\/nitu.mx\/#\/schema\/person\/image\/","url":"https:\/\/secure.gravatar.com\/avatar\/5dd011c8ccfc5cd7e4c81e42252aab38?s=96&d=mm&r=g","contentUrl":"https:\/\/secure.gravatar.com\/avatar\/5dd011c8ccfc5cd7e4c81e42252aab38?s=96&d=mm&r=g","caption":"Redacci\u00f3n"},"url":"https:\/\/nitu.mx\/index.php\/author\/redaccion\/"}]}},"views":318,"_links":{"self":[{"href":"https:\/\/nitu.mx\/index.php\/wp-json\/wp\/v2\/posts\/12497"}],"collection":[{"href":"https:\/\/nitu.mx\/index.php\/wp-json\/wp\/v2\/posts"}],"about":[{"href":"https:\/\/nitu.mx\/index.php\/wp-json\/wp\/v2\/types\/post"}],"author":[{"embeddable":true,"href":"https:\/\/nitu.mx\/index.php\/wp-json\/wp\/v2\/users\/17"}],"replies":[{"embeddable":true,"href":"https:\/\/nitu.mx\/index.php\/wp-json\/wp\/v2\/comments?post=12497"}],"version-history":[{"count":4,"href":"https:\/\/nitu.mx\/index.php\/wp-json\/wp\/v2\/posts\/12497\/revisions"}],"predecessor-version":[{"id":12539,"href":"https:\/\/nitu.mx\/index.php\/wp-json\/wp\/v2\/posts\/12497\/revisions\/12539"}],"wp:featuredmedia":[{"embeddable":true,"href":"https:\/\/nitu.mx\/index.php\/wp-json\/wp\/v2\/media\/6592"}],"wp:attachment":[{"href":"https:\/\/nitu.mx\/index.php\/wp-json\/wp\/v2\/media?parent=12497"}],"wp:term":[{"taxonomy":"category","embeddable":true,"href":"https:\/\/nitu.mx\/index.php\/wp-json\/wp\/v2\/categories?post=12497"},{"taxonomy":"post_tag","embeddable":true,"href":"https:\/\/nitu.mx\/index.php\/wp-json\/wp\/v2\/tags?post=12497"}],"curies":[{"name":"wp","href":"https:\/\/api.w.org\/{rel}","templated":true}]}}