{"id":12311,"date":"2017-08-17T22:58:10","date_gmt":"2017-08-18T03:58:10","guid":{"rendered":"http:\/\/www.dev.nitu.mx\/?p=12311"},"modified":"2017-08-18T00:20:46","modified_gmt":"2017-08-18T05:20:46","slug":"tras-dos-anos-ausencia-regresa-atmex-diciembre-proximo","status":"publish","type":"post","link":"https:\/\/nitu.mx\/index.php\/2017\/08\/17\/tras-dos-anos-ausencia-regresa-atmex-diciembre-proximo\/","title":{"rendered":"Tras dos a\u00f1os de ausencia, regresa ATMEX en diciembre pr\u00f3ximo"},"content":{"rendered":"<p>Todo parece indicar que ahora s\u00ed se llevar\u00e1 a cabo la Feria de Turismo de Aventura M\u00e9xico (ATMEX), del 6 al 8 de diciembre pr\u00f3ximos en el estado de Tabasco, luego de posponerla en dos ocasiones, desde su \u00faltima edici\u00f3n en agosto de 2015 en Chiapas.<\/p>\n<p>El evento organizado por la Secretar\u00eda de Turismo federal (Sectur) en conjunto con la Adventure Travel Trade Association (ATTA), hab\u00eda sido anunciado para octubre de 2016, sin embargo la dependencia federal decidi\u00f3 posponerla unos meses, para marzo o abril de 2017, con el fin de darle m\u00e1s promoci\u00f3n al evento que re\u00fane a los prestadores de servicios tur\u00edsticos del segmento de aventura de todo el pa\u00eds, con los compradores potenciales.<\/p>\n<p>Aunque se agreg\u00f3 otro medio a\u00f1o para la promoci\u00f3n de este evento, el tema hab\u00eda quedado estancado hasta este mi\u00e9rcoles, que la propia Secretar\u00eda de Desarrollo Econ\u00f3mico y Turismo de Tabasco (SDET) a trav\u00e9s de su coordinador de Turismo, Agust\u00edn de la Cruz Paz, anunci\u00f3 que ATMEX 2017 finalmente fue acordado en una reuni\u00f3n de trabajo realizada en la sede del Consejo de Promoci\u00f3n Tur\u00edstica de M\u00e9xico (CPTM), con Francisco de la Vega Arag\u00f3n, director general de Innovaci\u00f3n del Producto Tur\u00edstico de la Sectur. (<a title=\"CPTM se apoya en tecnolog\u00eda para detectar nuevos mercados\" href=\"http:\/\/www.dev.nitu.mx\/index.php\/2017\/02\/28\/cptm-se-apoya-tecnologia-detectar-nuevos-mercados\/\" rel=\"bookmark\">CPTM se apoya en tecnolog\u00eda para detectar nuevos mercados<\/a>).<\/p>\n<p>Desde su origen, ATMEX se proyect\u00f3 como uno de los eventos tur\u00edsticos m\u00e1s importantes de M\u00e9xico, junto con el Tianguis Tur\u00edstico y la Feria Nacional de Pueblos M\u00e1gicos, sin embargo, no se ha logrado el auge esperado, pese a la amplia oferta que tiene el pa\u00eds en el nicho de la aventura, en pr\u00e1cticamente todos los estados.<\/p>\n<p>De la Cruz Paz coment\u00f3 que para el pr\u00f3ximo 4 de septiembre se ofrecer\u00e1\u00a0una conferencia de prensa por parte de la Sectur, en la que se detallen los pormenores del evento, en donde se espera la asistencia del secretario Enrique de la Madrid, as\u00ed como del titular de la SDET, David Rodr\u00edguez Rosario.<\/p>\n<p>Adelant\u00f3 que para esta edici\u00f3n se espera una afluencia de dos mil asistentes for\u00e1neos, de los cuales al menos 350 ser\u00edan operadores mayoristas.<\/p>\n","protected":false},"excerpt":{"rendered":"<p>Todo parece indicar que ahora s\u00ed se llevar\u00e1 a cabo la Feria de Turismo de Aventura M\u00e9xico (ATMEX), del 6 al 8 de diciembre pr\u00f3ximos en el estado de Tabasco, luego de posponerla en dos ocasiones, desde su \u00faltima edici\u00f3n en agosto de 2015 en Chiapas. El evento organizado por la Secretar\u00eda de Turismo federal [&hellip;]<\/p>\n","protected":false},"author":5,"featured_media":12316,"comment_status":"open","ping_status":"open","sticky":false,"template":"","format":"standard","meta":{"footnotes":""},"categories":[3,12],"tags":[5561,5567,1110,5568,359,399],"yoast_head":"<!-- This site is optimized with the Yoast SEO plugin v22.2 - https:\/\/yoast.com\/wordpress\/plugins\/seo\/ -->\n<title>Tras dos a\u00f1os de ausencia, regresa ATMEX en diciembre pr\u00f3ximo - Nitu - Noticias de la Industria Turistica<\/title>\n<meta name=\"description\" content=\"Del 6 al 8 de diciembre pr\u00f3ximos en el estado de Tabasco se llevar\u00e1 a cabo la Feria de Turismo de Aventura M\u00e9xico (ATMEX), tras dos a\u00f1os de ausencia.\" \/>\n<meta name=\"robots\" content=\"index, follow, max-snippet:-1, max-image-preview:large, max-video-preview:-1\" \/>\n<link rel=\"canonical\" href=\"https:\/\/nitu.mx\/index.php\/2017\/08\/17\/tras-dos-anos-ausencia-regresa-atmex-diciembre-proximo\/\" \/>\n<meta name=\"twitter:card\" content=\"summary_large_image\" \/>\n<meta name=\"twitter:title\" content=\"Tras dos a\u00f1os de ausencia, regresa ATMEX en diciembre pr\u00f3ximo - Nitu - Noticias de la Industria Turistica\" \/>\n<meta name=\"twitter:description\" content=\"Del 6 al 8 de diciembre pr\u00f3ximos en el estado de Tabasco se llevar\u00e1 a cabo la Feria de Turismo de Aventura M\u00e9xico (ATMEX), tras dos a\u00f1os de ausencia.\" \/>\n<meta name=\"twitter:image\" content=\"https:\/\/nitu.mx\/wp-content\/uploads\/2017\/08\/atmex.jpg\" \/>\n<meta name=\"twitter:creator\" content=\"@NITUmx\" \/>\n<meta name=\"twitter:site\" content=\"@Arturo_Medina_G\" \/>\n<meta name=\"twitter:label1\" content=\"Escrito por\" \/>\n\t<meta name=\"twitter:data1\" content=\"Mari Soto\" \/>\n\t<meta name=\"twitter:label2\" content=\"Tiempo de lectura\" \/>\n\t<meta name=\"twitter:data2\" content=\"2 minutos\" \/>\n<script type=\"application\/ld+json\" class=\"yoast-schema-graph\">{\"@context\":\"https:\/\/schema.org\",\"@graph\":[{\"@type\":\"Article\",\"@id\":\"https:\/\/nitu.mx\/index.php\/2017\/08\/17\/tras-dos-anos-ausencia-regresa-atmex-diciembre-proximo\/#article\",\"isPartOf\":{\"@id\":\"https:\/\/nitu.mx\/index.php\/2017\/08\/17\/tras-dos-anos-ausencia-regresa-atmex-diciembre-proximo\/\"},\"author\":{\"name\":\"Mari Soto\",\"@id\":\"https:\/\/nitu.mx\/#\/schema\/person\/afc52e313e27e660739556d421d3d6b4\"},\"headline\":\"Tras dos a\u00f1os de ausencia, regresa ATMEX en diciembre pr\u00f3ximo\",\"datePublished\":\"2017-08-18T03:58:10+00:00\",\"dateModified\":\"2017-08-18T05:20:46+00:00\",\"mainEntityOfPage\":{\"@id\":\"https:\/\/nitu.mx\/index.php\/2017\/08\/17\/tras-dos-anos-ausencia-regresa-atmex-diciembre-proximo\/\"},\"wordCount\":385,\"commentCount\":0,\"publisher\":{\"@id\":\"https:\/\/nitu.mx\/#\/schema\/person\/ae7a53426417292d3dd07b45a33e01bc\"},\"image\":{\"@id\":\"https:\/\/nitu.mx\/index.php\/2017\/08\/17\/tras-dos-anos-ausencia-regresa-atmex-diciembre-proximo\/#primaryimage\"},\"thumbnailUrl\":\"https:\/\/nitu.mx\/wp-content\/uploads\/2017\/08\/atmex.jpg\",\"keywords\":[\"Adventure Travel Trade Association (ATTA)\",\"ATMEX\",\"Consejo de Promoci\u00f3n Tur\u00edstica de M\u00e9xico (CPTM)\",\"Secretar\u00eda de Desarrollo Econ\u00f3mico y Turismo de Tabasco (SDET)\",\"Secretar\u00eda de Turismo (Sectur)\",\"Tabasco\"],\"articleSection\":[\"Agencias de Viajes\",\"Marketing\"],\"inLanguage\":\"es-MX\",\"potentialAction\":[{\"@type\":\"CommentAction\",\"name\":\"Comment\",\"target\":[\"https:\/\/nitu.mx\/index.php\/2017\/08\/17\/tras-dos-anos-ausencia-regresa-atmex-diciembre-proximo\/#respond\"]}]},{\"@type\":\"WebPage\",\"@id\":\"https:\/\/nitu.mx\/index.php\/2017\/08\/17\/tras-dos-anos-ausencia-regresa-atmex-diciembre-proximo\/\",\"url\":\"https:\/\/nitu.mx\/index.php\/2017\/08\/17\/tras-dos-anos-ausencia-regresa-atmex-diciembre-proximo\/\",\"name\":\"Tras dos a\u00f1os de ausencia, regresa ATMEX en diciembre pr\u00f3ximo - Nitu - Noticias de la Industria Turistica\",\"isPartOf\":{\"@id\":\"https:\/\/nitu.mx\/#website\"},\"primaryImageOfPage\":{\"@id\":\"https:\/\/nitu.mx\/index.php\/2017\/08\/17\/tras-dos-anos-ausencia-regresa-atmex-diciembre-proximo\/#primaryimage\"},\"image\":{\"@id\":\"https:\/\/nitu.mx\/index.php\/2017\/08\/17\/tras-dos-anos-ausencia-regresa-atmex-diciembre-proximo\/#primaryimage\"},\"thumbnailUrl\":\"https:\/\/nitu.mx\/wp-content\/uploads\/2017\/08\/atmex.jpg\",\"datePublished\":\"2017-08-18T03:58:10+00:00\",\"dateModified\":\"2017-08-18T05:20:46+00:00\",\"description\":\"Del 6 al 8 de diciembre pr\u00f3ximos en el estado de Tabasco se llevar\u00e1 a cabo la Feria de Turismo de Aventura M\u00e9xico (ATMEX), tras dos a\u00f1os de ausencia.\",\"breadcrumb\":{\"@id\":\"https:\/\/nitu.mx\/index.php\/2017\/08\/17\/tras-dos-anos-ausencia-regresa-atmex-diciembre-proximo\/#breadcrumb\"},\"inLanguage\":\"es-MX\",\"potentialAction\":[{\"@type\":\"ReadAction\",\"target\":[\"https:\/\/nitu.mx\/index.php\/2017\/08\/17\/tras-dos-anos-ausencia-regresa-atmex-diciembre-proximo\/\"]}]},{\"@type\":\"ImageObject\",\"inLanguage\":\"es-MX\",\"@id\":\"https:\/\/nitu.mx\/index.php\/2017\/08\/17\/tras-dos-anos-ausencia-regresa-atmex-diciembre-proximo\/#primaryimage\",\"url\":\"https:\/\/nitu.mx\/wp-content\/uploads\/2017\/08\/atmex.jpg\",\"contentUrl\":\"https:\/\/nitu.mx\/wp-content\/uploads\/2017\/08\/atmex.jpg\",\"width\":850,\"height\":480,\"caption\":\"atmex\"},{\"@type\":\"BreadcrumbList\",\"@id\":\"https:\/\/nitu.mx\/index.php\/2017\/08\/17\/tras-dos-anos-ausencia-regresa-atmex-diciembre-proximo\/#breadcrumb\",\"itemListElement\":[{\"@type\":\"ListItem\",\"position\":1,\"name\":\"Inicio\",\"item\":\"https:\/\/nitu.mx\/\"},{\"@type\":\"ListItem\",\"position\":2,\"name\":\"Tras dos a\u00f1os de ausencia, regresa ATMEX en diciembre pr\u00f3ximo\"}]},{\"@type\":\"WebSite\",\"@id\":\"https:\/\/nitu.mx\/#website\",\"url\":\"https:\/\/nitu.mx\/\",\"name\":\"Nitu - Noticias de la Industria Turistica\",\"description\":\"Noticias de la Industria Turistica\",\"publisher\":{\"@id\":\"https:\/\/nitu.mx\/#\/schema\/person\/ae7a53426417292d3dd07b45a33e01bc\"},\"alternateName\":\"Noticias de la Industria Turistica\",\"potentialAction\":[{\"@type\":\"SearchAction\",\"target\":{\"@type\":\"EntryPoint\",\"urlTemplate\":\"https:\/\/nitu.mx\/?s={search_term_string}\"},\"query-input\":\"required name=search_term_string\"}],\"inLanguage\":\"es-MX\"},{\"@type\":[\"Person\",\"Organization\"],\"@id\":\"https:\/\/nitu.mx\/#\/schema\/person\/ae7a53426417292d3dd07b45a33e01bc\",\"name\":\"Arturo Medina\",\"image\":{\"@type\":\"ImageObject\",\"inLanguage\":\"es-MX\",\"@id\":\"https:\/\/nitu.mx\/#\/schema\/person\/image\/\",\"url\":\"https:\/\/nitu.mx\/wp-content\/uploads\/2024\/04\/4A315622-1904-4D5C-B022-878CDC840E04-90x90-1.jpeg\",\"contentUrl\":\"https:\/\/nitu.mx\/wp-content\/uploads\/2024\/04\/4A315622-1904-4D5C-B022-878CDC840E04-90x90-1.jpeg\",\"width\":90,\"height\":90,\"caption\":\"Arturo Medina\"},\"logo\":{\"@id\":\"https:\/\/nitu.mx\/#\/schema\/person\/image\/\"},\"description\":\"Director NITU.mx, Egresado de la Escuela de Periodismo Carlos Septi\u00e9n Garc\u00eda. Periodista y analista especializado en turismo desde hace 35 a\u00f1os, radicado en Canc\u00fan Q.Roo. arturo@nitu.mx\",\"sameAs\":[\"https:\/\/nitu.mx\",\"https:\/\/www.facebook.com\/NITUmx\/\",\"medinacancun\",\"https:\/\/twitter.com\/@Arturo_Medina_G\"]},{\"@type\":\"Person\",\"@id\":\"https:\/\/nitu.mx\/#\/schema\/person\/afc52e313e27e660739556d421d3d6b4\",\"name\":\"Mari Soto\",\"image\":{\"@type\":\"ImageObject\",\"inLanguage\":\"es-MX\",\"@id\":\"https:\/\/nitu.mx\/#\/schema\/person\/image\/\",\"url\":\"https:\/\/secure.gravatar.com\/avatar\/2619c282a180a20d89fcaea82a6736e2?s=96&d=mm&r=g\",\"contentUrl\":\"https:\/\/secure.gravatar.com\/avatar\/2619c282a180a20d89fcaea82a6736e2?s=96&d=mm&r=g\",\"caption\":\"Mari Soto\"},\"sameAs\":[\"https:\/\/nitu.mx\"],\"url\":\"https:\/\/nitu.mx\/index.php\/author\/guadalupe\/\"}]}<\/script>\n<!-- \/ Yoast SEO plugin. -->","yoast_head_json":{"title":"Tras dos a\u00f1os de ausencia, regresa ATMEX en diciembre pr\u00f3ximo - Nitu - Noticias de la Industria Turistica","description":"Del 6 al 8 de diciembre pr\u00f3ximos en el estado de Tabasco se llevar\u00e1 a cabo la Feria de Turismo de Aventura M\u00e9xico (ATMEX), tras dos a\u00f1os de ausencia.","robots":{"index":"index","follow":"follow","max-snippet":"max-snippet:-1","max-image-preview":"max-image-preview:large","max-video-preview":"max-video-preview:-1"},"canonical":"https:\/\/nitu.mx\/index.php\/2017\/08\/17\/tras-dos-anos-ausencia-regresa-atmex-diciembre-proximo\/","twitter_card":"summary_large_image","twitter_title":"Tras dos a\u00f1os de ausencia, regresa ATMEX en diciembre pr\u00f3ximo - Nitu - Noticias de la Industria Turistica","twitter_description":"Del 6 al 8 de diciembre pr\u00f3ximos en el estado de Tabasco se llevar\u00e1 a cabo la Feria de Turismo de Aventura M\u00e9xico (ATMEX), tras dos a\u00f1os de ausencia.","twitter_image":"https:\/\/nitu.mx\/wp-content\/uploads\/2017\/08\/atmex.jpg","twitter_creator":"@NITUmx","twitter_site":"@Arturo_Medina_G","twitter_misc":{"Escrito por":"Mari Soto","Tiempo de lectura":"2 minutos"},"schema":{"@context":"https:\/\/schema.org","@graph":[{"@type":"Article","@id":"https:\/\/nitu.mx\/index.php\/2017\/08\/17\/tras-dos-anos-ausencia-regresa-atmex-diciembre-proximo\/#article","isPartOf":{"@id":"https:\/\/nitu.mx\/index.php\/2017\/08\/17\/tras-dos-anos-ausencia-regresa-atmex-diciembre-proximo\/"},"author":{"name":"Mari Soto","@id":"https:\/\/nitu.mx\/#\/schema\/person\/afc52e313e27e660739556d421d3d6b4"},"headline":"Tras dos a\u00f1os de ausencia, regresa ATMEX en diciembre pr\u00f3ximo","datePublished":"2017-08-18T03:58:10+00:00","dateModified":"2017-08-18T05:20:46+00:00","mainEntityOfPage":{"@id":"https:\/\/nitu.mx\/index.php\/2017\/08\/17\/tras-dos-anos-ausencia-regresa-atmex-diciembre-proximo\/"},"wordCount":385,"commentCount":0,"publisher":{"@id":"https:\/\/nitu.mx\/#\/schema\/person\/ae7a53426417292d3dd07b45a33e01bc"},"image":{"@id":"https:\/\/nitu.mx\/index.php\/2017\/08\/17\/tras-dos-anos-ausencia-regresa-atmex-diciembre-proximo\/#primaryimage"},"thumbnailUrl":"https:\/\/nitu.mx\/wp-content\/uploads\/2017\/08\/atmex.jpg","keywords":["Adventure Travel Trade Association (ATTA)","ATMEX","Consejo de Promoci\u00f3n Tur\u00edstica de M\u00e9xico (CPTM)","Secretar\u00eda de Desarrollo Econ\u00f3mico y Turismo de Tabasco (SDET)","Secretar\u00eda de Turismo (Sectur)","Tabasco"],"articleSection":["Agencias de Viajes","Marketing"],"inLanguage":"es-MX","potentialAction":[{"@type":"CommentAction","name":"Comment","target":["https:\/\/nitu.mx\/index.php\/2017\/08\/17\/tras-dos-anos-ausencia-regresa-atmex-diciembre-proximo\/#respond"]}]},{"@type":"WebPage","@id":"https:\/\/nitu.mx\/index.php\/2017\/08\/17\/tras-dos-anos-ausencia-regresa-atmex-diciembre-proximo\/","url":"https:\/\/nitu.mx\/index.php\/2017\/08\/17\/tras-dos-anos-ausencia-regresa-atmex-diciembre-proximo\/","name":"Tras dos a\u00f1os de ausencia, regresa ATMEX en diciembre pr\u00f3ximo - Nitu - Noticias de la Industria Turistica","isPartOf":{"@id":"https:\/\/nitu.mx\/#website"},"primaryImageOfPage":{"@id":"https:\/\/nitu.mx\/index.php\/2017\/08\/17\/tras-dos-anos-ausencia-regresa-atmex-diciembre-proximo\/#primaryimage"},"image":{"@id":"https:\/\/nitu.mx\/index.php\/2017\/08\/17\/tras-dos-anos-ausencia-regresa-atmex-diciembre-proximo\/#primaryimage"},"thumbnailUrl":"https:\/\/nitu.mx\/wp-content\/uploads\/2017\/08\/atmex.jpg","datePublished":"2017-08-18T03:58:10+00:00","dateModified":"2017-08-18T05:20:46+00:00","description":"Del 6 al 8 de diciembre pr\u00f3ximos en el estado de Tabasco se llevar\u00e1 a cabo la Feria de Turismo de Aventura M\u00e9xico (ATMEX), tras dos a\u00f1os de ausencia.","breadcrumb":{"@id":"https:\/\/nitu.mx\/index.php\/2017\/08\/17\/tras-dos-anos-ausencia-regresa-atmex-diciembre-proximo\/#breadcrumb"},"inLanguage":"es-MX","potentialAction":[{"@type":"ReadAction","target":["https:\/\/nitu.mx\/index.php\/2017\/08\/17\/tras-dos-anos-ausencia-regresa-atmex-diciembre-proximo\/"]}]},{"@type":"ImageObject","inLanguage":"es-MX","@id":"https:\/\/nitu.mx\/index.php\/2017\/08\/17\/tras-dos-anos-ausencia-regresa-atmex-diciembre-proximo\/#primaryimage","url":"https:\/\/nitu.mx\/wp-content\/uploads\/2017\/08\/atmex.jpg","contentUrl":"https:\/\/nitu.mx\/wp-content\/uploads\/2017\/08\/atmex.jpg","width":850,"height":480,"caption":"atmex"},{"@type":"BreadcrumbList","@id":"https:\/\/nitu.mx\/index.php\/2017\/08\/17\/tras-dos-anos-ausencia-regresa-atmex-diciembre-proximo\/#breadcrumb","itemListElement":[{"@type":"ListItem","position":1,"name":"Inicio","item":"https:\/\/nitu.mx\/"},{"@type":"ListItem","position":2,"name":"Tras dos a\u00f1os de ausencia, regresa ATMEX en diciembre pr\u00f3ximo"}]},{"@type":"WebSite","@id":"https:\/\/nitu.mx\/#website","url":"https:\/\/nitu.mx\/","name":"Nitu - Noticias de la Industria Turistica","description":"Noticias de la Industria Turistica","publisher":{"@id":"https:\/\/nitu.mx\/#\/schema\/person\/ae7a53426417292d3dd07b45a33e01bc"},"alternateName":"Noticias de la Industria Turistica","potentialAction":[{"@type":"SearchAction","target":{"@type":"EntryPoint","urlTemplate":"https:\/\/nitu.mx\/?s={search_term_string}"},"query-input":"required name=search_term_string"}],"inLanguage":"es-MX"},{"@type":["Person","Organization"],"@id":"https:\/\/nitu.mx\/#\/schema\/person\/ae7a53426417292d3dd07b45a33e01bc","name":"Arturo Medina","image":{"@type":"ImageObject","inLanguage":"es-MX","@id":"https:\/\/nitu.mx\/#\/schema\/person\/image\/","url":"https:\/\/nitu.mx\/wp-content\/uploads\/2024\/04\/4A315622-1904-4D5C-B022-878CDC840E04-90x90-1.jpeg","contentUrl":"https:\/\/nitu.mx\/wp-content\/uploads\/2024\/04\/4A315622-1904-4D5C-B022-878CDC840E04-90x90-1.jpeg","width":90,"height":90,"caption":"Arturo Medina"},"logo":{"@id":"https:\/\/nitu.mx\/#\/schema\/person\/image\/"},"description":"Director NITU.mx, Egresado de la Escuela de Periodismo Carlos Septi\u00e9n Garc\u00eda. Periodista y analista especializado en turismo desde hace 35 a\u00f1os, radicado en Canc\u00fan Q.Roo. arturo@nitu.mx","sameAs":["https:\/\/nitu.mx","https:\/\/www.facebook.com\/NITUmx\/","medinacancun","https:\/\/twitter.com\/@Arturo_Medina_G"]},{"@type":"Person","@id":"https:\/\/nitu.mx\/#\/schema\/person\/afc52e313e27e660739556d421d3d6b4","name":"Mari Soto","image":{"@type":"ImageObject","inLanguage":"es-MX","@id":"https:\/\/nitu.mx\/#\/schema\/person\/image\/","url":"https:\/\/secure.gravatar.com\/avatar\/2619c282a180a20d89fcaea82a6736e2?s=96&d=mm&r=g","contentUrl":"https:\/\/secure.gravatar.com\/avatar\/2619c282a180a20d89fcaea82a6736e2?s=96&d=mm&r=g","caption":"Mari Soto"},"sameAs":["https:\/\/nitu.mx"],"url":"https:\/\/nitu.mx\/index.php\/author\/guadalupe\/"}]}},"views":285,"_links":{"self":[{"href":"https:\/\/nitu.mx\/index.php\/wp-json\/wp\/v2\/posts\/12311"}],"collection":[{"href":"https:\/\/nitu.mx\/index.php\/wp-json\/wp\/v2\/posts"}],"about":[{"href":"https:\/\/nitu.mx\/index.php\/wp-json\/wp\/v2\/types\/post"}],"author":[{"embeddable":true,"href":"https:\/\/nitu.mx\/index.php\/wp-json\/wp\/v2\/users\/5"}],"replies":[{"embeddable":true,"href":"https:\/\/nitu.mx\/index.php\/wp-json\/wp\/v2\/comments?post=12311"}],"version-history":[{"count":2,"href":"https:\/\/nitu.mx\/index.php\/wp-json\/wp\/v2\/posts\/12311\/revisions"}],"predecessor-version":[{"id":12319,"href":"https:\/\/nitu.mx\/index.php\/wp-json\/wp\/v2\/posts\/12311\/revisions\/12319"}],"wp:featuredmedia":[{"embeddable":true,"href":"https:\/\/nitu.mx\/index.php\/wp-json\/wp\/v2\/media\/12316"}],"wp:attachment":[{"href":"https:\/\/nitu.mx\/index.php\/wp-json\/wp\/v2\/media?parent=12311"}],"wp:term":[{"taxonomy":"category","embeddable":true,"href":"https:\/\/nitu.mx\/index.php\/wp-json\/wp\/v2\/categories?post=12311"},{"taxonomy":"post_tag","embeddable":true,"href":"https:\/\/nitu.mx\/index.php\/wp-json\/wp\/v2\/tags?post=12311"}],"curies":[{"name":"wp","href":"https:\/\/api.w.org\/{rel}","templated":true}]}}