{"id":12235,"date":"2017-08-15T23:34:10","date_gmt":"2017-08-16T04:34:10","guid":{"rendered":"http:\/\/www.dev.nitu.mx\/?p=12235"},"modified":"2017-08-16T00:09:01","modified_gmt":"2017-08-16T05:09:01","slug":"fondo-mixto-promocion-la-cdmx-trae-filmacion-godzilla-la-capital","status":"publish","type":"post","link":"https:\/\/nitu.mx\/index.php\/2017\/08\/15\/fondo-mixto-promocion-la-cdmx-trae-filmacion-godzilla-la-capital\/","title":{"rendered":"Fondo Mixto de Promoci\u00f3n de la CDMX trae filmaci\u00f3n de Godzilla a la capital"},"content":{"rendered":"<p>Tras unos meses de gestiones, Irene Mu\u00f1oz, directora general del Fondo Mixto de Promoci\u00f3n Tur\u00edstica de la Ciudad de M\u00e9xico, acord\u00f3 con la productora Warner Bros, que en esta capital se grabar\u00e1n algunas escenas de la pel\u00edcula \u201cGodzilla: King of Monsters\u201d, las cuales se llevar\u00e1n a cabo del 21 al 23 de agosto pr\u00f3ximos, en las calles del Centro Hist\u00f3rico de la CDMX.<\/p>\n<p>Lo anterior lo dio a conocer este martes, el jefe de Gobierno capitalino, Miguel \u00c1ngel Mancera, quien destac\u00f3 que la CDMX se posiciona as\u00ed como un destino atractivo para el rodaje de largometrajes hollywoodenses, luego de que hace dos a\u00f1os se grabara en el primer cuadro de las ciudad, la primera secuencia de la pel\u00edcula \u201c007: Spectre\u201d de la saga de James Bond.<\/p>\n<p>Para Mancera, este tipo de proyectos ayuda a dar proyecci\u00f3n a la marca CDMX en el mundo, pues se estima que la nueva pel\u00edcula del monstruo japon\u00e9s se presente en alrededor de 40 mil salas. \u201cEsta marca que empez\u00f3 como un anhelo nada m\u00e1s, da identidad a la capital de la Rep\u00fablica. Hoy encuentra un posicionamiento entre los 20 primeros lugares a nivel global\u201d, se\u00f1al\u00f3 el mandatario capitalino.<\/p>\n<p>La CDMX fue elegida luego de que tambi\u00e9n, la casa productora analizara la posibilidad de hacer la locaci\u00f3n en Guatemala, sin embargo, Alex Garc\u00eda, vicepresidente de Legendary Entertainment asegur\u00f3 que fue en la capital mexicana en donde encontraron todo lo necesario.<\/p>\n<p>Durante los d\u00edas del rodaje, se espera un alto impacto en la ocupaci\u00f3n hotelera, pues participar\u00e1n m\u00e1s de dos mil mexicanos como extras, y 300 integrantes de la producci\u00f3n; quienes cerrar\u00e1n las calles aleda\u00f1as desde las 22:00 horas del s\u00e1bado 19 de agosto.<\/p>\n<p>A diferencia de la gesti\u00f3n para la grabaci\u00f3n de Spectre, para este proyecto no se habl\u00f3 de la participaci\u00f3n del Consejo de Promoci\u00f3n Tur\u00edstica de M\u00e9xico, el cual utiliz\u00f3 el filme como medio de difusi\u00f3n de la marca pa\u00eds, pero que dej\u00f3 en duda las cuentas del retorno de la inversi\u00f3n, al grado de que la Auditor\u00eda Superior de la Federaci\u00f3n llamara a cuentas a quienes llevaron a cabo dicha negociaci\u00f3n.\u00a0(<a title=\"CPTM promover\u00e1 primer Carnaval de D\u00eda de Muertos en la CDMX\" href=\"http:\/\/www.dev.nitu.mx\/index.php\/2016\/10\/24\/cptm-promovera-primer-carnaval-dia-muertos-la-cdmx\/\" rel=\"bookmark\">CPTM promover\u00e1 primer Carnaval de D\u00eda de Muertos en la CDMX<\/a>).<\/p>\n<p>Sin embargo, para esta nueva filmaci\u00f3n, tampoco se detall\u00f3 c\u00f3mo se logr\u00f3 obtener la sede, sea por facilidades otorgadas en costos para la productora, o si el Fondo Mixto de Promoci\u00f3n Tur\u00edstica de la Ciudad de M\u00e9xico destin\u00f3 un presupuesto que justificar\u00e1 como gasto de publicidad y proyecci\u00f3n de la marca CDMX.<\/p>\n","protected":false},"excerpt":{"rendered":"<p>Tras unos meses de gestiones, Irene Mu\u00f1oz, directora general del Fondo Mixto de Promoci\u00f3n Tur\u00edstica de la Ciudad de M\u00e9xico, acord\u00f3 con la productora Warner Bros, que en esta capital se grabar\u00e1n algunas escenas de la pel\u00edcula \u201cGodzilla: King of Monsters\u201d, las cuales se llevar\u00e1n a cabo del 21 al 23 de agosto pr\u00f3ximos, en [&hellip;]<\/p>\n","protected":false},"author":5,"featured_media":12251,"comment_status":"open","ping_status":"open","sticky":false,"template":"","format":"standard","meta":{"footnotes":""},"categories":[5,12],"tags":[5527,1110,4364,5526,4366,5529,5530,5528],"yoast_head":"<!-- This site is optimized with the Yoast SEO plugin v22.2 - https:\/\/yoast.com\/wordpress\/plugins\/seo\/ -->\n<title>Fondo Mixto de Promoci\u00f3n de la CDMX trae filmaci\u00f3n de Godzilla a la capital - Nitu - Noticias de la Industria Turistica<\/title>\n<meta name=\"description\" content=\"El Fondo Mixto de Promoci\u00f3n Tur\u00edstica de la CDMX, acord\u00f3 que en esta capital se grabar\u00e1n algunas escenas de la pel\u00edcula \u201cGodzilla: King of Monsters\u201d.\" \/>\n<meta name=\"robots\" content=\"index, follow, max-snippet:-1, max-image-preview:large, max-video-preview:-1\" \/>\n<link rel=\"canonical\" href=\"https:\/\/nitu.mx\/index.php\/2017\/08\/15\/fondo-mixto-promocion-la-cdmx-trae-filmacion-godzilla-la-capital\/\" \/>\n<meta name=\"twitter:card\" content=\"summary_large_image\" \/>\n<meta name=\"twitter:title\" content=\"Fondo Mixto de Promoci\u00f3n de la CDMX trae filmaci\u00f3n de Godzilla a la capital - Nitu - Noticias de la Industria Turistica\" \/>\n<meta name=\"twitter:description\" content=\"El Fondo Mixto de Promoci\u00f3n Tur\u00edstica de la CDMX, acord\u00f3 que en esta capital se grabar\u00e1n algunas escenas de la pel\u00edcula \u201cGodzilla: King of Monsters\u201d.\" \/>\n<meta name=\"twitter:image\" content=\"https:\/\/nitu.mx\/wp-content\/uploads\/2017\/08\/Godzilla-CDMX.jpg\" \/>\n<meta name=\"twitter:creator\" content=\"@NITUmx\" \/>\n<meta name=\"twitter:site\" content=\"@Arturo_Medina_G\" \/>\n<meta name=\"twitter:label1\" content=\"Escrito por\" \/>\n\t<meta name=\"twitter:data1\" content=\"Mari Soto\" \/>\n\t<meta name=\"twitter:label2\" content=\"Tiempo de lectura\" \/>\n\t<meta name=\"twitter:data2\" content=\"2 minutos\" \/>\n<script type=\"application\/ld+json\" class=\"yoast-schema-graph\">{\"@context\":\"https:\/\/schema.org\",\"@graph\":[{\"@type\":\"Article\",\"@id\":\"https:\/\/nitu.mx\/index.php\/2017\/08\/15\/fondo-mixto-promocion-la-cdmx-trae-filmacion-godzilla-la-capital\/#article\",\"isPartOf\":{\"@id\":\"https:\/\/nitu.mx\/index.php\/2017\/08\/15\/fondo-mixto-promocion-la-cdmx-trae-filmacion-godzilla-la-capital\/\"},\"author\":{\"name\":\"Mari Soto\",\"@id\":\"https:\/\/nitu.mx\/#\/schema\/person\/afc52e313e27e660739556d421d3d6b4\"},\"headline\":\"Fondo Mixto de Promoci\u00f3n de la CDMX trae filmaci\u00f3n de Godzilla a la capital\",\"datePublished\":\"2017-08-16T04:34:10+00:00\",\"dateModified\":\"2017-08-16T05:09:01+00:00\",\"mainEntityOfPage\":{\"@id\":\"https:\/\/nitu.mx\/index.php\/2017\/08\/15\/fondo-mixto-promocion-la-cdmx-trae-filmacion-godzilla-la-capital\/\"},\"wordCount\":467,\"commentCount\":0,\"publisher\":{\"@id\":\"https:\/\/nitu.mx\/#\/schema\/person\/ae7a53426417292d3dd07b45a33e01bc\"},\"image\":{\"@id\":\"https:\/\/nitu.mx\/index.php\/2017\/08\/15\/fondo-mixto-promocion-la-cdmx-trae-filmacion-godzilla-la-capital\/#primaryimage\"},\"thumbnailUrl\":\"https:\/\/nitu.mx\/wp-content\/uploads\/2017\/08\/Godzilla-CDMX.jpg\",\"keywords\":[\"Alex Garc\u00eda\",\"Consejo de Promoci\u00f3n Tur\u00edstica de M\u00e9xico (CPTM)\",\"Fondo Mixto de Promoci\u00f3n Tur\u00edstica de la Ciudad de M\u00e9xico\",\"Godzilla\",\"Irene Mu\u00f1oz\",\"Legendary Entertainment\",\"Spectre\",\"Warner Bros\"],\"articleSection\":[\"Destinos\",\"Marketing\"],\"inLanguage\":\"es-MX\",\"potentialAction\":[{\"@type\":\"CommentAction\",\"name\":\"Comment\",\"target\":[\"https:\/\/nitu.mx\/index.php\/2017\/08\/15\/fondo-mixto-promocion-la-cdmx-trae-filmacion-godzilla-la-capital\/#respond\"]}]},{\"@type\":\"WebPage\",\"@id\":\"https:\/\/nitu.mx\/index.php\/2017\/08\/15\/fondo-mixto-promocion-la-cdmx-trae-filmacion-godzilla-la-capital\/\",\"url\":\"https:\/\/nitu.mx\/index.php\/2017\/08\/15\/fondo-mixto-promocion-la-cdmx-trae-filmacion-godzilla-la-capital\/\",\"name\":\"Fondo Mixto de Promoci\u00f3n de la CDMX trae filmaci\u00f3n de Godzilla a la capital - Nitu - Noticias de la Industria Turistica\",\"isPartOf\":{\"@id\":\"https:\/\/nitu.mx\/#website\"},\"primaryImageOfPage\":{\"@id\":\"https:\/\/nitu.mx\/index.php\/2017\/08\/15\/fondo-mixto-promocion-la-cdmx-trae-filmacion-godzilla-la-capital\/#primaryimage\"},\"image\":{\"@id\":\"https:\/\/nitu.mx\/index.php\/2017\/08\/15\/fondo-mixto-promocion-la-cdmx-trae-filmacion-godzilla-la-capital\/#primaryimage\"},\"thumbnailUrl\":\"https:\/\/nitu.mx\/wp-content\/uploads\/2017\/08\/Godzilla-CDMX.jpg\",\"datePublished\":\"2017-08-16T04:34:10+00:00\",\"dateModified\":\"2017-08-16T05:09:01+00:00\",\"description\":\"El Fondo Mixto de Promoci\u00f3n Tur\u00edstica de la CDMX, acord\u00f3 que en esta capital se grabar\u00e1n algunas escenas de la pel\u00edcula \u201cGodzilla: King of Monsters\u201d.\",\"breadcrumb\":{\"@id\":\"https:\/\/nitu.mx\/index.php\/2017\/08\/15\/fondo-mixto-promocion-la-cdmx-trae-filmacion-godzilla-la-capital\/#breadcrumb\"},\"inLanguage\":\"es-MX\",\"potentialAction\":[{\"@type\":\"ReadAction\",\"target\":[\"https:\/\/nitu.mx\/index.php\/2017\/08\/15\/fondo-mixto-promocion-la-cdmx-trae-filmacion-godzilla-la-capital\/\"]}]},{\"@type\":\"ImageObject\",\"inLanguage\":\"es-MX\",\"@id\":\"https:\/\/nitu.mx\/index.php\/2017\/08\/15\/fondo-mixto-promocion-la-cdmx-trae-filmacion-godzilla-la-capital\/#primaryimage\",\"url\":\"https:\/\/nitu.mx\/wp-content\/uploads\/2017\/08\/Godzilla-CDMX.jpg\",\"contentUrl\":\"https:\/\/nitu.mx\/wp-content\/uploads\/2017\/08\/Godzilla-CDMX.jpg\",\"width\":850,\"height\":480,\"caption\":\"Fondo Mixto de Promoci\u00f3n\"},{\"@type\":\"BreadcrumbList\",\"@id\":\"https:\/\/nitu.mx\/index.php\/2017\/08\/15\/fondo-mixto-promocion-la-cdmx-trae-filmacion-godzilla-la-capital\/#breadcrumb\",\"itemListElement\":[{\"@type\":\"ListItem\",\"position\":1,\"name\":\"Inicio\",\"item\":\"https:\/\/nitu.mx\/\"},{\"@type\":\"ListItem\",\"position\":2,\"name\":\"Fondo Mixto de Promoci\u00f3n de la CDMX trae filmaci\u00f3n de Godzilla a la capital\"}]},{\"@type\":\"WebSite\",\"@id\":\"https:\/\/nitu.mx\/#website\",\"url\":\"https:\/\/nitu.mx\/\",\"name\":\"Nitu - Noticias de la Industria Turistica\",\"description\":\"Noticias de la Industria Turistica\",\"publisher\":{\"@id\":\"https:\/\/nitu.mx\/#\/schema\/person\/ae7a53426417292d3dd07b45a33e01bc\"},\"alternateName\":\"Noticias de la Industria Turistica\",\"potentialAction\":[{\"@type\":\"SearchAction\",\"target\":{\"@type\":\"EntryPoint\",\"urlTemplate\":\"https:\/\/nitu.mx\/?s={search_term_string}\"},\"query-input\":\"required name=search_term_string\"}],\"inLanguage\":\"es-MX\"},{\"@type\":[\"Person\",\"Organization\"],\"@id\":\"https:\/\/nitu.mx\/#\/schema\/person\/ae7a53426417292d3dd07b45a33e01bc\",\"name\":\"Arturo Medina\",\"image\":{\"@type\":\"ImageObject\",\"inLanguage\":\"es-MX\",\"@id\":\"https:\/\/nitu.mx\/#\/schema\/person\/image\/\",\"url\":\"https:\/\/nitu.mx\/wp-content\/uploads\/2024\/04\/4A315622-1904-4D5C-B022-878CDC840E04-90x90-1.jpeg\",\"contentUrl\":\"https:\/\/nitu.mx\/wp-content\/uploads\/2024\/04\/4A315622-1904-4D5C-B022-878CDC840E04-90x90-1.jpeg\",\"width\":90,\"height\":90,\"caption\":\"Arturo Medina\"},\"logo\":{\"@id\":\"https:\/\/nitu.mx\/#\/schema\/person\/image\/\"},\"description\":\"Director NITU.mx, Egresado de la Escuela de Periodismo Carlos Septi\u00e9n Garc\u00eda. Periodista y analista especializado en turismo desde hace 35 a\u00f1os, radicado en Canc\u00fan Q.Roo. arturo@nitu.mx\",\"sameAs\":[\"https:\/\/nitu.mx\",\"https:\/\/www.facebook.com\/NITUmx\/\",\"medinacancun\",\"https:\/\/twitter.com\/@Arturo_Medina_G\"]},{\"@type\":\"Person\",\"@id\":\"https:\/\/nitu.mx\/#\/schema\/person\/afc52e313e27e660739556d421d3d6b4\",\"name\":\"Mari Soto\",\"image\":{\"@type\":\"ImageObject\",\"inLanguage\":\"es-MX\",\"@id\":\"https:\/\/nitu.mx\/#\/schema\/person\/image\/\",\"url\":\"https:\/\/secure.gravatar.com\/avatar\/2619c282a180a20d89fcaea82a6736e2?s=96&d=mm&r=g\",\"contentUrl\":\"https:\/\/secure.gravatar.com\/avatar\/2619c282a180a20d89fcaea82a6736e2?s=96&d=mm&r=g\",\"caption\":\"Mari Soto\"},\"sameAs\":[\"https:\/\/nitu.mx\"],\"url\":\"https:\/\/nitu.mx\/index.php\/author\/guadalupe\/\"}]}<\/script>\n<!-- \/ Yoast SEO plugin. -->","yoast_head_json":{"title":"Fondo Mixto de Promoci\u00f3n de la CDMX trae filmaci\u00f3n de Godzilla a la capital - Nitu - Noticias de la Industria Turistica","description":"El Fondo Mixto de Promoci\u00f3n Tur\u00edstica de la CDMX, acord\u00f3 que en esta capital se grabar\u00e1n algunas escenas de la pel\u00edcula \u201cGodzilla: King of Monsters\u201d.","robots":{"index":"index","follow":"follow","max-snippet":"max-snippet:-1","max-image-preview":"max-image-preview:large","max-video-preview":"max-video-preview:-1"},"canonical":"https:\/\/nitu.mx\/index.php\/2017\/08\/15\/fondo-mixto-promocion-la-cdmx-trae-filmacion-godzilla-la-capital\/","twitter_card":"summary_large_image","twitter_title":"Fondo Mixto de Promoci\u00f3n de la CDMX trae filmaci\u00f3n de Godzilla a la capital - Nitu - Noticias de la Industria Turistica","twitter_description":"El Fondo Mixto de Promoci\u00f3n Tur\u00edstica de la CDMX, acord\u00f3 que en esta capital se grabar\u00e1n algunas escenas de la pel\u00edcula \u201cGodzilla: King of Monsters\u201d.","twitter_image":"https:\/\/nitu.mx\/wp-content\/uploads\/2017\/08\/Godzilla-CDMX.jpg","twitter_creator":"@NITUmx","twitter_site":"@Arturo_Medina_G","twitter_misc":{"Escrito por":"Mari Soto","Tiempo de lectura":"2 minutos"},"schema":{"@context":"https:\/\/schema.org","@graph":[{"@type":"Article","@id":"https:\/\/nitu.mx\/index.php\/2017\/08\/15\/fondo-mixto-promocion-la-cdmx-trae-filmacion-godzilla-la-capital\/#article","isPartOf":{"@id":"https:\/\/nitu.mx\/index.php\/2017\/08\/15\/fondo-mixto-promocion-la-cdmx-trae-filmacion-godzilla-la-capital\/"},"author":{"name":"Mari Soto","@id":"https:\/\/nitu.mx\/#\/schema\/person\/afc52e313e27e660739556d421d3d6b4"},"headline":"Fondo Mixto de Promoci\u00f3n de la CDMX trae filmaci\u00f3n de Godzilla a la capital","datePublished":"2017-08-16T04:34:10+00:00","dateModified":"2017-08-16T05:09:01+00:00","mainEntityOfPage":{"@id":"https:\/\/nitu.mx\/index.php\/2017\/08\/15\/fondo-mixto-promocion-la-cdmx-trae-filmacion-godzilla-la-capital\/"},"wordCount":467,"commentCount":0,"publisher":{"@id":"https:\/\/nitu.mx\/#\/schema\/person\/ae7a53426417292d3dd07b45a33e01bc"},"image":{"@id":"https:\/\/nitu.mx\/index.php\/2017\/08\/15\/fondo-mixto-promocion-la-cdmx-trae-filmacion-godzilla-la-capital\/#primaryimage"},"thumbnailUrl":"https:\/\/nitu.mx\/wp-content\/uploads\/2017\/08\/Godzilla-CDMX.jpg","keywords":["Alex Garc\u00eda","Consejo de Promoci\u00f3n Tur\u00edstica de M\u00e9xico (CPTM)","Fondo Mixto de Promoci\u00f3n Tur\u00edstica de la Ciudad de M\u00e9xico","Godzilla","Irene Mu\u00f1oz","Legendary Entertainment","Spectre","Warner Bros"],"articleSection":["Destinos","Marketing"],"inLanguage":"es-MX","potentialAction":[{"@type":"CommentAction","name":"Comment","target":["https:\/\/nitu.mx\/index.php\/2017\/08\/15\/fondo-mixto-promocion-la-cdmx-trae-filmacion-godzilla-la-capital\/#respond"]}]},{"@type":"WebPage","@id":"https:\/\/nitu.mx\/index.php\/2017\/08\/15\/fondo-mixto-promocion-la-cdmx-trae-filmacion-godzilla-la-capital\/","url":"https:\/\/nitu.mx\/index.php\/2017\/08\/15\/fondo-mixto-promocion-la-cdmx-trae-filmacion-godzilla-la-capital\/","name":"Fondo Mixto de Promoci\u00f3n de la CDMX trae filmaci\u00f3n de Godzilla a la capital - Nitu - Noticias de la Industria Turistica","isPartOf":{"@id":"https:\/\/nitu.mx\/#website"},"primaryImageOfPage":{"@id":"https:\/\/nitu.mx\/index.php\/2017\/08\/15\/fondo-mixto-promocion-la-cdmx-trae-filmacion-godzilla-la-capital\/#primaryimage"},"image":{"@id":"https:\/\/nitu.mx\/index.php\/2017\/08\/15\/fondo-mixto-promocion-la-cdmx-trae-filmacion-godzilla-la-capital\/#primaryimage"},"thumbnailUrl":"https:\/\/nitu.mx\/wp-content\/uploads\/2017\/08\/Godzilla-CDMX.jpg","datePublished":"2017-08-16T04:34:10+00:00","dateModified":"2017-08-16T05:09:01+00:00","description":"El Fondo Mixto de Promoci\u00f3n Tur\u00edstica de la CDMX, acord\u00f3 que en esta capital se grabar\u00e1n algunas escenas de la pel\u00edcula \u201cGodzilla: King of Monsters\u201d.","breadcrumb":{"@id":"https:\/\/nitu.mx\/index.php\/2017\/08\/15\/fondo-mixto-promocion-la-cdmx-trae-filmacion-godzilla-la-capital\/#breadcrumb"},"inLanguage":"es-MX","potentialAction":[{"@type":"ReadAction","target":["https:\/\/nitu.mx\/index.php\/2017\/08\/15\/fondo-mixto-promocion-la-cdmx-trae-filmacion-godzilla-la-capital\/"]}]},{"@type":"ImageObject","inLanguage":"es-MX","@id":"https:\/\/nitu.mx\/index.php\/2017\/08\/15\/fondo-mixto-promocion-la-cdmx-trae-filmacion-godzilla-la-capital\/#primaryimage","url":"https:\/\/nitu.mx\/wp-content\/uploads\/2017\/08\/Godzilla-CDMX.jpg","contentUrl":"https:\/\/nitu.mx\/wp-content\/uploads\/2017\/08\/Godzilla-CDMX.jpg","width":850,"height":480,"caption":"Fondo Mixto de Promoci\u00f3n"},{"@type":"BreadcrumbList","@id":"https:\/\/nitu.mx\/index.php\/2017\/08\/15\/fondo-mixto-promocion-la-cdmx-trae-filmacion-godzilla-la-capital\/#breadcrumb","itemListElement":[{"@type":"ListItem","position":1,"name":"Inicio","item":"https:\/\/nitu.mx\/"},{"@type":"ListItem","position":2,"name":"Fondo Mixto de Promoci\u00f3n de la CDMX trae filmaci\u00f3n de Godzilla a la capital"}]},{"@type":"WebSite","@id":"https:\/\/nitu.mx\/#website","url":"https:\/\/nitu.mx\/","name":"Nitu - Noticias de la Industria Turistica","description":"Noticias de la Industria Turistica","publisher":{"@id":"https:\/\/nitu.mx\/#\/schema\/person\/ae7a53426417292d3dd07b45a33e01bc"},"alternateName":"Noticias de la Industria Turistica","potentialAction":[{"@type":"SearchAction","target":{"@type":"EntryPoint","urlTemplate":"https:\/\/nitu.mx\/?s={search_term_string}"},"query-input":"required name=search_term_string"}],"inLanguage":"es-MX"},{"@type":["Person","Organization"],"@id":"https:\/\/nitu.mx\/#\/schema\/person\/ae7a53426417292d3dd07b45a33e01bc","name":"Arturo Medina","image":{"@type":"ImageObject","inLanguage":"es-MX","@id":"https:\/\/nitu.mx\/#\/schema\/person\/image\/","url":"https:\/\/nitu.mx\/wp-content\/uploads\/2024\/04\/4A315622-1904-4D5C-B022-878CDC840E04-90x90-1.jpeg","contentUrl":"https:\/\/nitu.mx\/wp-content\/uploads\/2024\/04\/4A315622-1904-4D5C-B022-878CDC840E04-90x90-1.jpeg","width":90,"height":90,"caption":"Arturo Medina"},"logo":{"@id":"https:\/\/nitu.mx\/#\/schema\/person\/image\/"},"description":"Director NITU.mx, Egresado de la Escuela de Periodismo Carlos Septi\u00e9n Garc\u00eda. Periodista y analista especializado en turismo desde hace 35 a\u00f1os, radicado en Canc\u00fan Q.Roo. arturo@nitu.mx","sameAs":["https:\/\/nitu.mx","https:\/\/www.facebook.com\/NITUmx\/","medinacancun","https:\/\/twitter.com\/@Arturo_Medina_G"]},{"@type":"Person","@id":"https:\/\/nitu.mx\/#\/schema\/person\/afc52e313e27e660739556d421d3d6b4","name":"Mari Soto","image":{"@type":"ImageObject","inLanguage":"es-MX","@id":"https:\/\/nitu.mx\/#\/schema\/person\/image\/","url":"https:\/\/secure.gravatar.com\/avatar\/2619c282a180a20d89fcaea82a6736e2?s=96&d=mm&r=g","contentUrl":"https:\/\/secure.gravatar.com\/avatar\/2619c282a180a20d89fcaea82a6736e2?s=96&d=mm&r=g","caption":"Mari Soto"},"sameAs":["https:\/\/nitu.mx"],"url":"https:\/\/nitu.mx\/index.php\/author\/guadalupe\/"}]}},"views":261,"_links":{"self":[{"href":"https:\/\/nitu.mx\/index.php\/wp-json\/wp\/v2\/posts\/12235"}],"collection":[{"href":"https:\/\/nitu.mx\/index.php\/wp-json\/wp\/v2\/posts"}],"about":[{"href":"https:\/\/nitu.mx\/index.php\/wp-json\/wp\/v2\/types\/post"}],"author":[{"embeddable":true,"href":"https:\/\/nitu.mx\/index.php\/wp-json\/wp\/v2\/users\/5"}],"replies":[{"embeddable":true,"href":"https:\/\/nitu.mx\/index.php\/wp-json\/wp\/v2\/comments?post=12235"}],"version-history":[{"count":1,"href":"https:\/\/nitu.mx\/index.php\/wp-json\/wp\/v2\/posts\/12235\/revisions"}],"predecessor-version":[{"id":12236,"href":"https:\/\/nitu.mx\/index.php\/wp-json\/wp\/v2\/posts\/12235\/revisions\/12236"}],"wp:featuredmedia":[{"embeddable":true,"href":"https:\/\/nitu.mx\/index.php\/wp-json\/wp\/v2\/media\/12251"}],"wp:attachment":[{"href":"https:\/\/nitu.mx\/index.php\/wp-json\/wp\/v2\/media?parent=12235"}],"wp:term":[{"taxonomy":"category","embeddable":true,"href":"https:\/\/nitu.mx\/index.php\/wp-json\/wp\/v2\/categories?post=12235"},{"taxonomy":"post_tag","embeddable":true,"href":"https:\/\/nitu.mx\/index.php\/wp-json\/wp\/v2\/tags?post=12235"}],"curies":[{"name":"wp","href":"https:\/\/api.w.org\/{rel}","templated":true}]}}