{"id":12082,"date":"2017-08-09T01:17:03","date_gmt":"2017-08-09T06:17:03","guid":{"rendered":"http:\/\/www.dev.nitu.mx\/?p=12082"},"modified":"2017-08-09T01:17:03","modified_gmt":"2017-08-09T06:17:03","slug":"leon-diversifica-su-oferta-turistica","status":"publish","type":"post","link":"https:\/\/nitu.mx\/index.php\/2017\/08\/09\/leon-diversifica-su-oferta-turistica\/","title":{"rendered":"Le\u00f3n diversifica su oferta tur\u00edstica con nuevo acuario"},"content":{"rendered":"<p>Le\u00f3n agrega otro atractivo m\u00e1s a la oferta tur\u00edstica del destino, con la inauguraci\u00f3n de su nueva atracci\u00f3n, \u201cEl Acuario del Baj\u00edo\u201d, ubicado en la moderna plaza de Altacia.<\/p>\n<p>Considerado el \u00fanico en su tipo en la regi\u00f3n centro de M\u00e9xico, el nuevo acuario fue inaugurado por el gobernador del estado, Miguel M\u00e1rquez M\u00e1rquez, el secretario de Turismo, Fernando Olivera Rocha, el alcalde de Le\u00f3n, H\u00e9ctor L\u00f3pez Santillana y Alejandro Nasta Icaza, director del grupo empresarial Blau Life.<\/p>\n<p>Nasta Icaza destac\u00f3 que el mar lleg\u00f3 al Baj\u00edo con m\u00e1s de 50 exhibiciones tem\u00e1ticas, modernas instalaciones y la m\u00e1s moderna tecnolog\u00eda, que permitir\u00e1 a todo aquel que lo visita interactuar con las maravillas del mundo marino.<\/p>\n<p>En tanto, el gobernador del estado destac\u00f3 que este acuario no s\u00f3lo es un atractivo nuevo para Le\u00f3n, sino para toda la regi\u00f3n. \u201cDec\u00edan que a Guanajuato, en turismo s\u00f3lo le faltaban playas, pues ya tenemos un pedacito de mar\u201d, dijo.\u00a0(<a title=\"23 de cada 100 turistas llegan a Guanajuato por su gastronom\u00eda\" href=\"http:\/\/www.dev.nitu.mx\/index.php\/2017\/06\/29\/23-de-100-turistas-llegan-a-guanajuato-por-su-gastronomia\/\" rel=\"bookmark\">23 de cada 100 turistas llegan a Guanajuato por su gastronom\u00eda<\/a>).<\/p>\n<p>En el acuario se podr\u00e1n observar m\u00e1s de 300 especies en 100 mil metros cuadrados. Entre las especies destacan el Tibur\u00f3n punta negra, cocodrilos, rayas, medusas, caballitos de mar y diversos peces de arrecifes.<\/p>\n<p>Este acuario, adem\u00e1s contar\u00e1 con un \u00e1rea especializada encargada de supervisar, alimentar, preservar y reproducir a las especies, en la que trabajar\u00e1n bi\u00f3logos, veterinarios, acuicultores e ingenieros.<\/p>\n<p>El nuevo acuario busca promover el respeto hacia la naturaleza, y la importancia de conservar los ecosistemas marinos como son los arrecifes de corales, hogar de 25 por ciento de las especies marinas de todo el mundo, en este sentido los especialistas que trabajar\u00e1n aqu\u00ed se enfocar\u00e1n tambi\u00e9n en entender el comportamiento de los card\u00famenes.<\/p>\n","protected":false},"excerpt":{"rendered":"<p>Le\u00f3n agrega otro atractivo m\u00e1s a la oferta tur\u00edstica del destino, con la inauguraci\u00f3n de su nueva atracci\u00f3n, \u201cEl Acuario del Baj\u00edo\u201d, ubicado en la moderna plaza de Altacia. Considerado el \u00fanico en su tipo en la regi\u00f3n centro de M\u00e9xico, el nuevo acuario fue inaugurado por el gobernador del estado, Miguel M\u00e1rquez M\u00e1rquez, el [&hellip;]<\/p>\n","protected":false},"author":17,"featured_media":12085,"comment_status":"open","ping_status":"open","sticky":false,"template":"","format":"standard","meta":{"footnotes":""},"categories":[5,6],"tags":[5431,1742,511,5432,60,5433],"yoast_head":"<!-- This site is optimized with the Yoast SEO plugin v22.2 - https:\/\/yoast.com\/wordpress\/plugins\/seo\/ -->\n<title>Le\u00f3n diversifica su oferta tur\u00edstica con nuevo acuario - Nitu - Noticias de la Industria Turistica<\/title>\n<meta name=\"description\" content=\"Le\u00f3n agrega otro atractivo m\u00e1s a la oferta tur\u00edstica del destino, con la inauguraci\u00f3n de su nueva atracci\u00f3n, \u201cEl Acuario del Baj\u00edo\u201d.\" \/>\n<meta name=\"robots\" content=\"index, follow, max-snippet:-1, max-image-preview:large, max-video-preview:-1\" \/>\n<link rel=\"canonical\" href=\"https:\/\/nitu.mx\/index.php\/2017\/08\/09\/leon-diversifica-su-oferta-turistica\/\" \/>\n<meta name=\"twitter:card\" content=\"summary_large_image\" \/>\n<meta name=\"twitter:title\" content=\"Le\u00f3n diversifica su oferta tur\u00edstica con nuevo acuario - Nitu - Noticias de la Industria Turistica\" \/>\n<meta name=\"twitter:description\" content=\"Le\u00f3n agrega otro atractivo m\u00e1s a la oferta tur\u00edstica del destino, con la inauguraci\u00f3n de su nueva atracci\u00f3n, \u201cEl Acuario del Baj\u00edo\u201d.\" \/>\n<meta name=\"twitter:image\" content=\"https:\/\/nitu.mx\/wp-content\/uploads\/2017\/08\/Acuario-del-baj\u00edo-inauguraci\u00f3n.jpg\" \/>\n<meta name=\"twitter:creator\" content=\"@NITUmx\" \/>\n<meta name=\"twitter:site\" content=\"@Arturo_Medina_G\" \/>\n<meta name=\"twitter:label1\" content=\"Escrito por\" \/>\n\t<meta name=\"twitter:data1\" content=\"Redacci\u00f3n\" \/>\n\t<meta name=\"twitter:label2\" content=\"Tiempo de lectura\" \/>\n\t<meta name=\"twitter:data2\" content=\"2 minutos\" \/>\n<script type=\"application\/ld+json\" class=\"yoast-schema-graph\">{\"@context\":\"https:\/\/schema.org\",\"@graph\":[{\"@type\":\"Article\",\"@id\":\"https:\/\/nitu.mx\/index.php\/2017\/08\/09\/leon-diversifica-su-oferta-turistica\/#article\",\"isPartOf\":{\"@id\":\"https:\/\/nitu.mx\/index.php\/2017\/08\/09\/leon-diversifica-su-oferta-turistica\/\"},\"author\":{\"name\":\"Redacci\u00f3n\",\"@id\":\"https:\/\/nitu.mx\/#\/schema\/person\/4a28fe9bd65924f7c90623773daf1b0b\"},\"headline\":\"Le\u00f3n diversifica su oferta tur\u00edstica con nuevo acuario\",\"datePublished\":\"2017-08-09T06:17:03+00:00\",\"dateModified\":\"2017-08-09T06:17:03+00:00\",\"mainEntityOfPage\":{\"@id\":\"https:\/\/nitu.mx\/index.php\/2017\/08\/09\/leon-diversifica-su-oferta-turistica\/\"},\"wordCount\":321,\"commentCount\":0,\"publisher\":{\"@id\":\"https:\/\/nitu.mx\/#\/schema\/person\/ae7a53426417292d3dd07b45a33e01bc\"},\"image\":{\"@id\":\"https:\/\/nitu.mx\/index.php\/2017\/08\/09\/leon-diversifica-su-oferta-turistica\/#primaryimage\"},\"thumbnailUrl\":\"https:\/\/nitu.mx\/wp-content\/uploads\/2017\/08\/Acuario-del-baj\u00edo-inauguraci\u00f3n.jpg\",\"keywords\":[\"Acuario del Baj\u00edo\",\"Fernando Olivera Rocha\",\"Guanajuato\",\"H\u00e9ctor L\u00f3pez Santillana\",\"Le\u00f3n\",\"Miguel M\u00e1rquez M\u00e1rquez\"],\"articleSection\":[\"Destinos\",\"M\u00e9xico\"],\"inLanguage\":\"es-MX\",\"potentialAction\":[{\"@type\":\"CommentAction\",\"name\":\"Comment\",\"target\":[\"https:\/\/nitu.mx\/index.php\/2017\/08\/09\/leon-diversifica-su-oferta-turistica\/#respond\"]}]},{\"@type\":\"WebPage\",\"@id\":\"https:\/\/nitu.mx\/index.php\/2017\/08\/09\/leon-diversifica-su-oferta-turistica\/\",\"url\":\"https:\/\/nitu.mx\/index.php\/2017\/08\/09\/leon-diversifica-su-oferta-turistica\/\",\"name\":\"Le\u00f3n diversifica su oferta tur\u00edstica con nuevo acuario - Nitu - Noticias de la Industria Turistica\",\"isPartOf\":{\"@id\":\"https:\/\/nitu.mx\/#website\"},\"primaryImageOfPage\":{\"@id\":\"https:\/\/nitu.mx\/index.php\/2017\/08\/09\/leon-diversifica-su-oferta-turistica\/#primaryimage\"},\"image\":{\"@id\":\"https:\/\/nitu.mx\/index.php\/2017\/08\/09\/leon-diversifica-su-oferta-turistica\/#primaryimage\"},\"thumbnailUrl\":\"https:\/\/nitu.mx\/wp-content\/uploads\/2017\/08\/Acuario-del-baj\u00edo-inauguraci\u00f3n.jpg\",\"datePublished\":\"2017-08-09T06:17:03+00:00\",\"dateModified\":\"2017-08-09T06:17:03+00:00\",\"description\":\"Le\u00f3n agrega otro atractivo m\u00e1s a la oferta tur\u00edstica del destino, con la inauguraci\u00f3n de su nueva atracci\u00f3n, \u201cEl Acuario del Baj\u00edo\u201d.\",\"breadcrumb\":{\"@id\":\"https:\/\/nitu.mx\/index.php\/2017\/08\/09\/leon-diversifica-su-oferta-turistica\/#breadcrumb\"},\"inLanguage\":\"es-MX\",\"potentialAction\":[{\"@type\":\"ReadAction\",\"target\":[\"https:\/\/nitu.mx\/index.php\/2017\/08\/09\/leon-diversifica-su-oferta-turistica\/\"]}]},{\"@type\":\"ImageObject\",\"inLanguage\":\"es-MX\",\"@id\":\"https:\/\/nitu.mx\/index.php\/2017\/08\/09\/leon-diversifica-su-oferta-turistica\/#primaryimage\",\"url\":\"https:\/\/nitu.mx\/wp-content\/uploads\/2017\/08\/Acuario-del-baj\u00edo-inauguraci\u00f3n.jpg\",\"contentUrl\":\"https:\/\/nitu.mx\/wp-content\/uploads\/2017\/08\/Acuario-del-baj\u00edo-inauguraci\u00f3n.jpg\",\"width\":850,\"height\":480,\"caption\":\"Le\u00f3n\"},{\"@type\":\"BreadcrumbList\",\"@id\":\"https:\/\/nitu.mx\/index.php\/2017\/08\/09\/leon-diversifica-su-oferta-turistica\/#breadcrumb\",\"itemListElement\":[{\"@type\":\"ListItem\",\"position\":1,\"name\":\"Inicio\",\"item\":\"https:\/\/nitu.mx\/\"},{\"@type\":\"ListItem\",\"position\":2,\"name\":\"Le\u00f3n diversifica su oferta tur\u00edstica con nuevo acuario\"}]},{\"@type\":\"WebSite\",\"@id\":\"https:\/\/nitu.mx\/#website\",\"url\":\"https:\/\/nitu.mx\/\",\"name\":\"Nitu - Noticias de la Industria Turistica\",\"description\":\"Noticias de la Industria Turistica\",\"publisher\":{\"@id\":\"https:\/\/nitu.mx\/#\/schema\/person\/ae7a53426417292d3dd07b45a33e01bc\"},\"alternateName\":\"Noticias de la Industria Turistica\",\"potentialAction\":[{\"@type\":\"SearchAction\",\"target\":{\"@type\":\"EntryPoint\",\"urlTemplate\":\"https:\/\/nitu.mx\/?s={search_term_string}\"},\"query-input\":\"required name=search_term_string\"}],\"inLanguage\":\"es-MX\"},{\"@type\":[\"Person\",\"Organization\"],\"@id\":\"https:\/\/nitu.mx\/#\/schema\/person\/ae7a53426417292d3dd07b45a33e01bc\",\"name\":\"Arturo Medina\",\"image\":{\"@type\":\"ImageObject\",\"inLanguage\":\"es-MX\",\"@id\":\"https:\/\/nitu.mx\/#\/schema\/person\/image\/\",\"url\":\"https:\/\/nitu.mx\/wp-content\/uploads\/2024\/04\/4A315622-1904-4D5C-B022-878CDC840E04-90x90-1.jpeg\",\"contentUrl\":\"https:\/\/nitu.mx\/wp-content\/uploads\/2024\/04\/4A315622-1904-4D5C-B022-878CDC840E04-90x90-1.jpeg\",\"width\":90,\"height\":90,\"caption\":\"Arturo Medina\"},\"logo\":{\"@id\":\"https:\/\/nitu.mx\/#\/schema\/person\/image\/\"},\"description\":\"Director NITU.mx, Egresado de la Escuela de Periodismo Carlos Septi\u00e9n Garc\u00eda. Periodista y analista especializado en turismo desde hace 35 a\u00f1os, radicado en Canc\u00fan Q.Roo. arturo@nitu.mx\",\"sameAs\":[\"https:\/\/nitu.mx\",\"https:\/\/www.facebook.com\/NITUmx\/\",\"medinacancun\",\"https:\/\/twitter.com\/@Arturo_Medina_G\"]},{\"@type\":\"Person\",\"@id\":\"https:\/\/nitu.mx\/#\/schema\/person\/4a28fe9bd65924f7c90623773daf1b0b\",\"name\":\"Redacci\u00f3n\",\"image\":{\"@type\":\"ImageObject\",\"inLanguage\":\"es-MX\",\"@id\":\"https:\/\/nitu.mx\/#\/schema\/person\/image\/\",\"url\":\"https:\/\/secure.gravatar.com\/avatar\/5dd011c8ccfc5cd7e4c81e42252aab38?s=96&d=mm&r=g\",\"contentUrl\":\"https:\/\/secure.gravatar.com\/avatar\/5dd011c8ccfc5cd7e4c81e42252aab38?s=96&d=mm&r=g\",\"caption\":\"Redacci\u00f3n\"},\"url\":\"https:\/\/nitu.mx\/index.php\/author\/redaccion\/\"}]}<\/script>\n<!-- \/ Yoast SEO plugin. -->","yoast_head_json":{"title":"Le\u00f3n diversifica su oferta tur\u00edstica con nuevo acuario - Nitu - Noticias de la Industria Turistica","description":"Le\u00f3n agrega otro atractivo m\u00e1s a la oferta tur\u00edstica del destino, con la inauguraci\u00f3n de su nueva atracci\u00f3n, \u201cEl Acuario del Baj\u00edo\u201d.","robots":{"index":"index","follow":"follow","max-snippet":"max-snippet:-1","max-image-preview":"max-image-preview:large","max-video-preview":"max-video-preview:-1"},"canonical":"https:\/\/nitu.mx\/index.php\/2017\/08\/09\/leon-diversifica-su-oferta-turistica\/","twitter_card":"summary_large_image","twitter_title":"Le\u00f3n diversifica su oferta tur\u00edstica con nuevo acuario - Nitu - Noticias de la Industria Turistica","twitter_description":"Le\u00f3n agrega otro atractivo m\u00e1s a la oferta tur\u00edstica del destino, con la inauguraci\u00f3n de su nueva atracci\u00f3n, \u201cEl Acuario del Baj\u00edo\u201d.","twitter_image":"https:\/\/nitu.mx\/wp-content\/uploads\/2017\/08\/Acuario-del-baj\u00edo-inauguraci\u00f3n.jpg","twitter_creator":"@NITUmx","twitter_site":"@Arturo_Medina_G","twitter_misc":{"Escrito por":"Redacci\u00f3n","Tiempo de lectura":"2 minutos"},"schema":{"@context":"https:\/\/schema.org","@graph":[{"@type":"Article","@id":"https:\/\/nitu.mx\/index.php\/2017\/08\/09\/leon-diversifica-su-oferta-turistica\/#article","isPartOf":{"@id":"https:\/\/nitu.mx\/index.php\/2017\/08\/09\/leon-diversifica-su-oferta-turistica\/"},"author":{"name":"Redacci\u00f3n","@id":"https:\/\/nitu.mx\/#\/schema\/person\/4a28fe9bd65924f7c90623773daf1b0b"},"headline":"Le\u00f3n diversifica su oferta tur\u00edstica con nuevo acuario","datePublished":"2017-08-09T06:17:03+00:00","dateModified":"2017-08-09T06:17:03+00:00","mainEntityOfPage":{"@id":"https:\/\/nitu.mx\/index.php\/2017\/08\/09\/leon-diversifica-su-oferta-turistica\/"},"wordCount":321,"commentCount":0,"publisher":{"@id":"https:\/\/nitu.mx\/#\/schema\/person\/ae7a53426417292d3dd07b45a33e01bc"},"image":{"@id":"https:\/\/nitu.mx\/index.php\/2017\/08\/09\/leon-diversifica-su-oferta-turistica\/#primaryimage"},"thumbnailUrl":"https:\/\/nitu.mx\/wp-content\/uploads\/2017\/08\/Acuario-del-baj\u00edo-inauguraci\u00f3n.jpg","keywords":["Acuario del Baj\u00edo","Fernando Olivera Rocha","Guanajuato","H\u00e9ctor L\u00f3pez Santillana","Le\u00f3n","Miguel M\u00e1rquez M\u00e1rquez"],"articleSection":["Destinos","M\u00e9xico"],"inLanguage":"es-MX","potentialAction":[{"@type":"CommentAction","name":"Comment","target":["https:\/\/nitu.mx\/index.php\/2017\/08\/09\/leon-diversifica-su-oferta-turistica\/#respond"]}]},{"@type":"WebPage","@id":"https:\/\/nitu.mx\/index.php\/2017\/08\/09\/leon-diversifica-su-oferta-turistica\/","url":"https:\/\/nitu.mx\/index.php\/2017\/08\/09\/leon-diversifica-su-oferta-turistica\/","name":"Le\u00f3n diversifica su oferta tur\u00edstica con nuevo acuario - Nitu - Noticias de la Industria Turistica","isPartOf":{"@id":"https:\/\/nitu.mx\/#website"},"primaryImageOfPage":{"@id":"https:\/\/nitu.mx\/index.php\/2017\/08\/09\/leon-diversifica-su-oferta-turistica\/#primaryimage"},"image":{"@id":"https:\/\/nitu.mx\/index.php\/2017\/08\/09\/leon-diversifica-su-oferta-turistica\/#primaryimage"},"thumbnailUrl":"https:\/\/nitu.mx\/wp-content\/uploads\/2017\/08\/Acuario-del-baj\u00edo-inauguraci\u00f3n.jpg","datePublished":"2017-08-09T06:17:03+00:00","dateModified":"2017-08-09T06:17:03+00:00","description":"Le\u00f3n agrega otro atractivo m\u00e1s a la oferta tur\u00edstica del destino, con la inauguraci\u00f3n de su nueva atracci\u00f3n, \u201cEl Acuario del Baj\u00edo\u201d.","breadcrumb":{"@id":"https:\/\/nitu.mx\/index.php\/2017\/08\/09\/leon-diversifica-su-oferta-turistica\/#breadcrumb"},"inLanguage":"es-MX","potentialAction":[{"@type":"ReadAction","target":["https:\/\/nitu.mx\/index.php\/2017\/08\/09\/leon-diversifica-su-oferta-turistica\/"]}]},{"@type":"ImageObject","inLanguage":"es-MX","@id":"https:\/\/nitu.mx\/index.php\/2017\/08\/09\/leon-diversifica-su-oferta-turistica\/#primaryimage","url":"https:\/\/nitu.mx\/wp-content\/uploads\/2017\/08\/Acuario-del-baj\u00edo-inauguraci\u00f3n.jpg","contentUrl":"https:\/\/nitu.mx\/wp-content\/uploads\/2017\/08\/Acuario-del-baj\u00edo-inauguraci\u00f3n.jpg","width":850,"height":480,"caption":"Le\u00f3n"},{"@type":"BreadcrumbList","@id":"https:\/\/nitu.mx\/index.php\/2017\/08\/09\/leon-diversifica-su-oferta-turistica\/#breadcrumb","itemListElement":[{"@type":"ListItem","position":1,"name":"Inicio","item":"https:\/\/nitu.mx\/"},{"@type":"ListItem","position":2,"name":"Le\u00f3n diversifica su oferta tur\u00edstica con nuevo acuario"}]},{"@type":"WebSite","@id":"https:\/\/nitu.mx\/#website","url":"https:\/\/nitu.mx\/","name":"Nitu - Noticias de la Industria Turistica","description":"Noticias de la Industria Turistica","publisher":{"@id":"https:\/\/nitu.mx\/#\/schema\/person\/ae7a53426417292d3dd07b45a33e01bc"},"alternateName":"Noticias de la Industria Turistica","potentialAction":[{"@type":"SearchAction","target":{"@type":"EntryPoint","urlTemplate":"https:\/\/nitu.mx\/?s={search_term_string}"},"query-input":"required name=search_term_string"}],"inLanguage":"es-MX"},{"@type":["Person","Organization"],"@id":"https:\/\/nitu.mx\/#\/schema\/person\/ae7a53426417292d3dd07b45a33e01bc","name":"Arturo Medina","image":{"@type":"ImageObject","inLanguage":"es-MX","@id":"https:\/\/nitu.mx\/#\/schema\/person\/image\/","url":"https:\/\/nitu.mx\/wp-content\/uploads\/2024\/04\/4A315622-1904-4D5C-B022-878CDC840E04-90x90-1.jpeg","contentUrl":"https:\/\/nitu.mx\/wp-content\/uploads\/2024\/04\/4A315622-1904-4D5C-B022-878CDC840E04-90x90-1.jpeg","width":90,"height":90,"caption":"Arturo Medina"},"logo":{"@id":"https:\/\/nitu.mx\/#\/schema\/person\/image\/"},"description":"Director NITU.mx, Egresado de la Escuela de Periodismo Carlos Septi\u00e9n Garc\u00eda. Periodista y analista especializado en turismo desde hace 35 a\u00f1os, radicado en Canc\u00fan Q.Roo. arturo@nitu.mx","sameAs":["https:\/\/nitu.mx","https:\/\/www.facebook.com\/NITUmx\/","medinacancun","https:\/\/twitter.com\/@Arturo_Medina_G"]},{"@type":"Person","@id":"https:\/\/nitu.mx\/#\/schema\/person\/4a28fe9bd65924f7c90623773daf1b0b","name":"Redacci\u00f3n","image":{"@type":"ImageObject","inLanguage":"es-MX","@id":"https:\/\/nitu.mx\/#\/schema\/person\/image\/","url":"https:\/\/secure.gravatar.com\/avatar\/5dd011c8ccfc5cd7e4c81e42252aab38?s=96&d=mm&r=g","contentUrl":"https:\/\/secure.gravatar.com\/avatar\/5dd011c8ccfc5cd7e4c81e42252aab38?s=96&d=mm&r=g","caption":"Redacci\u00f3n"},"url":"https:\/\/nitu.mx\/index.php\/author\/redaccion\/"}]}},"views":238,"_links":{"self":[{"href":"https:\/\/nitu.mx\/index.php\/wp-json\/wp\/v2\/posts\/12082"}],"collection":[{"href":"https:\/\/nitu.mx\/index.php\/wp-json\/wp\/v2\/posts"}],"about":[{"href":"https:\/\/nitu.mx\/index.php\/wp-json\/wp\/v2\/types\/post"}],"author":[{"embeddable":true,"href":"https:\/\/nitu.mx\/index.php\/wp-json\/wp\/v2\/users\/17"}],"replies":[{"embeddable":true,"href":"https:\/\/nitu.mx\/index.php\/wp-json\/wp\/v2\/comments?post=12082"}],"version-history":[{"count":3,"href":"https:\/\/nitu.mx\/index.php\/wp-json\/wp\/v2\/posts\/12082\/revisions"}],"predecessor-version":[{"id":12086,"href":"https:\/\/nitu.mx\/index.php\/wp-json\/wp\/v2\/posts\/12082\/revisions\/12086"}],"wp:featuredmedia":[{"embeddable":true,"href":"https:\/\/nitu.mx\/index.php\/wp-json\/wp\/v2\/media\/12085"}],"wp:attachment":[{"href":"https:\/\/nitu.mx\/index.php\/wp-json\/wp\/v2\/media?parent=12082"}],"wp:term":[{"taxonomy":"category","embeddable":true,"href":"https:\/\/nitu.mx\/index.php\/wp-json\/wp\/v2\/categories?post=12082"},{"taxonomy":"post_tag","embeddable":true,"href":"https:\/\/nitu.mx\/index.php\/wp-json\/wp\/v2\/tags?post=12082"}],"curies":[{"name":"wp","href":"https:\/\/api.w.org\/{rel}","templated":true}]}}