{"id":12064,"date":"2017-08-09T00:29:50","date_gmt":"2017-08-09T05:29:50","guid":{"rendered":"http:\/\/www.dev.nitu.mx\/?p=12064"},"modified":"2017-08-09T00:32:55","modified_gmt":"2017-08-09T05:32:55","slug":"riviera-nayarit-mantiene-explosivo-desarrollo-hotelero","status":"publish","type":"post","link":"https:\/\/nitu.mx\/index.php\/2017\/08\/09\/riviera-nayarit-mantiene-explosivo-desarrollo-hotelero\/","title":{"rendered":"Riviera Nayarit mantiene explosivo desarrollo hotelero"},"content":{"rendered":"<p>Tal como sucedi\u00f3 con la Riviera Maya, la Riviera Nayarit, mantiene un explosivo desarrollo tur\u00edstico en sus costas del Pac\u00edfico de M\u00e9xico, ya que a finales de este a\u00f1o se esperan las aperturas de los hoteles Grand Krystal y Grand Serenis Matlali, mientras Hilton e Iberostar planean proyectos, que se concretan con la apertura del primer tramo de la autopista Jala-Bah\u00eda de Banderas, que va de Jala a Compostela.<\/p>\n<p>Ya anteriormente en pl\u00e1tica con <em><strong>NITU.mx<\/strong><\/em>, el empresario, Rafael Lang, hab\u00eda se\u00f1alado que era contundente el desarrollo en la zona, y que era uno de los puntos de amplio desarrollo tur\u00edstico del pa\u00eds, por su gran potencial.\u00a0(<a title=\"Riviera Nayarita, destino con gran potencial: Rafael Lang\" href=\"http:\/\/www.dev.nitu.mx\/index.php\/2017\/05\/18\/riviera-nayarita-destino-con-gran-potencial-rafael-lang\/\" rel=\"bookmark\">Riviera Nayarita, destino con gran potencial: Rafael Lang<\/a>).<\/p>\n<p>La segunda y tercera secciones est\u00e1n en marcha, la secci\u00f3n de Compostela a Las Varas se completar\u00e1 en diciembre y Las Varas a Bah\u00eda de Banderas comenzar\u00e1 la construcci\u00f3n en 2018. Esta nueva carretera reducir\u00e1 el tiempo de viaje desde Guadalajara a las playas de Riviera Nayarit de cinco horas a aproximadamente a dos.<\/p>\n<p>El gobierno del estado de Nayarit inaugur\u00f3 recientemente la nueva carretera Tepic-San Blas, que reduce la distancia de conducci\u00f3n entre la capital y el puerto hist\u00f3rico a s\u00f3lo 20 minutos.<\/p>\n<p>Como lo anunciamos en este digital, el Grupo Hotelero Santa Fe anunci\u00f3 la adquisici\u00f3n y ampliaci\u00f3n del Hotel Bel Air en Flamingos, que operar\u00e1 bajo la marca Krystal Grand. Esta propiedad agregar\u00e1 480 habitaciones y una suite, adem\u00e1s de un nuevo centro de convenciones y una docena de restaurantes y bares. Su finalizaci\u00f3n est\u00e1 prevista para finales de 2017.<\/p>\n<p>El Grupo Iberostar de Miguel Flux\u00e1, cuenta ya con el hotel Iberostar Playa Mita, dentro del Centro Integralmente Planeado (CIP) de Litib\u00fa, pero ya planea una segunda propiedad de la cadena espa\u00f1ola dentro del desarrollo.<\/p>\n<p>La cadena Hilton ha adquirido a La Tranquila, por lo que se esperan remodelaciones y nuevos proyectos para el desarrollo de Litib\u00fa.<\/p>\n<p>Asimismo, 28.5 millones de d\u00f3lares se destinar\u00e1n para construir la segunda etapa del desarrollo frente al mar de Grand Serenis Matlali, incluyendo 140 suites que est\u00e1n programadas para abrir en diciembre.\u00a0(<a title=\"Riviera Nayarit, im\u00e1n de turistas de EU, Canad\u00e1 y Australia\" href=\"http:\/\/www.dev.nitu.mx\/index.php\/2017\/04\/23\/riviera-nayarit-iman-de-turistas-de-eu-canada-y-australia\/\" rel=\"bookmark\">Riviera Nayarit, im\u00e1n de turistas de EU, Canad\u00e1 y Australia<\/a>)<\/p>\n","protected":false},"excerpt":{"rendered":"<p>Tal como sucedi\u00f3 con la Riviera Maya, la Riviera Nayarit, mantiene un explosivo desarrollo tur\u00edstico en sus costas del Pac\u00edfico de M\u00e9xico, ya que a finales de este a\u00f1o se esperan las aperturas de los hoteles Grand Krystal y Grand Serenis Matlali, mientras Hilton e Iberostar planean proyectos, que se concretan con la apertura del [&hellip;]<\/p>\n","protected":false},"author":3,"featured_media":12079,"comment_status":"open","ping_status":"open","sticky":false,"template":"","format":"standard","meta":{"footnotes":""},"categories":[5,2],"tags":[5430,1395,219,1227,80,537],"yoast_head":"<!-- This site is optimized with the Yoast SEO plugin v22.2 - https:\/\/yoast.com\/wordpress\/plugins\/seo\/ -->\n<title>Riviera Nayarit mantiene explosivo desarrollo hotelero - Nitu - Noticias de la Industria Turistica<\/title>\n<meta name=\"description\" content=\"La Riviera Nayarit, mantiene un explosivo desarrollo tur\u00edstico en sus costas del Pac\u00edfico de M\u00e9xico, ya que se esperan aperturas de hoteles.\" \/>\n<meta name=\"robots\" content=\"index, follow, max-snippet:-1, max-image-preview:large, max-video-preview:-1\" \/>\n<link rel=\"canonical\" href=\"https:\/\/nitu.mx\/index.php\/2017\/08\/09\/riviera-nayarit-mantiene-explosivo-desarrollo-hotelero\/\" \/>\n<meta name=\"twitter:card\" content=\"summary_large_image\" \/>\n<meta name=\"twitter:title\" content=\"Riviera Nayarit mantiene explosivo desarrollo hotelero - Nitu - Noticias de la Industria Turistica\" \/>\n<meta name=\"twitter:description\" content=\"La Riviera Nayarit, mantiene un explosivo desarrollo tur\u00edstico en sus costas del Pac\u00edfico de M\u00e9xico, ya que se esperan aperturas de hoteles.\" \/>\n<meta name=\"twitter:image\" content=\"https:\/\/nitu.mx\/wp-content\/uploads\/2017\/08\/Riviera-Nayarita-Punta-de-Mita.jpg\" \/>\n<meta name=\"twitter:creator\" content=\"@NITUmx\" \/>\n<meta name=\"twitter:site\" content=\"@Arturo_Medina_G\" \/>\n<meta name=\"twitter:label1\" content=\"Escrito por\" \/>\n\t<meta name=\"twitter:data1\" content=\"Alejandra Moncisbays\" \/>\n\t<meta name=\"twitter:label2\" content=\"Tiempo de lectura\" \/>\n\t<meta name=\"twitter:data2\" content=\"2 minutos\" \/>\n<script type=\"application\/ld+json\" class=\"yoast-schema-graph\">{\"@context\":\"https:\/\/schema.org\",\"@graph\":[{\"@type\":\"Article\",\"@id\":\"https:\/\/nitu.mx\/index.php\/2017\/08\/09\/riviera-nayarit-mantiene-explosivo-desarrollo-hotelero\/#article\",\"isPartOf\":{\"@id\":\"https:\/\/nitu.mx\/index.php\/2017\/08\/09\/riviera-nayarit-mantiene-explosivo-desarrollo-hotelero\/\"},\"author\":{\"name\":\"Alejandra Moncisbays\",\"@id\":\"https:\/\/nitu.mx\/#\/schema\/person\/2ecd887b19dfd3382d1f14fc5acf24a8\"},\"headline\":\"Riviera Nayarit mantiene explosivo desarrollo hotelero\",\"datePublished\":\"2017-08-09T05:29:50+00:00\",\"dateModified\":\"2017-08-09T05:32:55+00:00\",\"mainEntityOfPage\":{\"@id\":\"https:\/\/nitu.mx\/index.php\/2017\/08\/09\/riviera-nayarit-mantiene-explosivo-desarrollo-hotelero\/\"},\"wordCount\":382,\"commentCount\":0,\"publisher\":{\"@id\":\"https:\/\/nitu.mx\/#\/schema\/person\/ae7a53426417292d3dd07b45a33e01bc\"},\"image\":{\"@id\":\"https:\/\/nitu.mx\/index.php\/2017\/08\/09\/riviera-nayarit-mantiene-explosivo-desarrollo-hotelero\/#primaryimage\"},\"thumbnailUrl\":\"https:\/\/nitu.mx\/wp-content\/uploads\/2017\/08\/Riviera-Nayarita-Punta-de-Mita.jpg\",\"keywords\":[\"Grand Krystal\",\"Grupo Hotelero Santa Fe\",\"Hilton\",\"Iberostar\",\"Riviera Maya\",\"Riviera Nayarit\"],\"articleSection\":[\"Destinos\",\"Hoteles\"],\"inLanguage\":\"es-MX\",\"potentialAction\":[{\"@type\":\"CommentAction\",\"name\":\"Comment\",\"target\":[\"https:\/\/nitu.mx\/index.php\/2017\/08\/09\/riviera-nayarit-mantiene-explosivo-desarrollo-hotelero\/#respond\"]}]},{\"@type\":\"WebPage\",\"@id\":\"https:\/\/nitu.mx\/index.php\/2017\/08\/09\/riviera-nayarit-mantiene-explosivo-desarrollo-hotelero\/\",\"url\":\"https:\/\/nitu.mx\/index.php\/2017\/08\/09\/riviera-nayarit-mantiene-explosivo-desarrollo-hotelero\/\",\"name\":\"Riviera Nayarit mantiene explosivo desarrollo hotelero - Nitu - Noticias de la Industria Turistica\",\"isPartOf\":{\"@id\":\"https:\/\/nitu.mx\/#website\"},\"primaryImageOfPage\":{\"@id\":\"https:\/\/nitu.mx\/index.php\/2017\/08\/09\/riviera-nayarit-mantiene-explosivo-desarrollo-hotelero\/#primaryimage\"},\"image\":{\"@id\":\"https:\/\/nitu.mx\/index.php\/2017\/08\/09\/riviera-nayarit-mantiene-explosivo-desarrollo-hotelero\/#primaryimage\"},\"thumbnailUrl\":\"https:\/\/nitu.mx\/wp-content\/uploads\/2017\/08\/Riviera-Nayarita-Punta-de-Mita.jpg\",\"datePublished\":\"2017-08-09T05:29:50+00:00\",\"dateModified\":\"2017-08-09T05:32:55+00:00\",\"description\":\"La Riviera Nayarit, mantiene un explosivo desarrollo tur\u00edstico en sus costas del Pac\u00edfico de M\u00e9xico, ya que se esperan aperturas de hoteles.\",\"breadcrumb\":{\"@id\":\"https:\/\/nitu.mx\/index.php\/2017\/08\/09\/riviera-nayarit-mantiene-explosivo-desarrollo-hotelero\/#breadcrumb\"},\"inLanguage\":\"es-MX\",\"potentialAction\":[{\"@type\":\"ReadAction\",\"target\":[\"https:\/\/nitu.mx\/index.php\/2017\/08\/09\/riviera-nayarit-mantiene-explosivo-desarrollo-hotelero\/\"]}]},{\"@type\":\"ImageObject\",\"inLanguage\":\"es-MX\",\"@id\":\"https:\/\/nitu.mx\/index.php\/2017\/08\/09\/riviera-nayarit-mantiene-explosivo-desarrollo-hotelero\/#primaryimage\",\"url\":\"https:\/\/nitu.mx\/wp-content\/uploads\/2017\/08\/Riviera-Nayarita-Punta-de-Mita.jpg\",\"contentUrl\":\"https:\/\/nitu.mx\/wp-content\/uploads\/2017\/08\/Riviera-Nayarita-Punta-de-Mita.jpg\",\"width\":850,\"height\":480,\"caption\":\"Riviera Nayarita\"},{\"@type\":\"BreadcrumbList\",\"@id\":\"https:\/\/nitu.mx\/index.php\/2017\/08\/09\/riviera-nayarit-mantiene-explosivo-desarrollo-hotelero\/#breadcrumb\",\"itemListElement\":[{\"@type\":\"ListItem\",\"position\":1,\"name\":\"Inicio\",\"item\":\"https:\/\/nitu.mx\/\"},{\"@type\":\"ListItem\",\"position\":2,\"name\":\"Riviera Nayarit mantiene explosivo desarrollo hotelero\"}]},{\"@type\":\"WebSite\",\"@id\":\"https:\/\/nitu.mx\/#website\",\"url\":\"https:\/\/nitu.mx\/\",\"name\":\"Nitu - Noticias de la Industria Turistica\",\"description\":\"Noticias de la Industria Turistica\",\"publisher\":{\"@id\":\"https:\/\/nitu.mx\/#\/schema\/person\/ae7a53426417292d3dd07b45a33e01bc\"},\"alternateName\":\"Noticias de la Industria Turistica\",\"potentialAction\":[{\"@type\":\"SearchAction\",\"target\":{\"@type\":\"EntryPoint\",\"urlTemplate\":\"https:\/\/nitu.mx\/?s={search_term_string}\"},\"query-input\":\"required name=search_term_string\"}],\"inLanguage\":\"es-MX\"},{\"@type\":[\"Person\",\"Organization\"],\"@id\":\"https:\/\/nitu.mx\/#\/schema\/person\/ae7a53426417292d3dd07b45a33e01bc\",\"name\":\"Arturo Medina\",\"image\":{\"@type\":\"ImageObject\",\"inLanguage\":\"es-MX\",\"@id\":\"https:\/\/nitu.mx\/#\/schema\/person\/image\/\",\"url\":\"https:\/\/nitu.mx\/wp-content\/uploads\/2024\/04\/4A315622-1904-4D5C-B022-878CDC840E04-90x90-1.jpeg\",\"contentUrl\":\"https:\/\/nitu.mx\/wp-content\/uploads\/2024\/04\/4A315622-1904-4D5C-B022-878CDC840E04-90x90-1.jpeg\",\"width\":90,\"height\":90,\"caption\":\"Arturo Medina\"},\"logo\":{\"@id\":\"https:\/\/nitu.mx\/#\/schema\/person\/image\/\"},\"description\":\"Director NITU.mx, Egresado de la Escuela de Periodismo Carlos Septi\u00e9n Garc\u00eda. Periodista y analista especializado en turismo desde hace 35 a\u00f1os, radicado en Canc\u00fan Q.Roo. arturo@nitu.mx\",\"sameAs\":[\"https:\/\/nitu.mx\",\"https:\/\/www.facebook.com\/NITUmx\/\",\"medinacancun\",\"https:\/\/twitter.com\/@Arturo_Medina_G\"]},{\"@type\":\"Person\",\"@id\":\"https:\/\/nitu.mx\/#\/schema\/person\/2ecd887b19dfd3382d1f14fc5acf24a8\",\"name\":\"Alejandra Moncisbays\",\"image\":{\"@type\":\"ImageObject\",\"inLanguage\":\"es-MX\",\"@id\":\"https:\/\/nitu.mx\/#\/schema\/person\/image\/\",\"url\":\"https:\/\/secure.gravatar.com\/avatar\/e74f7af0be172b7804dacfd0bfbef787?s=96&d=mm&r=g\",\"contentUrl\":\"https:\/\/secure.gravatar.com\/avatar\/e74f7af0be172b7804dacfd0bfbef787?s=96&d=mm&r=g\",\"caption\":\"Alejandra Moncisbays\"},\"description\":\"Curs\u00e9 la carrera de Periodismo y Comunicaci\u00f3n en la Facultad de Estudios Profesionales Acatl\u00e1n. Vivo en Canc\u00fan desde hace 24 a\u00f1os. Fui reportera de La Tarde de Canc\u00fan, y Novedades de Quintana Roo, colabor\u00e9 en TVCUN, edit\u00e9 Cancun\u00edssimo y colabor\u00e9 en las revistas Latitud21, entre otras, con principal enfoque en los sectores empresarial y tur\u00edstico. Desde hace varios a\u00f1os soy Agente de Seguros con c\u00e9dula de la Comisi\u00f3n Nacional de Seguros y Fianzas. Actualmente, me desarrollo en los \u00e1mbitos del periodismo y el sector asegurador.\",\"sameAs\":[\"https:\/\/nitu.mx\"],\"url\":\"https:\/\/nitu.mx\/index.php\/author\/alejandra\/\"}]}<\/script>\n<!-- \/ Yoast SEO plugin. -->","yoast_head_json":{"title":"Riviera Nayarit mantiene explosivo desarrollo hotelero - Nitu - Noticias de la Industria Turistica","description":"La Riviera Nayarit, mantiene un explosivo desarrollo tur\u00edstico en sus costas del Pac\u00edfico de M\u00e9xico, ya que se esperan aperturas de hoteles.","robots":{"index":"index","follow":"follow","max-snippet":"max-snippet:-1","max-image-preview":"max-image-preview:large","max-video-preview":"max-video-preview:-1"},"canonical":"https:\/\/nitu.mx\/index.php\/2017\/08\/09\/riviera-nayarit-mantiene-explosivo-desarrollo-hotelero\/","twitter_card":"summary_large_image","twitter_title":"Riviera Nayarit mantiene explosivo desarrollo hotelero - Nitu - Noticias de la Industria Turistica","twitter_description":"La Riviera Nayarit, mantiene un explosivo desarrollo tur\u00edstico en sus costas del Pac\u00edfico de M\u00e9xico, ya que se esperan aperturas de hoteles.","twitter_image":"https:\/\/nitu.mx\/wp-content\/uploads\/2017\/08\/Riviera-Nayarita-Punta-de-Mita.jpg","twitter_creator":"@NITUmx","twitter_site":"@Arturo_Medina_G","twitter_misc":{"Escrito por":"Alejandra Moncisbays","Tiempo de lectura":"2 minutos"},"schema":{"@context":"https:\/\/schema.org","@graph":[{"@type":"Article","@id":"https:\/\/nitu.mx\/index.php\/2017\/08\/09\/riviera-nayarit-mantiene-explosivo-desarrollo-hotelero\/#article","isPartOf":{"@id":"https:\/\/nitu.mx\/index.php\/2017\/08\/09\/riviera-nayarit-mantiene-explosivo-desarrollo-hotelero\/"},"author":{"name":"Alejandra Moncisbays","@id":"https:\/\/nitu.mx\/#\/schema\/person\/2ecd887b19dfd3382d1f14fc5acf24a8"},"headline":"Riviera Nayarit mantiene explosivo desarrollo hotelero","datePublished":"2017-08-09T05:29:50+00:00","dateModified":"2017-08-09T05:32:55+00:00","mainEntityOfPage":{"@id":"https:\/\/nitu.mx\/index.php\/2017\/08\/09\/riviera-nayarit-mantiene-explosivo-desarrollo-hotelero\/"},"wordCount":382,"commentCount":0,"publisher":{"@id":"https:\/\/nitu.mx\/#\/schema\/person\/ae7a53426417292d3dd07b45a33e01bc"},"image":{"@id":"https:\/\/nitu.mx\/index.php\/2017\/08\/09\/riviera-nayarit-mantiene-explosivo-desarrollo-hotelero\/#primaryimage"},"thumbnailUrl":"https:\/\/nitu.mx\/wp-content\/uploads\/2017\/08\/Riviera-Nayarita-Punta-de-Mita.jpg","keywords":["Grand Krystal","Grupo Hotelero Santa Fe","Hilton","Iberostar","Riviera Maya","Riviera Nayarit"],"articleSection":["Destinos","Hoteles"],"inLanguage":"es-MX","potentialAction":[{"@type":"CommentAction","name":"Comment","target":["https:\/\/nitu.mx\/index.php\/2017\/08\/09\/riviera-nayarit-mantiene-explosivo-desarrollo-hotelero\/#respond"]}]},{"@type":"WebPage","@id":"https:\/\/nitu.mx\/index.php\/2017\/08\/09\/riviera-nayarit-mantiene-explosivo-desarrollo-hotelero\/","url":"https:\/\/nitu.mx\/index.php\/2017\/08\/09\/riviera-nayarit-mantiene-explosivo-desarrollo-hotelero\/","name":"Riviera Nayarit mantiene explosivo desarrollo hotelero - Nitu - Noticias de la Industria Turistica","isPartOf":{"@id":"https:\/\/nitu.mx\/#website"},"primaryImageOfPage":{"@id":"https:\/\/nitu.mx\/index.php\/2017\/08\/09\/riviera-nayarit-mantiene-explosivo-desarrollo-hotelero\/#primaryimage"},"image":{"@id":"https:\/\/nitu.mx\/index.php\/2017\/08\/09\/riviera-nayarit-mantiene-explosivo-desarrollo-hotelero\/#primaryimage"},"thumbnailUrl":"https:\/\/nitu.mx\/wp-content\/uploads\/2017\/08\/Riviera-Nayarita-Punta-de-Mita.jpg","datePublished":"2017-08-09T05:29:50+00:00","dateModified":"2017-08-09T05:32:55+00:00","description":"La Riviera Nayarit, mantiene un explosivo desarrollo tur\u00edstico en sus costas del Pac\u00edfico de M\u00e9xico, ya que se esperan aperturas de hoteles.","breadcrumb":{"@id":"https:\/\/nitu.mx\/index.php\/2017\/08\/09\/riviera-nayarit-mantiene-explosivo-desarrollo-hotelero\/#breadcrumb"},"inLanguage":"es-MX","potentialAction":[{"@type":"ReadAction","target":["https:\/\/nitu.mx\/index.php\/2017\/08\/09\/riviera-nayarit-mantiene-explosivo-desarrollo-hotelero\/"]}]},{"@type":"ImageObject","inLanguage":"es-MX","@id":"https:\/\/nitu.mx\/index.php\/2017\/08\/09\/riviera-nayarit-mantiene-explosivo-desarrollo-hotelero\/#primaryimage","url":"https:\/\/nitu.mx\/wp-content\/uploads\/2017\/08\/Riviera-Nayarita-Punta-de-Mita.jpg","contentUrl":"https:\/\/nitu.mx\/wp-content\/uploads\/2017\/08\/Riviera-Nayarita-Punta-de-Mita.jpg","width":850,"height":480,"caption":"Riviera Nayarita"},{"@type":"BreadcrumbList","@id":"https:\/\/nitu.mx\/index.php\/2017\/08\/09\/riviera-nayarit-mantiene-explosivo-desarrollo-hotelero\/#breadcrumb","itemListElement":[{"@type":"ListItem","position":1,"name":"Inicio","item":"https:\/\/nitu.mx\/"},{"@type":"ListItem","position":2,"name":"Riviera Nayarit mantiene explosivo desarrollo hotelero"}]},{"@type":"WebSite","@id":"https:\/\/nitu.mx\/#website","url":"https:\/\/nitu.mx\/","name":"Nitu - Noticias de la Industria Turistica","description":"Noticias de la Industria Turistica","publisher":{"@id":"https:\/\/nitu.mx\/#\/schema\/person\/ae7a53426417292d3dd07b45a33e01bc"},"alternateName":"Noticias de la Industria Turistica","potentialAction":[{"@type":"SearchAction","target":{"@type":"EntryPoint","urlTemplate":"https:\/\/nitu.mx\/?s={search_term_string}"},"query-input":"required name=search_term_string"}],"inLanguage":"es-MX"},{"@type":["Person","Organization"],"@id":"https:\/\/nitu.mx\/#\/schema\/person\/ae7a53426417292d3dd07b45a33e01bc","name":"Arturo Medina","image":{"@type":"ImageObject","inLanguage":"es-MX","@id":"https:\/\/nitu.mx\/#\/schema\/person\/image\/","url":"https:\/\/nitu.mx\/wp-content\/uploads\/2024\/04\/4A315622-1904-4D5C-B022-878CDC840E04-90x90-1.jpeg","contentUrl":"https:\/\/nitu.mx\/wp-content\/uploads\/2024\/04\/4A315622-1904-4D5C-B022-878CDC840E04-90x90-1.jpeg","width":90,"height":90,"caption":"Arturo Medina"},"logo":{"@id":"https:\/\/nitu.mx\/#\/schema\/person\/image\/"},"description":"Director NITU.mx, Egresado de la Escuela de Periodismo Carlos Septi\u00e9n Garc\u00eda. Periodista y analista especializado en turismo desde hace 35 a\u00f1os, radicado en Canc\u00fan Q.Roo. arturo@nitu.mx","sameAs":["https:\/\/nitu.mx","https:\/\/www.facebook.com\/NITUmx\/","medinacancun","https:\/\/twitter.com\/@Arturo_Medina_G"]},{"@type":"Person","@id":"https:\/\/nitu.mx\/#\/schema\/person\/2ecd887b19dfd3382d1f14fc5acf24a8","name":"Alejandra Moncisbays","image":{"@type":"ImageObject","inLanguage":"es-MX","@id":"https:\/\/nitu.mx\/#\/schema\/person\/image\/","url":"https:\/\/secure.gravatar.com\/avatar\/e74f7af0be172b7804dacfd0bfbef787?s=96&d=mm&r=g","contentUrl":"https:\/\/secure.gravatar.com\/avatar\/e74f7af0be172b7804dacfd0bfbef787?s=96&d=mm&r=g","caption":"Alejandra Moncisbays"},"description":"Curs\u00e9 la carrera de Periodismo y Comunicaci\u00f3n en la Facultad de Estudios Profesionales Acatl\u00e1n. Vivo en Canc\u00fan desde hace 24 a\u00f1os. Fui reportera de La Tarde de Canc\u00fan, y Novedades de Quintana Roo, colabor\u00e9 en TVCUN, edit\u00e9 Cancun\u00edssimo y colabor\u00e9 en las revistas Latitud21, entre otras, con principal enfoque en los sectores empresarial y tur\u00edstico. Desde hace varios a\u00f1os soy Agente de Seguros con c\u00e9dula de la Comisi\u00f3n Nacional de Seguros y Fianzas. Actualmente, me desarrollo en los \u00e1mbitos del periodismo y el sector asegurador.","sameAs":["https:\/\/nitu.mx"],"url":"https:\/\/nitu.mx\/index.php\/author\/alejandra\/"}]}},"views":271,"_links":{"self":[{"href":"https:\/\/nitu.mx\/index.php\/wp-json\/wp\/v2\/posts\/12064"}],"collection":[{"href":"https:\/\/nitu.mx\/index.php\/wp-json\/wp\/v2\/posts"}],"about":[{"href":"https:\/\/nitu.mx\/index.php\/wp-json\/wp\/v2\/types\/post"}],"author":[{"embeddable":true,"href":"https:\/\/nitu.mx\/index.php\/wp-json\/wp\/v2\/users\/3"}],"replies":[{"embeddable":true,"href":"https:\/\/nitu.mx\/index.php\/wp-json\/wp\/v2\/comments?post=12064"}],"version-history":[{"count":3,"href":"https:\/\/nitu.mx\/index.php\/wp-json\/wp\/v2\/posts\/12064\/revisions"}],"predecessor-version":[{"id":12080,"href":"https:\/\/nitu.mx\/index.php\/wp-json\/wp\/v2\/posts\/12064\/revisions\/12080"}],"wp:featuredmedia":[{"embeddable":true,"href":"https:\/\/nitu.mx\/index.php\/wp-json\/wp\/v2\/media\/12079"}],"wp:attachment":[{"href":"https:\/\/nitu.mx\/index.php\/wp-json\/wp\/v2\/media?parent=12064"}],"wp:term":[{"taxonomy":"category","embeddable":true,"href":"https:\/\/nitu.mx\/index.php\/wp-json\/wp\/v2\/categories?post=12064"},{"taxonomy":"post_tag","embeddable":true,"href":"https:\/\/nitu.mx\/index.php\/wp-json\/wp\/v2\/tags?post=12064"}],"curies":[{"name":"wp","href":"https:\/\/api.w.org\/{rel}","templated":true}]}}