{"id":11974,"date":"2017-08-06T21:34:14","date_gmt":"2017-08-07T02:34:14","guid":{"rendered":"http:\/\/www.dev.nitu.mx\/?p=11974"},"modified":"2017-08-06T23:45:39","modified_gmt":"2017-08-07T04:45:39","slug":"azcarraga-andrade-pone-la-mira-en-cuba-para-crecer-hoteles-posadas","status":"publish","type":"post","link":"https:\/\/nitu.mx\/index.php\/2017\/08\/06\/azcarraga-andrade-pone-la-mira-en-cuba-para-crecer-hoteles-posadas\/","title":{"rendered":"Azc\u00e1rraga Andrade pone la mira en Cuba para crecer hoteles Posadas"},"content":{"rendered":"<p>El plan de Jos\u00e9 Carlos Azc\u00e1rraga Andrade, quien dirige Grupo Posadas, es llegar a los 300 hoteles de esa cadena en 2020, lo cual lograr\u00e1 incrementando su portafolio en M\u00e9xico, y conquistando nuevos mercados como Cuba y Rep\u00fablica Dominicana.<\/p>\n<p>\u201cLo que hemos hecho es enfocarnos en el mercado mexicano porque somos una empresa mexicana y conocemos al pa\u00eds mejor que nadie, y tambi\u00e9n a los extranjeros que quieren viajar al territorio nacional\u201d, dijo el directivo en entrevista con Forbes M\u00e9xico.<\/p>\n<p>Sin embargo, la firma tambi\u00e9n busca la internacionalizaci\u00f3n de la marca, sobre todo en el Caribe, de manera particular en Rep\u00fablica Dominicana y Cuba, donde hay similitudes y oportunidad de sinergias con lo que ya se hace en M\u00e9xico, agreg\u00f3 el directivo.<\/p>\n<p>\u201cHoy por hoy estamos trabajando en proyectos enfocados en esa zona, y en unos meses tendremos noticias positivas (\u2026) Espero que pronto podamos anunciar la firma de varios hoteles en esas zonas\u201d, coment\u00f3 Azc\u00e1rraga Andrade.<\/p>\n<p>Grupo Posadas ve con buenos ojos el impulso de la inversi\u00f3n extranjera en Cuba, as\u00ed como la atracci\u00f3n del mercado estadounidense en ese territorio, refiere Forbes.<\/p>\n<p>\u201cLo que buscan es que la propiedad de los hoteles la mantenga el gobierno cubano, y est\u00e1n buscando operadores (de hoteles) con marcas reconocidas para atraer mercados distintos. Cuando platicamos con ellos nos hemos dado cuenta de que el inter\u00e9s que tienen es el mercado mexicano, que no s\u00f3lo puede ir a la Habana, sino tambi\u00e9n poder atraer al mercado estadounidense\u201d, se\u00f1al\u00f3 el directivo.<\/p>\n<p>En Cuba, la cadena hotelera planea abrir alrededor de seis o siete hoteles resort grandes, arriba de 500 cuartos, en los pr\u00f3ximos dos o tres a\u00f1os. Varios grupos han expuesto su inter\u00e9s en la isla, como se ha informado en <em><strong>NITU.mx<\/strong><\/em>\u00a0(<a title=\"AMResorts, Grupo Posadas y Mera Corporation planean inversiones en Cuba\" href=\"http:\/\/www.dev.nitu.mx\/index.php\/2017\/03\/20\/amresorts-grupo-posadas-y-mera-corporation-planean-inversiones-en-cuba\/\" rel=\"bookmark\">AMResorts, Grupo Posadas y Mera Corporation planean inversiones en Cuba<\/a>)<\/p>\n","protected":false},"excerpt":{"rendered":"<p>El plan de Jos\u00e9 Carlos Azc\u00e1rraga Andrade, quien dirige Grupo Posadas, es llegar a los 300 hoteles de esa cadena en 2020, lo cual lograr\u00e1 incrementando su portafolio en M\u00e9xico, y conquistando nuevos mercados como Cuba y Rep\u00fablica Dominicana. \u201cLo que hemos hecho es enfocarnos en el mercado mexicano porque somos una empresa mexicana y [&hellip;]<\/p>\n","protected":false},"author":17,"featured_media":10309,"comment_status":"open","ping_status":"open","sticky":false,"template":"","format":"standard","meta":{"footnotes":""},"categories":[2,6],"tags":[99,5375,507,732,69,1382],"yoast_head":"<!-- This site is optimized with the Yoast SEO plugin v22.2 - https:\/\/yoast.com\/wordpress\/plugins\/seo\/ -->\n<title>Azc\u00e1rraga Andrade pone la mira en Cuba para crecer hoteles Posadas - Nitu - Noticias de la Industria Turistica<\/title>\n<meta name=\"description\" content=\"El plan de Posadas es llegar a 300 hoteles en 2020, con hoteles en M\u00e9xico y conquistando nuevos mercados como Cuba y Rep\u00fablica Dominicana.\" \/>\n<meta name=\"robots\" content=\"index, follow, max-snippet:-1, max-image-preview:large, max-video-preview:-1\" \/>\n<link rel=\"canonical\" href=\"https:\/\/nitu.mx\/index.php\/2017\/08\/06\/azcarraga-andrade-pone-la-mira-en-cuba-para-crecer-hoteles-posadas\/\" \/>\n<meta name=\"twitter:card\" content=\"summary_large_image\" \/>\n<meta name=\"twitter:title\" content=\"Azc\u00e1rraga Andrade pone la mira en Cuba para crecer hoteles Posadas - Nitu - Noticias de la Industria Turistica\" \/>\n<meta name=\"twitter:description\" content=\"El plan de Posadas es llegar a 300 hoteles en 2020, con hoteles en M\u00e9xico y conquistando nuevos mercados como Cuba y Rep\u00fablica Dominicana.\" \/>\n<meta name=\"twitter:image\" content=\"https:\/\/nitu.mx\/wp-content\/uploads\/2017\/06\/cuba-gen.jpg\" \/>\n<meta name=\"twitter:creator\" content=\"@NITUmx\" \/>\n<meta name=\"twitter:site\" content=\"@Arturo_Medina_G\" \/>\n<meta name=\"twitter:label1\" content=\"Escrito por\" \/>\n\t<meta name=\"twitter:data1\" content=\"Redacci\u00f3n\" \/>\n\t<meta name=\"twitter:label2\" content=\"Tiempo de lectura\" \/>\n\t<meta name=\"twitter:data2\" content=\"2 minutos\" \/>\n<script type=\"application\/ld+json\" class=\"yoast-schema-graph\">{\"@context\":\"https:\/\/schema.org\",\"@graph\":[{\"@type\":\"Article\",\"@id\":\"https:\/\/nitu.mx\/index.php\/2017\/08\/06\/azcarraga-andrade-pone-la-mira-en-cuba-para-crecer-hoteles-posadas\/#article\",\"isPartOf\":{\"@id\":\"https:\/\/nitu.mx\/index.php\/2017\/08\/06\/azcarraga-andrade-pone-la-mira-en-cuba-para-crecer-hoteles-posadas\/\"},\"author\":{\"name\":\"Redacci\u00f3n\",\"@id\":\"https:\/\/nitu.mx\/#\/schema\/person\/4a28fe9bd65924f7c90623773daf1b0b\"},\"headline\":\"Azc\u00e1rraga Andrade pone la mira en Cuba para crecer hoteles Posadas\",\"datePublished\":\"2017-08-07T02:34:14+00:00\",\"dateModified\":\"2017-08-07T04:45:39+00:00\",\"mainEntityOfPage\":{\"@id\":\"https:\/\/nitu.mx\/index.php\/2017\/08\/06\/azcarraga-andrade-pone-la-mira-en-cuba-para-crecer-hoteles-posadas\/\"},\"wordCount\":328,\"commentCount\":0,\"publisher\":{\"@id\":\"https:\/\/nitu.mx\/#\/schema\/person\/ae7a53426417292d3dd07b45a33e01bc\"},\"image\":{\"@id\":\"https:\/\/nitu.mx\/index.php\/2017\/08\/06\/azcarraga-andrade-pone-la-mira-en-cuba-para-crecer-hoteles-posadas\/#primaryimage\"},\"thumbnailUrl\":\"https:\/\/nitu.mx\/wp-content\/uploads\/2017\/06\/cuba-gen.jpg\",\"keywords\":[\"Cuba\",\"director general de Posadas\",\"Grupo Posadas\",\"Jos\u00e9 Carlos Azc\u00e1rraga\",\"Latinoam\u00e9rica\",\"Rep\u00fablica Dominicana\"],\"articleSection\":[\"Hoteles\",\"M\u00e9xico\"],\"inLanguage\":\"es-MX\",\"potentialAction\":[{\"@type\":\"CommentAction\",\"name\":\"Comment\",\"target\":[\"https:\/\/nitu.mx\/index.php\/2017\/08\/06\/azcarraga-andrade-pone-la-mira-en-cuba-para-crecer-hoteles-posadas\/#respond\"]}]},{\"@type\":\"WebPage\",\"@id\":\"https:\/\/nitu.mx\/index.php\/2017\/08\/06\/azcarraga-andrade-pone-la-mira-en-cuba-para-crecer-hoteles-posadas\/\",\"url\":\"https:\/\/nitu.mx\/index.php\/2017\/08\/06\/azcarraga-andrade-pone-la-mira-en-cuba-para-crecer-hoteles-posadas\/\",\"name\":\"Azc\u00e1rraga Andrade pone la mira en Cuba para crecer hoteles Posadas - Nitu - Noticias de la Industria Turistica\",\"isPartOf\":{\"@id\":\"https:\/\/nitu.mx\/#website\"},\"primaryImageOfPage\":{\"@id\":\"https:\/\/nitu.mx\/index.php\/2017\/08\/06\/azcarraga-andrade-pone-la-mira-en-cuba-para-crecer-hoteles-posadas\/#primaryimage\"},\"image\":{\"@id\":\"https:\/\/nitu.mx\/index.php\/2017\/08\/06\/azcarraga-andrade-pone-la-mira-en-cuba-para-crecer-hoteles-posadas\/#primaryimage\"},\"thumbnailUrl\":\"https:\/\/nitu.mx\/wp-content\/uploads\/2017\/06\/cuba-gen.jpg\",\"datePublished\":\"2017-08-07T02:34:14+00:00\",\"dateModified\":\"2017-08-07T04:45:39+00:00\",\"description\":\"El plan de Posadas es llegar a 300 hoteles en 2020, con hoteles en M\u00e9xico y conquistando nuevos mercados como Cuba y Rep\u00fablica Dominicana.\",\"breadcrumb\":{\"@id\":\"https:\/\/nitu.mx\/index.php\/2017\/08\/06\/azcarraga-andrade-pone-la-mira-en-cuba-para-crecer-hoteles-posadas\/#breadcrumb\"},\"inLanguage\":\"es-MX\",\"potentialAction\":[{\"@type\":\"ReadAction\",\"target\":[\"https:\/\/nitu.mx\/index.php\/2017\/08\/06\/azcarraga-andrade-pone-la-mira-en-cuba-para-crecer-hoteles-posadas\/\"]}]},{\"@type\":\"ImageObject\",\"inLanguage\":\"es-MX\",\"@id\":\"https:\/\/nitu.mx\/index.php\/2017\/08\/06\/azcarraga-andrade-pone-la-mira-en-cuba-para-crecer-hoteles-posadas\/#primaryimage\",\"url\":\"https:\/\/nitu.mx\/wp-content\/uploads\/2017\/06\/cuba-gen.jpg\",\"contentUrl\":\"https:\/\/nitu.mx\/wp-content\/uploads\/2017\/06\/cuba-gen.jpg\",\"width\":850,\"height\":480,\"caption\":\"cuba gen Grupo Posadas\"},{\"@type\":\"BreadcrumbList\",\"@id\":\"https:\/\/nitu.mx\/index.php\/2017\/08\/06\/azcarraga-andrade-pone-la-mira-en-cuba-para-crecer-hoteles-posadas\/#breadcrumb\",\"itemListElement\":[{\"@type\":\"ListItem\",\"position\":1,\"name\":\"Inicio\",\"item\":\"https:\/\/nitu.mx\/\"},{\"@type\":\"ListItem\",\"position\":2,\"name\":\"Azc\u00e1rraga Andrade pone la mira en Cuba para crecer hoteles Posadas\"}]},{\"@type\":\"WebSite\",\"@id\":\"https:\/\/nitu.mx\/#website\",\"url\":\"https:\/\/nitu.mx\/\",\"name\":\"Nitu - Noticias de la Industria Turistica\",\"description\":\"Noticias de la Industria Turistica\",\"publisher\":{\"@id\":\"https:\/\/nitu.mx\/#\/schema\/person\/ae7a53426417292d3dd07b45a33e01bc\"},\"alternateName\":\"Noticias de la Industria Turistica\",\"potentialAction\":[{\"@type\":\"SearchAction\",\"target\":{\"@type\":\"EntryPoint\",\"urlTemplate\":\"https:\/\/nitu.mx\/?s={search_term_string}\"},\"query-input\":\"required name=search_term_string\"}],\"inLanguage\":\"es-MX\"},{\"@type\":[\"Person\",\"Organization\"],\"@id\":\"https:\/\/nitu.mx\/#\/schema\/person\/ae7a53426417292d3dd07b45a33e01bc\",\"name\":\"Arturo Medina\",\"image\":{\"@type\":\"ImageObject\",\"inLanguage\":\"es-MX\",\"@id\":\"https:\/\/nitu.mx\/#\/schema\/person\/image\/\",\"url\":\"https:\/\/nitu.mx\/wp-content\/uploads\/2024\/04\/4A315622-1904-4D5C-B022-878CDC840E04-90x90-1.jpeg\",\"contentUrl\":\"https:\/\/nitu.mx\/wp-content\/uploads\/2024\/04\/4A315622-1904-4D5C-B022-878CDC840E04-90x90-1.jpeg\",\"width\":90,\"height\":90,\"caption\":\"Arturo Medina\"},\"logo\":{\"@id\":\"https:\/\/nitu.mx\/#\/schema\/person\/image\/\"},\"description\":\"Director NITU.mx, Egresado de la Escuela de Periodismo Carlos Septi\u00e9n Garc\u00eda. Periodista y analista especializado en turismo desde hace 35 a\u00f1os, radicado en Canc\u00fan Q.Roo. arturo@nitu.mx\",\"sameAs\":[\"https:\/\/nitu.mx\",\"https:\/\/www.facebook.com\/NITUmx\/\",\"medinacancun\",\"https:\/\/twitter.com\/@Arturo_Medina_G\"]},{\"@type\":\"Person\",\"@id\":\"https:\/\/nitu.mx\/#\/schema\/person\/4a28fe9bd65924f7c90623773daf1b0b\",\"name\":\"Redacci\u00f3n\",\"image\":{\"@type\":\"ImageObject\",\"inLanguage\":\"es-MX\",\"@id\":\"https:\/\/nitu.mx\/#\/schema\/person\/image\/\",\"url\":\"https:\/\/secure.gravatar.com\/avatar\/5dd011c8ccfc5cd7e4c81e42252aab38?s=96&d=mm&r=g\",\"contentUrl\":\"https:\/\/secure.gravatar.com\/avatar\/5dd011c8ccfc5cd7e4c81e42252aab38?s=96&d=mm&r=g\",\"caption\":\"Redacci\u00f3n\"},\"url\":\"https:\/\/nitu.mx\/index.php\/author\/redaccion\/\"}]}<\/script>\n<!-- \/ Yoast SEO plugin. -->","yoast_head_json":{"title":"Azc\u00e1rraga Andrade pone la mira en Cuba para crecer hoteles Posadas - Nitu - Noticias de la Industria Turistica","description":"El plan de Posadas es llegar a 300 hoteles en 2020, con hoteles en M\u00e9xico y conquistando nuevos mercados como Cuba y Rep\u00fablica Dominicana.","robots":{"index":"index","follow":"follow","max-snippet":"max-snippet:-1","max-image-preview":"max-image-preview:large","max-video-preview":"max-video-preview:-1"},"canonical":"https:\/\/nitu.mx\/index.php\/2017\/08\/06\/azcarraga-andrade-pone-la-mira-en-cuba-para-crecer-hoteles-posadas\/","twitter_card":"summary_large_image","twitter_title":"Azc\u00e1rraga Andrade pone la mira en Cuba para crecer hoteles Posadas - Nitu - Noticias de la Industria Turistica","twitter_description":"El plan de Posadas es llegar a 300 hoteles en 2020, con hoteles en M\u00e9xico y conquistando nuevos mercados como Cuba y Rep\u00fablica Dominicana.","twitter_image":"https:\/\/nitu.mx\/wp-content\/uploads\/2017\/06\/cuba-gen.jpg","twitter_creator":"@NITUmx","twitter_site":"@Arturo_Medina_G","twitter_misc":{"Escrito por":"Redacci\u00f3n","Tiempo de lectura":"2 minutos"},"schema":{"@context":"https:\/\/schema.org","@graph":[{"@type":"Article","@id":"https:\/\/nitu.mx\/index.php\/2017\/08\/06\/azcarraga-andrade-pone-la-mira-en-cuba-para-crecer-hoteles-posadas\/#article","isPartOf":{"@id":"https:\/\/nitu.mx\/index.php\/2017\/08\/06\/azcarraga-andrade-pone-la-mira-en-cuba-para-crecer-hoteles-posadas\/"},"author":{"name":"Redacci\u00f3n","@id":"https:\/\/nitu.mx\/#\/schema\/person\/4a28fe9bd65924f7c90623773daf1b0b"},"headline":"Azc\u00e1rraga Andrade pone la mira en Cuba para crecer hoteles Posadas","datePublished":"2017-08-07T02:34:14+00:00","dateModified":"2017-08-07T04:45:39+00:00","mainEntityOfPage":{"@id":"https:\/\/nitu.mx\/index.php\/2017\/08\/06\/azcarraga-andrade-pone-la-mira-en-cuba-para-crecer-hoteles-posadas\/"},"wordCount":328,"commentCount":0,"publisher":{"@id":"https:\/\/nitu.mx\/#\/schema\/person\/ae7a53426417292d3dd07b45a33e01bc"},"image":{"@id":"https:\/\/nitu.mx\/index.php\/2017\/08\/06\/azcarraga-andrade-pone-la-mira-en-cuba-para-crecer-hoteles-posadas\/#primaryimage"},"thumbnailUrl":"https:\/\/nitu.mx\/wp-content\/uploads\/2017\/06\/cuba-gen.jpg","keywords":["Cuba","director general de Posadas","Grupo Posadas","Jos\u00e9 Carlos Azc\u00e1rraga","Latinoam\u00e9rica","Rep\u00fablica Dominicana"],"articleSection":["Hoteles","M\u00e9xico"],"inLanguage":"es-MX","potentialAction":[{"@type":"CommentAction","name":"Comment","target":["https:\/\/nitu.mx\/index.php\/2017\/08\/06\/azcarraga-andrade-pone-la-mira-en-cuba-para-crecer-hoteles-posadas\/#respond"]}]},{"@type":"WebPage","@id":"https:\/\/nitu.mx\/index.php\/2017\/08\/06\/azcarraga-andrade-pone-la-mira-en-cuba-para-crecer-hoteles-posadas\/","url":"https:\/\/nitu.mx\/index.php\/2017\/08\/06\/azcarraga-andrade-pone-la-mira-en-cuba-para-crecer-hoteles-posadas\/","name":"Azc\u00e1rraga Andrade pone la mira en Cuba para crecer hoteles Posadas - Nitu - Noticias de la Industria Turistica","isPartOf":{"@id":"https:\/\/nitu.mx\/#website"},"primaryImageOfPage":{"@id":"https:\/\/nitu.mx\/index.php\/2017\/08\/06\/azcarraga-andrade-pone-la-mira-en-cuba-para-crecer-hoteles-posadas\/#primaryimage"},"image":{"@id":"https:\/\/nitu.mx\/index.php\/2017\/08\/06\/azcarraga-andrade-pone-la-mira-en-cuba-para-crecer-hoteles-posadas\/#primaryimage"},"thumbnailUrl":"https:\/\/nitu.mx\/wp-content\/uploads\/2017\/06\/cuba-gen.jpg","datePublished":"2017-08-07T02:34:14+00:00","dateModified":"2017-08-07T04:45:39+00:00","description":"El plan de Posadas es llegar a 300 hoteles en 2020, con hoteles en M\u00e9xico y conquistando nuevos mercados como Cuba y Rep\u00fablica Dominicana.","breadcrumb":{"@id":"https:\/\/nitu.mx\/index.php\/2017\/08\/06\/azcarraga-andrade-pone-la-mira-en-cuba-para-crecer-hoteles-posadas\/#breadcrumb"},"inLanguage":"es-MX","potentialAction":[{"@type":"ReadAction","target":["https:\/\/nitu.mx\/index.php\/2017\/08\/06\/azcarraga-andrade-pone-la-mira-en-cuba-para-crecer-hoteles-posadas\/"]}]},{"@type":"ImageObject","inLanguage":"es-MX","@id":"https:\/\/nitu.mx\/index.php\/2017\/08\/06\/azcarraga-andrade-pone-la-mira-en-cuba-para-crecer-hoteles-posadas\/#primaryimage","url":"https:\/\/nitu.mx\/wp-content\/uploads\/2017\/06\/cuba-gen.jpg","contentUrl":"https:\/\/nitu.mx\/wp-content\/uploads\/2017\/06\/cuba-gen.jpg","width":850,"height":480,"caption":"cuba gen Grupo Posadas"},{"@type":"BreadcrumbList","@id":"https:\/\/nitu.mx\/index.php\/2017\/08\/06\/azcarraga-andrade-pone-la-mira-en-cuba-para-crecer-hoteles-posadas\/#breadcrumb","itemListElement":[{"@type":"ListItem","position":1,"name":"Inicio","item":"https:\/\/nitu.mx\/"},{"@type":"ListItem","position":2,"name":"Azc\u00e1rraga Andrade pone la mira en Cuba para crecer hoteles Posadas"}]},{"@type":"WebSite","@id":"https:\/\/nitu.mx\/#website","url":"https:\/\/nitu.mx\/","name":"Nitu - Noticias de la Industria Turistica","description":"Noticias de la Industria Turistica","publisher":{"@id":"https:\/\/nitu.mx\/#\/schema\/person\/ae7a53426417292d3dd07b45a33e01bc"},"alternateName":"Noticias de la Industria Turistica","potentialAction":[{"@type":"SearchAction","target":{"@type":"EntryPoint","urlTemplate":"https:\/\/nitu.mx\/?s={search_term_string}"},"query-input":"required name=search_term_string"}],"inLanguage":"es-MX"},{"@type":["Person","Organization"],"@id":"https:\/\/nitu.mx\/#\/schema\/person\/ae7a53426417292d3dd07b45a33e01bc","name":"Arturo Medina","image":{"@type":"ImageObject","inLanguage":"es-MX","@id":"https:\/\/nitu.mx\/#\/schema\/person\/image\/","url":"https:\/\/nitu.mx\/wp-content\/uploads\/2024\/04\/4A315622-1904-4D5C-B022-878CDC840E04-90x90-1.jpeg","contentUrl":"https:\/\/nitu.mx\/wp-content\/uploads\/2024\/04\/4A315622-1904-4D5C-B022-878CDC840E04-90x90-1.jpeg","width":90,"height":90,"caption":"Arturo Medina"},"logo":{"@id":"https:\/\/nitu.mx\/#\/schema\/person\/image\/"},"description":"Director NITU.mx, Egresado de la Escuela de Periodismo Carlos Septi\u00e9n Garc\u00eda. Periodista y analista especializado en turismo desde hace 35 a\u00f1os, radicado en Canc\u00fan Q.Roo. arturo@nitu.mx","sameAs":["https:\/\/nitu.mx","https:\/\/www.facebook.com\/NITUmx\/","medinacancun","https:\/\/twitter.com\/@Arturo_Medina_G"]},{"@type":"Person","@id":"https:\/\/nitu.mx\/#\/schema\/person\/4a28fe9bd65924f7c90623773daf1b0b","name":"Redacci\u00f3n","image":{"@type":"ImageObject","inLanguage":"es-MX","@id":"https:\/\/nitu.mx\/#\/schema\/person\/image\/","url":"https:\/\/secure.gravatar.com\/avatar\/5dd011c8ccfc5cd7e4c81e42252aab38?s=96&d=mm&r=g","contentUrl":"https:\/\/secure.gravatar.com\/avatar\/5dd011c8ccfc5cd7e4c81e42252aab38?s=96&d=mm&r=g","caption":"Redacci\u00f3n"},"url":"https:\/\/nitu.mx\/index.php\/author\/redaccion\/"}]}},"views":259,"_links":{"self":[{"href":"https:\/\/nitu.mx\/index.php\/wp-json\/wp\/v2\/posts\/11974"}],"collection":[{"href":"https:\/\/nitu.mx\/index.php\/wp-json\/wp\/v2\/posts"}],"about":[{"href":"https:\/\/nitu.mx\/index.php\/wp-json\/wp\/v2\/types\/post"}],"author":[{"embeddable":true,"href":"https:\/\/nitu.mx\/index.php\/wp-json\/wp\/v2\/users\/17"}],"replies":[{"embeddable":true,"href":"https:\/\/nitu.mx\/index.php\/wp-json\/wp\/v2\/comments?post=11974"}],"version-history":[{"count":3,"href":"https:\/\/nitu.mx\/index.php\/wp-json\/wp\/v2\/posts\/11974\/revisions"}],"predecessor-version":[{"id":11988,"href":"https:\/\/nitu.mx\/index.php\/wp-json\/wp\/v2\/posts\/11974\/revisions\/11988"}],"wp:featuredmedia":[{"embeddable":true,"href":"https:\/\/nitu.mx\/index.php\/wp-json\/wp\/v2\/media\/10309"}],"wp:attachment":[{"href":"https:\/\/nitu.mx\/index.php\/wp-json\/wp\/v2\/media?parent=11974"}],"wp:term":[{"taxonomy":"category","embeddable":true,"href":"https:\/\/nitu.mx\/index.php\/wp-json\/wp\/v2\/categories?post=11974"},{"taxonomy":"post_tag","embeddable":true,"href":"https:\/\/nitu.mx\/index.php\/wp-json\/wp\/v2\/tags?post=11974"}],"curies":[{"name":"wp","href":"https:\/\/api.w.org\/{rel}","templated":true}]}}