{"id":11831,"date":"2017-07-31T23:10:39","date_gmt":"2017-08-01T04:10:39","guid":{"rendered":"http:\/\/www.dev.nitu.mx\/?p=11831"},"modified":"2017-08-01T00:15:22","modified_gmt":"2017-08-01T05:15:22","slug":"en-septiembre-en-china-zurab-pololikashvili-asumira-la-secretaria-general-de-la-omt","status":"publish","type":"post","link":"https:\/\/nitu.mx\/index.php\/2017\/07\/31\/en-septiembre-en-china-zurab-pololikashvili-asumira-la-secretaria-general-de-la-omt\/","title":{"rendered":"En septiembre en China Zurab Pololikashvili asumir\u00e1 la Secretar\u00eda General de la OMT"},"content":{"rendered":"<p>Del 11 al 16 de septiembre, se llevar\u00e1 a cabo la Asamblea General de la Organizaci\u00f3n Mundial de Turismo (OMT), en la ciudad de Chengd\u00fa, China, en donde Zurab Pololikashvili asumir\u00e1 la Secretar\u00eda General de la OMT.\u00a0(<a title=\"Zurab Pololikashvili nuevo secretario de la Organizaci\u00f3n Mundial de Turismo\" href=\"http:\/\/www.dev.nitu.mx\/index.php\/2017\/05\/14\/zurab-pololikashvili-nuevo-secretario-de-organizacion-mundial-de-turismo\/\" rel=\"bookmark\">Zurab Pololikashvili nuevo secretario de la Organizaci\u00f3n Mundial de Turismo<\/a>).<\/p>\n<p>En los \u00faltimos 15 a\u00f1os, dos de estas asambleas se habr\u00e1n realizado en destinos del gigante asi\u00e1tico, y ahora en una ciudad que no est\u00e1 todav\u00eda en los principales radares de los viajeros occidentales.<\/p>\n<p>Se trata de la capital de la provincia de Sichuan, tiene 14 millones de habitantes y ahora cobra inter\u00e9s tur\u00edstico no s\u00f3lo por su historia sofisticada, ligada a la aristocracia china, sino porque en esa regi\u00f3n viven 80 por ciento, de los alrededor de mil 500 pandas que no est\u00e1n en cautiverio.<\/p>\n<p>All\u00e1 tambi\u00e9n Zurab Pololikashvili deber\u00e1 asumir la Secretar\u00eda General de la OMT, en reemplazo de Taleb Rifai, apunta Dinero en Imagen.<\/p>\n<p>El tema central de la reuni\u00f3n ser\u00e1 el turismo sustentable, pero en realidad la pol\u00edtica estar\u00e1 a todo lo que da, pues muchos de los participantes en la pasada elecci\u00f3n, sobre todo de origen africano, quedaron muy molestos con los resultados.<\/p>\n<p>As\u00ed es que seguramente las artes diplom\u00e1ticas estar\u00e1n en su apogeo, para que el encuentro no culmine con la salida de varios pa\u00edses, como ya ha ocurrido en el pasado.<\/p>\n","protected":false},"excerpt":{"rendered":"<p>Del 11 al 16 de septiembre, se llevar\u00e1 a cabo la Asamblea General de la Organizaci\u00f3n Mundial de Turismo (OMT), en la ciudad de Chengd\u00fa, China, en donde Zurab Pololikashvili asumir\u00e1 la Secretar\u00eda General de la OMT.\u00a0(Zurab Pololikashvili nuevo secretario de la Organizaci\u00f3n Mundial de Turismo). En los \u00faltimos 15 a\u00f1os, dos de estas asambleas [&hellip;]<\/p>\n","protected":false},"author":17,"featured_media":11852,"comment_status":"open","ping_status":"open","sticky":false,"template":"","format":"standard","meta":{"footnotes":""},"categories":[374,12],"tags":[5309,5310,487,1960,4230],"yoast_head":"<!-- This site is optimized with the Yoast SEO plugin v22.2 - https:\/\/yoast.com\/wordpress\/plugins\/seo\/ -->\n<title>En septiembre en China Zurab Pololikashvili asumir\u00e1 la Secretar\u00eda General de la OMT - Nitu - Noticias de la Industria Turistica<\/title>\n<meta name=\"description\" content=\"Del 11 al 16 de septiembre se llevar\u00e1 a cabo la Asamblea de la OMT en Chengd\u00fa, China, en donde Zurab Pololikashvili asumir\u00e1 la Secretar\u00eda General de la OMT.\" \/>\n<meta name=\"robots\" content=\"index, follow, max-snippet:-1, max-image-preview:large, max-video-preview:-1\" \/>\n<link rel=\"canonical\" href=\"https:\/\/nitu.mx\/index.php\/2017\/07\/31\/en-septiembre-en-china-zurab-pololikashvili-asumira-la-secretaria-general-de-la-omt\/\" \/>\n<meta name=\"twitter:card\" content=\"summary_large_image\" \/>\n<meta name=\"twitter:title\" content=\"En septiembre en China Zurab Pololikashvili asumir\u00e1 la Secretar\u00eda General de la OMT - Nitu - Noticias de la Industria Turistica\" \/>\n<meta name=\"twitter:description\" content=\"Del 11 al 16 de septiembre se llevar\u00e1 a cabo la Asamblea de la OMT en Chengd\u00fa, China, en donde Zurab Pololikashvili asumir\u00e1 la Secretar\u00eda General de la OMT.\" \/>\n<meta name=\"twitter:image\" content=\"https:\/\/nitu.mx\/wp-content\/uploads\/2017\/07\/zurab-pololikashvili.jpg\" \/>\n<meta name=\"twitter:creator\" content=\"@NITUmx\" \/>\n<meta name=\"twitter:site\" content=\"@Arturo_Medina_G\" \/>\n<meta name=\"twitter:label1\" content=\"Escrito por\" \/>\n\t<meta name=\"twitter:data1\" content=\"Redacci\u00f3n\" \/>\n\t<meta name=\"twitter:label2\" content=\"Tiempo de lectura\" \/>\n\t<meta name=\"twitter:data2\" content=\"1 minuto\" \/>\n<script type=\"application\/ld+json\" class=\"yoast-schema-graph\">{\"@context\":\"https:\/\/schema.org\",\"@graph\":[{\"@type\":\"Article\",\"@id\":\"https:\/\/nitu.mx\/index.php\/2017\/07\/31\/en-septiembre-en-china-zurab-pololikashvili-asumira-la-secretaria-general-de-la-omt\/#article\",\"isPartOf\":{\"@id\":\"https:\/\/nitu.mx\/index.php\/2017\/07\/31\/en-septiembre-en-china-zurab-pololikashvili-asumira-la-secretaria-general-de-la-omt\/\"},\"author\":{\"name\":\"Redacci\u00f3n\",\"@id\":\"https:\/\/nitu.mx\/#\/schema\/person\/4a28fe9bd65924f7c90623773daf1b0b\"},\"headline\":\"En septiembre en China Zurab Pololikashvili asumir\u00e1 la Secretar\u00eda General de la OMT\",\"datePublished\":\"2017-08-01T04:10:39+00:00\",\"dateModified\":\"2017-08-01T05:15:22+00:00\",\"mainEntityOfPage\":{\"@id\":\"https:\/\/nitu.mx\/index.php\/2017\/07\/31\/en-septiembre-en-china-zurab-pololikashvili-asumira-la-secretaria-general-de-la-omt\/\"},\"wordCount\":253,\"commentCount\":0,\"publisher\":{\"@id\":\"https:\/\/nitu.mx\/#\/schema\/person\/ae7a53426417292d3dd07b45a33e01bc\"},\"image\":{\"@id\":\"https:\/\/nitu.mx\/index.php\/2017\/07\/31\/en-septiembre-en-china-zurab-pololikashvili-asumira-la-secretaria-general-de-la-omt\/#primaryimage\"},\"thumbnailUrl\":\"https:\/\/nitu.mx\/wp-content\/uploads\/2017\/07\/zurab-pololikashvili.jpg\",\"keywords\":[\"Asamblea General de la Organizaci\u00f3n Mundial de Turismo (OMT)\",\"Chengd\u00fa\",\"China\",\"OMT\",\"Zurab Pololikashvili\"],\"articleSection\":[\"Internacional\",\"Marketing\"],\"inLanguage\":\"es-MX\",\"potentialAction\":[{\"@type\":\"CommentAction\",\"name\":\"Comment\",\"target\":[\"https:\/\/nitu.mx\/index.php\/2017\/07\/31\/en-septiembre-en-china-zurab-pololikashvili-asumira-la-secretaria-general-de-la-omt\/#respond\"]}]},{\"@type\":\"WebPage\",\"@id\":\"https:\/\/nitu.mx\/index.php\/2017\/07\/31\/en-septiembre-en-china-zurab-pololikashvili-asumira-la-secretaria-general-de-la-omt\/\",\"url\":\"https:\/\/nitu.mx\/index.php\/2017\/07\/31\/en-septiembre-en-china-zurab-pololikashvili-asumira-la-secretaria-general-de-la-omt\/\",\"name\":\"En septiembre en China Zurab Pololikashvili asumir\u00e1 la Secretar\u00eda General de la OMT - Nitu - Noticias de la Industria Turistica\",\"isPartOf\":{\"@id\":\"https:\/\/nitu.mx\/#website\"},\"primaryImageOfPage\":{\"@id\":\"https:\/\/nitu.mx\/index.php\/2017\/07\/31\/en-septiembre-en-china-zurab-pololikashvili-asumira-la-secretaria-general-de-la-omt\/#primaryimage\"},\"image\":{\"@id\":\"https:\/\/nitu.mx\/index.php\/2017\/07\/31\/en-septiembre-en-china-zurab-pololikashvili-asumira-la-secretaria-general-de-la-omt\/#primaryimage\"},\"thumbnailUrl\":\"https:\/\/nitu.mx\/wp-content\/uploads\/2017\/07\/zurab-pololikashvili.jpg\",\"datePublished\":\"2017-08-01T04:10:39+00:00\",\"dateModified\":\"2017-08-01T05:15:22+00:00\",\"description\":\"Del 11 al 16 de septiembre se llevar\u00e1 a cabo la Asamblea de la OMT en Chengd\u00fa, China, en donde Zurab Pololikashvili asumir\u00e1 la Secretar\u00eda General de la OMT.\",\"breadcrumb\":{\"@id\":\"https:\/\/nitu.mx\/index.php\/2017\/07\/31\/en-septiembre-en-china-zurab-pololikashvili-asumira-la-secretaria-general-de-la-omt\/#breadcrumb\"},\"inLanguage\":\"es-MX\",\"potentialAction\":[{\"@type\":\"ReadAction\",\"target\":[\"https:\/\/nitu.mx\/index.php\/2017\/07\/31\/en-septiembre-en-china-zurab-pololikashvili-asumira-la-secretaria-general-de-la-omt\/\"]}]},{\"@type\":\"ImageObject\",\"inLanguage\":\"es-MX\",\"@id\":\"https:\/\/nitu.mx\/index.php\/2017\/07\/31\/en-septiembre-en-china-zurab-pololikashvili-asumira-la-secretaria-general-de-la-omt\/#primaryimage\",\"url\":\"https:\/\/nitu.mx\/wp-content\/uploads\/2017\/07\/zurab-pololikashvili.jpg\",\"contentUrl\":\"https:\/\/nitu.mx\/wp-content\/uploads\/2017\/07\/zurab-pololikashvili.jpg\",\"width\":850,\"height\":480,\"caption\":\"zurab pololikashvili\"},{\"@type\":\"BreadcrumbList\",\"@id\":\"https:\/\/nitu.mx\/index.php\/2017\/07\/31\/en-septiembre-en-china-zurab-pololikashvili-asumira-la-secretaria-general-de-la-omt\/#breadcrumb\",\"itemListElement\":[{\"@type\":\"ListItem\",\"position\":1,\"name\":\"Inicio\",\"item\":\"https:\/\/nitu.mx\/\"},{\"@type\":\"ListItem\",\"position\":2,\"name\":\"En septiembre en China Zurab Pololikashvili asumir\u00e1 la Secretar\u00eda General de la OMT\"}]},{\"@type\":\"WebSite\",\"@id\":\"https:\/\/nitu.mx\/#website\",\"url\":\"https:\/\/nitu.mx\/\",\"name\":\"Nitu - Noticias de la Industria Turistica\",\"description\":\"Noticias de la Industria Turistica\",\"publisher\":{\"@id\":\"https:\/\/nitu.mx\/#\/schema\/person\/ae7a53426417292d3dd07b45a33e01bc\"},\"alternateName\":\"Noticias de la Industria Turistica\",\"potentialAction\":[{\"@type\":\"SearchAction\",\"target\":{\"@type\":\"EntryPoint\",\"urlTemplate\":\"https:\/\/nitu.mx\/?s={search_term_string}\"},\"query-input\":\"required name=search_term_string\"}],\"inLanguage\":\"es-MX\"},{\"@type\":[\"Person\",\"Organization\"],\"@id\":\"https:\/\/nitu.mx\/#\/schema\/person\/ae7a53426417292d3dd07b45a33e01bc\",\"name\":\"Arturo Medina\",\"image\":{\"@type\":\"ImageObject\",\"inLanguage\":\"es-MX\",\"@id\":\"https:\/\/nitu.mx\/#\/schema\/person\/image\/\",\"url\":\"https:\/\/nitu.mx\/wp-content\/uploads\/2024\/04\/4A315622-1904-4D5C-B022-878CDC840E04-90x90-1.jpeg\",\"contentUrl\":\"https:\/\/nitu.mx\/wp-content\/uploads\/2024\/04\/4A315622-1904-4D5C-B022-878CDC840E04-90x90-1.jpeg\",\"width\":90,\"height\":90,\"caption\":\"Arturo Medina\"},\"logo\":{\"@id\":\"https:\/\/nitu.mx\/#\/schema\/person\/image\/\"},\"description\":\"Director NITU.mx, Egresado de la Escuela de Periodismo Carlos Septi\u00e9n Garc\u00eda. Periodista y analista especializado en turismo desde hace 35 a\u00f1os, radicado en Canc\u00fan Q.Roo. arturo@nitu.mx\",\"sameAs\":[\"https:\/\/nitu.mx\",\"https:\/\/www.facebook.com\/NITUmx\/\",\"medinacancun\",\"https:\/\/twitter.com\/@Arturo_Medina_G\"]},{\"@type\":\"Person\",\"@id\":\"https:\/\/nitu.mx\/#\/schema\/person\/4a28fe9bd65924f7c90623773daf1b0b\",\"name\":\"Redacci\u00f3n\",\"image\":{\"@type\":\"ImageObject\",\"inLanguage\":\"es-MX\",\"@id\":\"https:\/\/nitu.mx\/#\/schema\/person\/image\/\",\"url\":\"https:\/\/secure.gravatar.com\/avatar\/5dd011c8ccfc5cd7e4c81e42252aab38?s=96&d=mm&r=g\",\"contentUrl\":\"https:\/\/secure.gravatar.com\/avatar\/5dd011c8ccfc5cd7e4c81e42252aab38?s=96&d=mm&r=g\",\"caption\":\"Redacci\u00f3n\"},\"url\":\"https:\/\/nitu.mx\/index.php\/author\/redaccion\/\"}]}<\/script>\n<!-- \/ Yoast SEO plugin. -->","yoast_head_json":{"title":"En septiembre en China Zurab Pololikashvili asumir\u00e1 la Secretar\u00eda General de la OMT - Nitu - Noticias de la Industria Turistica","description":"Del 11 al 16 de septiembre se llevar\u00e1 a cabo la Asamblea de la OMT en Chengd\u00fa, China, en donde Zurab Pololikashvili asumir\u00e1 la Secretar\u00eda General de la OMT.","robots":{"index":"index","follow":"follow","max-snippet":"max-snippet:-1","max-image-preview":"max-image-preview:large","max-video-preview":"max-video-preview:-1"},"canonical":"https:\/\/nitu.mx\/index.php\/2017\/07\/31\/en-septiembre-en-china-zurab-pololikashvili-asumira-la-secretaria-general-de-la-omt\/","twitter_card":"summary_large_image","twitter_title":"En septiembre en China Zurab Pololikashvili asumir\u00e1 la Secretar\u00eda General de la OMT - Nitu - Noticias de la Industria Turistica","twitter_description":"Del 11 al 16 de septiembre se llevar\u00e1 a cabo la Asamblea de la OMT en Chengd\u00fa, China, en donde Zurab Pololikashvili asumir\u00e1 la Secretar\u00eda General de la OMT.","twitter_image":"https:\/\/nitu.mx\/wp-content\/uploads\/2017\/07\/zurab-pololikashvili.jpg","twitter_creator":"@NITUmx","twitter_site":"@Arturo_Medina_G","twitter_misc":{"Escrito por":"Redacci\u00f3n","Tiempo de lectura":"1 minuto"},"schema":{"@context":"https:\/\/schema.org","@graph":[{"@type":"Article","@id":"https:\/\/nitu.mx\/index.php\/2017\/07\/31\/en-septiembre-en-china-zurab-pololikashvili-asumira-la-secretaria-general-de-la-omt\/#article","isPartOf":{"@id":"https:\/\/nitu.mx\/index.php\/2017\/07\/31\/en-septiembre-en-china-zurab-pololikashvili-asumira-la-secretaria-general-de-la-omt\/"},"author":{"name":"Redacci\u00f3n","@id":"https:\/\/nitu.mx\/#\/schema\/person\/4a28fe9bd65924f7c90623773daf1b0b"},"headline":"En septiembre en China Zurab Pololikashvili asumir\u00e1 la Secretar\u00eda General de la OMT","datePublished":"2017-08-01T04:10:39+00:00","dateModified":"2017-08-01T05:15:22+00:00","mainEntityOfPage":{"@id":"https:\/\/nitu.mx\/index.php\/2017\/07\/31\/en-septiembre-en-china-zurab-pololikashvili-asumira-la-secretaria-general-de-la-omt\/"},"wordCount":253,"commentCount":0,"publisher":{"@id":"https:\/\/nitu.mx\/#\/schema\/person\/ae7a53426417292d3dd07b45a33e01bc"},"image":{"@id":"https:\/\/nitu.mx\/index.php\/2017\/07\/31\/en-septiembre-en-china-zurab-pololikashvili-asumira-la-secretaria-general-de-la-omt\/#primaryimage"},"thumbnailUrl":"https:\/\/nitu.mx\/wp-content\/uploads\/2017\/07\/zurab-pololikashvili.jpg","keywords":["Asamblea General de la Organizaci\u00f3n Mundial de Turismo (OMT)","Chengd\u00fa","China","OMT","Zurab Pololikashvili"],"articleSection":["Internacional","Marketing"],"inLanguage":"es-MX","potentialAction":[{"@type":"CommentAction","name":"Comment","target":["https:\/\/nitu.mx\/index.php\/2017\/07\/31\/en-septiembre-en-china-zurab-pololikashvili-asumira-la-secretaria-general-de-la-omt\/#respond"]}]},{"@type":"WebPage","@id":"https:\/\/nitu.mx\/index.php\/2017\/07\/31\/en-septiembre-en-china-zurab-pololikashvili-asumira-la-secretaria-general-de-la-omt\/","url":"https:\/\/nitu.mx\/index.php\/2017\/07\/31\/en-septiembre-en-china-zurab-pololikashvili-asumira-la-secretaria-general-de-la-omt\/","name":"En septiembre en China Zurab Pololikashvili asumir\u00e1 la Secretar\u00eda General de la OMT - Nitu - Noticias de la Industria Turistica","isPartOf":{"@id":"https:\/\/nitu.mx\/#website"},"primaryImageOfPage":{"@id":"https:\/\/nitu.mx\/index.php\/2017\/07\/31\/en-septiembre-en-china-zurab-pololikashvili-asumira-la-secretaria-general-de-la-omt\/#primaryimage"},"image":{"@id":"https:\/\/nitu.mx\/index.php\/2017\/07\/31\/en-septiembre-en-china-zurab-pololikashvili-asumira-la-secretaria-general-de-la-omt\/#primaryimage"},"thumbnailUrl":"https:\/\/nitu.mx\/wp-content\/uploads\/2017\/07\/zurab-pololikashvili.jpg","datePublished":"2017-08-01T04:10:39+00:00","dateModified":"2017-08-01T05:15:22+00:00","description":"Del 11 al 16 de septiembre se llevar\u00e1 a cabo la Asamblea de la OMT en Chengd\u00fa, China, en donde Zurab Pololikashvili asumir\u00e1 la Secretar\u00eda General de la OMT.","breadcrumb":{"@id":"https:\/\/nitu.mx\/index.php\/2017\/07\/31\/en-septiembre-en-china-zurab-pololikashvili-asumira-la-secretaria-general-de-la-omt\/#breadcrumb"},"inLanguage":"es-MX","potentialAction":[{"@type":"ReadAction","target":["https:\/\/nitu.mx\/index.php\/2017\/07\/31\/en-septiembre-en-china-zurab-pololikashvili-asumira-la-secretaria-general-de-la-omt\/"]}]},{"@type":"ImageObject","inLanguage":"es-MX","@id":"https:\/\/nitu.mx\/index.php\/2017\/07\/31\/en-septiembre-en-china-zurab-pololikashvili-asumira-la-secretaria-general-de-la-omt\/#primaryimage","url":"https:\/\/nitu.mx\/wp-content\/uploads\/2017\/07\/zurab-pololikashvili.jpg","contentUrl":"https:\/\/nitu.mx\/wp-content\/uploads\/2017\/07\/zurab-pololikashvili.jpg","width":850,"height":480,"caption":"zurab pololikashvili"},{"@type":"BreadcrumbList","@id":"https:\/\/nitu.mx\/index.php\/2017\/07\/31\/en-septiembre-en-china-zurab-pololikashvili-asumira-la-secretaria-general-de-la-omt\/#breadcrumb","itemListElement":[{"@type":"ListItem","position":1,"name":"Inicio","item":"https:\/\/nitu.mx\/"},{"@type":"ListItem","position":2,"name":"En septiembre en China Zurab Pololikashvili asumir\u00e1 la Secretar\u00eda General de la OMT"}]},{"@type":"WebSite","@id":"https:\/\/nitu.mx\/#website","url":"https:\/\/nitu.mx\/","name":"Nitu - Noticias de la Industria Turistica","description":"Noticias de la Industria Turistica","publisher":{"@id":"https:\/\/nitu.mx\/#\/schema\/person\/ae7a53426417292d3dd07b45a33e01bc"},"alternateName":"Noticias de la Industria Turistica","potentialAction":[{"@type":"SearchAction","target":{"@type":"EntryPoint","urlTemplate":"https:\/\/nitu.mx\/?s={search_term_string}"},"query-input":"required name=search_term_string"}],"inLanguage":"es-MX"},{"@type":["Person","Organization"],"@id":"https:\/\/nitu.mx\/#\/schema\/person\/ae7a53426417292d3dd07b45a33e01bc","name":"Arturo Medina","image":{"@type":"ImageObject","inLanguage":"es-MX","@id":"https:\/\/nitu.mx\/#\/schema\/person\/image\/","url":"https:\/\/nitu.mx\/wp-content\/uploads\/2024\/04\/4A315622-1904-4D5C-B022-878CDC840E04-90x90-1.jpeg","contentUrl":"https:\/\/nitu.mx\/wp-content\/uploads\/2024\/04\/4A315622-1904-4D5C-B022-878CDC840E04-90x90-1.jpeg","width":90,"height":90,"caption":"Arturo Medina"},"logo":{"@id":"https:\/\/nitu.mx\/#\/schema\/person\/image\/"},"description":"Director NITU.mx, Egresado de la Escuela de Periodismo Carlos Septi\u00e9n Garc\u00eda. Periodista y analista especializado en turismo desde hace 35 a\u00f1os, radicado en Canc\u00fan Q.Roo. arturo@nitu.mx","sameAs":["https:\/\/nitu.mx","https:\/\/www.facebook.com\/NITUmx\/","medinacancun","https:\/\/twitter.com\/@Arturo_Medina_G"]},{"@type":"Person","@id":"https:\/\/nitu.mx\/#\/schema\/person\/4a28fe9bd65924f7c90623773daf1b0b","name":"Redacci\u00f3n","image":{"@type":"ImageObject","inLanguage":"es-MX","@id":"https:\/\/nitu.mx\/#\/schema\/person\/image\/","url":"https:\/\/secure.gravatar.com\/avatar\/5dd011c8ccfc5cd7e4c81e42252aab38?s=96&d=mm&r=g","contentUrl":"https:\/\/secure.gravatar.com\/avatar\/5dd011c8ccfc5cd7e4c81e42252aab38?s=96&d=mm&r=g","caption":"Redacci\u00f3n"},"url":"https:\/\/nitu.mx\/index.php\/author\/redaccion\/"}]}},"views":203,"_links":{"self":[{"href":"https:\/\/nitu.mx\/index.php\/wp-json\/wp\/v2\/posts\/11831"}],"collection":[{"href":"https:\/\/nitu.mx\/index.php\/wp-json\/wp\/v2\/posts"}],"about":[{"href":"https:\/\/nitu.mx\/index.php\/wp-json\/wp\/v2\/types\/post"}],"author":[{"embeddable":true,"href":"https:\/\/nitu.mx\/index.php\/wp-json\/wp\/v2\/users\/17"}],"replies":[{"embeddable":true,"href":"https:\/\/nitu.mx\/index.php\/wp-json\/wp\/v2\/comments?post=11831"}],"version-history":[{"count":3,"href":"https:\/\/nitu.mx\/index.php\/wp-json\/wp\/v2\/posts\/11831\/revisions"}],"predecessor-version":[{"id":11853,"href":"https:\/\/nitu.mx\/index.php\/wp-json\/wp\/v2\/posts\/11831\/revisions\/11853"}],"wp:featuredmedia":[{"embeddable":true,"href":"https:\/\/nitu.mx\/index.php\/wp-json\/wp\/v2\/media\/11852"}],"wp:attachment":[{"href":"https:\/\/nitu.mx\/index.php\/wp-json\/wp\/v2\/media?parent=11831"}],"wp:term":[{"taxonomy":"category","embeddable":true,"href":"https:\/\/nitu.mx\/index.php\/wp-json\/wp\/v2\/categories?post=11831"},{"taxonomy":"post_tag","embeddable":true,"href":"https:\/\/nitu.mx\/index.php\/wp-json\/wp\/v2\/tags?post=11831"}],"curies":[{"name":"wp","href":"https:\/\/api.w.org\/{rel}","templated":true}]}}